{"id":28564,"date":"2015-05-30T11:18:00","date_gmt":"2015-05-30T11:18:00","guid":{"rendered":"http:\/\/www.visiterarles.com\/pour-visiter-les-musees-arles-la-location-de-vtt-918\/"},"modified":"2015-05-30T11:18:00","modified_gmt":"2015-05-30T11:18:00","slug":"pour-visiter-les-musees-arles-la-location-de-vtt-918","status":"publish","type":"post","link":"https:\/\/www.visiterarles.com\/en\/blog\/2015\/05\/30\/pour-visiter-les-musees-arles-la-location-de-vtt-918\/","title":{"rendered":"Pour visiter les mus\u00e9es Arles : la location de vtt"},"content":{"rendered":"<h4>Votre location de vtt, pour visiter les mus\u00e9es dans Arles avec V\u00e9lo Taco<\/h4>\n<p>Les anciens ateliers sncf, le marais du vigueirat o\u00f9 alors l&rsquo;\u00e9glise saint blaise, par l&rsquo;interm\u00e9diaire de notre location de vtt pour visiter les mus\u00e9es \u00e0 Arles, sont des hauts lieux qui ne vous \u00e9chapperont pas dans cette commune ravissante. Une location de vtt pour visiter les mus\u00e9es \u00e0 Arles, pour ne prendre que cet exemple, vous aidera \u00e0 pleinement profiter de la vie dans cette commune ravissante, \u00e0 chaque fois avec l&rsquo;impression d&rsquo;\u0153uvrer d\u2019une mani\u00e8re \u00e9co-responsable, en pr\u00e9sentant une vie culturelle des plus exemplaires.<\/p>\n<h4>Pour visiter les mus\u00e9es sur Arles : pour quelle raison s\u00e9lectionner notre location de vtt<\/h4>\n<p>Faire la d\u00e9couverte du ravissant capital de la commune par le biais de notre location de vtt pour visiter les mus\u00e9es \u00e0 Arles peut s&rsquo;av\u00e9rer \u00eatre une offre appropri\u00e9e pour toute personne qui le souhaite. Peu importe o\u00f9 vous vous av\u00e9riez \u00eatre \u00e0 Arles, vous pourrez profiter pleinement d\u2019une agr\u00e9able location de vtt sereinement. Les consommateurs de tous horizons adoreront notre <a href=\"http:\/\/www.visiterarles.com\/en\/arles-location-de-vtt-pour-visiter-les-musees-avec-velo-taco-1337\/\">location de vtt sur Arles<\/a>, pour visiter les mus\u00e9es qui leur conviendra sans aucun doute.<\/p>","protected":false},"excerpt":{"rendered":"<p>Votre location de vtt, pour visiter les mus\u00e9es dans Arles avec V\u00e9lo Taco Les anciens ateliers sncf, le marais du vigueirat o\u00f9 alors l&rsquo;\u00e9glise saint blaise, par l&rsquo;interm\u00e9diaire de notre location de vtt pour visiter les mus\u00e9es \u00e0 Arles, sont des hauts lieux qui ne vous \u00e9chapperont pas dans cette commune ravissante. Une location de [&hellip;]<\/p>","protected":false},"author":1,"featured_media":0,"comment_status":"open","ping_status":"open","sticky":false,"template":"","format":"standard","meta":{"footnotes":""},"categories":[55],"tags":[],"aioseo_notices":[],"yoast_head":"<!-- This site is optimized with the Yoast SEO plugin v22.3 - https:\/\/yoast.com\/wordpress\/plugins\/seo\/ -->\n<title>Pour visiter les mus\u00e9es Arles : la location de vtt - Visiter Arles<\/title>\n<meta name=\"robots\" content=\"index, follow, max-snippet:-1, max-image-preview:large, max-video-preview:-1\" \/>\n<link rel=\"canonical\" href=\"https:\/\/www.visiterarles.com\/en\/blog\/2015\/05\/30\/pour-visiter-les-musees-arles-la-location-de-vtt-918\/\" \/>\n<meta name=\"twitter:label1\" content=\"Written by\" \/>\n\t<meta name=\"twitter:data1\" content=\"Linkadm\" \/>\n\t<meta name=\"twitter:label2\" content=\"Estimated reading time\" \/>\n\t<meta name=\"twitter:data2\" content=\"1 minute\" \/>\n<script type=\"application\/ld+json\" class=\"yoast-schema-graph\">{\"@context\":\"https:\/\/schema.org\",\"@graph\":[{\"@type\":\"Article\",\"@id\":\"https:\/\/www.visiterarles.com\/en\/blog\/2015\/05\/30\/pour-visiter-les-musees-arles-la-location-de-vtt-918\/#article\",\"isPartOf\":{\"@id\":\"https:\/\/www.visiterarles.com\/en\/blog\/2015\/05\/30\/pour-visiter-les-musees-arles-la-location-de-vtt-918\/\"},\"author\":{\"name\":\"Linkadm\",\"@id\":\"https:\/\/www.visiterarles.com\/en\/#\/schema\/person\/ba5912e4613018f479a2d86815a53576\"},\"headline\":\"Pour visiter les mus\u00e9es Arles : la location de vtt\",\"datePublished\":\"2015-05-30T11:18:00+00:00\",\"dateModified\":\"2015-05-30T11:18:00+00:00\",\"mainEntityOfPage\":{\"@id\":\"https:\/\/www.visiterarles.com\/en\/blog\/2015\/05\/30\/pour-visiter-les-musees-arles-la-location-de-vtt-918\/\"},\"wordCount\":214,\"commentCount\":0,\"publisher\":{\"@id\":\"https:\/\/www.visiterarles.com\/en\/#organization\"},\"articleSection\":[\"Informations\"],\"inLanguage\":\"en-GB\",\"potentialAction\":[{\"@type\":\"CommentAction\",\"name\":\"Comment\",\"target\":[\"https:\/\/www.visiterarles.com\/en\/blog\/2015\/05\/30\/pour-visiter-les-musees-arles-la-location-de-vtt-918\/#respond\"]}]},{\"@type\":\"WebPage\",\"@id\":\"https:\/\/www.visiterarles.com\/en\/blog\/2015\/05\/30\/pour-visiter-les-musees-arles-la-location-de-vtt-918\/\",\"url\":\"https:\/\/www.visiterarles.com\/en\/blog\/2015\/05\/30\/pour-visiter-les-musees-arles-la-location-de-vtt-918\/\",\"name\":\"Pour visiter les mus\u00e9es Arles : la location de vtt - Visiter Arles\",\"isPartOf\":{\"@id\":\"https:\/\/www.visiterarles.com\/en\/#website\"},\"datePublished\":\"2015-05-30T11:18:00+00:00\",\"dateModified\":\"2015-05-30T11:18:00+00:00\",\"breadcrumb\":{\"@id\":\"https:\/\/www.visiterarles.com\/en\/blog\/2015\/05\/30\/pour-visiter-les-musees-arles-la-location-de-vtt-918\/#breadcrumb\"},\"inLanguage\":\"en-GB\",\"potentialAction\":[{\"@type\":\"ReadAction\",\"target\":[\"https:\/\/www.visiterarles.com\/en\/blog\/2015\/05\/30\/pour-visiter-les-musees-arles-la-location-de-vtt-918\/\"]}]},{\"@type\":\"BreadcrumbList\",\"@id\":\"https:\/\/www.visiterarles.com\/en\/blog\/2015\/05\/30\/pour-visiter-les-musees-arles-la-location-de-vtt-918\/#breadcrumb\",\"itemListElement\":[{\"@type\":\"ListItem\",\"position\":1,\"name\":\"Home\",\"item\":\"https:\/\/www.visiterarles.com\/\"},{\"@type\":\"ListItem\",\"position\":2,\"name\":\"Pour visiter les mus\u00e9es Arles : la location de vtt\"}]},{\"@type\":\"WebSite\",\"@id\":\"https:\/\/www.visiterarles.com\/en\/#website\",\"url\":\"https:\/\/www.visiterarles.com\/en\/\",\"name\":\"Visiter Arles\",\"description\":\"Tourisme en Provence \u00e0 Arles\",\"publisher\":{\"@id\":\"https:\/\/www.visiterarles.com\/en\/#organization\"},\"potentialAction\":[{\"@type\":\"SearchAction\",\"target\":{\"@type\":\"EntryPoint\",\"urlTemplate\":\"https:\/\/www.visiterarles.com\/en\/?s={search_term_string}\"},\"query-input\":\"required name=search_term_string\"}],\"inLanguage\":\"en-GB\"},{\"@type\":\"Organization\",\"@id\":\"https:\/\/www.visiterarles.com\/en\/#organization\",\"name\":\"Visiter Arles\",\"url\":\"https:\/\/www.visiterarles.com\/en\/\",\"logo\":{\"@type\":\"ImageObject\",\"inLanguage\":\"en-GB\",\"@id\":\"https:\/\/www.visiterarles.com\/en\/#\/schema\/logo\/image\/\",\"url\":\"https:\/\/www.visiterarles.com\/wp-content\/uploads\/2017\/10\/taco-and-co-1-1.jpg\",\"contentUrl\":\"https:\/\/www.visiterarles.com\/wp-content\/uploads\/2017\/10\/taco-and-co-1-1.jpg\",\"width\":124,\"height\":73,\"caption\":\"Visiter Arles\"},\"image\":{\"@id\":\"https:\/\/www.visiterarles.com\/en\/#\/schema\/logo\/image\/\"}},{\"@type\":\"Person\",\"@id\":\"https:\/\/www.visiterarles.com\/en\/#\/schema\/person\/ba5912e4613018f479a2d86815a53576\",\"name\":\"Linkadm\",\"image\":{\"@type\":\"ImageObject\",\"inLanguage\":\"en-GB\",\"@id\":\"https:\/\/www.visiterarles.com\/en\/#\/schema\/person\/image\/\",\"url\":\"https:\/\/secure.gravatar.com\/avatar\/4709ec209921503e8d8cc96168eddc49?s=96&d=mm&r=g\",\"contentUrl\":\"https:\/\/secure.gravatar.com\/avatar\/4709ec209921503e8d8cc96168eddc49?s=96&d=mm&r=g\",\"caption\":\"Linkadm\"},\"url\":\"https:\/\/www.visiterarles.com\/en\/blog\/author\/admin\/\"}]}<\/script>\n<!-- \/ Yoast SEO plugin. -->","yoast_head_json":{"title":"Pour visiter les mus\u00e9es Arles : la location de vtt - Visiter Arles","robots":{"index":"index","follow":"follow","max-snippet":"max-snippet:-1","max-image-preview":"max-image-preview:large","max-video-preview":"max-video-preview:-1"},"canonical":"https:\/\/www.visiterarles.com\/en\/blog\/2015\/05\/30\/pour-visiter-les-musees-arles-la-location-de-vtt-918\/","twitter_misc":{"Written by":"Linkadm","Estimated reading time":"1 minute"},"schema":{"@context":"https:\/\/schema.org","@graph":[{"@type":"Article","@id":"https:\/\/www.visiterarles.com\/en\/blog\/2015\/05\/30\/pour-visiter-les-musees-arles-la-location-de-vtt-918\/#article","isPartOf":{"@id":"https:\/\/www.visiterarles.com\/en\/blog\/2015\/05\/30\/pour-visiter-les-musees-arles-la-location-de-vtt-918\/"},"author":{"name":"Linkadm","@id":"https:\/\/www.visiterarles.com\/en\/#\/schema\/person\/ba5912e4613018f479a2d86815a53576"},"headline":"Pour visiter les mus\u00e9es Arles : la location de vtt","datePublished":"2015-05-30T11:18:00+00:00","dateModified":"2015-05-30T11:18:00+00:00","mainEntityOfPage":{"@id":"https:\/\/www.visiterarles.com\/en\/blog\/2015\/05\/30\/pour-visiter-les-musees-arles-la-location-de-vtt-918\/"},"wordCount":214,"commentCount":0,"publisher":{"@id":"https:\/\/www.visiterarles.com\/en\/#organization"},"articleSection":["Informations"],"inLanguage":"en-GB","potentialAction":[{"@type":"CommentAction","name":"Comment","target":["https:\/\/www.visiterarles.com\/en\/blog\/2015\/05\/30\/pour-visiter-les-musees-arles-la-location-de-vtt-918\/#respond"]}]},{"@type":"WebPage","@id":"https:\/\/www.visiterarles.com\/en\/blog\/2015\/05\/30\/pour-visiter-les-musees-arles-la-location-de-vtt-918\/","url":"https:\/\/www.visiterarles.com\/en\/blog\/2015\/05\/30\/pour-visiter-les-musees-arles-la-location-de-vtt-918\/","name":"Pour visiter les mus\u00e9es Arles : la location de vtt - Visiter Arles","isPartOf":{"@id":"https:\/\/www.visiterarles.com\/en\/#website"},"datePublished":"2015-05-30T11:18:00+00:00","dateModified":"2015-05-30T11:18:00+00:00","breadcrumb":{"@id":"https:\/\/www.visiterarles.com\/en\/blog\/2015\/05\/30\/pour-visiter-les-musees-arles-la-location-de-vtt-918\/#breadcrumb"},"inLanguage":"en-GB","potentialAction":[{"@type":"ReadAction","target":["https:\/\/www.visiterarles.com\/en\/blog\/2015\/05\/30\/pour-visiter-les-musees-arles-la-location-de-vtt-918\/"]}]},{"@type":"BreadcrumbList","@id":"https:\/\/www.visiterarles.com\/en\/blog\/2015\/05\/30\/pour-visiter-les-musees-arles-la-location-de-vtt-918\/#breadcrumb","itemListElement":[{"@type":"ListItem","position":1,"name":"Home","item":"https:\/\/www.visiterarles.com\/"},{"@type":"ListItem","position":2,"name":"Pour visiter les mus\u00e9es Arles : la location de vtt"}]},{"@type":"WebSite","@id":"https:\/\/www.visiterarles.com\/en\/#website","url":"https:\/\/www.visiterarles.com\/en\/","name":"Visiter Arles","description":"Tourisme en Provence \u00e0 Arles","publisher":{"@id":"https:\/\/www.visiterarles.com\/en\/#organization"},"potentialAction":[{"@type":"SearchAction","target":{"@type":"EntryPoint","urlTemplate":"https:\/\/www.visiterarles.com\/en\/?s={search_term_string}"},"query-input":"required name=search_term_string"}],"inLanguage":"en-GB"},{"@type":"Organization","@id":"https:\/\/www.visiterarles.com\/en\/#organization","name":"Visiter Arles","url":"https:\/\/www.visiterarles.com\/en\/","logo":{"@type":"ImageObject","inLanguage":"en-GB","@id":"https:\/\/www.visiterarles.com\/en\/#\/schema\/logo\/image\/","url":"https:\/\/www.visiterarles.com\/wp-content\/uploads\/2017\/10\/taco-and-co-1-1.jpg","contentUrl":"https:\/\/www.visiterarles.com\/wp-content\/uploads\/2017\/10\/taco-and-co-1-1.jpg","width":124,"height":73,"caption":"Visiter Arles"},"image":{"@id":"https:\/\/www.visiterarles.com\/en\/#\/schema\/logo\/image\/"}},{"@type":"Person","@id":"https:\/\/www.visiterarles.com\/en\/#\/schema\/person\/ba5912e4613018f479a2d86815a53576","name":"Linkadm","image":{"@type":"ImageObject","inLanguage":"en-GB","@id":"https:\/\/www.visiterarles.com\/en\/#\/schema\/person\/image\/","url":"https:\/\/secure.gravatar.com\/avatar\/4709ec209921503e8d8cc96168eddc49?s=96&d=mm&r=g","contentUrl":"https:\/\/secure.gravatar.com\/avatar\/4709ec209921503e8d8cc96168eddc49?s=96&d=mm&r=g","caption":"Linkadm"},"url":"https:\/\/www.visiterarles.com\/en\/blog\/author\/admin\/"}]}},"_links":{"self":[{"href":"https:\/\/www.visiterarles.com\/en\/wp-json\/wp\/v2\/posts\/28564"}],"collection":[{"href":"https:\/\/www.visiterarles.com\/en\/wp-json\/wp\/v2\/posts"}],"about":[{"href":"https:\/\/www.visiterarles.com\/en\/wp-json\/wp\/v2\/types\/post"}],"author":[{"embeddable":true,"href":"https:\/\/www.visiterarles.com\/en\/wp-json\/wp\/v2\/users\/1"}],"replies":[{"embeddable":true,"href":"https:\/\/www.visiterarles.com\/en\/wp-json\/wp\/v2\/comments?post=28564"}],"version-history":[{"count":0,"href":"https:\/\/www.visiterarles.com\/en\/wp-json\/wp\/v2\/posts\/28564\/revisions"}],"wp:attachment":[{"href":"https:\/\/www.visiterarles.com\/en\/wp-json\/wp\/v2\/media?parent=28564"}],"wp:term":[{"taxonomy":"category","embeddable":true,"href":"https:\/\/www.visiterarles.com\/en\/wp-json\/wp\/v2\/categories?post=28564"},{"taxonomy":"post_tag","embeddable":true,"href":"https:\/\/www.visiterarles.com\/en\/wp-json\/wp\/v2\/tags?post=28564"}],"curies":[{"name":"wp","href":"https:\/\/api.w.org\/{rel}","templated":true}]}}