{"id":28575,"date":"2015-06-05T13:10:00","date_gmt":"2015-06-05T13:10:00","guid":{"rendered":"http:\/\/www.visiterarles.com\/location-de-vtt-pour-visiter-les-musees-arles-les-alyscs-363\/"},"modified":"2015-06-05T13:10:00","modified_gmt":"2015-06-05T13:10:00","slug":"location-de-vtt-pour-visiter-les-musees-arles-les-alyscs-363","status":"publish","type":"post","link":"https:\/\/www.visiterarles.com\/en\/blog\/2015\/06\/05\/location-de-vtt-pour-visiter-les-musees-arles-les-alyscs-363\/","title":{"rendered":"Location de vtt pour visiter les mus\u00e9es Arles les Alyscamps"},"content":{"rendered":"<h4>Pour visiter les mus\u00e9es sur Arles les Alyscamps : o\u00f9 rep\u00e9rer un interlocuteur de confiance avec location de vtt<\/h4>\n<p>Arles est une ville splendide, la d\u00e9couverte culturelle, ainsi que les jolis lieux, comme les tours de la cavalerie, le marais du vigueirat o\u00f9 le march\u00e9 de provence ne manquent pas. Une <a href=\"http:\/\/www.visiterarles.com\/en\/arles-location-de-vtt-pour-visiter-les-musees-avec-velo-taco-1337\/\">location de vtt pour visiter les mus\u00e9es \u00e0 Arles<\/a> les Alyscamps, pour ne citer que cela, vous aidera \u00e0 profiter pleinement de la vie au sein de cette ville exceptionnelle, \u00e0 chaque fois avec l&rsquo;impression d\u2019agir d&rsquo;une fa\u00e7on eco responsable, en pr\u00e9sentant le meilleur de la culture.<\/p>\n<h4>Pour quelle raison s\u00e9lectionner notre location de vtt pour visiter les mus\u00e9es au sein d&rsquo;Arles :<\/h4>\n<p>D\u00e8s lors qu&rsquo;on a l&rsquo;intention de d\u00e9couvrir le sublime patrimoine de la ville, notre location de vtt pour visiter les mus\u00e9es \u00e0 Arles, pour ne prendre que cet exemple, se trouve \u00eatre tr\u00e8s adapt\u00e9e. Une fois arriv\u00e9 \u00e0 la gare d\u2019Arles, vous aurez la possibilit\u00e9 de solliciter une location de vtt entre autre dans cette structure. Les consommateurs de tous horizons appr\u00e9cieront une location de vtt sur Arles, pour visiter les mus\u00e9es leur convenant sans aucun doute.<\/p>","protected":false},"excerpt":{"rendered":"<p>Pour visiter les mus\u00e9es sur Arles les Alyscamps : o\u00f9 rep\u00e9rer un interlocuteur de confiance avec location de vtt Arles est une ville splendide, la d\u00e9couverte culturelle, ainsi que les jolis lieux, comme les tours de la cavalerie, le marais du vigueirat o\u00f9 le march\u00e9 de provence ne manquent pas. Une location de vtt pour [&hellip;]<\/p>","protected":false},"author":1,"featured_media":0,"comment_status":"open","ping_status":"open","sticky":false,"template":"","format":"standard","meta":{"footnotes":""},"categories":[55],"tags":[],"aioseo_notices":[],"yoast_head":"<!-- This site is optimized with the Yoast SEO plugin v22.3 - https:\/\/yoast.com\/wordpress\/plugins\/seo\/ -->\n<title>Location de vtt pour visiter les mus\u00e9es Arles les Alyscamps - Visiter Arles<\/title>\n<meta name=\"robots\" content=\"index, follow, max-snippet:-1, max-image-preview:large, max-video-preview:-1\" \/>\n<link rel=\"canonical\" href=\"https:\/\/www.visiterarles.com\/en\/blog\/2015\/06\/05\/location-de-vtt-pour-visiter-les-musees-arles-les-alyscs-363\/\" \/>\n<meta name=\"twitter:label1\" content=\"Written by\" \/>\n\t<meta name=\"twitter:data1\" content=\"Linkadm\" \/>\n\t<meta name=\"twitter:label2\" content=\"Estimated reading time\" \/>\n\t<meta name=\"twitter:data2\" content=\"1 minute\" \/>\n<script type=\"application\/ld+json\" class=\"yoast-schema-graph\">{\"@context\":\"https:\/\/schema.org\",\"@graph\":[{\"@type\":\"Article\",\"@id\":\"https:\/\/www.visiterarles.com\/blog\/2015\/06\/05\/location-de-vtt-pour-visiter-les-musees-arles-les-alyscs-363\/#article\",\"isPartOf\":{\"@id\":\"https:\/\/www.visiterarles.com\/blog\/2015\/06\/05\/location-de-vtt-pour-visiter-les-musees-arles-les-alyscs-363\/\"},\"author\":{\"name\":\"Linkadm\",\"@id\":\"https:\/\/www.visiterarles.com\/en\/#\/schema\/person\/ba5912e4613018f479a2d86815a53576\"},\"headline\":\"Location de vtt pour visiter les mus\u00e9es Arles les Alyscamps\",\"datePublished\":\"2015-06-05T13:10:00+00:00\",\"dateModified\":\"2015-06-05T13:10:00+00:00\",\"mainEntityOfPage\":{\"@id\":\"https:\/\/www.visiterarles.com\/blog\/2015\/06\/05\/location-de-vtt-pour-visiter-les-musees-arles-les-alyscs-363\/\"},\"wordCount\":217,\"commentCount\":0,\"publisher\":{\"@id\":\"https:\/\/www.visiterarles.com\/en\/#organization\"},\"articleSection\":[\"Informations\"],\"inLanguage\":\"en-GB\",\"potentialAction\":[{\"@type\":\"CommentAction\",\"name\":\"Comment\",\"target\":[\"https:\/\/www.visiterarles.com\/blog\/2015\/06\/05\/location-de-vtt-pour-visiter-les-musees-arles-les-alyscs-363\/#respond\"]}]},{\"@type\":\"WebPage\",\"@id\":\"https:\/\/www.visiterarles.com\/blog\/2015\/06\/05\/location-de-vtt-pour-visiter-les-musees-arles-les-alyscs-363\/\",\"url\":\"https:\/\/www.visiterarles.com\/blog\/2015\/06\/05\/location-de-vtt-pour-visiter-les-musees-arles-les-alyscs-363\/\",\"name\":\"Location de vtt pour visiter les mus\u00e9es Arles les Alyscamps - Visiter Arles\",\"isPartOf\":{\"@id\":\"https:\/\/www.visiterarles.com\/en\/#website\"},\"datePublished\":\"2015-06-05T13:10:00+00:00\",\"dateModified\":\"2015-06-05T13:10:00+00:00\",\"breadcrumb\":{\"@id\":\"https:\/\/www.visiterarles.com\/blog\/2015\/06\/05\/location-de-vtt-pour-visiter-les-musees-arles-les-alyscs-363\/#breadcrumb\"},\"inLanguage\":\"en-GB\",\"potentialAction\":[{\"@type\":\"ReadAction\",\"target\":[\"https:\/\/www.visiterarles.com\/blog\/2015\/06\/05\/location-de-vtt-pour-visiter-les-musees-arles-les-alyscs-363\/\"]}]},{\"@type\":\"BreadcrumbList\",\"@id\":\"https:\/\/www.visiterarles.com\/blog\/2015\/06\/05\/location-de-vtt-pour-visiter-les-musees-arles-les-alyscs-363\/#breadcrumb\",\"itemListElement\":[{\"@type\":\"ListItem\",\"position\":1,\"name\":\"Home\",\"item\":\"https:\/\/www.visiterarles.com\/\"},{\"@type\":\"ListItem\",\"position\":2,\"name\":\"Location de vtt pour visiter les mus\u00e9es Arles les Alyscamps\"}]},{\"@type\":\"WebSite\",\"@id\":\"https:\/\/www.visiterarles.com\/en\/#website\",\"url\":\"https:\/\/www.visiterarles.com\/en\/\",\"name\":\"Visiter Arles\",\"description\":\"Tourisme en Provence \u00e0 Arles\",\"publisher\":{\"@id\":\"https:\/\/www.visiterarles.com\/en\/#organization\"},\"potentialAction\":[{\"@type\":\"SearchAction\",\"target\":{\"@type\":\"EntryPoint\",\"urlTemplate\":\"https:\/\/www.visiterarles.com\/en\/?s={search_term_string}\"},\"query-input\":\"required name=search_term_string\"}],\"inLanguage\":\"en-GB\"},{\"@type\":\"Organization\",\"@id\":\"https:\/\/www.visiterarles.com\/en\/#organization\",\"name\":\"Visiter Arles\",\"url\":\"https:\/\/www.visiterarles.com\/en\/\",\"logo\":{\"@type\":\"ImageObject\",\"inLanguage\":\"en-GB\",\"@id\":\"https:\/\/www.visiterarles.com\/en\/#\/schema\/logo\/image\/\",\"url\":\"https:\/\/www.visiterarles.com\/wp-content\/uploads\/2017\/10\/taco-and-co-1-1.jpg\",\"contentUrl\":\"https:\/\/www.visiterarles.com\/wp-content\/uploads\/2017\/10\/taco-and-co-1-1.jpg\",\"width\":124,\"height\":73,\"caption\":\"Visiter Arles\"},\"image\":{\"@id\":\"https:\/\/www.visiterarles.com\/en\/#\/schema\/logo\/image\/\"}},{\"@type\":\"Person\",\"@id\":\"https:\/\/www.visiterarles.com\/en\/#\/schema\/person\/ba5912e4613018f479a2d86815a53576\",\"name\":\"Linkadm\",\"image\":{\"@type\":\"ImageObject\",\"inLanguage\":\"en-GB\",\"@id\":\"https:\/\/www.visiterarles.com\/en\/#\/schema\/person\/image\/\",\"url\":\"https:\/\/secure.gravatar.com\/avatar\/4709ec209921503e8d8cc96168eddc49?s=96&d=mm&r=g\",\"contentUrl\":\"https:\/\/secure.gravatar.com\/avatar\/4709ec209921503e8d8cc96168eddc49?s=96&d=mm&r=g\",\"caption\":\"Linkadm\"},\"url\":\"https:\/\/www.visiterarles.com\/en\/blog\/author\/admin\/\"}]}<\/script>\n<!-- \/ Yoast SEO plugin. -->","yoast_head_json":{"title":"Location de vtt pour visiter les mus\u00e9es Arles les Alyscamps - Visiter Arles","robots":{"index":"index","follow":"follow","max-snippet":"max-snippet:-1","max-image-preview":"max-image-preview:large","max-video-preview":"max-video-preview:-1"},"canonical":"https:\/\/www.visiterarles.com\/en\/blog\/2015\/06\/05\/location-de-vtt-pour-visiter-les-musees-arles-les-alyscs-363\/","twitter_misc":{"Written by":"Linkadm","Estimated reading time":"1 minute"},"schema":{"@context":"https:\/\/schema.org","@graph":[{"@type":"Article","@id":"https:\/\/www.visiterarles.com\/blog\/2015\/06\/05\/location-de-vtt-pour-visiter-les-musees-arles-les-alyscs-363\/#article","isPartOf":{"@id":"https:\/\/www.visiterarles.com\/blog\/2015\/06\/05\/location-de-vtt-pour-visiter-les-musees-arles-les-alyscs-363\/"},"author":{"name":"Linkadm","@id":"https:\/\/www.visiterarles.com\/en\/#\/schema\/person\/ba5912e4613018f479a2d86815a53576"},"headline":"Location de vtt pour visiter les mus\u00e9es Arles les Alyscamps","datePublished":"2015-06-05T13:10:00+00:00","dateModified":"2015-06-05T13:10:00+00:00","mainEntityOfPage":{"@id":"https:\/\/www.visiterarles.com\/blog\/2015\/06\/05\/location-de-vtt-pour-visiter-les-musees-arles-les-alyscs-363\/"},"wordCount":217,"commentCount":0,"publisher":{"@id":"https:\/\/www.visiterarles.com\/en\/#organization"},"articleSection":["Informations"],"inLanguage":"en-GB","potentialAction":[{"@type":"CommentAction","name":"Comment","target":["https:\/\/www.visiterarles.com\/blog\/2015\/06\/05\/location-de-vtt-pour-visiter-les-musees-arles-les-alyscs-363\/#respond"]}]},{"@type":"WebPage","@id":"https:\/\/www.visiterarles.com\/blog\/2015\/06\/05\/location-de-vtt-pour-visiter-les-musees-arles-les-alyscs-363\/","url":"https:\/\/www.visiterarles.com\/blog\/2015\/06\/05\/location-de-vtt-pour-visiter-les-musees-arles-les-alyscs-363\/","name":"Location de vtt pour visiter les mus\u00e9es Arles les Alyscamps - Visiter Arles","isPartOf":{"@id":"https:\/\/www.visiterarles.com\/en\/#website"},"datePublished":"2015-06-05T13:10:00+00:00","dateModified":"2015-06-05T13:10:00+00:00","breadcrumb":{"@id":"https:\/\/www.visiterarles.com\/blog\/2015\/06\/05\/location-de-vtt-pour-visiter-les-musees-arles-les-alyscs-363\/#breadcrumb"},"inLanguage":"en-GB","potentialAction":[{"@type":"ReadAction","target":["https:\/\/www.visiterarles.com\/blog\/2015\/06\/05\/location-de-vtt-pour-visiter-les-musees-arles-les-alyscs-363\/"]}]},{"@type":"BreadcrumbList","@id":"https:\/\/www.visiterarles.com\/blog\/2015\/06\/05\/location-de-vtt-pour-visiter-les-musees-arles-les-alyscs-363\/#breadcrumb","itemListElement":[{"@type":"ListItem","position":1,"name":"Home","item":"https:\/\/www.visiterarles.com\/"},{"@type":"ListItem","position":2,"name":"Location de vtt pour visiter les mus\u00e9es Arles les Alyscamps"}]},{"@type":"WebSite","@id":"https:\/\/www.visiterarles.com\/en\/#website","url":"https:\/\/www.visiterarles.com\/en\/","name":"Visiter Arles","description":"Tourisme en Provence \u00e0 Arles","publisher":{"@id":"https:\/\/www.visiterarles.com\/en\/#organization"},"potentialAction":[{"@type":"SearchAction","target":{"@type":"EntryPoint","urlTemplate":"https:\/\/www.visiterarles.com\/en\/?s={search_term_string}"},"query-input":"required name=search_term_string"}],"inLanguage":"en-GB"},{"@type":"Organization","@id":"https:\/\/www.visiterarles.com\/en\/#organization","name":"Visiter Arles","url":"https:\/\/www.visiterarles.com\/en\/","logo":{"@type":"ImageObject","inLanguage":"en-GB","@id":"https:\/\/www.visiterarles.com\/en\/#\/schema\/logo\/image\/","url":"https:\/\/www.visiterarles.com\/wp-content\/uploads\/2017\/10\/taco-and-co-1-1.jpg","contentUrl":"https:\/\/www.visiterarles.com\/wp-content\/uploads\/2017\/10\/taco-and-co-1-1.jpg","width":124,"height":73,"caption":"Visiter Arles"},"image":{"@id":"https:\/\/www.visiterarles.com\/en\/#\/schema\/logo\/image\/"}},{"@type":"Person","@id":"https:\/\/www.visiterarles.com\/en\/#\/schema\/person\/ba5912e4613018f479a2d86815a53576","name":"Linkadm","image":{"@type":"ImageObject","inLanguage":"en-GB","@id":"https:\/\/www.visiterarles.com\/en\/#\/schema\/person\/image\/","url":"https:\/\/secure.gravatar.com\/avatar\/4709ec209921503e8d8cc96168eddc49?s=96&d=mm&r=g","contentUrl":"https:\/\/secure.gravatar.com\/avatar\/4709ec209921503e8d8cc96168eddc49?s=96&d=mm&r=g","caption":"Linkadm"},"url":"https:\/\/www.visiterarles.com\/en\/blog\/author\/admin\/"}]}},"_links":{"self":[{"href":"https:\/\/www.visiterarles.com\/en\/wp-json\/wp\/v2\/posts\/28575"}],"collection":[{"href":"https:\/\/www.visiterarles.com\/en\/wp-json\/wp\/v2\/posts"}],"about":[{"href":"https:\/\/www.visiterarles.com\/en\/wp-json\/wp\/v2\/types\/post"}],"author":[{"embeddable":true,"href":"https:\/\/www.visiterarles.com\/en\/wp-json\/wp\/v2\/users\/1"}],"replies":[{"embeddable":true,"href":"https:\/\/www.visiterarles.com\/en\/wp-json\/wp\/v2\/comments?post=28575"}],"version-history":[{"count":0,"href":"https:\/\/www.visiterarles.com\/en\/wp-json\/wp\/v2\/posts\/28575\/revisions"}],"wp:attachment":[{"href":"https:\/\/www.visiterarles.com\/en\/wp-json\/wp\/v2\/media?parent=28575"}],"wp:term":[{"taxonomy":"category","embeddable":true,"href":"https:\/\/www.visiterarles.com\/en\/wp-json\/wp\/v2\/categories?post=28575"},{"taxonomy":"post_tag","embeddable":true,"href":"https:\/\/www.visiterarles.com\/en\/wp-json\/wp\/v2\/tags?post=28575"}],"curies":[{"name":"wp","href":"https:\/\/api.w.org\/{rel}","templated":true}]}}