{"id":28580,"date":"2015-06-08T10:25:00","date_gmt":"2015-06-08T10:25:00","guid":{"rendered":"http:\/\/www.visiterarles.com\/denicher-une-location-de-vtt-pour-decouvrir-les-monuments-historiques-arles-quartier-des-musees-1628\/"},"modified":"2015-06-08T10:25:00","modified_gmt":"2015-06-08T10:25:00","slug":"denicher-une-location-de-vtt-pour-decouvrir-les-monuments-historiques-arles-quartier-des-musees-1628","status":"publish","type":"post","link":"https:\/\/www.visiterarles.com\/en\/blog\/2015\/06\/08\/denicher-une-location-de-vtt-pour-decouvrir-les-monuments-historiques-arles-quartier-des-musees-1628\/","title":{"rendered":"D\u00e9nicher une location de vtt pour d\u00e9couvrir les monuments historiques Arles quartier des mus\u00e9es"},"content":{"rendered":"<h4>Votre location de vtt, pour d\u00e9couvrir les monuments historiques sur Arles quartier des mus\u00e9es avec Taco  and  co<\/h4>\n<p>Les thermes de constantin, le marais du vigueirat o\u00f9 l&rsquo;\u00e9glise saint blaise, par l&rsquo;interm\u00e9diaire de notre location de vtt pour d\u00e9couvrir les monuments historiques \u00e0 Arles quartier des mus\u00e9es, sont des plus beaux endroits que vous ne sauriez manquer dans cette commune magnifique. V\u00e9lo-Taco, pour vous aider \u00e0 profiter pleinement de l\u2019existence, va tout faire pour vous pr\u00e9senter, avec la sensation d&rsquo;\u0153uvrer de mani\u00e8re respectueuse de l\u2019environnement, le plus ad\u00e9quat de la vie culturelle au sein de cette ville exceptionnelle, via une location de vtt pour d\u00e9couvrir les monuments historiques \u00e0 Arles quartier des mus\u00e9es.<\/p>\n<h4>Pour d\u00e9couvrir les monuments historiques \u00e0 Arles pour quelles raisons s\u00e9lectionner notre location de vtt<\/h4>\n<p>Prendre connaissance du tr\u00e8s beau centre historique via une location de vtt pour d\u00e9couvrir les monuments historiques dans Arles peut \u00eatre une solution appropri\u00e9e pour chaque entit\u00e9 qui le souhaite. Entre autre dans la gare, en arrivant \u00e0 Arles, il vous sera possible de r\u00e9clamer une location de vtt. Les visiteurs de tous horizons adoreront une <a href=\"http:\/\/www.visiterarles.com\/en\/location-de-vtt-pour-decouvrir-les-monuments-historiques-arles-1605\/\">location de vtt sur Arles<\/a>, pour d\u00e9couvrir les monuments historiques qui leur conviendra sans aucun doute.<\/p>","protected":false},"excerpt":{"rendered":"<p>Votre location de vtt, pour d\u00e9couvrir les monuments historiques sur Arles quartier des mus\u00e9es avec Taco and co Les thermes de constantin, le marais du vigueirat o\u00f9 l&rsquo;\u00e9glise saint blaise, par l&rsquo;interm\u00e9diaire de notre location de vtt pour d\u00e9couvrir les monuments historiques \u00e0 Arles quartier des mus\u00e9es, sont des plus beaux endroits que vous ne [&hellip;]<\/p>","protected":false},"author":1,"featured_media":0,"comment_status":"open","ping_status":"open","sticky":false,"template":"","format":"standard","meta":{"footnotes":""},"categories":[55],"tags":[],"aioseo_notices":[],"yoast_head":"<!-- This site is optimized with the Yoast SEO plugin v22.3 - https:\/\/yoast.com\/wordpress\/plugins\/seo\/ -->\n<title>D\u00e9nicher une location de vtt pour d\u00e9couvrir les monuments historiques Arles quartier des mus\u00e9es - Visiter Arles<\/title>\n<meta name=\"robots\" content=\"index, follow, max-snippet:-1, max-image-preview:large, max-video-preview:-1\" \/>\n<link rel=\"canonical\" href=\"https:\/\/www.visiterarles.com\/en\/blog\/2015\/06\/08\/denicher-une-location-de-vtt-pour-decouvrir-les-monuments-historiques-arles-quartier-des-musees-1628\/\" \/>\n<meta name=\"twitter:label1\" content=\"Written by\" \/>\n\t<meta name=\"twitter:data1\" content=\"Linkadm\" \/>\n\t<meta name=\"twitter:label2\" content=\"Estimated reading time\" \/>\n\t<meta name=\"twitter:data2\" content=\"1 minute\" \/>\n<script type=\"application\/ld+json\" class=\"yoast-schema-graph\">{\"@context\":\"https:\/\/schema.org\",\"@graph\":[{\"@type\":\"Article\",\"@id\":\"https:\/\/www.visiterarles.com\/en\/blog\/2015\/06\/08\/denicher-une-location-de-vtt-pour-decouvrir-les-monuments-historiques-arles-quartier-des-musees-1628\/#article\",\"isPartOf\":{\"@id\":\"https:\/\/www.visiterarles.com\/en\/blog\/2015\/06\/08\/denicher-une-location-de-vtt-pour-decouvrir-les-monuments-historiques-arles-quartier-des-musees-1628\/\"},\"author\":{\"name\":\"Linkadm\",\"@id\":\"https:\/\/www.visiterarles.com\/en\/#\/schema\/person\/ba5912e4613018f479a2d86815a53576\"},\"headline\":\"D\u00e9nicher une location de vtt pour d\u00e9couvrir les monuments historiques Arles quartier des mus\u00e9es\",\"datePublished\":\"2015-06-08T10:25:00+00:00\",\"dateModified\":\"2015-06-08T10:25:00+00:00\",\"mainEntityOfPage\":{\"@id\":\"https:\/\/www.visiterarles.com\/en\/blog\/2015\/06\/08\/denicher-une-location-de-vtt-pour-decouvrir-les-monuments-historiques-arles-quartier-des-musees-1628\/\"},\"wordCount\":235,\"commentCount\":0,\"publisher\":{\"@id\":\"https:\/\/www.visiterarles.com\/en\/#organization\"},\"articleSection\":[\"Informations\"],\"inLanguage\":\"en-GB\",\"potentialAction\":[{\"@type\":\"CommentAction\",\"name\":\"Comment\",\"target\":[\"https:\/\/www.visiterarles.com\/en\/blog\/2015\/06\/08\/denicher-une-location-de-vtt-pour-decouvrir-les-monuments-historiques-arles-quartier-des-musees-1628\/#respond\"]}]},{\"@type\":\"WebPage\",\"@id\":\"https:\/\/www.visiterarles.com\/en\/blog\/2015\/06\/08\/denicher-une-location-de-vtt-pour-decouvrir-les-monuments-historiques-arles-quartier-des-musees-1628\/\",\"url\":\"https:\/\/www.visiterarles.com\/en\/blog\/2015\/06\/08\/denicher-une-location-de-vtt-pour-decouvrir-les-monuments-historiques-arles-quartier-des-musees-1628\/\",\"name\":\"D\u00e9nicher une location de vtt pour d\u00e9couvrir les monuments historiques Arles quartier des mus\u00e9es - Visiter Arles\",\"isPartOf\":{\"@id\":\"https:\/\/www.visiterarles.com\/en\/#website\"},\"datePublished\":\"2015-06-08T10:25:00+00:00\",\"dateModified\":\"2015-06-08T10:25:00+00:00\",\"breadcrumb\":{\"@id\":\"https:\/\/www.visiterarles.com\/en\/blog\/2015\/06\/08\/denicher-une-location-de-vtt-pour-decouvrir-les-monuments-historiques-arles-quartier-des-musees-1628\/#breadcrumb\"},\"inLanguage\":\"en-GB\",\"potentialAction\":[{\"@type\":\"ReadAction\",\"target\":[\"https:\/\/www.visiterarles.com\/en\/blog\/2015\/06\/08\/denicher-une-location-de-vtt-pour-decouvrir-les-monuments-historiques-arles-quartier-des-musees-1628\/\"]}]},{\"@type\":\"BreadcrumbList\",\"@id\":\"https:\/\/www.visiterarles.com\/en\/blog\/2015\/06\/08\/denicher-une-location-de-vtt-pour-decouvrir-les-monuments-historiques-arles-quartier-des-musees-1628\/#breadcrumb\",\"itemListElement\":[{\"@type\":\"ListItem\",\"position\":1,\"name\":\"Home\",\"item\":\"https:\/\/www.visiterarles.com\/\"},{\"@type\":\"ListItem\",\"position\":2,\"name\":\"D\u00e9nicher une location de vtt pour d\u00e9couvrir les monuments historiques Arles quartier des mus\u00e9es\"}]},{\"@type\":\"WebSite\",\"@id\":\"https:\/\/www.visiterarles.com\/en\/#website\",\"url\":\"https:\/\/www.visiterarles.com\/en\/\",\"name\":\"Visiter Arles\",\"description\":\"Tourisme en Provence \u00e0 Arles\",\"publisher\":{\"@id\":\"https:\/\/www.visiterarles.com\/en\/#organization\"},\"potentialAction\":[{\"@type\":\"SearchAction\",\"target\":{\"@type\":\"EntryPoint\",\"urlTemplate\":\"https:\/\/www.visiterarles.com\/en\/?s={search_term_string}\"},\"query-input\":\"required name=search_term_string\"}],\"inLanguage\":\"en-GB\"},{\"@type\":\"Organization\",\"@id\":\"https:\/\/www.visiterarles.com\/en\/#organization\",\"name\":\"Visiter Arles\",\"url\":\"https:\/\/www.visiterarles.com\/en\/\",\"logo\":{\"@type\":\"ImageObject\",\"inLanguage\":\"en-GB\",\"@id\":\"https:\/\/www.visiterarles.com\/en\/#\/schema\/logo\/image\/\",\"url\":\"https:\/\/www.visiterarles.com\/wp-content\/uploads\/2017\/10\/taco-and-co-1-1.jpg\",\"contentUrl\":\"https:\/\/www.visiterarles.com\/wp-content\/uploads\/2017\/10\/taco-and-co-1-1.jpg\",\"width\":124,\"height\":73,\"caption\":\"Visiter Arles\"},\"image\":{\"@id\":\"https:\/\/www.visiterarles.com\/en\/#\/schema\/logo\/image\/\"}},{\"@type\":\"Person\",\"@id\":\"https:\/\/www.visiterarles.com\/en\/#\/schema\/person\/ba5912e4613018f479a2d86815a53576\",\"name\":\"Linkadm\",\"image\":{\"@type\":\"ImageObject\",\"inLanguage\":\"en-GB\",\"@id\":\"https:\/\/www.visiterarles.com\/en\/#\/schema\/person\/image\/\",\"url\":\"https:\/\/secure.gravatar.com\/avatar\/4709ec209921503e8d8cc96168eddc49?s=96&d=mm&r=g\",\"contentUrl\":\"https:\/\/secure.gravatar.com\/avatar\/4709ec209921503e8d8cc96168eddc49?s=96&d=mm&r=g\",\"caption\":\"Linkadm\"},\"url\":\"https:\/\/www.visiterarles.com\/en\/blog\/author\/admin\/\"}]}<\/script>\n<!-- \/ Yoast SEO plugin. -->","yoast_head_json":{"title":"D\u00e9nicher une location de vtt pour d\u00e9couvrir les monuments historiques Arles quartier des mus\u00e9es - Visiter Arles","robots":{"index":"index","follow":"follow","max-snippet":"max-snippet:-1","max-image-preview":"max-image-preview:large","max-video-preview":"max-video-preview:-1"},"canonical":"https:\/\/www.visiterarles.com\/en\/blog\/2015\/06\/08\/denicher-une-location-de-vtt-pour-decouvrir-les-monuments-historiques-arles-quartier-des-musees-1628\/","twitter_misc":{"Written by":"Linkadm","Estimated reading time":"1 minute"},"schema":{"@context":"https:\/\/schema.org","@graph":[{"@type":"Article","@id":"https:\/\/www.visiterarles.com\/en\/blog\/2015\/06\/08\/denicher-une-location-de-vtt-pour-decouvrir-les-monuments-historiques-arles-quartier-des-musees-1628\/#article","isPartOf":{"@id":"https:\/\/www.visiterarles.com\/en\/blog\/2015\/06\/08\/denicher-une-location-de-vtt-pour-decouvrir-les-monuments-historiques-arles-quartier-des-musees-1628\/"},"author":{"name":"Linkadm","@id":"https:\/\/www.visiterarles.com\/en\/#\/schema\/person\/ba5912e4613018f479a2d86815a53576"},"headline":"D\u00e9nicher une location de vtt pour d\u00e9couvrir les monuments historiques Arles quartier des mus\u00e9es","datePublished":"2015-06-08T10:25:00+00:00","dateModified":"2015-06-08T10:25:00+00:00","mainEntityOfPage":{"@id":"https:\/\/www.visiterarles.com\/en\/blog\/2015\/06\/08\/denicher-une-location-de-vtt-pour-decouvrir-les-monuments-historiques-arles-quartier-des-musees-1628\/"},"wordCount":235,"commentCount":0,"publisher":{"@id":"https:\/\/www.visiterarles.com\/en\/#organization"},"articleSection":["Informations"],"inLanguage":"en-GB","potentialAction":[{"@type":"CommentAction","name":"Comment","target":["https:\/\/www.visiterarles.com\/en\/blog\/2015\/06\/08\/denicher-une-location-de-vtt-pour-decouvrir-les-monuments-historiques-arles-quartier-des-musees-1628\/#respond"]}]},{"@type":"WebPage","@id":"https:\/\/www.visiterarles.com\/en\/blog\/2015\/06\/08\/denicher-une-location-de-vtt-pour-decouvrir-les-monuments-historiques-arles-quartier-des-musees-1628\/","url":"https:\/\/www.visiterarles.com\/en\/blog\/2015\/06\/08\/denicher-une-location-de-vtt-pour-decouvrir-les-monuments-historiques-arles-quartier-des-musees-1628\/","name":"D\u00e9nicher une location de vtt pour d\u00e9couvrir les monuments historiques Arles quartier des mus\u00e9es - Visiter Arles","isPartOf":{"@id":"https:\/\/www.visiterarles.com\/en\/#website"},"datePublished":"2015-06-08T10:25:00+00:00","dateModified":"2015-06-08T10:25:00+00:00","breadcrumb":{"@id":"https:\/\/www.visiterarles.com\/en\/blog\/2015\/06\/08\/denicher-une-location-de-vtt-pour-decouvrir-les-monuments-historiques-arles-quartier-des-musees-1628\/#breadcrumb"},"inLanguage":"en-GB","potentialAction":[{"@type":"ReadAction","target":["https:\/\/www.visiterarles.com\/en\/blog\/2015\/06\/08\/denicher-une-location-de-vtt-pour-decouvrir-les-monuments-historiques-arles-quartier-des-musees-1628\/"]}]},{"@type":"BreadcrumbList","@id":"https:\/\/www.visiterarles.com\/en\/blog\/2015\/06\/08\/denicher-une-location-de-vtt-pour-decouvrir-les-monuments-historiques-arles-quartier-des-musees-1628\/#breadcrumb","itemListElement":[{"@type":"ListItem","position":1,"name":"Home","item":"https:\/\/www.visiterarles.com\/"},{"@type":"ListItem","position":2,"name":"D\u00e9nicher une location de vtt pour d\u00e9couvrir les monuments historiques Arles quartier des mus\u00e9es"}]},{"@type":"WebSite","@id":"https:\/\/www.visiterarles.com\/en\/#website","url":"https:\/\/www.visiterarles.com\/en\/","name":"Visiter Arles","description":"Tourisme en Provence \u00e0 Arles","publisher":{"@id":"https:\/\/www.visiterarles.com\/en\/#organization"},"potentialAction":[{"@type":"SearchAction","target":{"@type":"EntryPoint","urlTemplate":"https:\/\/www.visiterarles.com\/en\/?s={search_term_string}"},"query-input":"required name=search_term_string"}],"inLanguage":"en-GB"},{"@type":"Organization","@id":"https:\/\/www.visiterarles.com\/en\/#organization","name":"Visiter Arles","url":"https:\/\/www.visiterarles.com\/en\/","logo":{"@type":"ImageObject","inLanguage":"en-GB","@id":"https:\/\/www.visiterarles.com\/en\/#\/schema\/logo\/image\/","url":"https:\/\/www.visiterarles.com\/wp-content\/uploads\/2017\/10\/taco-and-co-1-1.jpg","contentUrl":"https:\/\/www.visiterarles.com\/wp-content\/uploads\/2017\/10\/taco-and-co-1-1.jpg","width":124,"height":73,"caption":"Visiter Arles"},"image":{"@id":"https:\/\/www.visiterarles.com\/en\/#\/schema\/logo\/image\/"}},{"@type":"Person","@id":"https:\/\/www.visiterarles.com\/en\/#\/schema\/person\/ba5912e4613018f479a2d86815a53576","name":"Linkadm","image":{"@type":"ImageObject","inLanguage":"en-GB","@id":"https:\/\/www.visiterarles.com\/en\/#\/schema\/person\/image\/","url":"https:\/\/secure.gravatar.com\/avatar\/4709ec209921503e8d8cc96168eddc49?s=96&d=mm&r=g","contentUrl":"https:\/\/secure.gravatar.com\/avatar\/4709ec209921503e8d8cc96168eddc49?s=96&d=mm&r=g","caption":"Linkadm"},"url":"https:\/\/www.visiterarles.com\/en\/blog\/author\/admin\/"}]}},"_links":{"self":[{"href":"https:\/\/www.visiterarles.com\/en\/wp-json\/wp\/v2\/posts\/28580"}],"collection":[{"href":"https:\/\/www.visiterarles.com\/en\/wp-json\/wp\/v2\/posts"}],"about":[{"href":"https:\/\/www.visiterarles.com\/en\/wp-json\/wp\/v2\/types\/post"}],"author":[{"embeddable":true,"href":"https:\/\/www.visiterarles.com\/en\/wp-json\/wp\/v2\/users\/1"}],"replies":[{"embeddable":true,"href":"https:\/\/www.visiterarles.com\/en\/wp-json\/wp\/v2\/comments?post=28580"}],"version-history":[{"count":0,"href":"https:\/\/www.visiterarles.com\/en\/wp-json\/wp\/v2\/posts\/28580\/revisions"}],"wp:attachment":[{"href":"https:\/\/www.visiterarles.com\/en\/wp-json\/wp\/v2\/media?parent=28580"}],"wp:term":[{"taxonomy":"category","embeddable":true,"href":"https:\/\/www.visiterarles.com\/en\/wp-json\/wp\/v2\/categories?post=28580"},{"taxonomy":"post_tag","embeddable":true,"href":"https:\/\/www.visiterarles.com\/en\/wp-json\/wp\/v2\/tags?post=28580"}],"curies":[{"name":"wp","href":"https:\/\/api.w.org\/{rel}","templated":true}]}}