{"id":28582,"date":"2015-06-10T11:17:00","date_gmt":"2015-06-10T11:17:00","guid":{"rendered":"http:\/\/www.visiterarles.com\/pour-decouvrir-les-monuments-historiques-arles-quartier-des-monuments-historiques-la-location-de-vtt-1213\/"},"modified":"2015-06-10T11:17:00","modified_gmt":"2015-06-10T11:17:00","slug":"pour-decouvrir-les-monuments-historiques-arles-quartier-des-monuments-historiques-la-location-de-vtt-1213","status":"publish","type":"post","link":"https:\/\/www.visiterarles.com\/en\/blog\/2015\/06\/10\/pour-decouvrir-les-monuments-historiques-arles-quartier-des-monuments-historiques-la-location-de-vtt-1213\/","title":{"rendered":"Pour d\u00e9couvrir les monuments historiques Arles quartier des monuments historiques : la location de vtt"},"content":{"rendered":"<h4>Location de vtt pour d\u00e9couvrir les monuments historiques : o\u00f9 d\u00e9goter un partenaire de confiance sur Arles quartier des monuments historiques<\/h4>\n<p>Arles est notre ville magnifique, la vie culturelle, et les jolis lieux, comme les anciens ateliers sncf, le mus\u00e9e du riz o\u00f9 la tour des mourgues sont pl\u00e9thoriques. Notre location de vtt pour d\u00e9couvrir les monuments historiques \u00e0 Arles quartier des monuments historiques, pour ne citer que cela, vous aidera \u00e0 jouir pleinement de l\u2019existence dans cette ville magnifique, ordinairement avec la sensation d&rsquo;\u0153uvrer d&rsquo;une fa\u00e7on eco-responsable, en proposant une d\u00e9couverte culturelle des plus riches.<\/p>\n<h4>Par quels moyens s\u2019y prendre pour d\u00e9goter une location de vtt pour d\u00e9couvrir les monuments historiques sur Arles<\/h4>\n<p>Prendre connaissance du majestueux patrimoine de la ville via la location de vtt pour d\u00e9couvrir les monuments historiques sur Arles peut para\u00eetre une solution adapt\u00e9e pour toute personne qui le souhaite. Au cas o\u00f9 vous vous trouviez au sein de Arles, il vous sera possible de jouir au maximum d\u2019une appr\u00e9ciable location de vtt sereinement. Pour les amateurs de d\u00e9couvertes, une <a href=\"http:\/\/www.visiterarles.com\/en\/location-de-vtt-pour-decouvrir-les-monuments-historiques-arles-1605\/\">location de vtt sur Arles<\/a>, pour d\u00e9couvrir les monuments historiques conviendra aux attentes de tous, en toute logique.<\/p>","protected":false},"excerpt":{"rendered":"<p>Location de vtt pour d\u00e9couvrir les monuments historiques : o\u00f9 d\u00e9goter un partenaire de confiance sur Arles quartier des monuments historiques Arles est notre ville magnifique, la vie culturelle, et les jolis lieux, comme les anciens ateliers sncf, le mus\u00e9e du riz o\u00f9 la tour des mourgues sont pl\u00e9thoriques. Notre location de vtt pour d\u00e9couvrir [&hellip;]<\/p>","protected":false},"author":1,"featured_media":0,"comment_status":"open","ping_status":"open","sticky":false,"template":"","format":"standard","meta":{"footnotes":""},"categories":[55],"tags":[],"aioseo_notices":[],"yoast_head":"<!-- This site is optimized with the Yoast SEO plugin v22.3 - https:\/\/yoast.com\/wordpress\/plugins\/seo\/ -->\n<title>Pour d\u00e9couvrir les monuments historiques Arles quartier des monuments historiques : la location de vtt - Visiter Arles<\/title>\n<meta name=\"robots\" content=\"index, follow, max-snippet:-1, max-image-preview:large, max-video-preview:-1\" \/>\n<link rel=\"canonical\" href=\"https:\/\/www.visiterarles.com\/en\/blog\/2015\/06\/10\/pour-decouvrir-les-monuments-historiques-arles-quartier-des-monuments-historiques-la-location-de-vtt-1213\/\" \/>\n<meta name=\"twitter:label1\" content=\"Written by\" \/>\n\t<meta name=\"twitter:data1\" content=\"Linkadm\" \/>\n\t<meta name=\"twitter:label2\" content=\"Estimated reading time\" \/>\n\t<meta name=\"twitter:data2\" content=\"1 minute\" \/>\n<script type=\"application\/ld+json\" class=\"yoast-schema-graph\">{\"@context\":\"https:\/\/schema.org\",\"@graph\":[{\"@type\":\"Article\",\"@id\":\"https:\/\/www.visiterarles.com\/en\/blog\/2015\/06\/10\/pour-decouvrir-les-monuments-historiques-arles-quartier-des-monuments-historiques-la-location-de-vtt-1213\/#article\",\"isPartOf\":{\"@id\":\"https:\/\/www.visiterarles.com\/en\/blog\/2015\/06\/10\/pour-decouvrir-les-monuments-historiques-arles-quartier-des-monuments-historiques-la-location-de-vtt-1213\/\"},\"author\":{\"name\":\"Linkadm\",\"@id\":\"https:\/\/www.visiterarles.com\/en\/#\/schema\/person\/ba5912e4613018f479a2d86815a53576\"},\"headline\":\"Pour d\u00e9couvrir les monuments historiques Arles quartier des monuments historiques : la location de vtt\",\"datePublished\":\"2015-06-10T11:17:00+00:00\",\"dateModified\":\"2015-06-10T11:17:00+00:00\",\"mainEntityOfPage\":{\"@id\":\"https:\/\/www.visiterarles.com\/en\/blog\/2015\/06\/10\/pour-decouvrir-les-monuments-historiques-arles-quartier-des-monuments-historiques-la-location-de-vtt-1213\/\"},\"wordCount\":225,\"commentCount\":0,\"publisher\":{\"@id\":\"https:\/\/www.visiterarles.com\/en\/#organization\"},\"articleSection\":[\"Informations\"],\"inLanguage\":\"en-GB\",\"potentialAction\":[{\"@type\":\"CommentAction\",\"name\":\"Comment\",\"target\":[\"https:\/\/www.visiterarles.com\/en\/blog\/2015\/06\/10\/pour-decouvrir-les-monuments-historiques-arles-quartier-des-monuments-historiques-la-location-de-vtt-1213\/#respond\"]}]},{\"@type\":\"WebPage\",\"@id\":\"https:\/\/www.visiterarles.com\/en\/blog\/2015\/06\/10\/pour-decouvrir-les-monuments-historiques-arles-quartier-des-monuments-historiques-la-location-de-vtt-1213\/\",\"url\":\"https:\/\/www.visiterarles.com\/en\/blog\/2015\/06\/10\/pour-decouvrir-les-monuments-historiques-arles-quartier-des-monuments-historiques-la-location-de-vtt-1213\/\",\"name\":\"Pour d\u00e9couvrir les monuments historiques Arles quartier des monuments historiques : la location de vtt - Visiter Arles\",\"isPartOf\":{\"@id\":\"https:\/\/www.visiterarles.com\/en\/#website\"},\"datePublished\":\"2015-06-10T11:17:00+00:00\",\"dateModified\":\"2015-06-10T11:17:00+00:00\",\"breadcrumb\":{\"@id\":\"https:\/\/www.visiterarles.com\/en\/blog\/2015\/06\/10\/pour-decouvrir-les-monuments-historiques-arles-quartier-des-monuments-historiques-la-location-de-vtt-1213\/#breadcrumb\"},\"inLanguage\":\"en-GB\",\"potentialAction\":[{\"@type\":\"ReadAction\",\"target\":[\"https:\/\/www.visiterarles.com\/en\/blog\/2015\/06\/10\/pour-decouvrir-les-monuments-historiques-arles-quartier-des-monuments-historiques-la-location-de-vtt-1213\/\"]}]},{\"@type\":\"BreadcrumbList\",\"@id\":\"https:\/\/www.visiterarles.com\/en\/blog\/2015\/06\/10\/pour-decouvrir-les-monuments-historiques-arles-quartier-des-monuments-historiques-la-location-de-vtt-1213\/#breadcrumb\",\"itemListElement\":[{\"@type\":\"ListItem\",\"position\":1,\"name\":\"Home\",\"item\":\"https:\/\/www.visiterarles.com\/\"},{\"@type\":\"ListItem\",\"position\":2,\"name\":\"Pour d\u00e9couvrir les monuments historiques Arles quartier des monuments historiques : la location de vtt\"}]},{\"@type\":\"WebSite\",\"@id\":\"https:\/\/www.visiterarles.com\/en\/#website\",\"url\":\"https:\/\/www.visiterarles.com\/en\/\",\"name\":\"Visiter Arles\",\"description\":\"Tourisme en Provence \u00e0 Arles\",\"publisher\":{\"@id\":\"https:\/\/www.visiterarles.com\/en\/#organization\"},\"potentialAction\":[{\"@type\":\"SearchAction\",\"target\":{\"@type\":\"EntryPoint\",\"urlTemplate\":\"https:\/\/www.visiterarles.com\/en\/?s={search_term_string}\"},\"query-input\":\"required name=search_term_string\"}],\"inLanguage\":\"en-GB\"},{\"@type\":\"Organization\",\"@id\":\"https:\/\/www.visiterarles.com\/en\/#organization\",\"name\":\"Visiter Arles\",\"url\":\"https:\/\/www.visiterarles.com\/en\/\",\"logo\":{\"@type\":\"ImageObject\",\"inLanguage\":\"en-GB\",\"@id\":\"https:\/\/www.visiterarles.com\/en\/#\/schema\/logo\/image\/\",\"url\":\"https:\/\/www.visiterarles.com\/wp-content\/uploads\/2017\/10\/taco-and-co-1-1.jpg\",\"contentUrl\":\"https:\/\/www.visiterarles.com\/wp-content\/uploads\/2017\/10\/taco-and-co-1-1.jpg\",\"width\":124,\"height\":73,\"caption\":\"Visiter Arles\"},\"image\":{\"@id\":\"https:\/\/www.visiterarles.com\/en\/#\/schema\/logo\/image\/\"}},{\"@type\":\"Person\",\"@id\":\"https:\/\/www.visiterarles.com\/en\/#\/schema\/person\/ba5912e4613018f479a2d86815a53576\",\"name\":\"Linkadm\",\"image\":{\"@type\":\"ImageObject\",\"inLanguage\":\"en-GB\",\"@id\":\"https:\/\/www.visiterarles.com\/en\/#\/schema\/person\/image\/\",\"url\":\"https:\/\/secure.gravatar.com\/avatar\/4709ec209921503e8d8cc96168eddc49?s=96&d=mm&r=g\",\"contentUrl\":\"https:\/\/secure.gravatar.com\/avatar\/4709ec209921503e8d8cc96168eddc49?s=96&d=mm&r=g\",\"caption\":\"Linkadm\"},\"url\":\"https:\/\/www.visiterarles.com\/en\/blog\/author\/admin\/\"}]}<\/script>\n<!-- \/ Yoast SEO plugin. -->","yoast_head_json":{"title":"Pour d\u00e9couvrir les monuments historiques Arles quartier des monuments historiques : la location de vtt - Visiter Arles","robots":{"index":"index","follow":"follow","max-snippet":"max-snippet:-1","max-image-preview":"max-image-preview:large","max-video-preview":"max-video-preview:-1"},"canonical":"https:\/\/www.visiterarles.com\/en\/blog\/2015\/06\/10\/pour-decouvrir-les-monuments-historiques-arles-quartier-des-monuments-historiques-la-location-de-vtt-1213\/","twitter_misc":{"Written by":"Linkadm","Estimated reading time":"1 minute"},"schema":{"@context":"https:\/\/schema.org","@graph":[{"@type":"Article","@id":"https:\/\/www.visiterarles.com\/en\/blog\/2015\/06\/10\/pour-decouvrir-les-monuments-historiques-arles-quartier-des-monuments-historiques-la-location-de-vtt-1213\/#article","isPartOf":{"@id":"https:\/\/www.visiterarles.com\/en\/blog\/2015\/06\/10\/pour-decouvrir-les-monuments-historiques-arles-quartier-des-monuments-historiques-la-location-de-vtt-1213\/"},"author":{"name":"Linkadm","@id":"https:\/\/www.visiterarles.com\/en\/#\/schema\/person\/ba5912e4613018f479a2d86815a53576"},"headline":"Pour d\u00e9couvrir les monuments historiques Arles quartier des monuments historiques : la location de vtt","datePublished":"2015-06-10T11:17:00+00:00","dateModified":"2015-06-10T11:17:00+00:00","mainEntityOfPage":{"@id":"https:\/\/www.visiterarles.com\/en\/blog\/2015\/06\/10\/pour-decouvrir-les-monuments-historiques-arles-quartier-des-monuments-historiques-la-location-de-vtt-1213\/"},"wordCount":225,"commentCount":0,"publisher":{"@id":"https:\/\/www.visiterarles.com\/en\/#organization"},"articleSection":["Informations"],"inLanguage":"en-GB","potentialAction":[{"@type":"CommentAction","name":"Comment","target":["https:\/\/www.visiterarles.com\/en\/blog\/2015\/06\/10\/pour-decouvrir-les-monuments-historiques-arles-quartier-des-monuments-historiques-la-location-de-vtt-1213\/#respond"]}]},{"@type":"WebPage","@id":"https:\/\/www.visiterarles.com\/en\/blog\/2015\/06\/10\/pour-decouvrir-les-monuments-historiques-arles-quartier-des-monuments-historiques-la-location-de-vtt-1213\/","url":"https:\/\/www.visiterarles.com\/en\/blog\/2015\/06\/10\/pour-decouvrir-les-monuments-historiques-arles-quartier-des-monuments-historiques-la-location-de-vtt-1213\/","name":"Pour d\u00e9couvrir les monuments historiques Arles quartier des monuments historiques : la location de vtt - Visiter Arles","isPartOf":{"@id":"https:\/\/www.visiterarles.com\/en\/#website"},"datePublished":"2015-06-10T11:17:00+00:00","dateModified":"2015-06-10T11:17:00+00:00","breadcrumb":{"@id":"https:\/\/www.visiterarles.com\/en\/blog\/2015\/06\/10\/pour-decouvrir-les-monuments-historiques-arles-quartier-des-monuments-historiques-la-location-de-vtt-1213\/#breadcrumb"},"inLanguage":"en-GB","potentialAction":[{"@type":"ReadAction","target":["https:\/\/www.visiterarles.com\/en\/blog\/2015\/06\/10\/pour-decouvrir-les-monuments-historiques-arles-quartier-des-monuments-historiques-la-location-de-vtt-1213\/"]}]},{"@type":"BreadcrumbList","@id":"https:\/\/www.visiterarles.com\/en\/blog\/2015\/06\/10\/pour-decouvrir-les-monuments-historiques-arles-quartier-des-monuments-historiques-la-location-de-vtt-1213\/#breadcrumb","itemListElement":[{"@type":"ListItem","position":1,"name":"Home","item":"https:\/\/www.visiterarles.com\/"},{"@type":"ListItem","position":2,"name":"Pour d\u00e9couvrir les monuments historiques Arles quartier des monuments historiques : la location de vtt"}]},{"@type":"WebSite","@id":"https:\/\/www.visiterarles.com\/en\/#website","url":"https:\/\/www.visiterarles.com\/en\/","name":"Visiter Arles","description":"Tourisme en Provence \u00e0 Arles","publisher":{"@id":"https:\/\/www.visiterarles.com\/en\/#organization"},"potentialAction":[{"@type":"SearchAction","target":{"@type":"EntryPoint","urlTemplate":"https:\/\/www.visiterarles.com\/en\/?s={search_term_string}"},"query-input":"required name=search_term_string"}],"inLanguage":"en-GB"},{"@type":"Organization","@id":"https:\/\/www.visiterarles.com\/en\/#organization","name":"Visiter Arles","url":"https:\/\/www.visiterarles.com\/en\/","logo":{"@type":"ImageObject","inLanguage":"en-GB","@id":"https:\/\/www.visiterarles.com\/en\/#\/schema\/logo\/image\/","url":"https:\/\/www.visiterarles.com\/wp-content\/uploads\/2017\/10\/taco-and-co-1-1.jpg","contentUrl":"https:\/\/www.visiterarles.com\/wp-content\/uploads\/2017\/10\/taco-and-co-1-1.jpg","width":124,"height":73,"caption":"Visiter Arles"},"image":{"@id":"https:\/\/www.visiterarles.com\/en\/#\/schema\/logo\/image\/"}},{"@type":"Person","@id":"https:\/\/www.visiterarles.com\/en\/#\/schema\/person\/ba5912e4613018f479a2d86815a53576","name":"Linkadm","image":{"@type":"ImageObject","inLanguage":"en-GB","@id":"https:\/\/www.visiterarles.com\/en\/#\/schema\/person\/image\/","url":"https:\/\/secure.gravatar.com\/avatar\/4709ec209921503e8d8cc96168eddc49?s=96&d=mm&r=g","contentUrl":"https:\/\/secure.gravatar.com\/avatar\/4709ec209921503e8d8cc96168eddc49?s=96&d=mm&r=g","caption":"Linkadm"},"url":"https:\/\/www.visiterarles.com\/en\/blog\/author\/admin\/"}]}},"_links":{"self":[{"href":"https:\/\/www.visiterarles.com\/en\/wp-json\/wp\/v2\/posts\/28582"}],"collection":[{"href":"https:\/\/www.visiterarles.com\/en\/wp-json\/wp\/v2\/posts"}],"about":[{"href":"https:\/\/www.visiterarles.com\/en\/wp-json\/wp\/v2\/types\/post"}],"author":[{"embeddable":true,"href":"https:\/\/www.visiterarles.com\/en\/wp-json\/wp\/v2\/users\/1"}],"replies":[{"embeddable":true,"href":"https:\/\/www.visiterarles.com\/en\/wp-json\/wp\/v2\/comments?post=28582"}],"version-history":[{"count":0,"href":"https:\/\/www.visiterarles.com\/en\/wp-json\/wp\/v2\/posts\/28582\/revisions"}],"wp:attachment":[{"href":"https:\/\/www.visiterarles.com\/en\/wp-json\/wp\/v2\/media?parent=28582"}],"wp:term":[{"taxonomy":"category","embeddable":true,"href":"https:\/\/www.visiterarles.com\/en\/wp-json\/wp\/v2\/categories?post=28582"},{"taxonomy":"post_tag","embeddable":true,"href":"https:\/\/www.visiterarles.com\/en\/wp-json\/wp\/v2\/tags?post=28582"}],"curies":[{"name":"wp","href":"https:\/\/api.w.org\/{rel}","templated":true}]}}