{"id":28587,"date":"2015-06-13T08:21:00","date_gmt":"2015-06-13T08:21:00","guid":{"rendered":"http:\/\/www.visiterarles.com\/arles-les-alyscs-choisir-votre-location-de-vtt-pour-decouvrir-les-monuments-historiques-avec-velo-taco-1419\/"},"modified":"2015-06-13T08:21:00","modified_gmt":"2015-06-13T08:21:00","slug":"arles-les-alyscs-choisir-votre-location-de-vtt-pour-decouvrir-les-monuments-historiques-avec-velo-taco-1419","status":"publish","type":"post","link":"https:\/\/www.visiterarles.com\/en\/blog\/2015\/06\/13\/arles-les-alyscs-choisir-votre-location-de-vtt-pour-decouvrir-les-monuments-historiques-avec-velo-taco-1419\/","title":{"rendered":"Arles les Alyscamps : choisir votre location de vtt pour d\u00e9couvrir les monuments historiques avec V\u00e9lo-Taco"},"content":{"rendered":"<h4>V\u00e9lo Taco sur Arles les Alyscamps votre contact s\u00e9rieux pour d\u00e9couvrir les monuments historiques<\/h4>\n<p>Les beaux endroits ne manquent pas, en cons\u00e9quence, notre location de vtt pour d\u00e9couvrir les monuments historiques Arles les Alyscamps vous donnera la possibilit\u00e9 de profiter au maximum des cryptoportiques, du marais du vigueirat o\u00f9 de l&rsquo;\u00e9glise saint blaise. De mani\u00e8re \u00e0 donner l&rsquo;opportunit\u00e9 de profiter au maximum des richesses de la ville, avec la sensation d&rsquo;oeuvrer d&rsquo;une mani\u00e8re \u00e9cologique, notre location de vtt pour d\u00e9couvrir les monuments historiques Arles les Alyscamps vous fera profiter de la vie.<\/p>\n<h4>Arles : une alternative \u00e9co-citoyenne : la location de vtt pour d\u00e9couvrir les monuments historiques<\/h4>\n<p>D\u00e8s lors qu\u2019on a envie de faire la d\u00e9couverte du somptueux patrimoine de la ville, une location de vtt pour d\u00e9couvrir les monuments historiques entre autre dans Arles, pour ne prendre que cet exemple, est parfaite. En arrivant \u00e0 Arles, vous pourrez demander une location de vtt entre autre dans la gare. Les clients de tous horizons appr\u00e9cieront une <a href=\"http:\/\/www.visiterarles.com\/en\/location-de-vtt-pour-decouvrir-les-monuments-historiques-arles-1605\/\">location de vtt sur Arles<\/a>, pour d\u00e9couvrir les monuments historiques qui leur plaira sans aucun doute.<\/p>","protected":false},"excerpt":{"rendered":"<p>V\u00e9lo Taco sur Arles les Alyscamps votre contact s\u00e9rieux pour d\u00e9couvrir les monuments historiques Les beaux endroits ne manquent pas, en cons\u00e9quence, notre location de vtt pour d\u00e9couvrir les monuments historiques Arles les Alyscamps vous donnera la possibilit\u00e9 de profiter au maximum des cryptoportiques, du marais du vigueirat o\u00f9 de l&rsquo;\u00e9glise saint blaise. De mani\u00e8re [&hellip;]<\/p>","protected":false},"author":1,"featured_media":0,"comment_status":"open","ping_status":"open","sticky":false,"template":"","format":"standard","meta":{"footnotes":""},"categories":[55],"tags":[],"aioseo_notices":[],"yoast_head":"<!-- This site is optimized with the Yoast SEO plugin v22.3 - https:\/\/yoast.com\/wordpress\/plugins\/seo\/ -->\n<title>Arles les Alyscamps : choisir votre location de vtt pour d\u00e9couvrir les monuments historiques avec V\u00e9lo-Taco - Visiter Arles<\/title>\n<meta name=\"robots\" content=\"index, follow, max-snippet:-1, max-image-preview:large, max-video-preview:-1\" \/>\n<link rel=\"canonical\" href=\"https:\/\/www.visiterarles.com\/en\/blog\/2015\/06\/13\/arles-les-alyscs-choisir-votre-location-de-vtt-pour-decouvrir-les-monuments-historiques-avec-velo-taco-1419\/\" \/>\n<meta name=\"twitter:label1\" content=\"Written by\" \/>\n\t<meta name=\"twitter:data1\" content=\"Linkadm\" \/>\n\t<meta name=\"twitter:label2\" content=\"Estimated reading time\" \/>\n\t<meta name=\"twitter:data2\" content=\"1 minute\" \/>\n<script type=\"application\/ld+json\" class=\"yoast-schema-graph\">{\"@context\":\"https:\/\/schema.org\",\"@graph\":[{\"@type\":\"Article\",\"@id\":\"https:\/\/www.visiterarles.com\/en\/blog\/2015\/06\/13\/arles-les-alyscs-choisir-votre-location-de-vtt-pour-decouvrir-les-monuments-historiques-avec-velo-taco-1419\/#article\",\"isPartOf\":{\"@id\":\"https:\/\/www.visiterarles.com\/en\/blog\/2015\/06\/13\/arles-les-alyscs-choisir-votre-location-de-vtt-pour-decouvrir-les-monuments-historiques-avec-velo-taco-1419\/\"},\"author\":{\"name\":\"Linkadm\",\"@id\":\"https:\/\/www.visiterarles.com\/en\/#\/schema\/person\/ba5912e4613018f479a2d86815a53576\"},\"headline\":\"Arles les Alyscamps : choisir votre location de vtt pour d\u00e9couvrir les monuments historiques avec V\u00e9lo-Taco\",\"datePublished\":\"2015-06-13T08:21:00+00:00\",\"dateModified\":\"2015-06-13T08:21:00+00:00\",\"mainEntityOfPage\":{\"@id\":\"https:\/\/www.visiterarles.com\/en\/blog\/2015\/06\/13\/arles-les-alyscs-choisir-votre-location-de-vtt-pour-decouvrir-les-monuments-historiques-avec-velo-taco-1419\/\"},\"wordCount\":214,\"commentCount\":0,\"publisher\":{\"@id\":\"https:\/\/www.visiterarles.com\/en\/#organization\"},\"articleSection\":[\"Informations\"],\"inLanguage\":\"en-GB\",\"potentialAction\":[{\"@type\":\"CommentAction\",\"name\":\"Comment\",\"target\":[\"https:\/\/www.visiterarles.com\/en\/blog\/2015\/06\/13\/arles-les-alyscs-choisir-votre-location-de-vtt-pour-decouvrir-les-monuments-historiques-avec-velo-taco-1419\/#respond\"]}]},{\"@type\":\"WebPage\",\"@id\":\"https:\/\/www.visiterarles.com\/en\/blog\/2015\/06\/13\/arles-les-alyscs-choisir-votre-location-de-vtt-pour-decouvrir-les-monuments-historiques-avec-velo-taco-1419\/\",\"url\":\"https:\/\/www.visiterarles.com\/en\/blog\/2015\/06\/13\/arles-les-alyscs-choisir-votre-location-de-vtt-pour-decouvrir-les-monuments-historiques-avec-velo-taco-1419\/\",\"name\":\"Arles les Alyscamps : choisir votre location de vtt pour d\u00e9couvrir les monuments historiques avec V\u00e9lo-Taco - Visiter Arles\",\"isPartOf\":{\"@id\":\"https:\/\/www.visiterarles.com\/en\/#website\"},\"datePublished\":\"2015-06-13T08:21:00+00:00\",\"dateModified\":\"2015-06-13T08:21:00+00:00\",\"breadcrumb\":{\"@id\":\"https:\/\/www.visiterarles.com\/en\/blog\/2015\/06\/13\/arles-les-alyscs-choisir-votre-location-de-vtt-pour-decouvrir-les-monuments-historiques-avec-velo-taco-1419\/#breadcrumb\"},\"inLanguage\":\"en-GB\",\"potentialAction\":[{\"@type\":\"ReadAction\",\"target\":[\"https:\/\/www.visiterarles.com\/en\/blog\/2015\/06\/13\/arles-les-alyscs-choisir-votre-location-de-vtt-pour-decouvrir-les-monuments-historiques-avec-velo-taco-1419\/\"]}]},{\"@type\":\"BreadcrumbList\",\"@id\":\"https:\/\/www.visiterarles.com\/en\/blog\/2015\/06\/13\/arles-les-alyscs-choisir-votre-location-de-vtt-pour-decouvrir-les-monuments-historiques-avec-velo-taco-1419\/#breadcrumb\",\"itemListElement\":[{\"@type\":\"ListItem\",\"position\":1,\"name\":\"Home\",\"item\":\"https:\/\/www.visiterarles.com\/\"},{\"@type\":\"ListItem\",\"position\":2,\"name\":\"Arles les Alyscamps : choisir votre location de vtt pour d\u00e9couvrir les monuments historiques avec V\u00e9lo-Taco\"}]},{\"@type\":\"WebSite\",\"@id\":\"https:\/\/www.visiterarles.com\/en\/#website\",\"url\":\"https:\/\/www.visiterarles.com\/en\/\",\"name\":\"Visiter Arles\",\"description\":\"Tourisme en Provence \u00e0 Arles\",\"publisher\":{\"@id\":\"https:\/\/www.visiterarles.com\/en\/#organization\"},\"potentialAction\":[{\"@type\":\"SearchAction\",\"target\":{\"@type\":\"EntryPoint\",\"urlTemplate\":\"https:\/\/www.visiterarles.com\/en\/?s={search_term_string}\"},\"query-input\":\"required name=search_term_string\"}],\"inLanguage\":\"en-GB\"},{\"@type\":\"Organization\",\"@id\":\"https:\/\/www.visiterarles.com\/en\/#organization\",\"name\":\"Visiter Arles\",\"url\":\"https:\/\/www.visiterarles.com\/en\/\",\"logo\":{\"@type\":\"ImageObject\",\"inLanguage\":\"en-GB\",\"@id\":\"https:\/\/www.visiterarles.com\/en\/#\/schema\/logo\/image\/\",\"url\":\"https:\/\/www.visiterarles.com\/wp-content\/uploads\/2017\/10\/taco-and-co-1-1.jpg\",\"contentUrl\":\"https:\/\/www.visiterarles.com\/wp-content\/uploads\/2017\/10\/taco-and-co-1-1.jpg\",\"width\":124,\"height\":73,\"caption\":\"Visiter Arles\"},\"image\":{\"@id\":\"https:\/\/www.visiterarles.com\/en\/#\/schema\/logo\/image\/\"}},{\"@type\":\"Person\",\"@id\":\"https:\/\/www.visiterarles.com\/en\/#\/schema\/person\/ba5912e4613018f479a2d86815a53576\",\"name\":\"Linkadm\",\"image\":{\"@type\":\"ImageObject\",\"inLanguage\":\"en-GB\",\"@id\":\"https:\/\/www.visiterarles.com\/en\/#\/schema\/person\/image\/\",\"url\":\"https:\/\/secure.gravatar.com\/avatar\/4709ec209921503e8d8cc96168eddc49?s=96&d=mm&r=g\",\"contentUrl\":\"https:\/\/secure.gravatar.com\/avatar\/4709ec209921503e8d8cc96168eddc49?s=96&d=mm&r=g\",\"caption\":\"Linkadm\"},\"url\":\"https:\/\/www.visiterarles.com\/en\/blog\/author\/admin\/\"}]}<\/script>\n<!-- \/ Yoast SEO plugin. -->","yoast_head_json":{"title":"Arles les Alyscamps : choisir votre location de vtt pour d\u00e9couvrir les monuments historiques avec V\u00e9lo-Taco - Visiter Arles","robots":{"index":"index","follow":"follow","max-snippet":"max-snippet:-1","max-image-preview":"max-image-preview:large","max-video-preview":"max-video-preview:-1"},"canonical":"https:\/\/www.visiterarles.com\/en\/blog\/2015\/06\/13\/arles-les-alyscs-choisir-votre-location-de-vtt-pour-decouvrir-les-monuments-historiques-avec-velo-taco-1419\/","twitter_misc":{"Written by":"Linkadm","Estimated reading time":"1 minute"},"schema":{"@context":"https:\/\/schema.org","@graph":[{"@type":"Article","@id":"https:\/\/www.visiterarles.com\/en\/blog\/2015\/06\/13\/arles-les-alyscs-choisir-votre-location-de-vtt-pour-decouvrir-les-monuments-historiques-avec-velo-taco-1419\/#article","isPartOf":{"@id":"https:\/\/www.visiterarles.com\/en\/blog\/2015\/06\/13\/arles-les-alyscs-choisir-votre-location-de-vtt-pour-decouvrir-les-monuments-historiques-avec-velo-taco-1419\/"},"author":{"name":"Linkadm","@id":"https:\/\/www.visiterarles.com\/en\/#\/schema\/person\/ba5912e4613018f479a2d86815a53576"},"headline":"Arles les Alyscamps : choisir votre location de vtt pour d\u00e9couvrir les monuments historiques avec V\u00e9lo-Taco","datePublished":"2015-06-13T08:21:00+00:00","dateModified":"2015-06-13T08:21:00+00:00","mainEntityOfPage":{"@id":"https:\/\/www.visiterarles.com\/en\/blog\/2015\/06\/13\/arles-les-alyscs-choisir-votre-location-de-vtt-pour-decouvrir-les-monuments-historiques-avec-velo-taco-1419\/"},"wordCount":214,"commentCount":0,"publisher":{"@id":"https:\/\/www.visiterarles.com\/en\/#organization"},"articleSection":["Informations"],"inLanguage":"en-GB","potentialAction":[{"@type":"CommentAction","name":"Comment","target":["https:\/\/www.visiterarles.com\/en\/blog\/2015\/06\/13\/arles-les-alyscs-choisir-votre-location-de-vtt-pour-decouvrir-les-monuments-historiques-avec-velo-taco-1419\/#respond"]}]},{"@type":"WebPage","@id":"https:\/\/www.visiterarles.com\/en\/blog\/2015\/06\/13\/arles-les-alyscs-choisir-votre-location-de-vtt-pour-decouvrir-les-monuments-historiques-avec-velo-taco-1419\/","url":"https:\/\/www.visiterarles.com\/en\/blog\/2015\/06\/13\/arles-les-alyscs-choisir-votre-location-de-vtt-pour-decouvrir-les-monuments-historiques-avec-velo-taco-1419\/","name":"Arles les Alyscamps : choisir votre location de vtt pour d\u00e9couvrir les monuments historiques avec V\u00e9lo-Taco - Visiter Arles","isPartOf":{"@id":"https:\/\/www.visiterarles.com\/en\/#website"},"datePublished":"2015-06-13T08:21:00+00:00","dateModified":"2015-06-13T08:21:00+00:00","breadcrumb":{"@id":"https:\/\/www.visiterarles.com\/en\/blog\/2015\/06\/13\/arles-les-alyscs-choisir-votre-location-de-vtt-pour-decouvrir-les-monuments-historiques-avec-velo-taco-1419\/#breadcrumb"},"inLanguage":"en-GB","potentialAction":[{"@type":"ReadAction","target":["https:\/\/www.visiterarles.com\/en\/blog\/2015\/06\/13\/arles-les-alyscs-choisir-votre-location-de-vtt-pour-decouvrir-les-monuments-historiques-avec-velo-taco-1419\/"]}]},{"@type":"BreadcrumbList","@id":"https:\/\/www.visiterarles.com\/en\/blog\/2015\/06\/13\/arles-les-alyscs-choisir-votre-location-de-vtt-pour-decouvrir-les-monuments-historiques-avec-velo-taco-1419\/#breadcrumb","itemListElement":[{"@type":"ListItem","position":1,"name":"Home","item":"https:\/\/www.visiterarles.com\/"},{"@type":"ListItem","position":2,"name":"Arles les Alyscamps : choisir votre location de vtt pour d\u00e9couvrir les monuments historiques avec V\u00e9lo-Taco"}]},{"@type":"WebSite","@id":"https:\/\/www.visiterarles.com\/en\/#website","url":"https:\/\/www.visiterarles.com\/en\/","name":"Visiter Arles","description":"Tourisme en Provence \u00e0 Arles","publisher":{"@id":"https:\/\/www.visiterarles.com\/en\/#organization"},"potentialAction":[{"@type":"SearchAction","target":{"@type":"EntryPoint","urlTemplate":"https:\/\/www.visiterarles.com\/en\/?s={search_term_string}"},"query-input":"required name=search_term_string"}],"inLanguage":"en-GB"},{"@type":"Organization","@id":"https:\/\/www.visiterarles.com\/en\/#organization","name":"Visiter Arles","url":"https:\/\/www.visiterarles.com\/en\/","logo":{"@type":"ImageObject","inLanguage":"en-GB","@id":"https:\/\/www.visiterarles.com\/en\/#\/schema\/logo\/image\/","url":"https:\/\/www.visiterarles.com\/wp-content\/uploads\/2017\/10\/taco-and-co-1-1.jpg","contentUrl":"https:\/\/www.visiterarles.com\/wp-content\/uploads\/2017\/10\/taco-and-co-1-1.jpg","width":124,"height":73,"caption":"Visiter Arles"},"image":{"@id":"https:\/\/www.visiterarles.com\/en\/#\/schema\/logo\/image\/"}},{"@type":"Person","@id":"https:\/\/www.visiterarles.com\/en\/#\/schema\/person\/ba5912e4613018f479a2d86815a53576","name":"Linkadm","image":{"@type":"ImageObject","inLanguage":"en-GB","@id":"https:\/\/www.visiterarles.com\/en\/#\/schema\/person\/image\/","url":"https:\/\/secure.gravatar.com\/avatar\/4709ec209921503e8d8cc96168eddc49?s=96&d=mm&r=g","contentUrl":"https:\/\/secure.gravatar.com\/avatar\/4709ec209921503e8d8cc96168eddc49?s=96&d=mm&r=g","caption":"Linkadm"},"url":"https:\/\/www.visiterarles.com\/en\/blog\/author\/admin\/"}]}},"_links":{"self":[{"href":"https:\/\/www.visiterarles.com\/en\/wp-json\/wp\/v2\/posts\/28587"}],"collection":[{"href":"https:\/\/www.visiterarles.com\/en\/wp-json\/wp\/v2\/posts"}],"about":[{"href":"https:\/\/www.visiterarles.com\/en\/wp-json\/wp\/v2\/types\/post"}],"author":[{"embeddable":true,"href":"https:\/\/www.visiterarles.com\/en\/wp-json\/wp\/v2\/users\/1"}],"replies":[{"embeddable":true,"href":"https:\/\/www.visiterarles.com\/en\/wp-json\/wp\/v2\/comments?post=28587"}],"version-history":[{"count":0,"href":"https:\/\/www.visiterarles.com\/en\/wp-json\/wp\/v2\/posts\/28587\/revisions"}],"wp:attachment":[{"href":"https:\/\/www.visiterarles.com\/en\/wp-json\/wp\/v2\/media?parent=28587"}],"wp:term":[{"taxonomy":"category","embeddable":true,"href":"https:\/\/www.visiterarles.com\/en\/wp-json\/wp\/v2\/categories?post=28587"},{"taxonomy":"post_tag","embeddable":true,"href":"https:\/\/www.visiterarles.com\/en\/wp-json\/wp\/v2\/tags?post=28587"}],"curies":[{"name":"wp","href":"https:\/\/api.w.org\/{rel}","templated":true}]}}