{"id":28602,"date":"2015-06-19T17:18:00","date_gmt":"2015-06-19T17:18:00","guid":{"rendered":"http:\/\/www.visiterarles.com\/bon-plan-pour-sortir-arles-la-location-de-vtt-486\/"},"modified":"2015-06-19T17:18:00","modified_gmt":"2015-06-19T17:18:00","slug":"bon-plan-pour-sortir-arles-la-location-de-vtt-486","status":"publish","type":"post","link":"https:\/\/www.visiterarles.com\/en\/blog\/2015\/06\/19\/bon-plan-pour-sortir-arles-la-location-de-vtt-486\/","title":{"rendered":"Bon plan pour sortir Arles : la location de vtt"},"content":{"rendered":"<h4>Pour sortir dans Arles : o\u00f9 d\u00e9goter un contact fiable qui pr\u00e9sente une location de vtt<\/h4>\n<p>Les hauts lieux poussent \u00e0 tous les coins de rue, ainsi, une location de vtt pour sortir Arles vous permettra de profiter pleinement des anciens ateliers sncf, du marais du vigueirat o\u00f9 de l&rsquo;\u00e9glise saint blaise. Taco and co, pour permettre de profiter pleinement de l&rsquo;existence, ne manquera pas de vous r\u00e9v\u00e9ler, avec le sentiment d&rsquo;\u0153uvrer de mani\u00e8re \u00e9co-responsable, la vie culturelle riche de cette ville exceptionnelle, par le biais d\u2019une location de vtt pour sortir Arles.<\/p>\n<h4>Pourquoi choisir notre location de vtt pour sortir au sein d&rsquo;Arles :<\/h4>\n<p>D\u00e9couvrir le ravissant capital de la commune via la location de vtt pour sortir sur Arles peut \u00eatre une alternative cl\u00e9s en main adapt\u00e9e pour toute personne qui le d\u00e9sire. Dans cette structure, une fois arriv\u00e9 \u00e0 la gare d&rsquo;Arles, vous pourrez r\u00e9clamer notre location de vtt. Pour les passionn\u00e9s, notre <a href=\"http:\/\/www.visiterarles.com\/en\/arles-location-de-vtt-pour-sortir-1628\/\">location de vtt sur Arles<\/a>, pour sortir plaira aux aspirations de tous le monde, c\u2019est s\u00fbr.<\/p>","protected":false},"excerpt":{"rendered":"<p>Pour sortir dans Arles : o\u00f9 d\u00e9goter un contact fiable qui pr\u00e9sente une location de vtt Les hauts lieux poussent \u00e0 tous les coins de rue, ainsi, une location de vtt pour sortir Arles vous permettra de profiter pleinement des anciens ateliers sncf, du marais du vigueirat o\u00f9 de l&rsquo;\u00e9glise saint blaise. Taco and co, [&hellip;]<\/p>","protected":false},"author":1,"featured_media":0,"comment_status":"open","ping_status":"open","sticky":false,"template":"","format":"standard","meta":{"footnotes":""},"categories":[55],"tags":[],"aioseo_notices":[],"yoast_head":"<!-- This site is optimized with the Yoast SEO plugin v22.3 - https:\/\/yoast.com\/wordpress\/plugins\/seo\/ -->\n<title>Bon plan pour sortir Arles : la location de vtt - Visiter Arles<\/title>\n<meta name=\"robots\" content=\"index, follow, max-snippet:-1, max-image-preview:large, max-video-preview:-1\" \/>\n<link rel=\"canonical\" href=\"https:\/\/www.visiterarles.com\/en\/blog\/2015\/06\/19\/bon-plan-pour-sortir-arles-la-location-de-vtt-486\/\" \/>\n<meta name=\"twitter:label1\" content=\"Written by\" \/>\n\t<meta name=\"twitter:data1\" content=\"Linkadm\" \/>\n\t<meta name=\"twitter:label2\" content=\"Estimated reading time\" \/>\n\t<meta name=\"twitter:data2\" content=\"1 minute\" \/>\n<script type=\"application\/ld+json\" class=\"yoast-schema-graph\">{\"@context\":\"https:\/\/schema.org\",\"@graph\":[{\"@type\":\"Article\",\"@id\":\"https:\/\/www.visiterarles.com\/en\/blog\/2015\/06\/19\/bon-plan-pour-sortir-arles-la-location-de-vtt-486\/#article\",\"isPartOf\":{\"@id\":\"https:\/\/www.visiterarles.com\/en\/blog\/2015\/06\/19\/bon-plan-pour-sortir-arles-la-location-de-vtt-486\/\"},\"author\":{\"name\":\"Linkadm\",\"@id\":\"https:\/\/www.visiterarles.com\/en\/#\/schema\/person\/ba5912e4613018f479a2d86815a53576\"},\"headline\":\"Bon plan pour sortir Arles : la location de vtt\",\"datePublished\":\"2015-06-19T17:18:00+00:00\",\"dateModified\":\"2015-06-19T17:18:00+00:00\",\"mainEntityOfPage\":{\"@id\":\"https:\/\/www.visiterarles.com\/en\/blog\/2015\/06\/19\/bon-plan-pour-sortir-arles-la-location-de-vtt-486\/\"},\"wordCount\":196,\"commentCount\":0,\"publisher\":{\"@id\":\"https:\/\/www.visiterarles.com\/en\/#organization\"},\"articleSection\":[\"Informations\"],\"inLanguage\":\"en-GB\",\"potentialAction\":[{\"@type\":\"CommentAction\",\"name\":\"Comment\",\"target\":[\"https:\/\/www.visiterarles.com\/en\/blog\/2015\/06\/19\/bon-plan-pour-sortir-arles-la-location-de-vtt-486\/#respond\"]}]},{\"@type\":\"WebPage\",\"@id\":\"https:\/\/www.visiterarles.com\/en\/blog\/2015\/06\/19\/bon-plan-pour-sortir-arles-la-location-de-vtt-486\/\",\"url\":\"https:\/\/www.visiterarles.com\/en\/blog\/2015\/06\/19\/bon-plan-pour-sortir-arles-la-location-de-vtt-486\/\",\"name\":\"Bon plan pour sortir Arles : la location de vtt - Visiter Arles\",\"isPartOf\":{\"@id\":\"https:\/\/www.visiterarles.com\/en\/#website\"},\"datePublished\":\"2015-06-19T17:18:00+00:00\",\"dateModified\":\"2015-06-19T17:18:00+00:00\",\"breadcrumb\":{\"@id\":\"https:\/\/www.visiterarles.com\/en\/blog\/2015\/06\/19\/bon-plan-pour-sortir-arles-la-location-de-vtt-486\/#breadcrumb\"},\"inLanguage\":\"en-GB\",\"potentialAction\":[{\"@type\":\"ReadAction\",\"target\":[\"https:\/\/www.visiterarles.com\/en\/blog\/2015\/06\/19\/bon-plan-pour-sortir-arles-la-location-de-vtt-486\/\"]}]},{\"@type\":\"BreadcrumbList\",\"@id\":\"https:\/\/www.visiterarles.com\/en\/blog\/2015\/06\/19\/bon-plan-pour-sortir-arles-la-location-de-vtt-486\/#breadcrumb\",\"itemListElement\":[{\"@type\":\"ListItem\",\"position\":1,\"name\":\"Home\",\"item\":\"https:\/\/www.visiterarles.com\/\"},{\"@type\":\"ListItem\",\"position\":2,\"name\":\"Bon plan pour sortir Arles : la location de vtt\"}]},{\"@type\":\"WebSite\",\"@id\":\"https:\/\/www.visiterarles.com\/en\/#website\",\"url\":\"https:\/\/www.visiterarles.com\/en\/\",\"name\":\"Visiter Arles\",\"description\":\"Tourisme en Provence \u00e0 Arles\",\"publisher\":{\"@id\":\"https:\/\/www.visiterarles.com\/en\/#organization\"},\"potentialAction\":[{\"@type\":\"SearchAction\",\"target\":{\"@type\":\"EntryPoint\",\"urlTemplate\":\"https:\/\/www.visiterarles.com\/en\/?s={search_term_string}\"},\"query-input\":\"required name=search_term_string\"}],\"inLanguage\":\"en-GB\"},{\"@type\":\"Organization\",\"@id\":\"https:\/\/www.visiterarles.com\/en\/#organization\",\"name\":\"Visiter Arles\",\"url\":\"https:\/\/www.visiterarles.com\/en\/\",\"logo\":{\"@type\":\"ImageObject\",\"inLanguage\":\"en-GB\",\"@id\":\"https:\/\/www.visiterarles.com\/en\/#\/schema\/logo\/image\/\",\"url\":\"https:\/\/www.visiterarles.com\/wp-content\/uploads\/2017\/10\/taco-and-co-1-1.jpg\",\"contentUrl\":\"https:\/\/www.visiterarles.com\/wp-content\/uploads\/2017\/10\/taco-and-co-1-1.jpg\",\"width\":124,\"height\":73,\"caption\":\"Visiter Arles\"},\"image\":{\"@id\":\"https:\/\/www.visiterarles.com\/en\/#\/schema\/logo\/image\/\"}},{\"@type\":\"Person\",\"@id\":\"https:\/\/www.visiterarles.com\/en\/#\/schema\/person\/ba5912e4613018f479a2d86815a53576\",\"name\":\"Linkadm\",\"image\":{\"@type\":\"ImageObject\",\"inLanguage\":\"en-GB\",\"@id\":\"https:\/\/www.visiterarles.com\/en\/#\/schema\/person\/image\/\",\"url\":\"https:\/\/secure.gravatar.com\/avatar\/4709ec209921503e8d8cc96168eddc49?s=96&d=mm&r=g\",\"contentUrl\":\"https:\/\/secure.gravatar.com\/avatar\/4709ec209921503e8d8cc96168eddc49?s=96&d=mm&r=g\",\"caption\":\"Linkadm\"},\"url\":\"https:\/\/www.visiterarles.com\/en\/blog\/author\/admin\/\"}]}<\/script>\n<!-- \/ Yoast SEO plugin. -->","yoast_head_json":{"title":"Bon plan pour sortir Arles : la location de vtt - Visiter Arles","robots":{"index":"index","follow":"follow","max-snippet":"max-snippet:-1","max-image-preview":"max-image-preview:large","max-video-preview":"max-video-preview:-1"},"canonical":"https:\/\/www.visiterarles.com\/en\/blog\/2015\/06\/19\/bon-plan-pour-sortir-arles-la-location-de-vtt-486\/","twitter_misc":{"Written by":"Linkadm","Estimated reading time":"1 minute"},"schema":{"@context":"https:\/\/schema.org","@graph":[{"@type":"Article","@id":"https:\/\/www.visiterarles.com\/en\/blog\/2015\/06\/19\/bon-plan-pour-sortir-arles-la-location-de-vtt-486\/#article","isPartOf":{"@id":"https:\/\/www.visiterarles.com\/en\/blog\/2015\/06\/19\/bon-plan-pour-sortir-arles-la-location-de-vtt-486\/"},"author":{"name":"Linkadm","@id":"https:\/\/www.visiterarles.com\/en\/#\/schema\/person\/ba5912e4613018f479a2d86815a53576"},"headline":"Bon plan pour sortir Arles : la location de vtt","datePublished":"2015-06-19T17:18:00+00:00","dateModified":"2015-06-19T17:18:00+00:00","mainEntityOfPage":{"@id":"https:\/\/www.visiterarles.com\/en\/blog\/2015\/06\/19\/bon-plan-pour-sortir-arles-la-location-de-vtt-486\/"},"wordCount":196,"commentCount":0,"publisher":{"@id":"https:\/\/www.visiterarles.com\/en\/#organization"},"articleSection":["Informations"],"inLanguage":"en-GB","potentialAction":[{"@type":"CommentAction","name":"Comment","target":["https:\/\/www.visiterarles.com\/en\/blog\/2015\/06\/19\/bon-plan-pour-sortir-arles-la-location-de-vtt-486\/#respond"]}]},{"@type":"WebPage","@id":"https:\/\/www.visiterarles.com\/en\/blog\/2015\/06\/19\/bon-plan-pour-sortir-arles-la-location-de-vtt-486\/","url":"https:\/\/www.visiterarles.com\/en\/blog\/2015\/06\/19\/bon-plan-pour-sortir-arles-la-location-de-vtt-486\/","name":"Bon plan pour sortir Arles : la location de vtt - Visiter Arles","isPartOf":{"@id":"https:\/\/www.visiterarles.com\/en\/#website"},"datePublished":"2015-06-19T17:18:00+00:00","dateModified":"2015-06-19T17:18:00+00:00","breadcrumb":{"@id":"https:\/\/www.visiterarles.com\/en\/blog\/2015\/06\/19\/bon-plan-pour-sortir-arles-la-location-de-vtt-486\/#breadcrumb"},"inLanguage":"en-GB","potentialAction":[{"@type":"ReadAction","target":["https:\/\/www.visiterarles.com\/en\/blog\/2015\/06\/19\/bon-plan-pour-sortir-arles-la-location-de-vtt-486\/"]}]},{"@type":"BreadcrumbList","@id":"https:\/\/www.visiterarles.com\/en\/blog\/2015\/06\/19\/bon-plan-pour-sortir-arles-la-location-de-vtt-486\/#breadcrumb","itemListElement":[{"@type":"ListItem","position":1,"name":"Home","item":"https:\/\/www.visiterarles.com\/"},{"@type":"ListItem","position":2,"name":"Bon plan pour sortir Arles : la location de vtt"}]},{"@type":"WebSite","@id":"https:\/\/www.visiterarles.com\/en\/#website","url":"https:\/\/www.visiterarles.com\/en\/","name":"Visiter Arles","description":"Tourisme en Provence \u00e0 Arles","publisher":{"@id":"https:\/\/www.visiterarles.com\/en\/#organization"},"potentialAction":[{"@type":"SearchAction","target":{"@type":"EntryPoint","urlTemplate":"https:\/\/www.visiterarles.com\/en\/?s={search_term_string}"},"query-input":"required name=search_term_string"}],"inLanguage":"en-GB"},{"@type":"Organization","@id":"https:\/\/www.visiterarles.com\/en\/#organization","name":"Visiter Arles","url":"https:\/\/www.visiterarles.com\/en\/","logo":{"@type":"ImageObject","inLanguage":"en-GB","@id":"https:\/\/www.visiterarles.com\/en\/#\/schema\/logo\/image\/","url":"https:\/\/www.visiterarles.com\/wp-content\/uploads\/2017\/10\/taco-and-co-1-1.jpg","contentUrl":"https:\/\/www.visiterarles.com\/wp-content\/uploads\/2017\/10\/taco-and-co-1-1.jpg","width":124,"height":73,"caption":"Visiter Arles"},"image":{"@id":"https:\/\/www.visiterarles.com\/en\/#\/schema\/logo\/image\/"}},{"@type":"Person","@id":"https:\/\/www.visiterarles.com\/en\/#\/schema\/person\/ba5912e4613018f479a2d86815a53576","name":"Linkadm","image":{"@type":"ImageObject","inLanguage":"en-GB","@id":"https:\/\/www.visiterarles.com\/en\/#\/schema\/person\/image\/","url":"https:\/\/secure.gravatar.com\/avatar\/4709ec209921503e8d8cc96168eddc49?s=96&d=mm&r=g","contentUrl":"https:\/\/secure.gravatar.com\/avatar\/4709ec209921503e8d8cc96168eddc49?s=96&d=mm&r=g","caption":"Linkadm"},"url":"https:\/\/www.visiterarles.com\/en\/blog\/author\/admin\/"}]}},"_links":{"self":[{"href":"https:\/\/www.visiterarles.com\/en\/wp-json\/wp\/v2\/posts\/28602"}],"collection":[{"href":"https:\/\/www.visiterarles.com\/en\/wp-json\/wp\/v2\/posts"}],"about":[{"href":"https:\/\/www.visiterarles.com\/en\/wp-json\/wp\/v2\/types\/post"}],"author":[{"embeddable":true,"href":"https:\/\/www.visiterarles.com\/en\/wp-json\/wp\/v2\/users\/1"}],"replies":[{"embeddable":true,"href":"https:\/\/www.visiterarles.com\/en\/wp-json\/wp\/v2\/comments?post=28602"}],"version-history":[{"count":0,"href":"https:\/\/www.visiterarles.com\/en\/wp-json\/wp\/v2\/posts\/28602\/revisions"}],"wp:attachment":[{"href":"https:\/\/www.visiterarles.com\/en\/wp-json\/wp\/v2\/media?parent=28602"}],"wp:term":[{"taxonomy":"category","embeddable":true,"href":"https:\/\/www.visiterarles.com\/en\/wp-json\/wp\/v2\/categories?post=28602"},{"taxonomy":"post_tag","embeddable":true,"href":"https:\/\/www.visiterarles.com\/en\/wp-json\/wp\/v2\/tags?post=28602"}],"curies":[{"name":"wp","href":"https:\/\/api.w.org\/{rel}","templated":true}]}}