{"id":28603,"date":"2015-06-20T18:02:00","date_gmt":"2015-06-20T18:02:00","guid":{"rendered":"http:\/\/www.visiterarles.com\/bon-plan-la-location-de-vtt-pour-sortir-sur-arles-quartier-des-arenes-1951\/"},"modified":"2015-06-20T18:02:00","modified_gmt":"2015-06-20T18:02:00","slug":"bon-plan-la-location-de-vtt-pour-sortir-sur-arles-quartier-des-arenes-1951","status":"publish","type":"post","link":"https:\/\/www.visiterarles.com\/en\/blog\/2015\/06\/20\/bon-plan-la-location-de-vtt-pour-sortir-sur-arles-quartier-des-arenes-1951\/","title":{"rendered":"Bon plan : la location de vtt pour sortir sur Arles quartier des ar\u00e8nes"},"content":{"rendered":"<h4>Votre location de vtt, pour sortir dans Arles quartier des ar\u00e8nes avec V\u00e9lo Taco<\/h4>\n<p>Les tours de la cavalerie, le village de salins o\u00f9 le march\u00e9 de provence, par le biais de notre location de vtt pour sortir sur Arles quartier des ar\u00e8nes, sont des monuments que vous ne manquerez pas au sein de cette exceptionnelle commune splendide. V\u00e9lo-Taco, pour vous aider \u00e0 jouir totalement de la vie, va tout faire pour vous pr\u00e9senter, avec la sensation d&rsquo;oeuvrer d&rsquo;une mani\u00e8re \u00e9co-responsable, le meilleur de la vie culturelle dans cette cit\u00e9 exceptionnelle, par le biais d&rsquo;une location de vtt pour sortir sur Arles quartier des ar\u00e8nes.<\/p>\n<h4>Arles : trouver la location de vtt pour sortir, qu&rsquo;il vous faut<\/h4>\n<p>D\u00e8s lors qu&rsquo;on a envie de d\u00e9couvrir le somptueux patrimoine de la ville, notre location de vtt pour sortir \u00e0 Arles, pour ne citer que cela, s&rsquo;av\u00e8re \u00eatre id\u00e9ale. Une fois arriv\u00e9 en gare d\u2019Arles, vous pourrez demander une location de vtt dans la gare sncf. Les clients de tous horizons adoreront une <a href=\"http:\/\/www.visiterarles.com\/en\/arles-location-de-vtt-pour-sortir-1628\/\">location de vtt sur Arles<\/a>, pour sortir leur convenant incontestablement.<\/p>","protected":false},"excerpt":{"rendered":"<p>Votre location de vtt, pour sortir dans Arles quartier des ar\u00e8nes avec V\u00e9lo Taco Les tours de la cavalerie, le village de salins o\u00f9 le march\u00e9 de provence, par le biais de notre location de vtt pour sortir sur Arles quartier des ar\u00e8nes, sont des monuments que vous ne manquerez pas au sein de cette [&hellip;]<\/p>","protected":false},"author":1,"featured_media":0,"comment_status":"open","ping_status":"open","sticky":false,"template":"","format":"standard","meta":{"footnotes":""},"categories":[55],"tags":[],"aioseo_notices":[],"yoast_head":"<!-- This site is optimized with the Yoast SEO plugin v22.3 - https:\/\/yoast.com\/wordpress\/plugins\/seo\/ -->\n<title>Bon plan : la location de vtt pour sortir sur Arles quartier des ar\u00e8nes - Visiter Arles<\/title>\n<meta name=\"robots\" content=\"index, follow, max-snippet:-1, max-image-preview:large, max-video-preview:-1\" \/>\n<link rel=\"canonical\" href=\"https:\/\/www.visiterarles.com\/en\/blog\/2015\/06\/20\/bon-plan-la-location-de-vtt-pour-sortir-sur-arles-quartier-des-arenes-1951\/\" \/>\n<meta name=\"twitter:label1\" content=\"Written by\" \/>\n\t<meta name=\"twitter:data1\" content=\"Linkadm\" \/>\n\t<meta name=\"twitter:label2\" content=\"Estimated reading time\" \/>\n\t<meta name=\"twitter:data2\" content=\"1 minute\" \/>\n<script type=\"application\/ld+json\" class=\"yoast-schema-graph\">{\"@context\":\"https:\/\/schema.org\",\"@graph\":[{\"@type\":\"Article\",\"@id\":\"https:\/\/www.visiterarles.com\/en\/blog\/2015\/06\/20\/bon-plan-la-location-de-vtt-pour-sortir-sur-arles-quartier-des-arenes-1951\/#article\",\"isPartOf\":{\"@id\":\"https:\/\/www.visiterarles.com\/en\/blog\/2015\/06\/20\/bon-plan-la-location-de-vtt-pour-sortir-sur-arles-quartier-des-arenes-1951\/\"},\"author\":{\"name\":\"Linkadm\",\"@id\":\"https:\/\/www.visiterarles.com\/en\/#\/schema\/person\/ba5912e4613018f479a2d86815a53576\"},\"headline\":\"Bon plan : la location de vtt pour sortir sur Arles quartier des ar\u00e8nes\",\"datePublished\":\"2015-06-20T18:02:00+00:00\",\"dateModified\":\"2015-06-20T18:02:00+00:00\",\"mainEntityOfPage\":{\"@id\":\"https:\/\/www.visiterarles.com\/en\/blog\/2015\/06\/20\/bon-plan-la-location-de-vtt-pour-sortir-sur-arles-quartier-des-arenes-1951\/\"},\"wordCount\":209,\"commentCount\":0,\"publisher\":{\"@id\":\"https:\/\/www.visiterarles.com\/en\/#organization\"},\"articleSection\":[\"Informations\"],\"inLanguage\":\"en-GB\",\"potentialAction\":[{\"@type\":\"CommentAction\",\"name\":\"Comment\",\"target\":[\"https:\/\/www.visiterarles.com\/en\/blog\/2015\/06\/20\/bon-plan-la-location-de-vtt-pour-sortir-sur-arles-quartier-des-arenes-1951\/#respond\"]}]},{\"@type\":\"WebPage\",\"@id\":\"https:\/\/www.visiterarles.com\/en\/blog\/2015\/06\/20\/bon-plan-la-location-de-vtt-pour-sortir-sur-arles-quartier-des-arenes-1951\/\",\"url\":\"https:\/\/www.visiterarles.com\/en\/blog\/2015\/06\/20\/bon-plan-la-location-de-vtt-pour-sortir-sur-arles-quartier-des-arenes-1951\/\",\"name\":\"Bon plan : la location de vtt pour sortir sur Arles quartier des ar\u00e8nes - Visiter Arles\",\"isPartOf\":{\"@id\":\"https:\/\/www.visiterarles.com\/en\/#website\"},\"datePublished\":\"2015-06-20T18:02:00+00:00\",\"dateModified\":\"2015-06-20T18:02:00+00:00\",\"breadcrumb\":{\"@id\":\"https:\/\/www.visiterarles.com\/en\/blog\/2015\/06\/20\/bon-plan-la-location-de-vtt-pour-sortir-sur-arles-quartier-des-arenes-1951\/#breadcrumb\"},\"inLanguage\":\"en-GB\",\"potentialAction\":[{\"@type\":\"ReadAction\",\"target\":[\"https:\/\/www.visiterarles.com\/en\/blog\/2015\/06\/20\/bon-plan-la-location-de-vtt-pour-sortir-sur-arles-quartier-des-arenes-1951\/\"]}]},{\"@type\":\"BreadcrumbList\",\"@id\":\"https:\/\/www.visiterarles.com\/en\/blog\/2015\/06\/20\/bon-plan-la-location-de-vtt-pour-sortir-sur-arles-quartier-des-arenes-1951\/#breadcrumb\",\"itemListElement\":[{\"@type\":\"ListItem\",\"position\":1,\"name\":\"Home\",\"item\":\"https:\/\/www.visiterarles.com\/\"},{\"@type\":\"ListItem\",\"position\":2,\"name\":\"Bon plan : la location de vtt pour sortir sur Arles quartier des ar\u00e8nes\"}]},{\"@type\":\"WebSite\",\"@id\":\"https:\/\/www.visiterarles.com\/en\/#website\",\"url\":\"https:\/\/www.visiterarles.com\/en\/\",\"name\":\"Visiter Arles\",\"description\":\"Tourisme en Provence \u00e0 Arles\",\"publisher\":{\"@id\":\"https:\/\/www.visiterarles.com\/en\/#organization\"},\"potentialAction\":[{\"@type\":\"SearchAction\",\"target\":{\"@type\":\"EntryPoint\",\"urlTemplate\":\"https:\/\/www.visiterarles.com\/en\/?s={search_term_string}\"},\"query-input\":\"required name=search_term_string\"}],\"inLanguage\":\"en-GB\"},{\"@type\":\"Organization\",\"@id\":\"https:\/\/www.visiterarles.com\/en\/#organization\",\"name\":\"Visiter Arles\",\"url\":\"https:\/\/www.visiterarles.com\/en\/\",\"logo\":{\"@type\":\"ImageObject\",\"inLanguage\":\"en-GB\",\"@id\":\"https:\/\/www.visiterarles.com\/en\/#\/schema\/logo\/image\/\",\"url\":\"https:\/\/www.visiterarles.com\/wp-content\/uploads\/2017\/10\/taco-and-co-1-1.jpg\",\"contentUrl\":\"https:\/\/www.visiterarles.com\/wp-content\/uploads\/2017\/10\/taco-and-co-1-1.jpg\",\"width\":124,\"height\":73,\"caption\":\"Visiter Arles\"},\"image\":{\"@id\":\"https:\/\/www.visiterarles.com\/en\/#\/schema\/logo\/image\/\"}},{\"@type\":\"Person\",\"@id\":\"https:\/\/www.visiterarles.com\/en\/#\/schema\/person\/ba5912e4613018f479a2d86815a53576\",\"name\":\"Linkadm\",\"image\":{\"@type\":\"ImageObject\",\"inLanguage\":\"en-GB\",\"@id\":\"https:\/\/www.visiterarles.com\/en\/#\/schema\/person\/image\/\",\"url\":\"https:\/\/secure.gravatar.com\/avatar\/4709ec209921503e8d8cc96168eddc49?s=96&d=mm&r=g\",\"contentUrl\":\"https:\/\/secure.gravatar.com\/avatar\/4709ec209921503e8d8cc96168eddc49?s=96&d=mm&r=g\",\"caption\":\"Linkadm\"},\"url\":\"https:\/\/www.visiterarles.com\/en\/blog\/author\/admin\/\"}]}<\/script>\n<!-- \/ Yoast SEO plugin. -->","yoast_head_json":{"title":"Bon plan : la location de vtt pour sortir sur Arles quartier des ar\u00e8nes - Visiter Arles","robots":{"index":"index","follow":"follow","max-snippet":"max-snippet:-1","max-image-preview":"max-image-preview:large","max-video-preview":"max-video-preview:-1"},"canonical":"https:\/\/www.visiterarles.com\/en\/blog\/2015\/06\/20\/bon-plan-la-location-de-vtt-pour-sortir-sur-arles-quartier-des-arenes-1951\/","twitter_misc":{"Written by":"Linkadm","Estimated reading time":"1 minute"},"schema":{"@context":"https:\/\/schema.org","@graph":[{"@type":"Article","@id":"https:\/\/www.visiterarles.com\/en\/blog\/2015\/06\/20\/bon-plan-la-location-de-vtt-pour-sortir-sur-arles-quartier-des-arenes-1951\/#article","isPartOf":{"@id":"https:\/\/www.visiterarles.com\/en\/blog\/2015\/06\/20\/bon-plan-la-location-de-vtt-pour-sortir-sur-arles-quartier-des-arenes-1951\/"},"author":{"name":"Linkadm","@id":"https:\/\/www.visiterarles.com\/en\/#\/schema\/person\/ba5912e4613018f479a2d86815a53576"},"headline":"Bon plan : la location de vtt pour sortir sur Arles quartier des ar\u00e8nes","datePublished":"2015-06-20T18:02:00+00:00","dateModified":"2015-06-20T18:02:00+00:00","mainEntityOfPage":{"@id":"https:\/\/www.visiterarles.com\/en\/blog\/2015\/06\/20\/bon-plan-la-location-de-vtt-pour-sortir-sur-arles-quartier-des-arenes-1951\/"},"wordCount":209,"commentCount":0,"publisher":{"@id":"https:\/\/www.visiterarles.com\/en\/#organization"},"articleSection":["Informations"],"inLanguage":"en-GB","potentialAction":[{"@type":"CommentAction","name":"Comment","target":["https:\/\/www.visiterarles.com\/en\/blog\/2015\/06\/20\/bon-plan-la-location-de-vtt-pour-sortir-sur-arles-quartier-des-arenes-1951\/#respond"]}]},{"@type":"WebPage","@id":"https:\/\/www.visiterarles.com\/en\/blog\/2015\/06\/20\/bon-plan-la-location-de-vtt-pour-sortir-sur-arles-quartier-des-arenes-1951\/","url":"https:\/\/www.visiterarles.com\/en\/blog\/2015\/06\/20\/bon-plan-la-location-de-vtt-pour-sortir-sur-arles-quartier-des-arenes-1951\/","name":"Bon plan : la location de vtt pour sortir sur Arles quartier des ar\u00e8nes - Visiter Arles","isPartOf":{"@id":"https:\/\/www.visiterarles.com\/en\/#website"},"datePublished":"2015-06-20T18:02:00+00:00","dateModified":"2015-06-20T18:02:00+00:00","breadcrumb":{"@id":"https:\/\/www.visiterarles.com\/en\/blog\/2015\/06\/20\/bon-plan-la-location-de-vtt-pour-sortir-sur-arles-quartier-des-arenes-1951\/#breadcrumb"},"inLanguage":"en-GB","potentialAction":[{"@type":"ReadAction","target":["https:\/\/www.visiterarles.com\/en\/blog\/2015\/06\/20\/bon-plan-la-location-de-vtt-pour-sortir-sur-arles-quartier-des-arenes-1951\/"]}]},{"@type":"BreadcrumbList","@id":"https:\/\/www.visiterarles.com\/en\/blog\/2015\/06\/20\/bon-plan-la-location-de-vtt-pour-sortir-sur-arles-quartier-des-arenes-1951\/#breadcrumb","itemListElement":[{"@type":"ListItem","position":1,"name":"Home","item":"https:\/\/www.visiterarles.com\/"},{"@type":"ListItem","position":2,"name":"Bon plan : la location de vtt pour sortir sur Arles quartier des ar\u00e8nes"}]},{"@type":"WebSite","@id":"https:\/\/www.visiterarles.com\/en\/#website","url":"https:\/\/www.visiterarles.com\/en\/","name":"Visiter Arles","description":"Tourisme en Provence \u00e0 Arles","publisher":{"@id":"https:\/\/www.visiterarles.com\/en\/#organization"},"potentialAction":[{"@type":"SearchAction","target":{"@type":"EntryPoint","urlTemplate":"https:\/\/www.visiterarles.com\/en\/?s={search_term_string}"},"query-input":"required name=search_term_string"}],"inLanguage":"en-GB"},{"@type":"Organization","@id":"https:\/\/www.visiterarles.com\/en\/#organization","name":"Visiter Arles","url":"https:\/\/www.visiterarles.com\/en\/","logo":{"@type":"ImageObject","inLanguage":"en-GB","@id":"https:\/\/www.visiterarles.com\/en\/#\/schema\/logo\/image\/","url":"https:\/\/www.visiterarles.com\/wp-content\/uploads\/2017\/10\/taco-and-co-1-1.jpg","contentUrl":"https:\/\/www.visiterarles.com\/wp-content\/uploads\/2017\/10\/taco-and-co-1-1.jpg","width":124,"height":73,"caption":"Visiter Arles"},"image":{"@id":"https:\/\/www.visiterarles.com\/en\/#\/schema\/logo\/image\/"}},{"@type":"Person","@id":"https:\/\/www.visiterarles.com\/en\/#\/schema\/person\/ba5912e4613018f479a2d86815a53576","name":"Linkadm","image":{"@type":"ImageObject","inLanguage":"en-GB","@id":"https:\/\/www.visiterarles.com\/en\/#\/schema\/person\/image\/","url":"https:\/\/secure.gravatar.com\/avatar\/4709ec209921503e8d8cc96168eddc49?s=96&d=mm&r=g","contentUrl":"https:\/\/secure.gravatar.com\/avatar\/4709ec209921503e8d8cc96168eddc49?s=96&d=mm&r=g","caption":"Linkadm"},"url":"https:\/\/www.visiterarles.com\/en\/blog\/author\/admin\/"}]}},"_links":{"self":[{"href":"https:\/\/www.visiterarles.com\/en\/wp-json\/wp\/v2\/posts\/28603"}],"collection":[{"href":"https:\/\/www.visiterarles.com\/en\/wp-json\/wp\/v2\/posts"}],"about":[{"href":"https:\/\/www.visiterarles.com\/en\/wp-json\/wp\/v2\/types\/post"}],"author":[{"embeddable":true,"href":"https:\/\/www.visiterarles.com\/en\/wp-json\/wp\/v2\/users\/1"}],"replies":[{"embeddable":true,"href":"https:\/\/www.visiterarles.com\/en\/wp-json\/wp\/v2\/comments?post=28603"}],"version-history":[{"count":0,"href":"https:\/\/www.visiterarles.com\/en\/wp-json\/wp\/v2\/posts\/28603\/revisions"}],"wp:attachment":[{"href":"https:\/\/www.visiterarles.com\/en\/wp-json\/wp\/v2\/media?parent=28603"}],"wp:term":[{"taxonomy":"category","embeddable":true,"href":"https:\/\/www.visiterarles.com\/en\/wp-json\/wp\/v2\/categories?post=28603"},{"taxonomy":"post_tag","embeddable":true,"href":"https:\/\/www.visiterarles.com\/en\/wp-json\/wp\/v2\/tags?post=28603"}],"curies":[{"name":"wp","href":"https:\/\/api.w.org\/{rel}","templated":true}]}}