{"id":28604,"date":"2015-06-21T17:58:00","date_gmt":"2015-06-21T17:58:00","guid":{"rendered":"http:\/\/www.visiterarles.com\/pour-sortir-arles-historique-location-de-vtt-1233\/"},"modified":"2015-06-21T17:58:00","modified_gmt":"2015-06-21T17:58:00","slug":"pour-sortir-arles-historique-location-de-vtt-1233","status":"publish","type":"post","link":"https:\/\/www.visiterarles.com\/en\/blog\/2015\/06\/21\/pour-sortir-arles-historique-location-de-vtt-1233\/","title":{"rendered":"Pour sortir Arles historique : location de vtt"},"content":{"rendered":"<h4>Pour sortir dans Arles historique : o\u00f9 trouver un partenaire fiable qui pr\u00e9sente une location de vtt<\/h4>\n<p>Les thermes de constantin, l&rsquo;ecomus\u00e9e du sel o\u00f9 alors l&rsquo;\u00e9glise saint honorat, via notre location de vtt pour sortir \u00e0 Arles historique, sont des monuments que vous ne sauriez manquer dans cette commune splendide. Notre <a href=\"http:\/\/www.visiterarles.com\/en\/arles-location-de-vtt-pour-sortir-1628\/\">location de vtt pour sortir \u00e0 Arles<\/a> historique, pour ne citer que cela, vous fera profiter pleinement de l\u2019existence dans cette commune splendide, ordinairement avec l\u2019impression d\u2019agir de mani\u00e8re respectueuse de l\u2019environnement, en proposant le meilleur de la culture.<\/p>\n<h4>Arles : par quels moyens s\u2019y prendre pour trouver une location de vtt pour sortir<\/h4>\n<p>Faire la visite du majestueux capital de la commune au moyen d\u2019une location de vtt pour sortir dans Arles peut s&rsquo;av\u00e9rer \u00eatre une offre efficace pour toute personne qui en a envie. Entre autre dans la gare ferroviaire, en arrivant sur Arles, vous pourrez r\u00e9clamer notre location de vtt. Les clients en tout genre aimeront notre location de vtt sur Arles, pour sortir leur convenant incontestablement.<\/p>","protected":false},"excerpt":{"rendered":"<p>Pour sortir dans Arles historique : o\u00f9 trouver un partenaire fiable qui pr\u00e9sente une location de vtt Les thermes de constantin, l&rsquo;ecomus\u00e9e du sel o\u00f9 alors l&rsquo;\u00e9glise saint honorat, via notre location de vtt pour sortir \u00e0 Arles historique, sont des monuments que vous ne sauriez manquer dans cette commune splendide. Notre location de vtt [&hellip;]<\/p>","protected":false},"author":1,"featured_media":0,"comment_status":"open","ping_status":"open","sticky":false,"template":"","format":"standard","meta":{"footnotes":""},"categories":[55],"tags":[],"aioseo_notices":[],"yoast_head":"<!-- This site is optimized with the Yoast SEO plugin v22.3 - https:\/\/yoast.com\/wordpress\/plugins\/seo\/ -->\n<title>Pour sortir Arles historique : location de vtt - Visiter Arles<\/title>\n<meta name=\"robots\" content=\"index, follow, max-snippet:-1, max-image-preview:large, max-video-preview:-1\" \/>\n<link rel=\"canonical\" href=\"https:\/\/www.visiterarles.com\/en\/blog\/2015\/06\/21\/pour-sortir-arles-historique-location-de-vtt-1233\/\" \/>\n<meta name=\"twitter:label1\" content=\"Written by\" \/>\n\t<meta name=\"twitter:data1\" content=\"Linkadm\" \/>\n\t<meta name=\"twitter:label2\" content=\"Estimated reading time\" \/>\n\t<meta name=\"twitter:data2\" content=\"1 minute\" \/>\n<script type=\"application\/ld+json\" class=\"yoast-schema-graph\">{\"@context\":\"https:\/\/schema.org\",\"@graph\":[{\"@type\":\"Article\",\"@id\":\"https:\/\/www.visiterarles.com\/blog\/2015\/06\/21\/pour-sortir-arles-historique-location-de-vtt-1233\/#article\",\"isPartOf\":{\"@id\":\"https:\/\/www.visiterarles.com\/blog\/2015\/06\/21\/pour-sortir-arles-historique-location-de-vtt-1233\/\"},\"author\":{\"name\":\"Linkadm\",\"@id\":\"https:\/\/www.visiterarles.com\/en\/#\/schema\/person\/ba5912e4613018f479a2d86815a53576\"},\"headline\":\"Pour sortir Arles historique : location de vtt\",\"datePublished\":\"2015-06-21T17:58:00+00:00\",\"dateModified\":\"2015-06-21T17:58:00+00:00\",\"mainEntityOfPage\":{\"@id\":\"https:\/\/www.visiterarles.com\/blog\/2015\/06\/21\/pour-sortir-arles-historique-location-de-vtt-1233\/\"},\"wordCount\":189,\"commentCount\":0,\"publisher\":{\"@id\":\"https:\/\/www.visiterarles.com\/en\/#organization\"},\"articleSection\":[\"Informations\"],\"inLanguage\":\"en-GB\",\"potentialAction\":[{\"@type\":\"CommentAction\",\"name\":\"Comment\",\"target\":[\"https:\/\/www.visiterarles.com\/blog\/2015\/06\/21\/pour-sortir-arles-historique-location-de-vtt-1233\/#respond\"]}]},{\"@type\":\"WebPage\",\"@id\":\"https:\/\/www.visiterarles.com\/blog\/2015\/06\/21\/pour-sortir-arles-historique-location-de-vtt-1233\/\",\"url\":\"https:\/\/www.visiterarles.com\/blog\/2015\/06\/21\/pour-sortir-arles-historique-location-de-vtt-1233\/\",\"name\":\"Pour sortir Arles historique : location de vtt - Visiter Arles\",\"isPartOf\":{\"@id\":\"https:\/\/www.visiterarles.com\/en\/#website\"},\"datePublished\":\"2015-06-21T17:58:00+00:00\",\"dateModified\":\"2015-06-21T17:58:00+00:00\",\"breadcrumb\":{\"@id\":\"https:\/\/www.visiterarles.com\/blog\/2015\/06\/21\/pour-sortir-arles-historique-location-de-vtt-1233\/#breadcrumb\"},\"inLanguage\":\"en-GB\",\"potentialAction\":[{\"@type\":\"ReadAction\",\"target\":[\"https:\/\/www.visiterarles.com\/blog\/2015\/06\/21\/pour-sortir-arles-historique-location-de-vtt-1233\/\"]}]},{\"@type\":\"BreadcrumbList\",\"@id\":\"https:\/\/www.visiterarles.com\/blog\/2015\/06\/21\/pour-sortir-arles-historique-location-de-vtt-1233\/#breadcrumb\",\"itemListElement\":[{\"@type\":\"ListItem\",\"position\":1,\"name\":\"Home\",\"item\":\"https:\/\/www.visiterarles.com\/\"},{\"@type\":\"ListItem\",\"position\":2,\"name\":\"Pour sortir Arles historique : location de vtt\"}]},{\"@type\":\"WebSite\",\"@id\":\"https:\/\/www.visiterarles.com\/en\/#website\",\"url\":\"https:\/\/www.visiterarles.com\/en\/\",\"name\":\"Visiter Arles\",\"description\":\"Tourisme en Provence \u00e0 Arles\",\"publisher\":{\"@id\":\"https:\/\/www.visiterarles.com\/en\/#organization\"},\"potentialAction\":[{\"@type\":\"SearchAction\",\"target\":{\"@type\":\"EntryPoint\",\"urlTemplate\":\"https:\/\/www.visiterarles.com\/en\/?s={search_term_string}\"},\"query-input\":\"required name=search_term_string\"}],\"inLanguage\":\"en-GB\"},{\"@type\":\"Organization\",\"@id\":\"https:\/\/www.visiterarles.com\/en\/#organization\",\"name\":\"Visiter Arles\",\"url\":\"https:\/\/www.visiterarles.com\/en\/\",\"logo\":{\"@type\":\"ImageObject\",\"inLanguage\":\"en-GB\",\"@id\":\"https:\/\/www.visiterarles.com\/en\/#\/schema\/logo\/image\/\",\"url\":\"https:\/\/www.visiterarles.com\/wp-content\/uploads\/2017\/10\/taco-and-co-1-1.jpg\",\"contentUrl\":\"https:\/\/www.visiterarles.com\/wp-content\/uploads\/2017\/10\/taco-and-co-1-1.jpg\",\"width\":124,\"height\":73,\"caption\":\"Visiter Arles\"},\"image\":{\"@id\":\"https:\/\/www.visiterarles.com\/en\/#\/schema\/logo\/image\/\"}},{\"@type\":\"Person\",\"@id\":\"https:\/\/www.visiterarles.com\/en\/#\/schema\/person\/ba5912e4613018f479a2d86815a53576\",\"name\":\"Linkadm\",\"image\":{\"@type\":\"ImageObject\",\"inLanguage\":\"en-GB\",\"@id\":\"https:\/\/www.visiterarles.com\/en\/#\/schema\/person\/image\/\",\"url\":\"https:\/\/secure.gravatar.com\/avatar\/4709ec209921503e8d8cc96168eddc49?s=96&d=mm&r=g\",\"contentUrl\":\"https:\/\/secure.gravatar.com\/avatar\/4709ec209921503e8d8cc96168eddc49?s=96&d=mm&r=g\",\"caption\":\"Linkadm\"},\"url\":\"https:\/\/www.visiterarles.com\/en\/blog\/author\/admin\/\"}]}<\/script>\n<!-- \/ Yoast SEO plugin. -->","yoast_head_json":{"title":"Pour sortir Arles historique : location de vtt - Visiter Arles","robots":{"index":"index","follow":"follow","max-snippet":"max-snippet:-1","max-image-preview":"max-image-preview:large","max-video-preview":"max-video-preview:-1"},"canonical":"https:\/\/www.visiterarles.com\/en\/blog\/2015\/06\/21\/pour-sortir-arles-historique-location-de-vtt-1233\/","twitter_misc":{"Written by":"Linkadm","Estimated reading time":"1 minute"},"schema":{"@context":"https:\/\/schema.org","@graph":[{"@type":"Article","@id":"https:\/\/www.visiterarles.com\/blog\/2015\/06\/21\/pour-sortir-arles-historique-location-de-vtt-1233\/#article","isPartOf":{"@id":"https:\/\/www.visiterarles.com\/blog\/2015\/06\/21\/pour-sortir-arles-historique-location-de-vtt-1233\/"},"author":{"name":"Linkadm","@id":"https:\/\/www.visiterarles.com\/en\/#\/schema\/person\/ba5912e4613018f479a2d86815a53576"},"headline":"Pour sortir Arles historique : location de vtt","datePublished":"2015-06-21T17:58:00+00:00","dateModified":"2015-06-21T17:58:00+00:00","mainEntityOfPage":{"@id":"https:\/\/www.visiterarles.com\/blog\/2015\/06\/21\/pour-sortir-arles-historique-location-de-vtt-1233\/"},"wordCount":189,"commentCount":0,"publisher":{"@id":"https:\/\/www.visiterarles.com\/en\/#organization"},"articleSection":["Informations"],"inLanguage":"en-GB","potentialAction":[{"@type":"CommentAction","name":"Comment","target":["https:\/\/www.visiterarles.com\/blog\/2015\/06\/21\/pour-sortir-arles-historique-location-de-vtt-1233\/#respond"]}]},{"@type":"WebPage","@id":"https:\/\/www.visiterarles.com\/blog\/2015\/06\/21\/pour-sortir-arles-historique-location-de-vtt-1233\/","url":"https:\/\/www.visiterarles.com\/blog\/2015\/06\/21\/pour-sortir-arles-historique-location-de-vtt-1233\/","name":"Pour sortir Arles historique : location de vtt - Visiter Arles","isPartOf":{"@id":"https:\/\/www.visiterarles.com\/en\/#website"},"datePublished":"2015-06-21T17:58:00+00:00","dateModified":"2015-06-21T17:58:00+00:00","breadcrumb":{"@id":"https:\/\/www.visiterarles.com\/blog\/2015\/06\/21\/pour-sortir-arles-historique-location-de-vtt-1233\/#breadcrumb"},"inLanguage":"en-GB","potentialAction":[{"@type":"ReadAction","target":["https:\/\/www.visiterarles.com\/blog\/2015\/06\/21\/pour-sortir-arles-historique-location-de-vtt-1233\/"]}]},{"@type":"BreadcrumbList","@id":"https:\/\/www.visiterarles.com\/blog\/2015\/06\/21\/pour-sortir-arles-historique-location-de-vtt-1233\/#breadcrumb","itemListElement":[{"@type":"ListItem","position":1,"name":"Home","item":"https:\/\/www.visiterarles.com\/"},{"@type":"ListItem","position":2,"name":"Pour sortir Arles historique : location de vtt"}]},{"@type":"WebSite","@id":"https:\/\/www.visiterarles.com\/en\/#website","url":"https:\/\/www.visiterarles.com\/en\/","name":"Visiter Arles","description":"Tourisme en Provence \u00e0 Arles","publisher":{"@id":"https:\/\/www.visiterarles.com\/en\/#organization"},"potentialAction":[{"@type":"SearchAction","target":{"@type":"EntryPoint","urlTemplate":"https:\/\/www.visiterarles.com\/en\/?s={search_term_string}"},"query-input":"required name=search_term_string"}],"inLanguage":"en-GB"},{"@type":"Organization","@id":"https:\/\/www.visiterarles.com\/en\/#organization","name":"Visiter Arles","url":"https:\/\/www.visiterarles.com\/en\/","logo":{"@type":"ImageObject","inLanguage":"en-GB","@id":"https:\/\/www.visiterarles.com\/en\/#\/schema\/logo\/image\/","url":"https:\/\/www.visiterarles.com\/wp-content\/uploads\/2017\/10\/taco-and-co-1-1.jpg","contentUrl":"https:\/\/www.visiterarles.com\/wp-content\/uploads\/2017\/10\/taco-and-co-1-1.jpg","width":124,"height":73,"caption":"Visiter Arles"},"image":{"@id":"https:\/\/www.visiterarles.com\/en\/#\/schema\/logo\/image\/"}},{"@type":"Person","@id":"https:\/\/www.visiterarles.com\/en\/#\/schema\/person\/ba5912e4613018f479a2d86815a53576","name":"Linkadm","image":{"@type":"ImageObject","inLanguage":"en-GB","@id":"https:\/\/www.visiterarles.com\/en\/#\/schema\/person\/image\/","url":"https:\/\/secure.gravatar.com\/avatar\/4709ec209921503e8d8cc96168eddc49?s=96&d=mm&r=g","contentUrl":"https:\/\/secure.gravatar.com\/avatar\/4709ec209921503e8d8cc96168eddc49?s=96&d=mm&r=g","caption":"Linkadm"},"url":"https:\/\/www.visiterarles.com\/en\/blog\/author\/admin\/"}]}},"_links":{"self":[{"href":"https:\/\/www.visiterarles.com\/en\/wp-json\/wp\/v2\/posts\/28604"}],"collection":[{"href":"https:\/\/www.visiterarles.com\/en\/wp-json\/wp\/v2\/posts"}],"about":[{"href":"https:\/\/www.visiterarles.com\/en\/wp-json\/wp\/v2\/types\/post"}],"author":[{"embeddable":true,"href":"https:\/\/www.visiterarles.com\/en\/wp-json\/wp\/v2\/users\/1"}],"replies":[{"embeddable":true,"href":"https:\/\/www.visiterarles.com\/en\/wp-json\/wp\/v2\/comments?post=28604"}],"version-history":[{"count":0,"href":"https:\/\/www.visiterarles.com\/en\/wp-json\/wp\/v2\/posts\/28604\/revisions"}],"wp:attachment":[{"href":"https:\/\/www.visiterarles.com\/en\/wp-json\/wp\/v2\/media?parent=28604"}],"wp:term":[{"taxonomy":"category","embeddable":true,"href":"https:\/\/www.visiterarles.com\/en\/wp-json\/wp\/v2\/categories?post=28604"},{"taxonomy":"post_tag","embeddable":true,"href":"https:\/\/www.visiterarles.com\/en\/wp-json\/wp\/v2\/tags?post=28604"}],"curies":[{"name":"wp","href":"https:\/\/api.w.org\/{rel}","templated":true}]}}