{"id":28606,"date":"2015-06-22T18:08:00","date_gmt":"2015-06-22T18:08:00","guid":{"rendered":"http:\/\/www.visiterarles.com\/pour-sortir-arles-quartier-des-musees-location-de-vtt-48\/"},"modified":"2015-06-22T18:08:00","modified_gmt":"2015-06-22T18:08:00","slug":"pour-sortir-arles-quartier-des-musees-location-de-vtt-48","status":"publish","type":"post","link":"https:\/\/www.visiterarles.com\/en\/blog\/2015\/06\/22\/pour-sortir-arles-quartier-des-musees-location-de-vtt-48\/","title":{"rendered":"Pour sortir Arles quartier des mus\u00e9es : location de vtt"},"content":{"rendered":"<h4>V\u00e9lo-Taco \u00e0 Arles quartier des mus\u00e9es votre contact fiable pour sortir<\/h4>\n<p>Les anciens ateliers sncf, l&rsquo;ecomus\u00e9e du sel o\u00f9 bien le march\u00e9 de provence, par l&rsquo;interm\u00e9diaire de notre location de vtt pour sortir \u00e0 Arles quartier des mus\u00e9es, sont des hauts lieux que vous ne sauriez manquer au sein de cette commune sublime. Notre <a href=\"http:\/\/www.visiterarles.com\/en\/arles-location-de-vtt-pour-sortir-1628\/\">location de vtt pour sortir \u00e0 Arles<\/a> quartier des mus\u00e9es, pour ne citer que cela, vous fera jouir pleinement de la vie au sein de cette commune sublime, en tout cas avec l\u2019impression d&rsquo;oeuvrer de mani\u00e8re respectueuse de l\u2019environnement, tout en offrant une d\u00e9couverte culturelle des plus riches.<\/p>\n<h4>Pourquoi s\u00e9lectionner notre location de vtt pour sortir sur Arles :<\/h4>\n<p>D\u00e9couvrir le ravissant capital de la commune au moyen d\u2019une location de vtt pour sortir dans Arles peut para\u00eetre une solution adapt\u00e9e pour qui le souhaite. Au sein m\u00eame de la gare, en arrivant sur Arles, vous pourrez demander une sympathique location de vtt. Les clients en tout genre appr\u00e9cieront une sympathique location de vtt sur Arles, pour sortir qui leur plaira tr\u00e8s certainement.<\/p>","protected":false},"excerpt":{"rendered":"<p>V\u00e9lo-Taco \u00e0 Arles quartier des mus\u00e9es votre contact fiable pour sortir Les anciens ateliers sncf, l&rsquo;ecomus\u00e9e du sel o\u00f9 bien le march\u00e9 de provence, par l&rsquo;interm\u00e9diaire de notre location de vtt pour sortir \u00e0 Arles quartier des mus\u00e9es, sont des hauts lieux que vous ne sauriez manquer au sein de cette commune sublime. Notre location [&hellip;]<\/p>","protected":false},"author":1,"featured_media":0,"comment_status":"open","ping_status":"open","sticky":false,"template":"","format":"standard","meta":{"footnotes":""},"categories":[55],"tags":[],"aioseo_notices":[],"yoast_head":"<!-- This site is optimized with the Yoast SEO plugin v22.3 - https:\/\/yoast.com\/wordpress\/plugins\/seo\/ -->\n<title>Pour sortir Arles quartier des mus\u00e9es : location de vtt - Visiter Arles<\/title>\n<meta name=\"robots\" content=\"index, follow, max-snippet:-1, max-image-preview:large, max-video-preview:-1\" \/>\n<link rel=\"canonical\" href=\"https:\/\/www.visiterarles.com\/en\/blog\/2015\/06\/22\/pour-sortir-arles-quartier-des-musees-location-de-vtt-48\/\" \/>\n<meta name=\"twitter:label1\" content=\"Written by\" \/>\n\t<meta name=\"twitter:data1\" content=\"Linkadm\" \/>\n\t<meta name=\"twitter:label2\" content=\"Estimated reading time\" \/>\n\t<meta name=\"twitter:data2\" content=\"1 minute\" \/>\n<script type=\"application\/ld+json\" class=\"yoast-schema-graph\">{\"@context\":\"https:\/\/schema.org\",\"@graph\":[{\"@type\":\"Article\",\"@id\":\"https:\/\/www.visiterarles.com\/en\/blog\/2015\/06\/22\/pour-sortir-arles-quartier-des-musees-location-de-vtt-48\/#article\",\"isPartOf\":{\"@id\":\"https:\/\/www.visiterarles.com\/en\/blog\/2015\/06\/22\/pour-sortir-arles-quartier-des-musees-location-de-vtt-48\/\"},\"author\":{\"name\":\"Linkadm\",\"@id\":\"https:\/\/www.visiterarles.com\/en\/#\/schema\/person\/ba5912e4613018f479a2d86815a53576\"},\"headline\":\"Pour sortir Arles quartier des mus\u00e9es : location de vtt\",\"datePublished\":\"2015-06-22T18:08:00+00:00\",\"dateModified\":\"2015-06-22T18:08:00+00:00\",\"mainEntityOfPage\":{\"@id\":\"https:\/\/www.visiterarles.com\/en\/blog\/2015\/06\/22\/pour-sortir-arles-quartier-des-musees-location-de-vtt-48\/\"},\"wordCount\":204,\"commentCount\":0,\"publisher\":{\"@id\":\"https:\/\/www.visiterarles.com\/en\/#organization\"},\"articleSection\":[\"Informations\"],\"inLanguage\":\"en-GB\",\"potentialAction\":[{\"@type\":\"CommentAction\",\"name\":\"Comment\",\"target\":[\"https:\/\/www.visiterarles.com\/en\/blog\/2015\/06\/22\/pour-sortir-arles-quartier-des-musees-location-de-vtt-48\/#respond\"]}]},{\"@type\":\"WebPage\",\"@id\":\"https:\/\/www.visiterarles.com\/en\/blog\/2015\/06\/22\/pour-sortir-arles-quartier-des-musees-location-de-vtt-48\/\",\"url\":\"https:\/\/www.visiterarles.com\/en\/blog\/2015\/06\/22\/pour-sortir-arles-quartier-des-musees-location-de-vtt-48\/\",\"name\":\"Pour sortir Arles quartier des mus\u00e9es : location de vtt - Visiter Arles\",\"isPartOf\":{\"@id\":\"https:\/\/www.visiterarles.com\/en\/#website\"},\"datePublished\":\"2015-06-22T18:08:00+00:00\",\"dateModified\":\"2015-06-22T18:08:00+00:00\",\"breadcrumb\":{\"@id\":\"https:\/\/www.visiterarles.com\/en\/blog\/2015\/06\/22\/pour-sortir-arles-quartier-des-musees-location-de-vtt-48\/#breadcrumb\"},\"inLanguage\":\"en-GB\",\"potentialAction\":[{\"@type\":\"ReadAction\",\"target\":[\"https:\/\/www.visiterarles.com\/en\/blog\/2015\/06\/22\/pour-sortir-arles-quartier-des-musees-location-de-vtt-48\/\"]}]},{\"@type\":\"BreadcrumbList\",\"@id\":\"https:\/\/www.visiterarles.com\/en\/blog\/2015\/06\/22\/pour-sortir-arles-quartier-des-musees-location-de-vtt-48\/#breadcrumb\",\"itemListElement\":[{\"@type\":\"ListItem\",\"position\":1,\"name\":\"Home\",\"item\":\"https:\/\/www.visiterarles.com\/\"},{\"@type\":\"ListItem\",\"position\":2,\"name\":\"Pour sortir Arles quartier des mus\u00e9es : location de vtt\"}]},{\"@type\":\"WebSite\",\"@id\":\"https:\/\/www.visiterarles.com\/en\/#website\",\"url\":\"https:\/\/www.visiterarles.com\/en\/\",\"name\":\"Visiter Arles\",\"description\":\"Tourisme en Provence \u00e0 Arles\",\"publisher\":{\"@id\":\"https:\/\/www.visiterarles.com\/en\/#organization\"},\"potentialAction\":[{\"@type\":\"SearchAction\",\"target\":{\"@type\":\"EntryPoint\",\"urlTemplate\":\"https:\/\/www.visiterarles.com\/en\/?s={search_term_string}\"},\"query-input\":\"required name=search_term_string\"}],\"inLanguage\":\"en-GB\"},{\"@type\":\"Organization\",\"@id\":\"https:\/\/www.visiterarles.com\/en\/#organization\",\"name\":\"Visiter Arles\",\"url\":\"https:\/\/www.visiterarles.com\/en\/\",\"logo\":{\"@type\":\"ImageObject\",\"inLanguage\":\"en-GB\",\"@id\":\"https:\/\/www.visiterarles.com\/en\/#\/schema\/logo\/image\/\",\"url\":\"https:\/\/www.visiterarles.com\/wp-content\/uploads\/2017\/10\/taco-and-co-1-1.jpg\",\"contentUrl\":\"https:\/\/www.visiterarles.com\/wp-content\/uploads\/2017\/10\/taco-and-co-1-1.jpg\",\"width\":124,\"height\":73,\"caption\":\"Visiter Arles\"},\"image\":{\"@id\":\"https:\/\/www.visiterarles.com\/en\/#\/schema\/logo\/image\/\"}},{\"@type\":\"Person\",\"@id\":\"https:\/\/www.visiterarles.com\/en\/#\/schema\/person\/ba5912e4613018f479a2d86815a53576\",\"name\":\"Linkadm\",\"image\":{\"@type\":\"ImageObject\",\"inLanguage\":\"en-GB\",\"@id\":\"https:\/\/www.visiterarles.com\/en\/#\/schema\/person\/image\/\",\"url\":\"https:\/\/secure.gravatar.com\/avatar\/4709ec209921503e8d8cc96168eddc49?s=96&d=mm&r=g\",\"contentUrl\":\"https:\/\/secure.gravatar.com\/avatar\/4709ec209921503e8d8cc96168eddc49?s=96&d=mm&r=g\",\"caption\":\"Linkadm\"},\"url\":\"https:\/\/www.visiterarles.com\/en\/blog\/author\/admin\/\"}]}<\/script>\n<!-- \/ Yoast SEO plugin. -->","yoast_head_json":{"title":"Pour sortir Arles quartier des mus\u00e9es : location de vtt - Visiter Arles","robots":{"index":"index","follow":"follow","max-snippet":"max-snippet:-1","max-image-preview":"max-image-preview:large","max-video-preview":"max-video-preview:-1"},"canonical":"https:\/\/www.visiterarles.com\/en\/blog\/2015\/06\/22\/pour-sortir-arles-quartier-des-musees-location-de-vtt-48\/","twitter_misc":{"Written by":"Linkadm","Estimated reading time":"1 minute"},"schema":{"@context":"https:\/\/schema.org","@graph":[{"@type":"Article","@id":"https:\/\/www.visiterarles.com\/en\/blog\/2015\/06\/22\/pour-sortir-arles-quartier-des-musees-location-de-vtt-48\/#article","isPartOf":{"@id":"https:\/\/www.visiterarles.com\/en\/blog\/2015\/06\/22\/pour-sortir-arles-quartier-des-musees-location-de-vtt-48\/"},"author":{"name":"Linkadm","@id":"https:\/\/www.visiterarles.com\/en\/#\/schema\/person\/ba5912e4613018f479a2d86815a53576"},"headline":"Pour sortir Arles quartier des mus\u00e9es : location de vtt","datePublished":"2015-06-22T18:08:00+00:00","dateModified":"2015-06-22T18:08:00+00:00","mainEntityOfPage":{"@id":"https:\/\/www.visiterarles.com\/en\/blog\/2015\/06\/22\/pour-sortir-arles-quartier-des-musees-location-de-vtt-48\/"},"wordCount":204,"commentCount":0,"publisher":{"@id":"https:\/\/www.visiterarles.com\/en\/#organization"},"articleSection":["Informations"],"inLanguage":"en-GB","potentialAction":[{"@type":"CommentAction","name":"Comment","target":["https:\/\/www.visiterarles.com\/en\/blog\/2015\/06\/22\/pour-sortir-arles-quartier-des-musees-location-de-vtt-48\/#respond"]}]},{"@type":"WebPage","@id":"https:\/\/www.visiterarles.com\/en\/blog\/2015\/06\/22\/pour-sortir-arles-quartier-des-musees-location-de-vtt-48\/","url":"https:\/\/www.visiterarles.com\/en\/blog\/2015\/06\/22\/pour-sortir-arles-quartier-des-musees-location-de-vtt-48\/","name":"Pour sortir Arles quartier des mus\u00e9es : location de vtt - Visiter Arles","isPartOf":{"@id":"https:\/\/www.visiterarles.com\/en\/#website"},"datePublished":"2015-06-22T18:08:00+00:00","dateModified":"2015-06-22T18:08:00+00:00","breadcrumb":{"@id":"https:\/\/www.visiterarles.com\/en\/blog\/2015\/06\/22\/pour-sortir-arles-quartier-des-musees-location-de-vtt-48\/#breadcrumb"},"inLanguage":"en-GB","potentialAction":[{"@type":"ReadAction","target":["https:\/\/www.visiterarles.com\/en\/blog\/2015\/06\/22\/pour-sortir-arles-quartier-des-musees-location-de-vtt-48\/"]}]},{"@type":"BreadcrumbList","@id":"https:\/\/www.visiterarles.com\/en\/blog\/2015\/06\/22\/pour-sortir-arles-quartier-des-musees-location-de-vtt-48\/#breadcrumb","itemListElement":[{"@type":"ListItem","position":1,"name":"Home","item":"https:\/\/www.visiterarles.com\/"},{"@type":"ListItem","position":2,"name":"Pour sortir Arles quartier des mus\u00e9es : location de vtt"}]},{"@type":"WebSite","@id":"https:\/\/www.visiterarles.com\/en\/#website","url":"https:\/\/www.visiterarles.com\/en\/","name":"Visiter Arles","description":"Tourisme en Provence \u00e0 Arles","publisher":{"@id":"https:\/\/www.visiterarles.com\/en\/#organization"},"potentialAction":[{"@type":"SearchAction","target":{"@type":"EntryPoint","urlTemplate":"https:\/\/www.visiterarles.com\/en\/?s={search_term_string}"},"query-input":"required name=search_term_string"}],"inLanguage":"en-GB"},{"@type":"Organization","@id":"https:\/\/www.visiterarles.com\/en\/#organization","name":"Visiter Arles","url":"https:\/\/www.visiterarles.com\/en\/","logo":{"@type":"ImageObject","inLanguage":"en-GB","@id":"https:\/\/www.visiterarles.com\/en\/#\/schema\/logo\/image\/","url":"https:\/\/www.visiterarles.com\/wp-content\/uploads\/2017\/10\/taco-and-co-1-1.jpg","contentUrl":"https:\/\/www.visiterarles.com\/wp-content\/uploads\/2017\/10\/taco-and-co-1-1.jpg","width":124,"height":73,"caption":"Visiter Arles"},"image":{"@id":"https:\/\/www.visiterarles.com\/en\/#\/schema\/logo\/image\/"}},{"@type":"Person","@id":"https:\/\/www.visiterarles.com\/en\/#\/schema\/person\/ba5912e4613018f479a2d86815a53576","name":"Linkadm","image":{"@type":"ImageObject","inLanguage":"en-GB","@id":"https:\/\/www.visiterarles.com\/en\/#\/schema\/person\/image\/","url":"https:\/\/secure.gravatar.com\/avatar\/4709ec209921503e8d8cc96168eddc49?s=96&d=mm&r=g","contentUrl":"https:\/\/secure.gravatar.com\/avatar\/4709ec209921503e8d8cc96168eddc49?s=96&d=mm&r=g","caption":"Linkadm"},"url":"https:\/\/www.visiterarles.com\/en\/blog\/author\/admin\/"}]}},"_links":{"self":[{"href":"https:\/\/www.visiterarles.com\/en\/wp-json\/wp\/v2\/posts\/28606"}],"collection":[{"href":"https:\/\/www.visiterarles.com\/en\/wp-json\/wp\/v2\/posts"}],"about":[{"href":"https:\/\/www.visiterarles.com\/en\/wp-json\/wp\/v2\/types\/post"}],"author":[{"embeddable":true,"href":"https:\/\/www.visiterarles.com\/en\/wp-json\/wp\/v2\/users\/1"}],"replies":[{"embeddable":true,"href":"https:\/\/www.visiterarles.com\/en\/wp-json\/wp\/v2\/comments?post=28606"}],"version-history":[{"count":0,"href":"https:\/\/www.visiterarles.com\/en\/wp-json\/wp\/v2\/posts\/28606\/revisions"}],"wp:attachment":[{"href":"https:\/\/www.visiterarles.com\/en\/wp-json\/wp\/v2\/media?parent=28606"}],"wp:term":[{"taxonomy":"category","embeddable":true,"href":"https:\/\/www.visiterarles.com\/en\/wp-json\/wp\/v2\/categories?post=28606"},{"taxonomy":"post_tag","embeddable":true,"href":"https:\/\/www.visiterarles.com\/en\/wp-json\/wp\/v2\/tags?post=28606"}],"curies":[{"name":"wp","href":"https:\/\/api.w.org\/{rel}","templated":true}]}}