{"id":28608,"date":"2015-06-23T09:31:00","date_gmt":"2015-06-23T09:31:00","guid":{"rendered":"http:\/\/www.visiterarles.com\/bon-plan-la-location-de-vtt-pour-sortir-dans-arles-quartier-des-monuments-historiques-1765\/"},"modified":"2015-06-23T09:31:00","modified_gmt":"2015-06-23T09:31:00","slug":"bon-plan-la-location-de-vtt-pour-sortir-dans-arles-quartier-des-monuments-historiques-1765","status":"publish","type":"post","link":"https:\/\/www.visiterarles.com\/en\/blog\/2015\/06\/23\/bon-plan-la-location-de-vtt-pour-sortir-dans-arles-quartier-des-monuments-historiques-1765\/","title":{"rendered":"Bon plan : la location de vtt pour sortir dans Arles quartier des monuments historiques"},"content":{"rendered":"<h4>Pour sortir sur Arles quartier des monuments historiques : o\u00f9 rep\u00e9rer un organisme fiable procurant une location de vtt<\/h4>\n<p>Les thermes de constantin, l&rsquo;ecomus\u00e9e du sel o\u00f9 la tour des mourgues, via notre location de vtt pour sortir \u00e0 Arles quartier des monuments historiques, sont des plus beaux endroits que vous ne sauriez manquer au sein de cette commune splendide. Une <a href=\"http:\/\/www.visiterarles.com\/en\/arles-location-de-vtt-pour-sortir-1628\/\">location de vtt pour sortir \u00e0 Arles<\/a> quartier des monuments historiques, entre autres, va vous permettre de profiter pleinement du moment pr\u00e9sent au sein de cette commune splendide, toujours avec l&rsquo;impression d&rsquo;oeuvrer d&rsquo;une fa\u00e7on \u00e9cologique, en proposant une culture des plus riches.<\/p>\n<h4>Une solution respectueuse de la plan\u00e8te : location de vtt pour sortir au sein d&rsquo;Arles<\/h4>\n<p>D\u00e9couvrir le ravissant centre historique par l&rsquo;interm\u00e9diaire de la location de vtt pour sortir sur Arles peut para\u00eetre une alternative cl\u00e9s en main appropri\u00e9e pour toute personne qui le d\u00e9sire. Une fois arriv\u00e9 \u00e0 la gare d\u2019Arles, vous pourrez r\u00e9clamer une location de vtt au sein m\u00eame de cette structure. Au niveau des f\u00e9rus de tourisme, une location de vtt sur Arles, pour sortir conviendra aux aspirations de tous, en toute logique.<\/p>","protected":false},"excerpt":{"rendered":"<p>Pour sortir sur Arles quartier des monuments historiques : o\u00f9 rep\u00e9rer un organisme fiable procurant une location de vtt Les thermes de constantin, l&rsquo;ecomus\u00e9e du sel o\u00f9 la tour des mourgues, via notre location de vtt pour sortir \u00e0 Arles quartier des monuments historiques, sont des plus beaux endroits que vous ne sauriez manquer au [&hellip;]<\/p>","protected":false},"author":1,"featured_media":0,"comment_status":"open","ping_status":"open","sticky":false,"template":"","format":"standard","meta":{"footnotes":""},"categories":[55],"tags":[],"aioseo_notices":[],"yoast_head":"<!-- This site is optimized with the Yoast SEO plugin v22.3 - https:\/\/yoast.com\/wordpress\/plugins\/seo\/ -->\n<title>Bon plan : la location de vtt pour sortir dans Arles quartier des monuments historiques - Visiter Arles<\/title>\n<meta name=\"robots\" content=\"index, follow, max-snippet:-1, max-image-preview:large, max-video-preview:-1\" \/>\n<link rel=\"canonical\" href=\"https:\/\/www.visiterarles.com\/en\/blog\/2015\/06\/23\/bon-plan-la-location-de-vtt-pour-sortir-dans-arles-quartier-des-monuments-historiques-1765\/\" \/>\n<meta name=\"twitter:label1\" content=\"Written by\" \/>\n\t<meta name=\"twitter:data1\" content=\"Linkadm\" \/>\n\t<meta name=\"twitter:label2\" content=\"Estimated reading time\" \/>\n\t<meta name=\"twitter:data2\" content=\"1 minute\" \/>\n<script type=\"application\/ld+json\" class=\"yoast-schema-graph\">{\"@context\":\"https:\/\/schema.org\",\"@graph\":[{\"@type\":\"Article\",\"@id\":\"https:\/\/www.visiterarles.com\/blog\/2015\/06\/23\/bon-plan-la-location-de-vtt-pour-sortir-dans-arles-quartier-des-monuments-historiques-1765\/#article\",\"isPartOf\":{\"@id\":\"https:\/\/www.visiterarles.com\/blog\/2015\/06\/23\/bon-plan-la-location-de-vtt-pour-sortir-dans-arles-quartier-des-monuments-historiques-1765\/\"},\"author\":{\"name\":\"Linkadm\",\"@id\":\"https:\/\/www.visiterarles.com\/en\/#\/schema\/person\/ba5912e4613018f479a2d86815a53576\"},\"headline\":\"Bon plan : la location de vtt pour sortir dans Arles quartier des monuments historiques\",\"datePublished\":\"2015-06-23T09:31:00+00:00\",\"dateModified\":\"2015-06-23T09:31:00+00:00\",\"mainEntityOfPage\":{\"@id\":\"https:\/\/www.visiterarles.com\/blog\/2015\/06\/23\/bon-plan-la-location-de-vtt-pour-sortir-dans-arles-quartier-des-monuments-historiques-1765\/\"},\"wordCount\":220,\"commentCount\":0,\"publisher\":{\"@id\":\"https:\/\/www.visiterarles.com\/en\/#organization\"},\"articleSection\":[\"Informations\"],\"inLanguage\":\"en-GB\",\"potentialAction\":[{\"@type\":\"CommentAction\",\"name\":\"Comment\",\"target\":[\"https:\/\/www.visiterarles.com\/blog\/2015\/06\/23\/bon-plan-la-location-de-vtt-pour-sortir-dans-arles-quartier-des-monuments-historiques-1765\/#respond\"]}]},{\"@type\":\"WebPage\",\"@id\":\"https:\/\/www.visiterarles.com\/blog\/2015\/06\/23\/bon-plan-la-location-de-vtt-pour-sortir-dans-arles-quartier-des-monuments-historiques-1765\/\",\"url\":\"https:\/\/www.visiterarles.com\/blog\/2015\/06\/23\/bon-plan-la-location-de-vtt-pour-sortir-dans-arles-quartier-des-monuments-historiques-1765\/\",\"name\":\"Bon plan : la location de vtt pour sortir dans Arles quartier des monuments historiques - Visiter Arles\",\"isPartOf\":{\"@id\":\"https:\/\/www.visiterarles.com\/en\/#website\"},\"datePublished\":\"2015-06-23T09:31:00+00:00\",\"dateModified\":\"2015-06-23T09:31:00+00:00\",\"breadcrumb\":{\"@id\":\"https:\/\/www.visiterarles.com\/blog\/2015\/06\/23\/bon-plan-la-location-de-vtt-pour-sortir-dans-arles-quartier-des-monuments-historiques-1765\/#breadcrumb\"},\"inLanguage\":\"en-GB\",\"potentialAction\":[{\"@type\":\"ReadAction\",\"target\":[\"https:\/\/www.visiterarles.com\/blog\/2015\/06\/23\/bon-plan-la-location-de-vtt-pour-sortir-dans-arles-quartier-des-monuments-historiques-1765\/\"]}]},{\"@type\":\"BreadcrumbList\",\"@id\":\"https:\/\/www.visiterarles.com\/blog\/2015\/06\/23\/bon-plan-la-location-de-vtt-pour-sortir-dans-arles-quartier-des-monuments-historiques-1765\/#breadcrumb\",\"itemListElement\":[{\"@type\":\"ListItem\",\"position\":1,\"name\":\"Home\",\"item\":\"https:\/\/www.visiterarles.com\/\"},{\"@type\":\"ListItem\",\"position\":2,\"name\":\"Bon plan : la location de vtt pour sortir dans Arles quartier des monuments historiques\"}]},{\"@type\":\"WebSite\",\"@id\":\"https:\/\/www.visiterarles.com\/en\/#website\",\"url\":\"https:\/\/www.visiterarles.com\/en\/\",\"name\":\"Visiter Arles\",\"description\":\"Tourisme en Provence \u00e0 Arles\",\"publisher\":{\"@id\":\"https:\/\/www.visiterarles.com\/en\/#organization\"},\"potentialAction\":[{\"@type\":\"SearchAction\",\"target\":{\"@type\":\"EntryPoint\",\"urlTemplate\":\"https:\/\/www.visiterarles.com\/en\/?s={search_term_string}\"},\"query-input\":\"required name=search_term_string\"}],\"inLanguage\":\"en-GB\"},{\"@type\":\"Organization\",\"@id\":\"https:\/\/www.visiterarles.com\/en\/#organization\",\"name\":\"Visiter Arles\",\"url\":\"https:\/\/www.visiterarles.com\/en\/\",\"logo\":{\"@type\":\"ImageObject\",\"inLanguage\":\"en-GB\",\"@id\":\"https:\/\/www.visiterarles.com\/en\/#\/schema\/logo\/image\/\",\"url\":\"https:\/\/www.visiterarles.com\/wp-content\/uploads\/2017\/10\/taco-and-co-1-1.jpg\",\"contentUrl\":\"https:\/\/www.visiterarles.com\/wp-content\/uploads\/2017\/10\/taco-and-co-1-1.jpg\",\"width\":124,\"height\":73,\"caption\":\"Visiter Arles\"},\"image\":{\"@id\":\"https:\/\/www.visiterarles.com\/en\/#\/schema\/logo\/image\/\"}},{\"@type\":\"Person\",\"@id\":\"https:\/\/www.visiterarles.com\/en\/#\/schema\/person\/ba5912e4613018f479a2d86815a53576\",\"name\":\"Linkadm\",\"image\":{\"@type\":\"ImageObject\",\"inLanguage\":\"en-GB\",\"@id\":\"https:\/\/www.visiterarles.com\/en\/#\/schema\/person\/image\/\",\"url\":\"https:\/\/secure.gravatar.com\/avatar\/4709ec209921503e8d8cc96168eddc49?s=96&d=mm&r=g\",\"contentUrl\":\"https:\/\/secure.gravatar.com\/avatar\/4709ec209921503e8d8cc96168eddc49?s=96&d=mm&r=g\",\"caption\":\"Linkadm\"},\"url\":\"https:\/\/www.visiterarles.com\/en\/blog\/author\/admin\/\"}]}<\/script>\n<!-- \/ Yoast SEO plugin. -->","yoast_head_json":{"title":"Bon plan : la location de vtt pour sortir dans Arles quartier des monuments historiques - Visiter Arles","robots":{"index":"index","follow":"follow","max-snippet":"max-snippet:-1","max-image-preview":"max-image-preview:large","max-video-preview":"max-video-preview:-1"},"canonical":"https:\/\/www.visiterarles.com\/en\/blog\/2015\/06\/23\/bon-plan-la-location-de-vtt-pour-sortir-dans-arles-quartier-des-monuments-historiques-1765\/","twitter_misc":{"Written by":"Linkadm","Estimated reading time":"1 minute"},"schema":{"@context":"https:\/\/schema.org","@graph":[{"@type":"Article","@id":"https:\/\/www.visiterarles.com\/blog\/2015\/06\/23\/bon-plan-la-location-de-vtt-pour-sortir-dans-arles-quartier-des-monuments-historiques-1765\/#article","isPartOf":{"@id":"https:\/\/www.visiterarles.com\/blog\/2015\/06\/23\/bon-plan-la-location-de-vtt-pour-sortir-dans-arles-quartier-des-monuments-historiques-1765\/"},"author":{"name":"Linkadm","@id":"https:\/\/www.visiterarles.com\/en\/#\/schema\/person\/ba5912e4613018f479a2d86815a53576"},"headline":"Bon plan : la location de vtt pour sortir dans Arles quartier des monuments historiques","datePublished":"2015-06-23T09:31:00+00:00","dateModified":"2015-06-23T09:31:00+00:00","mainEntityOfPage":{"@id":"https:\/\/www.visiterarles.com\/blog\/2015\/06\/23\/bon-plan-la-location-de-vtt-pour-sortir-dans-arles-quartier-des-monuments-historiques-1765\/"},"wordCount":220,"commentCount":0,"publisher":{"@id":"https:\/\/www.visiterarles.com\/en\/#organization"},"articleSection":["Informations"],"inLanguage":"en-GB","potentialAction":[{"@type":"CommentAction","name":"Comment","target":["https:\/\/www.visiterarles.com\/blog\/2015\/06\/23\/bon-plan-la-location-de-vtt-pour-sortir-dans-arles-quartier-des-monuments-historiques-1765\/#respond"]}]},{"@type":"WebPage","@id":"https:\/\/www.visiterarles.com\/blog\/2015\/06\/23\/bon-plan-la-location-de-vtt-pour-sortir-dans-arles-quartier-des-monuments-historiques-1765\/","url":"https:\/\/www.visiterarles.com\/blog\/2015\/06\/23\/bon-plan-la-location-de-vtt-pour-sortir-dans-arles-quartier-des-monuments-historiques-1765\/","name":"Bon plan : la location de vtt pour sortir dans Arles quartier des monuments historiques - Visiter Arles","isPartOf":{"@id":"https:\/\/www.visiterarles.com\/en\/#website"},"datePublished":"2015-06-23T09:31:00+00:00","dateModified":"2015-06-23T09:31:00+00:00","breadcrumb":{"@id":"https:\/\/www.visiterarles.com\/blog\/2015\/06\/23\/bon-plan-la-location-de-vtt-pour-sortir-dans-arles-quartier-des-monuments-historiques-1765\/#breadcrumb"},"inLanguage":"en-GB","potentialAction":[{"@type":"ReadAction","target":["https:\/\/www.visiterarles.com\/blog\/2015\/06\/23\/bon-plan-la-location-de-vtt-pour-sortir-dans-arles-quartier-des-monuments-historiques-1765\/"]}]},{"@type":"BreadcrumbList","@id":"https:\/\/www.visiterarles.com\/blog\/2015\/06\/23\/bon-plan-la-location-de-vtt-pour-sortir-dans-arles-quartier-des-monuments-historiques-1765\/#breadcrumb","itemListElement":[{"@type":"ListItem","position":1,"name":"Home","item":"https:\/\/www.visiterarles.com\/"},{"@type":"ListItem","position":2,"name":"Bon plan : la location de vtt pour sortir dans Arles quartier des monuments historiques"}]},{"@type":"WebSite","@id":"https:\/\/www.visiterarles.com\/en\/#website","url":"https:\/\/www.visiterarles.com\/en\/","name":"Visiter Arles","description":"Tourisme en Provence \u00e0 Arles","publisher":{"@id":"https:\/\/www.visiterarles.com\/en\/#organization"},"potentialAction":[{"@type":"SearchAction","target":{"@type":"EntryPoint","urlTemplate":"https:\/\/www.visiterarles.com\/en\/?s={search_term_string}"},"query-input":"required name=search_term_string"}],"inLanguage":"en-GB"},{"@type":"Organization","@id":"https:\/\/www.visiterarles.com\/en\/#organization","name":"Visiter Arles","url":"https:\/\/www.visiterarles.com\/en\/","logo":{"@type":"ImageObject","inLanguage":"en-GB","@id":"https:\/\/www.visiterarles.com\/en\/#\/schema\/logo\/image\/","url":"https:\/\/www.visiterarles.com\/wp-content\/uploads\/2017\/10\/taco-and-co-1-1.jpg","contentUrl":"https:\/\/www.visiterarles.com\/wp-content\/uploads\/2017\/10\/taco-and-co-1-1.jpg","width":124,"height":73,"caption":"Visiter Arles"},"image":{"@id":"https:\/\/www.visiterarles.com\/en\/#\/schema\/logo\/image\/"}},{"@type":"Person","@id":"https:\/\/www.visiterarles.com\/en\/#\/schema\/person\/ba5912e4613018f479a2d86815a53576","name":"Linkadm","image":{"@type":"ImageObject","inLanguage":"en-GB","@id":"https:\/\/www.visiterarles.com\/en\/#\/schema\/person\/image\/","url":"https:\/\/secure.gravatar.com\/avatar\/4709ec209921503e8d8cc96168eddc49?s=96&d=mm&r=g","contentUrl":"https:\/\/secure.gravatar.com\/avatar\/4709ec209921503e8d8cc96168eddc49?s=96&d=mm&r=g","caption":"Linkadm"},"url":"https:\/\/www.visiterarles.com\/en\/blog\/author\/admin\/"}]}},"_links":{"self":[{"href":"https:\/\/www.visiterarles.com\/en\/wp-json\/wp\/v2\/posts\/28608"}],"collection":[{"href":"https:\/\/www.visiterarles.com\/en\/wp-json\/wp\/v2\/posts"}],"about":[{"href":"https:\/\/www.visiterarles.com\/en\/wp-json\/wp\/v2\/types\/post"}],"author":[{"embeddable":true,"href":"https:\/\/www.visiterarles.com\/en\/wp-json\/wp\/v2\/users\/1"}],"replies":[{"embeddable":true,"href":"https:\/\/www.visiterarles.com\/en\/wp-json\/wp\/v2\/comments?post=28608"}],"version-history":[{"count":0,"href":"https:\/\/www.visiterarles.com\/en\/wp-json\/wp\/v2\/posts\/28608\/revisions"}],"wp:attachment":[{"href":"https:\/\/www.visiterarles.com\/en\/wp-json\/wp\/v2\/media?parent=28608"}],"wp:term":[{"taxonomy":"category","embeddable":true,"href":"https:\/\/www.visiterarles.com\/en\/wp-json\/wp\/v2\/categories?post=28608"},{"taxonomy":"post_tag","embeddable":true,"href":"https:\/\/www.visiterarles.com\/en\/wp-json\/wp\/v2\/tags?post=28608"}],"curies":[{"name":"wp","href":"https:\/\/api.w.org\/{rel}","templated":true}]}}