{"id":28612,"date":"2015-06-25T12:26:00","date_gmt":"2015-06-25T12:26:00","guid":{"rendered":"http:\/\/www.visiterarles.com\/bon-plan-pour-sortir-arles-meja-la-location-de-vtt-1685\/"},"modified":"2015-06-25T12:26:00","modified_gmt":"2015-06-25T12:26:00","slug":"bon-plan-pour-sortir-arles-meja-la-location-de-vtt-1685","status":"publish","type":"post","link":"https:\/\/www.visiterarles.com\/en\/blog\/2015\/06\/25\/bon-plan-pour-sortir-arles-meja-la-location-de-vtt-1685\/","title":{"rendered":"Bon plan pour sortir Arles Meja : la location de vtt"},"content":{"rendered":"<h4>Pour sortir dans Arles Meja : o\u00f9 trouver un organisme fiable avec location de vtt<\/h4>\n<p>Les hauts lieux sont pl\u00e9thoriques, par cons\u00e9quent, notre location de vtt pour sortir sur Arles Meja vous permettra de jouir au maximum des anciens ateliers sncf, de l&rsquo;ecomus\u00e9e du sel o\u00f9 alors du march\u00e9 de provence. De mani\u00e8re \u00e0 vous aider \u00e0 jouir au maximum de la vie culturelle, avec la sensation d&rsquo;oeuvrer de fa\u00e7on \u00e9cologique, notre <a href=\"http:\/\/www.visiterarles.com\/en\/arles-location-de-vtt-pour-sortir-1628\/\">location de vtt pour sortir sur Arles<\/a> Meja va vous permettre de profiter du moment pr\u00e9sent.<\/p>\n<h4>Arles : une solution \u00e9co-citoyenne : la location de vtt pour sortir<\/h4>\n<p>Faire la d\u00e9couverte du tr\u00e8s beau centre historique par le biais de notre location de vtt pour sortir \u00e0 Arles peut \u00eatre une offre appropri\u00e9e pour chaque personne qui le d\u00e9sire. Au cas o\u00f9 vous vous trouviez \u00e0 Arles, vous pourrez profiter pleinement d\u2019une appr\u00e9ciable location de vtt en toute s\u00e9r\u00e9nit\u00e9. Les visiteurs de tous horizons appr\u00e9cieront notre location de vtt sur Arles, pour sortir qui leur conviendra sans aucun doute.<\/p>","protected":false},"excerpt":{"rendered":"<p>Pour sortir dans Arles Meja : o\u00f9 trouver un organisme fiable avec location de vtt Les hauts lieux sont pl\u00e9thoriques, par cons\u00e9quent, notre location de vtt pour sortir sur Arles Meja vous permettra de jouir au maximum des anciens ateliers sncf, de l&rsquo;ecomus\u00e9e du sel o\u00f9 alors du march\u00e9 de provence. De mani\u00e8re \u00e0 vous [&hellip;]<\/p>","protected":false},"author":1,"featured_media":0,"comment_status":"open","ping_status":"open","sticky":false,"template":"","format":"standard","meta":{"footnotes":""},"categories":[55],"tags":[],"aioseo_notices":[],"yoast_head":"<!-- This site is optimized with the Yoast SEO plugin v22.3 - https:\/\/yoast.com\/wordpress\/plugins\/seo\/ -->\n<title>Bon plan pour sortir Arles Meja : la location de vtt - Visiter Arles<\/title>\n<meta name=\"robots\" content=\"index, follow, max-snippet:-1, max-image-preview:large, max-video-preview:-1\" \/>\n<link rel=\"canonical\" href=\"https:\/\/www.visiterarles.com\/en\/blog\/2015\/06\/25\/bon-plan-pour-sortir-arles-meja-la-location-de-vtt-1685\/\" \/>\n<meta name=\"twitter:label1\" content=\"Written by\" \/>\n\t<meta name=\"twitter:data1\" content=\"Linkadm\" \/>\n\t<meta name=\"twitter:label2\" content=\"Estimated reading time\" \/>\n\t<meta name=\"twitter:data2\" content=\"1 minute\" \/>\n<script type=\"application\/ld+json\" class=\"yoast-schema-graph\">{\"@context\":\"https:\/\/schema.org\",\"@graph\":[{\"@type\":\"Article\",\"@id\":\"https:\/\/www.visiterarles.com\/blog\/2015\/06\/25\/bon-plan-pour-sortir-arles-meja-la-location-de-vtt-1685\/#article\",\"isPartOf\":{\"@id\":\"https:\/\/www.visiterarles.com\/blog\/2015\/06\/25\/bon-plan-pour-sortir-arles-meja-la-location-de-vtt-1685\/\"},\"author\":{\"name\":\"Linkadm\",\"@id\":\"https:\/\/www.visiterarles.com\/en\/#\/schema\/person\/ba5912e4613018f479a2d86815a53576\"},\"headline\":\"Bon plan pour sortir Arles Meja : la location de vtt\",\"datePublished\":\"2015-06-25T12:26:00+00:00\",\"dateModified\":\"2015-06-25T12:26:00+00:00\",\"mainEntityOfPage\":{\"@id\":\"https:\/\/www.visiterarles.com\/blog\/2015\/06\/25\/bon-plan-pour-sortir-arles-meja-la-location-de-vtt-1685\/\"},\"wordCount\":191,\"commentCount\":0,\"publisher\":{\"@id\":\"https:\/\/www.visiterarles.com\/en\/#organization\"},\"articleSection\":[\"Informations\"],\"inLanguage\":\"en-GB\",\"potentialAction\":[{\"@type\":\"CommentAction\",\"name\":\"Comment\",\"target\":[\"https:\/\/www.visiterarles.com\/blog\/2015\/06\/25\/bon-plan-pour-sortir-arles-meja-la-location-de-vtt-1685\/#respond\"]}]},{\"@type\":\"WebPage\",\"@id\":\"https:\/\/www.visiterarles.com\/blog\/2015\/06\/25\/bon-plan-pour-sortir-arles-meja-la-location-de-vtt-1685\/\",\"url\":\"https:\/\/www.visiterarles.com\/blog\/2015\/06\/25\/bon-plan-pour-sortir-arles-meja-la-location-de-vtt-1685\/\",\"name\":\"Bon plan pour sortir Arles Meja : la location de vtt - Visiter Arles\",\"isPartOf\":{\"@id\":\"https:\/\/www.visiterarles.com\/en\/#website\"},\"datePublished\":\"2015-06-25T12:26:00+00:00\",\"dateModified\":\"2015-06-25T12:26:00+00:00\",\"breadcrumb\":{\"@id\":\"https:\/\/www.visiterarles.com\/blog\/2015\/06\/25\/bon-plan-pour-sortir-arles-meja-la-location-de-vtt-1685\/#breadcrumb\"},\"inLanguage\":\"en-GB\",\"potentialAction\":[{\"@type\":\"ReadAction\",\"target\":[\"https:\/\/www.visiterarles.com\/blog\/2015\/06\/25\/bon-plan-pour-sortir-arles-meja-la-location-de-vtt-1685\/\"]}]},{\"@type\":\"BreadcrumbList\",\"@id\":\"https:\/\/www.visiterarles.com\/blog\/2015\/06\/25\/bon-plan-pour-sortir-arles-meja-la-location-de-vtt-1685\/#breadcrumb\",\"itemListElement\":[{\"@type\":\"ListItem\",\"position\":1,\"name\":\"Home\",\"item\":\"https:\/\/www.visiterarles.com\/\"},{\"@type\":\"ListItem\",\"position\":2,\"name\":\"Bon plan pour sortir Arles Meja : la location de vtt\"}]},{\"@type\":\"WebSite\",\"@id\":\"https:\/\/www.visiterarles.com\/en\/#website\",\"url\":\"https:\/\/www.visiterarles.com\/en\/\",\"name\":\"Visiter Arles\",\"description\":\"Tourisme en Provence \u00e0 Arles\",\"publisher\":{\"@id\":\"https:\/\/www.visiterarles.com\/en\/#organization\"},\"potentialAction\":[{\"@type\":\"SearchAction\",\"target\":{\"@type\":\"EntryPoint\",\"urlTemplate\":\"https:\/\/www.visiterarles.com\/en\/?s={search_term_string}\"},\"query-input\":\"required name=search_term_string\"}],\"inLanguage\":\"en-GB\"},{\"@type\":\"Organization\",\"@id\":\"https:\/\/www.visiterarles.com\/en\/#organization\",\"name\":\"Visiter Arles\",\"url\":\"https:\/\/www.visiterarles.com\/en\/\",\"logo\":{\"@type\":\"ImageObject\",\"inLanguage\":\"en-GB\",\"@id\":\"https:\/\/www.visiterarles.com\/en\/#\/schema\/logo\/image\/\",\"url\":\"https:\/\/www.visiterarles.com\/wp-content\/uploads\/2017\/10\/taco-and-co-1-1.jpg\",\"contentUrl\":\"https:\/\/www.visiterarles.com\/wp-content\/uploads\/2017\/10\/taco-and-co-1-1.jpg\",\"width\":124,\"height\":73,\"caption\":\"Visiter Arles\"},\"image\":{\"@id\":\"https:\/\/www.visiterarles.com\/en\/#\/schema\/logo\/image\/\"}},{\"@type\":\"Person\",\"@id\":\"https:\/\/www.visiterarles.com\/en\/#\/schema\/person\/ba5912e4613018f479a2d86815a53576\",\"name\":\"Linkadm\",\"image\":{\"@type\":\"ImageObject\",\"inLanguage\":\"en-GB\",\"@id\":\"https:\/\/www.visiterarles.com\/en\/#\/schema\/person\/image\/\",\"url\":\"https:\/\/secure.gravatar.com\/avatar\/4709ec209921503e8d8cc96168eddc49?s=96&d=mm&r=g\",\"contentUrl\":\"https:\/\/secure.gravatar.com\/avatar\/4709ec209921503e8d8cc96168eddc49?s=96&d=mm&r=g\",\"caption\":\"Linkadm\"},\"url\":\"https:\/\/www.visiterarles.com\/en\/blog\/author\/admin\/\"}]}<\/script>\n<!-- \/ Yoast SEO plugin. -->","yoast_head_json":{"title":"Bon plan pour sortir Arles Meja : la location de vtt - Visiter Arles","robots":{"index":"index","follow":"follow","max-snippet":"max-snippet:-1","max-image-preview":"max-image-preview:large","max-video-preview":"max-video-preview:-1"},"canonical":"https:\/\/www.visiterarles.com\/en\/blog\/2015\/06\/25\/bon-plan-pour-sortir-arles-meja-la-location-de-vtt-1685\/","twitter_misc":{"Written by":"Linkadm","Estimated reading time":"1 minute"},"schema":{"@context":"https:\/\/schema.org","@graph":[{"@type":"Article","@id":"https:\/\/www.visiterarles.com\/blog\/2015\/06\/25\/bon-plan-pour-sortir-arles-meja-la-location-de-vtt-1685\/#article","isPartOf":{"@id":"https:\/\/www.visiterarles.com\/blog\/2015\/06\/25\/bon-plan-pour-sortir-arles-meja-la-location-de-vtt-1685\/"},"author":{"name":"Linkadm","@id":"https:\/\/www.visiterarles.com\/en\/#\/schema\/person\/ba5912e4613018f479a2d86815a53576"},"headline":"Bon plan pour sortir Arles Meja : la location de vtt","datePublished":"2015-06-25T12:26:00+00:00","dateModified":"2015-06-25T12:26:00+00:00","mainEntityOfPage":{"@id":"https:\/\/www.visiterarles.com\/blog\/2015\/06\/25\/bon-plan-pour-sortir-arles-meja-la-location-de-vtt-1685\/"},"wordCount":191,"commentCount":0,"publisher":{"@id":"https:\/\/www.visiterarles.com\/en\/#organization"},"articleSection":["Informations"],"inLanguage":"en-GB","potentialAction":[{"@type":"CommentAction","name":"Comment","target":["https:\/\/www.visiterarles.com\/blog\/2015\/06\/25\/bon-plan-pour-sortir-arles-meja-la-location-de-vtt-1685\/#respond"]}]},{"@type":"WebPage","@id":"https:\/\/www.visiterarles.com\/blog\/2015\/06\/25\/bon-plan-pour-sortir-arles-meja-la-location-de-vtt-1685\/","url":"https:\/\/www.visiterarles.com\/blog\/2015\/06\/25\/bon-plan-pour-sortir-arles-meja-la-location-de-vtt-1685\/","name":"Bon plan pour sortir Arles Meja : la location de vtt - Visiter Arles","isPartOf":{"@id":"https:\/\/www.visiterarles.com\/en\/#website"},"datePublished":"2015-06-25T12:26:00+00:00","dateModified":"2015-06-25T12:26:00+00:00","breadcrumb":{"@id":"https:\/\/www.visiterarles.com\/blog\/2015\/06\/25\/bon-plan-pour-sortir-arles-meja-la-location-de-vtt-1685\/#breadcrumb"},"inLanguage":"en-GB","potentialAction":[{"@type":"ReadAction","target":["https:\/\/www.visiterarles.com\/blog\/2015\/06\/25\/bon-plan-pour-sortir-arles-meja-la-location-de-vtt-1685\/"]}]},{"@type":"BreadcrumbList","@id":"https:\/\/www.visiterarles.com\/blog\/2015\/06\/25\/bon-plan-pour-sortir-arles-meja-la-location-de-vtt-1685\/#breadcrumb","itemListElement":[{"@type":"ListItem","position":1,"name":"Home","item":"https:\/\/www.visiterarles.com\/"},{"@type":"ListItem","position":2,"name":"Bon plan pour sortir Arles Meja : la location de vtt"}]},{"@type":"WebSite","@id":"https:\/\/www.visiterarles.com\/en\/#website","url":"https:\/\/www.visiterarles.com\/en\/","name":"Visiter Arles","description":"Tourisme en Provence \u00e0 Arles","publisher":{"@id":"https:\/\/www.visiterarles.com\/en\/#organization"},"potentialAction":[{"@type":"SearchAction","target":{"@type":"EntryPoint","urlTemplate":"https:\/\/www.visiterarles.com\/en\/?s={search_term_string}"},"query-input":"required name=search_term_string"}],"inLanguage":"en-GB"},{"@type":"Organization","@id":"https:\/\/www.visiterarles.com\/en\/#organization","name":"Visiter Arles","url":"https:\/\/www.visiterarles.com\/en\/","logo":{"@type":"ImageObject","inLanguage":"en-GB","@id":"https:\/\/www.visiterarles.com\/en\/#\/schema\/logo\/image\/","url":"https:\/\/www.visiterarles.com\/wp-content\/uploads\/2017\/10\/taco-and-co-1-1.jpg","contentUrl":"https:\/\/www.visiterarles.com\/wp-content\/uploads\/2017\/10\/taco-and-co-1-1.jpg","width":124,"height":73,"caption":"Visiter Arles"},"image":{"@id":"https:\/\/www.visiterarles.com\/en\/#\/schema\/logo\/image\/"}},{"@type":"Person","@id":"https:\/\/www.visiterarles.com\/en\/#\/schema\/person\/ba5912e4613018f479a2d86815a53576","name":"Linkadm","image":{"@type":"ImageObject","inLanguage":"en-GB","@id":"https:\/\/www.visiterarles.com\/en\/#\/schema\/person\/image\/","url":"https:\/\/secure.gravatar.com\/avatar\/4709ec209921503e8d8cc96168eddc49?s=96&d=mm&r=g","contentUrl":"https:\/\/secure.gravatar.com\/avatar\/4709ec209921503e8d8cc96168eddc49?s=96&d=mm&r=g","caption":"Linkadm"},"url":"https:\/\/www.visiterarles.com\/en\/blog\/author\/admin\/"}]}},"_links":{"self":[{"href":"https:\/\/www.visiterarles.com\/en\/wp-json\/wp\/v2\/posts\/28612"}],"collection":[{"href":"https:\/\/www.visiterarles.com\/en\/wp-json\/wp\/v2\/posts"}],"about":[{"href":"https:\/\/www.visiterarles.com\/en\/wp-json\/wp\/v2\/types\/post"}],"author":[{"embeddable":true,"href":"https:\/\/www.visiterarles.com\/en\/wp-json\/wp\/v2\/users\/1"}],"replies":[{"embeddable":true,"href":"https:\/\/www.visiterarles.com\/en\/wp-json\/wp\/v2\/comments?post=28612"}],"version-history":[{"count":0,"href":"https:\/\/www.visiterarles.com\/en\/wp-json\/wp\/v2\/posts\/28612\/revisions"}],"wp:attachment":[{"href":"https:\/\/www.visiterarles.com\/en\/wp-json\/wp\/v2\/media?parent=28612"}],"wp:term":[{"taxonomy":"category","embeddable":true,"href":"https:\/\/www.visiterarles.com\/en\/wp-json\/wp\/v2\/categories?post=28612"},{"taxonomy":"post_tag","embeddable":true,"href":"https:\/\/www.visiterarles.com\/en\/wp-json\/wp\/v2\/tags?post=28612"}],"curies":[{"name":"wp","href":"https:\/\/api.w.org\/{rel}","templated":true}]}}