{"id":28613,"date":"2015-06-26T16:13:00","date_gmt":"2015-06-26T16:13:00","guid":{"rendered":"http:\/\/www.visiterarles.com\/arles-les-alyscs-selectionner-votre-location-de-vtt-pour-sortir-1130\/"},"modified":"2015-06-26T16:13:00","modified_gmt":"2015-06-26T16:13:00","slug":"arles-les-alyscs-selectionner-votre-location-de-vtt-pour-sortir-1130","status":"publish","type":"post","link":"https:\/\/www.visiterarles.com\/en\/blog\/2015\/06\/26\/arles-les-alyscs-selectionner-votre-location-de-vtt-pour-sortir-1130\/","title":{"rendered":"Arles les Alyscamps : s\u00e9lectionner votre location de vtt pour sortir"},"content":{"rendered":"<h4>Votre location de vtt sur Arles les Alyscamps, pour sortir avec V\u00e9lo-Taco<\/h4>\n<p>Arles est une ville magnifique, les manifestations culturelles, ainsi que les lieux de prestige, comme les thermes de constantin, le marais du vigueirat o\u00f9 alors la tour des mourgues poussent \u00e0 tous les coins de rue. V\u00e9lo Taco, pour vous assister pour profiter pleinement de l\u2019existence, ne manquera pas de vous pr\u00e9senter, avec l&rsquo;impression d&rsquo;oeuvrer d&rsquo;une fa\u00e7on \u00e9co-responsable, le plus pertinent des richesses de la ville au sein de cette ville exceptionnelle, par le biais d&rsquo;une <a href=\"http:\/\/www.visiterarles.com\/en\/arles-location-de-vtt-pour-sortir-1628\/\">location de vtt pour sortir Arles<\/a> les Alyscamps.<\/p>\n<h4>Pourquoi s\u00e9lectionner notre location de vtt pour sortir \u00e0 Arles :<\/h4>\n<p>D\u00e9couvrir le majestueux capital de la commune par le biais de notre location de vtt pour sortir \u00e0 Arles peut s&rsquo;av\u00e9rer \u00eatre une offre adapt\u00e9e pour chaque personne qui le souhaite. O\u00f9 que vous vous av\u00e9riez \u00eatre \u00e0 Arles, vous pourrez jouir totalement d\u2019une agr\u00e9able location de vtt en toute s\u00e9r\u00e9nit\u00e9. Les clients de tous horizons aimeront notre location de vtt sur Arles, pour sortir qui leur conviendra incontestablement.<\/p>","protected":false},"excerpt":{"rendered":"<p>Votre location de vtt sur Arles les Alyscamps, pour sortir avec V\u00e9lo-Taco Arles est une ville magnifique, les manifestations culturelles, ainsi que les lieux de prestige, comme les thermes de constantin, le marais du vigueirat o\u00f9 alors la tour des mourgues poussent \u00e0 tous les coins de rue. V\u00e9lo Taco, pour vous assister pour profiter [&hellip;]<\/p>","protected":false},"author":1,"featured_media":0,"comment_status":"open","ping_status":"open","sticky":false,"template":"","format":"standard","meta":{"footnotes":""},"categories":[55],"tags":[],"aioseo_notices":[],"yoast_head":"<!-- This site is optimized with the Yoast SEO plugin v22.3 - https:\/\/yoast.com\/wordpress\/plugins\/seo\/ -->\n<title>Arles les Alyscamps : s\u00e9lectionner votre location de vtt pour sortir - Visiter Arles<\/title>\n<meta name=\"robots\" content=\"index, follow, max-snippet:-1, max-image-preview:large, max-video-preview:-1\" \/>\n<link rel=\"canonical\" href=\"https:\/\/www.visiterarles.com\/en\/blog\/2015\/06\/26\/arles-les-alyscs-selectionner-votre-location-de-vtt-pour-sortir-1130\/\" \/>\n<meta name=\"twitter:label1\" content=\"Written by\" \/>\n\t<meta name=\"twitter:data1\" content=\"Linkadm\" \/>\n\t<meta name=\"twitter:label2\" content=\"Estimated reading time\" \/>\n\t<meta name=\"twitter:data2\" content=\"1 minute\" \/>\n<script type=\"application\/ld+json\" class=\"yoast-schema-graph\">{\"@context\":\"https:\/\/schema.org\",\"@graph\":[{\"@type\":\"Article\",\"@id\":\"https:\/\/www.visiterarles.com\/blog\/2015\/06\/26\/arles-les-alyscs-selectionner-votre-location-de-vtt-pour-sortir-1130\/#article\",\"isPartOf\":{\"@id\":\"https:\/\/www.visiterarles.com\/blog\/2015\/06\/26\/arles-les-alyscs-selectionner-votre-location-de-vtt-pour-sortir-1130\/\"},\"author\":{\"name\":\"Linkadm\",\"@id\":\"https:\/\/www.visiterarles.com\/en\/#\/schema\/person\/ba5912e4613018f479a2d86815a53576\"},\"headline\":\"Arles les Alyscamps : s\u00e9lectionner votre location de vtt pour sortir\",\"datePublished\":\"2015-06-26T16:13:00+00:00\",\"dateModified\":\"2015-06-26T16:13:00+00:00\",\"mainEntityOfPage\":{\"@id\":\"https:\/\/www.visiterarles.com\/blog\/2015\/06\/26\/arles-les-alyscs-selectionner-votre-location-de-vtt-pour-sortir-1130\/\"},\"wordCount\":201,\"commentCount\":0,\"publisher\":{\"@id\":\"https:\/\/www.visiterarles.com\/en\/#organization\"},\"articleSection\":[\"Informations\"],\"inLanguage\":\"en-GB\",\"potentialAction\":[{\"@type\":\"CommentAction\",\"name\":\"Comment\",\"target\":[\"https:\/\/www.visiterarles.com\/blog\/2015\/06\/26\/arles-les-alyscs-selectionner-votre-location-de-vtt-pour-sortir-1130\/#respond\"]}]},{\"@type\":\"WebPage\",\"@id\":\"https:\/\/www.visiterarles.com\/blog\/2015\/06\/26\/arles-les-alyscs-selectionner-votre-location-de-vtt-pour-sortir-1130\/\",\"url\":\"https:\/\/www.visiterarles.com\/blog\/2015\/06\/26\/arles-les-alyscs-selectionner-votre-location-de-vtt-pour-sortir-1130\/\",\"name\":\"Arles les Alyscamps : s\u00e9lectionner votre location de vtt pour sortir - Visiter Arles\",\"isPartOf\":{\"@id\":\"https:\/\/www.visiterarles.com\/en\/#website\"},\"datePublished\":\"2015-06-26T16:13:00+00:00\",\"dateModified\":\"2015-06-26T16:13:00+00:00\",\"breadcrumb\":{\"@id\":\"https:\/\/www.visiterarles.com\/blog\/2015\/06\/26\/arles-les-alyscs-selectionner-votre-location-de-vtt-pour-sortir-1130\/#breadcrumb\"},\"inLanguage\":\"en-GB\",\"potentialAction\":[{\"@type\":\"ReadAction\",\"target\":[\"https:\/\/www.visiterarles.com\/blog\/2015\/06\/26\/arles-les-alyscs-selectionner-votre-location-de-vtt-pour-sortir-1130\/\"]}]},{\"@type\":\"BreadcrumbList\",\"@id\":\"https:\/\/www.visiterarles.com\/blog\/2015\/06\/26\/arles-les-alyscs-selectionner-votre-location-de-vtt-pour-sortir-1130\/#breadcrumb\",\"itemListElement\":[{\"@type\":\"ListItem\",\"position\":1,\"name\":\"Home\",\"item\":\"https:\/\/www.visiterarles.com\/\"},{\"@type\":\"ListItem\",\"position\":2,\"name\":\"Arles les Alyscamps : s\u00e9lectionner votre location de vtt pour sortir\"}]},{\"@type\":\"WebSite\",\"@id\":\"https:\/\/www.visiterarles.com\/en\/#website\",\"url\":\"https:\/\/www.visiterarles.com\/en\/\",\"name\":\"Visiter Arles\",\"description\":\"Tourisme en Provence \u00e0 Arles\",\"publisher\":{\"@id\":\"https:\/\/www.visiterarles.com\/en\/#organization\"},\"potentialAction\":[{\"@type\":\"SearchAction\",\"target\":{\"@type\":\"EntryPoint\",\"urlTemplate\":\"https:\/\/www.visiterarles.com\/en\/?s={search_term_string}\"},\"query-input\":\"required name=search_term_string\"}],\"inLanguage\":\"en-GB\"},{\"@type\":\"Organization\",\"@id\":\"https:\/\/www.visiterarles.com\/en\/#organization\",\"name\":\"Visiter Arles\",\"url\":\"https:\/\/www.visiterarles.com\/en\/\",\"logo\":{\"@type\":\"ImageObject\",\"inLanguage\":\"en-GB\",\"@id\":\"https:\/\/www.visiterarles.com\/en\/#\/schema\/logo\/image\/\",\"url\":\"https:\/\/www.visiterarles.com\/wp-content\/uploads\/2017\/10\/taco-and-co-1-1.jpg\",\"contentUrl\":\"https:\/\/www.visiterarles.com\/wp-content\/uploads\/2017\/10\/taco-and-co-1-1.jpg\",\"width\":124,\"height\":73,\"caption\":\"Visiter Arles\"},\"image\":{\"@id\":\"https:\/\/www.visiterarles.com\/en\/#\/schema\/logo\/image\/\"}},{\"@type\":\"Person\",\"@id\":\"https:\/\/www.visiterarles.com\/en\/#\/schema\/person\/ba5912e4613018f479a2d86815a53576\",\"name\":\"Linkadm\",\"image\":{\"@type\":\"ImageObject\",\"inLanguage\":\"en-GB\",\"@id\":\"https:\/\/www.visiterarles.com\/en\/#\/schema\/person\/image\/\",\"url\":\"https:\/\/secure.gravatar.com\/avatar\/4709ec209921503e8d8cc96168eddc49?s=96&d=mm&r=g\",\"contentUrl\":\"https:\/\/secure.gravatar.com\/avatar\/4709ec209921503e8d8cc96168eddc49?s=96&d=mm&r=g\",\"caption\":\"Linkadm\"},\"url\":\"https:\/\/www.visiterarles.com\/en\/blog\/author\/admin\/\"}]}<\/script>\n<!-- \/ Yoast SEO plugin. -->","yoast_head_json":{"title":"Arles les Alyscamps : s\u00e9lectionner votre location de vtt pour sortir - Visiter Arles","robots":{"index":"index","follow":"follow","max-snippet":"max-snippet:-1","max-image-preview":"max-image-preview:large","max-video-preview":"max-video-preview:-1"},"canonical":"https:\/\/www.visiterarles.com\/en\/blog\/2015\/06\/26\/arles-les-alyscs-selectionner-votre-location-de-vtt-pour-sortir-1130\/","twitter_misc":{"Written by":"Linkadm","Estimated reading time":"1 minute"},"schema":{"@context":"https:\/\/schema.org","@graph":[{"@type":"Article","@id":"https:\/\/www.visiterarles.com\/blog\/2015\/06\/26\/arles-les-alyscs-selectionner-votre-location-de-vtt-pour-sortir-1130\/#article","isPartOf":{"@id":"https:\/\/www.visiterarles.com\/blog\/2015\/06\/26\/arles-les-alyscs-selectionner-votre-location-de-vtt-pour-sortir-1130\/"},"author":{"name":"Linkadm","@id":"https:\/\/www.visiterarles.com\/en\/#\/schema\/person\/ba5912e4613018f479a2d86815a53576"},"headline":"Arles les Alyscamps : s\u00e9lectionner votre location de vtt pour sortir","datePublished":"2015-06-26T16:13:00+00:00","dateModified":"2015-06-26T16:13:00+00:00","mainEntityOfPage":{"@id":"https:\/\/www.visiterarles.com\/blog\/2015\/06\/26\/arles-les-alyscs-selectionner-votre-location-de-vtt-pour-sortir-1130\/"},"wordCount":201,"commentCount":0,"publisher":{"@id":"https:\/\/www.visiterarles.com\/en\/#organization"},"articleSection":["Informations"],"inLanguage":"en-GB","potentialAction":[{"@type":"CommentAction","name":"Comment","target":["https:\/\/www.visiterarles.com\/blog\/2015\/06\/26\/arles-les-alyscs-selectionner-votre-location-de-vtt-pour-sortir-1130\/#respond"]}]},{"@type":"WebPage","@id":"https:\/\/www.visiterarles.com\/blog\/2015\/06\/26\/arles-les-alyscs-selectionner-votre-location-de-vtt-pour-sortir-1130\/","url":"https:\/\/www.visiterarles.com\/blog\/2015\/06\/26\/arles-les-alyscs-selectionner-votre-location-de-vtt-pour-sortir-1130\/","name":"Arles les Alyscamps : s\u00e9lectionner votre location de vtt pour sortir - Visiter Arles","isPartOf":{"@id":"https:\/\/www.visiterarles.com\/en\/#website"},"datePublished":"2015-06-26T16:13:00+00:00","dateModified":"2015-06-26T16:13:00+00:00","breadcrumb":{"@id":"https:\/\/www.visiterarles.com\/blog\/2015\/06\/26\/arles-les-alyscs-selectionner-votre-location-de-vtt-pour-sortir-1130\/#breadcrumb"},"inLanguage":"en-GB","potentialAction":[{"@type":"ReadAction","target":["https:\/\/www.visiterarles.com\/blog\/2015\/06\/26\/arles-les-alyscs-selectionner-votre-location-de-vtt-pour-sortir-1130\/"]}]},{"@type":"BreadcrumbList","@id":"https:\/\/www.visiterarles.com\/blog\/2015\/06\/26\/arles-les-alyscs-selectionner-votre-location-de-vtt-pour-sortir-1130\/#breadcrumb","itemListElement":[{"@type":"ListItem","position":1,"name":"Home","item":"https:\/\/www.visiterarles.com\/"},{"@type":"ListItem","position":2,"name":"Arles les Alyscamps : s\u00e9lectionner votre location de vtt pour sortir"}]},{"@type":"WebSite","@id":"https:\/\/www.visiterarles.com\/en\/#website","url":"https:\/\/www.visiterarles.com\/en\/","name":"Visiter Arles","description":"Tourisme en Provence \u00e0 Arles","publisher":{"@id":"https:\/\/www.visiterarles.com\/en\/#organization"},"potentialAction":[{"@type":"SearchAction","target":{"@type":"EntryPoint","urlTemplate":"https:\/\/www.visiterarles.com\/en\/?s={search_term_string}"},"query-input":"required name=search_term_string"}],"inLanguage":"en-GB"},{"@type":"Organization","@id":"https:\/\/www.visiterarles.com\/en\/#organization","name":"Visiter Arles","url":"https:\/\/www.visiterarles.com\/en\/","logo":{"@type":"ImageObject","inLanguage":"en-GB","@id":"https:\/\/www.visiterarles.com\/en\/#\/schema\/logo\/image\/","url":"https:\/\/www.visiterarles.com\/wp-content\/uploads\/2017\/10\/taco-and-co-1-1.jpg","contentUrl":"https:\/\/www.visiterarles.com\/wp-content\/uploads\/2017\/10\/taco-and-co-1-1.jpg","width":124,"height":73,"caption":"Visiter Arles"},"image":{"@id":"https:\/\/www.visiterarles.com\/en\/#\/schema\/logo\/image\/"}},{"@type":"Person","@id":"https:\/\/www.visiterarles.com\/en\/#\/schema\/person\/ba5912e4613018f479a2d86815a53576","name":"Linkadm","image":{"@type":"ImageObject","inLanguage":"en-GB","@id":"https:\/\/www.visiterarles.com\/en\/#\/schema\/person\/image\/","url":"https:\/\/secure.gravatar.com\/avatar\/4709ec209921503e8d8cc96168eddc49?s=96&d=mm&r=g","contentUrl":"https:\/\/secure.gravatar.com\/avatar\/4709ec209921503e8d8cc96168eddc49?s=96&d=mm&r=g","caption":"Linkadm"},"url":"https:\/\/www.visiterarles.com\/en\/blog\/author\/admin\/"}]}},"_links":{"self":[{"href":"https:\/\/www.visiterarles.com\/en\/wp-json\/wp\/v2\/posts\/28613"}],"collection":[{"href":"https:\/\/www.visiterarles.com\/en\/wp-json\/wp\/v2\/posts"}],"about":[{"href":"https:\/\/www.visiterarles.com\/en\/wp-json\/wp\/v2\/types\/post"}],"author":[{"embeddable":true,"href":"https:\/\/www.visiterarles.com\/en\/wp-json\/wp\/v2\/users\/1"}],"replies":[{"embeddable":true,"href":"https:\/\/www.visiterarles.com\/en\/wp-json\/wp\/v2\/comments?post=28613"}],"version-history":[{"count":0,"href":"https:\/\/www.visiterarles.com\/en\/wp-json\/wp\/v2\/posts\/28613\/revisions"}],"wp:attachment":[{"href":"https:\/\/www.visiterarles.com\/en\/wp-json\/wp\/v2\/media?parent=28613"}],"wp:term":[{"taxonomy":"category","embeddable":true,"href":"https:\/\/www.visiterarles.com\/en\/wp-json\/wp\/v2\/categories?post=28613"},{"taxonomy":"post_tag","embeddable":true,"href":"https:\/\/www.visiterarles.com\/en\/wp-json\/wp\/v2\/tags?post=28613"}],"curies":[{"name":"wp","href":"https:\/\/api.w.org\/{rel}","templated":true}]}}