{"id":28638,"date":"2015-07-11T14:20:00","date_gmt":"2015-07-11T14:20:00","guid":{"rendered":"http:\/\/www.visiterarles.com\/reperer-une-location-de-vtt-en-famille-arles-meja-931\/"},"modified":"2015-07-11T14:20:00","modified_gmt":"2015-07-11T14:20:00","slug":"reperer-une-location-de-vtt-en-famille-arles-meja-931","status":"publish","type":"post","link":"https:\/\/www.visiterarles.com\/en\/blog\/2015\/07\/11\/reperer-une-location-de-vtt-en-famille-arles-meja-931\/","title":{"rendered":"Rep\u00e9rer une location de vtt en famille Arles Meja"},"content":{"rendered":"<h4>O\u00f9 d\u00e9nicher une location de vtt en famille dans Arles Meja<\/h4>\n<p>Les tours de la cavalerie, le marais du vigueirat o\u00f9 la tour des mourgues, par le biais de notre location de vtt en famille Arles Meja, sont des hauts lieux que vous ne sauriez manquer dans cette commune magnifique. Pour offrir la facult\u00e9 de pleinement profiter du meilleur de la culture, avec l&rsquo;impression d&rsquo;\u0153uvrer d&rsquo;une fa\u00e7on \u00e9co-responsable, une location de vtt en famille Arles Meja va vous permettre de jouir pleinement de la vie.<\/p>\n<h4>Arles : une option respectueuse de l&rsquo;environnement : la location de vtt en famille<\/h4>\n<p>D\u00e9couvrir le ravissant centre historique par le biais de notre location de vtt en famille \u00e0 Arles peut s&rsquo;av\u00e9rer \u00eatre une offre efficace pour toute personne qui le d\u00e9sire. Peu importe o\u00f9 vous vous av\u00e9riez \u00eatre au sein d\u2019Arles, vous pourrez profiter pleinement d\u2019une agr\u00e9able location de vtt en toute qui\u00e9tude. Une <a href=\"http:\/\/www.visiterarles.com\/en\/votre-location-de-vtt-en-famille-au-sein-darles-1980\/\">location de vtt sur Arles<\/a>, en famille peut s&rsquo;av\u00e9rer \u00eatre une offre qui correspondra \u00e0 tous ainsi qu\u2019aux passionn\u00e9s de tourisme.<\/p>","protected":false},"excerpt":{"rendered":"<p>O\u00f9 d\u00e9nicher une location de vtt en famille dans Arles Meja Les tours de la cavalerie, le marais du vigueirat o\u00f9 la tour des mourgues, par le biais de notre location de vtt en famille Arles Meja, sont des hauts lieux que vous ne sauriez manquer dans cette commune magnifique. Pour offrir la facult\u00e9 de [&hellip;]<\/p>","protected":false},"author":1,"featured_media":0,"comment_status":"open","ping_status":"open","sticky":false,"template":"","format":"standard","meta":{"footnotes":""},"categories":[55],"tags":[],"aioseo_notices":[],"yoast_head":"<!-- This site is optimized with the Yoast SEO plugin v22.3 - https:\/\/yoast.com\/wordpress\/plugins\/seo\/ -->\n<title>Rep\u00e9rer une location de vtt en famille Arles Meja - Visiter Arles<\/title>\n<meta name=\"robots\" content=\"index, follow, max-snippet:-1, max-image-preview:large, max-video-preview:-1\" \/>\n<link rel=\"canonical\" href=\"https:\/\/www.visiterarles.com\/en\/blog\/2015\/07\/11\/reperer-une-location-de-vtt-en-famille-arles-meja-931\/\" \/>\n<meta name=\"twitter:label1\" content=\"Written by\" \/>\n\t<meta name=\"twitter:data1\" content=\"Linkadm\" \/>\n\t<meta name=\"twitter:label2\" content=\"Estimated reading time\" \/>\n\t<meta name=\"twitter:data2\" content=\"1 minute\" \/>\n<script type=\"application\/ld+json\" class=\"yoast-schema-graph\">{\"@context\":\"https:\/\/schema.org\",\"@graph\":[{\"@type\":\"Article\",\"@id\":\"https:\/\/www.visiterarles.com\/en\/blog\/2015\/07\/11\/reperer-une-location-de-vtt-en-famille-arles-meja-931\/#article\",\"isPartOf\":{\"@id\":\"https:\/\/www.visiterarles.com\/en\/blog\/2015\/07\/11\/reperer-une-location-de-vtt-en-famille-arles-meja-931\/\"},\"author\":{\"name\":\"Linkadm\",\"@id\":\"https:\/\/www.visiterarles.com\/en\/#\/schema\/person\/ba5912e4613018f479a2d86815a53576\"},\"headline\":\"Rep\u00e9rer une location de vtt en famille Arles Meja\",\"datePublished\":\"2015-07-11T14:20:00+00:00\",\"dateModified\":\"2015-07-11T14:20:00+00:00\",\"mainEntityOfPage\":{\"@id\":\"https:\/\/www.visiterarles.com\/en\/blog\/2015\/07\/11\/reperer-une-location-de-vtt-en-famille-arles-meja-931\/\"},\"wordCount\":197,\"commentCount\":0,\"publisher\":{\"@id\":\"https:\/\/www.visiterarles.com\/en\/#organization\"},\"articleSection\":[\"Informations\"],\"inLanguage\":\"en-GB\",\"potentialAction\":[{\"@type\":\"CommentAction\",\"name\":\"Comment\",\"target\":[\"https:\/\/www.visiterarles.com\/en\/blog\/2015\/07\/11\/reperer-une-location-de-vtt-en-famille-arles-meja-931\/#respond\"]}]},{\"@type\":\"WebPage\",\"@id\":\"https:\/\/www.visiterarles.com\/en\/blog\/2015\/07\/11\/reperer-une-location-de-vtt-en-famille-arles-meja-931\/\",\"url\":\"https:\/\/www.visiterarles.com\/en\/blog\/2015\/07\/11\/reperer-une-location-de-vtt-en-famille-arles-meja-931\/\",\"name\":\"Rep\u00e9rer une location de vtt en famille Arles Meja - Visiter Arles\",\"isPartOf\":{\"@id\":\"https:\/\/www.visiterarles.com\/en\/#website\"},\"datePublished\":\"2015-07-11T14:20:00+00:00\",\"dateModified\":\"2015-07-11T14:20:00+00:00\",\"breadcrumb\":{\"@id\":\"https:\/\/www.visiterarles.com\/en\/blog\/2015\/07\/11\/reperer-une-location-de-vtt-en-famille-arles-meja-931\/#breadcrumb\"},\"inLanguage\":\"en-GB\",\"potentialAction\":[{\"@type\":\"ReadAction\",\"target\":[\"https:\/\/www.visiterarles.com\/en\/blog\/2015\/07\/11\/reperer-une-location-de-vtt-en-famille-arles-meja-931\/\"]}]},{\"@type\":\"BreadcrumbList\",\"@id\":\"https:\/\/www.visiterarles.com\/en\/blog\/2015\/07\/11\/reperer-une-location-de-vtt-en-famille-arles-meja-931\/#breadcrumb\",\"itemListElement\":[{\"@type\":\"ListItem\",\"position\":1,\"name\":\"Home\",\"item\":\"https:\/\/www.visiterarles.com\/\"},{\"@type\":\"ListItem\",\"position\":2,\"name\":\"Rep\u00e9rer une location de vtt en famille Arles Meja\"}]},{\"@type\":\"WebSite\",\"@id\":\"https:\/\/www.visiterarles.com\/en\/#website\",\"url\":\"https:\/\/www.visiterarles.com\/en\/\",\"name\":\"Visiter Arles\",\"description\":\"Tourisme en Provence \u00e0 Arles\",\"publisher\":{\"@id\":\"https:\/\/www.visiterarles.com\/en\/#organization\"},\"potentialAction\":[{\"@type\":\"SearchAction\",\"target\":{\"@type\":\"EntryPoint\",\"urlTemplate\":\"https:\/\/www.visiterarles.com\/en\/?s={search_term_string}\"},\"query-input\":\"required name=search_term_string\"}],\"inLanguage\":\"en-GB\"},{\"@type\":\"Organization\",\"@id\":\"https:\/\/www.visiterarles.com\/en\/#organization\",\"name\":\"Visiter Arles\",\"url\":\"https:\/\/www.visiterarles.com\/en\/\",\"logo\":{\"@type\":\"ImageObject\",\"inLanguage\":\"en-GB\",\"@id\":\"https:\/\/www.visiterarles.com\/en\/#\/schema\/logo\/image\/\",\"url\":\"https:\/\/www.visiterarles.com\/wp-content\/uploads\/2017\/10\/taco-and-co-1-1.jpg\",\"contentUrl\":\"https:\/\/www.visiterarles.com\/wp-content\/uploads\/2017\/10\/taco-and-co-1-1.jpg\",\"width\":124,\"height\":73,\"caption\":\"Visiter Arles\"},\"image\":{\"@id\":\"https:\/\/www.visiterarles.com\/en\/#\/schema\/logo\/image\/\"}},{\"@type\":\"Person\",\"@id\":\"https:\/\/www.visiterarles.com\/en\/#\/schema\/person\/ba5912e4613018f479a2d86815a53576\",\"name\":\"Linkadm\",\"image\":{\"@type\":\"ImageObject\",\"inLanguage\":\"en-GB\",\"@id\":\"https:\/\/www.visiterarles.com\/en\/#\/schema\/person\/image\/\",\"url\":\"https:\/\/secure.gravatar.com\/avatar\/4709ec209921503e8d8cc96168eddc49?s=96&d=mm&r=g\",\"contentUrl\":\"https:\/\/secure.gravatar.com\/avatar\/4709ec209921503e8d8cc96168eddc49?s=96&d=mm&r=g\",\"caption\":\"Linkadm\"},\"url\":\"https:\/\/www.visiterarles.com\/en\/blog\/author\/admin\/\"}]}<\/script>\n<!-- \/ Yoast SEO plugin. -->","yoast_head_json":{"title":"Rep\u00e9rer une location de vtt en famille Arles Meja - Visiter Arles","robots":{"index":"index","follow":"follow","max-snippet":"max-snippet:-1","max-image-preview":"max-image-preview:large","max-video-preview":"max-video-preview:-1"},"canonical":"https:\/\/www.visiterarles.com\/en\/blog\/2015\/07\/11\/reperer-une-location-de-vtt-en-famille-arles-meja-931\/","twitter_misc":{"Written by":"Linkadm","Estimated reading time":"1 minute"},"schema":{"@context":"https:\/\/schema.org","@graph":[{"@type":"Article","@id":"https:\/\/www.visiterarles.com\/en\/blog\/2015\/07\/11\/reperer-une-location-de-vtt-en-famille-arles-meja-931\/#article","isPartOf":{"@id":"https:\/\/www.visiterarles.com\/en\/blog\/2015\/07\/11\/reperer-une-location-de-vtt-en-famille-arles-meja-931\/"},"author":{"name":"Linkadm","@id":"https:\/\/www.visiterarles.com\/en\/#\/schema\/person\/ba5912e4613018f479a2d86815a53576"},"headline":"Rep\u00e9rer une location de vtt en famille Arles Meja","datePublished":"2015-07-11T14:20:00+00:00","dateModified":"2015-07-11T14:20:00+00:00","mainEntityOfPage":{"@id":"https:\/\/www.visiterarles.com\/en\/blog\/2015\/07\/11\/reperer-une-location-de-vtt-en-famille-arles-meja-931\/"},"wordCount":197,"commentCount":0,"publisher":{"@id":"https:\/\/www.visiterarles.com\/en\/#organization"},"articleSection":["Informations"],"inLanguage":"en-GB","potentialAction":[{"@type":"CommentAction","name":"Comment","target":["https:\/\/www.visiterarles.com\/en\/blog\/2015\/07\/11\/reperer-une-location-de-vtt-en-famille-arles-meja-931\/#respond"]}]},{"@type":"WebPage","@id":"https:\/\/www.visiterarles.com\/en\/blog\/2015\/07\/11\/reperer-une-location-de-vtt-en-famille-arles-meja-931\/","url":"https:\/\/www.visiterarles.com\/en\/blog\/2015\/07\/11\/reperer-une-location-de-vtt-en-famille-arles-meja-931\/","name":"Rep\u00e9rer une location de vtt en famille Arles Meja - Visiter Arles","isPartOf":{"@id":"https:\/\/www.visiterarles.com\/en\/#website"},"datePublished":"2015-07-11T14:20:00+00:00","dateModified":"2015-07-11T14:20:00+00:00","breadcrumb":{"@id":"https:\/\/www.visiterarles.com\/en\/blog\/2015\/07\/11\/reperer-une-location-de-vtt-en-famille-arles-meja-931\/#breadcrumb"},"inLanguage":"en-GB","potentialAction":[{"@type":"ReadAction","target":["https:\/\/www.visiterarles.com\/en\/blog\/2015\/07\/11\/reperer-une-location-de-vtt-en-famille-arles-meja-931\/"]}]},{"@type":"BreadcrumbList","@id":"https:\/\/www.visiterarles.com\/en\/blog\/2015\/07\/11\/reperer-une-location-de-vtt-en-famille-arles-meja-931\/#breadcrumb","itemListElement":[{"@type":"ListItem","position":1,"name":"Home","item":"https:\/\/www.visiterarles.com\/"},{"@type":"ListItem","position":2,"name":"Rep\u00e9rer une location de vtt en famille Arles Meja"}]},{"@type":"WebSite","@id":"https:\/\/www.visiterarles.com\/en\/#website","url":"https:\/\/www.visiterarles.com\/en\/","name":"Visiter Arles","description":"Tourisme en Provence \u00e0 Arles","publisher":{"@id":"https:\/\/www.visiterarles.com\/en\/#organization"},"potentialAction":[{"@type":"SearchAction","target":{"@type":"EntryPoint","urlTemplate":"https:\/\/www.visiterarles.com\/en\/?s={search_term_string}"},"query-input":"required name=search_term_string"}],"inLanguage":"en-GB"},{"@type":"Organization","@id":"https:\/\/www.visiterarles.com\/en\/#organization","name":"Visiter Arles","url":"https:\/\/www.visiterarles.com\/en\/","logo":{"@type":"ImageObject","inLanguage":"en-GB","@id":"https:\/\/www.visiterarles.com\/en\/#\/schema\/logo\/image\/","url":"https:\/\/www.visiterarles.com\/wp-content\/uploads\/2017\/10\/taco-and-co-1-1.jpg","contentUrl":"https:\/\/www.visiterarles.com\/wp-content\/uploads\/2017\/10\/taco-and-co-1-1.jpg","width":124,"height":73,"caption":"Visiter Arles"},"image":{"@id":"https:\/\/www.visiterarles.com\/en\/#\/schema\/logo\/image\/"}},{"@type":"Person","@id":"https:\/\/www.visiterarles.com\/en\/#\/schema\/person\/ba5912e4613018f479a2d86815a53576","name":"Linkadm","image":{"@type":"ImageObject","inLanguage":"en-GB","@id":"https:\/\/www.visiterarles.com\/en\/#\/schema\/person\/image\/","url":"https:\/\/secure.gravatar.com\/avatar\/4709ec209921503e8d8cc96168eddc49?s=96&d=mm&r=g","contentUrl":"https:\/\/secure.gravatar.com\/avatar\/4709ec209921503e8d8cc96168eddc49?s=96&d=mm&r=g","caption":"Linkadm"},"url":"https:\/\/www.visiterarles.com\/en\/blog\/author\/admin\/"}]}},"_links":{"self":[{"href":"https:\/\/www.visiterarles.com\/en\/wp-json\/wp\/v2\/posts\/28638"}],"collection":[{"href":"https:\/\/www.visiterarles.com\/en\/wp-json\/wp\/v2\/posts"}],"about":[{"href":"https:\/\/www.visiterarles.com\/en\/wp-json\/wp\/v2\/types\/post"}],"author":[{"embeddable":true,"href":"https:\/\/www.visiterarles.com\/en\/wp-json\/wp\/v2\/users\/1"}],"replies":[{"embeddable":true,"href":"https:\/\/www.visiterarles.com\/en\/wp-json\/wp\/v2\/comments?post=28638"}],"version-history":[{"count":0,"href":"https:\/\/www.visiterarles.com\/en\/wp-json\/wp\/v2\/posts\/28638\/revisions"}],"wp:attachment":[{"href":"https:\/\/www.visiterarles.com\/en\/wp-json\/wp\/v2\/media?parent=28638"}],"wp:term":[{"taxonomy":"category","embeddable":true,"href":"https:\/\/www.visiterarles.com\/en\/wp-json\/wp\/v2\/categories?post=28638"},{"taxonomy":"post_tag","embeddable":true,"href":"https:\/\/www.visiterarles.com\/en\/wp-json\/wp\/v2\/tags?post=28638"}],"curies":[{"name":"wp","href":"https:\/\/api.w.org\/{rel}","templated":true}]}}