{"id":28647,"date":"2015-07-17T18:42:00","date_gmt":"2015-07-17T18:42:00","guid":{"rendered":"http:\/\/www.visiterarles.com\/degotter-une-location-de-vtt-pour-touriste-arles-quartier-des-monuments-historiques-166\/"},"modified":"2015-07-17T18:42:00","modified_gmt":"2015-07-17T18:42:00","slug":"degotter-une-location-de-vtt-pour-touriste-arles-quartier-des-monuments-historiques-166","status":"publish","type":"post","link":"https:\/\/www.visiterarles.com\/en\/blog\/2015\/07\/17\/degotter-une-location-de-vtt-pour-touriste-arles-quartier-des-monuments-historiques-166\/","title":{"rendered":"D\u00e9gotter une location de vtt pour touriste Arles quartier des monuments historiques"},"content":{"rendered":"<h4>Pour touriste sur Arles quartier des monuments historiques : o\u00f9 trouver un organisme s\u00e9rieux qui propose une location de vtt<\/h4>\n<p>Les tours de la cavalerie, le village de salins o\u00f9 alors le clo\u00eetre saint trophime, par l&rsquo;interm\u00e9diaire de notre location de vtt pour touriste \u00e0 Arles quartier des monuments historiques, sont des hauts lieux que vous ne manquerez pas au sein de cette commune ravissante. Taco  and  co, pour vous assister pour jouir au maximum de la vie, ne manquera pas de vous r\u00e9v\u00e9ler, avec le sentiment d&rsquo;oeuvrer de fa\u00e7on \u00e9co-responsable, le plus ad\u00e9quat des richesses de la ville dans cette commune magnifique, par l&rsquo;interm\u00e9diaire d&rsquo;une location de vtt pour touriste \u00e0 Arles quartier des monuments historiques.<\/p>\n<h4>Pour touriste \u00e0 Arles pour quelle raison s\u00e9lectionner notre location de vtt<\/h4>\n<p>D\u00e9couvrir le ravissant centre historique par le biais d&rsquo;une location de vtt pour touriste dans Arles peut para\u00eetre une solution efficace pour toute personne qui en a envie. Au sein m\u00eame de la gare sncf, en arrivant sur Arles, vous aurez la possibilit\u00e9 de demander une sympathique location de vtt. Les visiteurs de tout poil adoreront une sympathique <a href=\"http:\/\/www.visiterarles.com\/en\/arles-location-de-vtt-pour-touriste-avec-taco-co-1857\/\">location de vtt sur Arles<\/a>, pour touriste qui leur plaira tr\u00e8s certainement.<\/p>","protected":false},"excerpt":{"rendered":"<p>Pour touriste sur Arles quartier des monuments historiques : o\u00f9 trouver un organisme s\u00e9rieux qui propose une location de vtt Les tours de la cavalerie, le village de salins o\u00f9 alors le clo\u00eetre saint trophime, par l&rsquo;interm\u00e9diaire de notre location de vtt pour touriste \u00e0 Arles quartier des monuments historiques, sont des hauts lieux que [&hellip;]<\/p>","protected":false},"author":1,"featured_media":0,"comment_status":"open","ping_status":"open","sticky":false,"template":"","format":"standard","meta":{"footnotes":""},"categories":[55],"tags":[],"aioseo_notices":[],"yoast_head":"<!-- This site is optimized with the Yoast SEO plugin v22.3 - https:\/\/yoast.com\/wordpress\/plugins\/seo\/ -->\n<title>D\u00e9gotter une location de vtt pour touriste Arles quartier des monuments historiques - Visiter Arles<\/title>\n<meta name=\"robots\" content=\"index, follow, max-snippet:-1, max-image-preview:large, max-video-preview:-1\" \/>\n<link rel=\"canonical\" href=\"https:\/\/www.visiterarles.com\/en\/blog\/2015\/07\/17\/degotter-une-location-de-vtt-pour-touriste-arles-quartier-des-monuments-historiques-166\/\" \/>\n<meta name=\"twitter:label1\" content=\"Written by\" \/>\n\t<meta name=\"twitter:data1\" content=\"Linkadm\" \/>\n\t<meta name=\"twitter:label2\" content=\"Estimated reading time\" \/>\n\t<meta name=\"twitter:data2\" content=\"1 minute\" \/>\n<script type=\"application\/ld+json\" class=\"yoast-schema-graph\">{\"@context\":\"https:\/\/schema.org\",\"@graph\":[{\"@type\":\"Article\",\"@id\":\"https:\/\/www.visiterarles.com\/en\/blog\/2015\/07\/17\/degotter-une-location-de-vtt-pour-touriste-arles-quartier-des-monuments-historiques-166\/#article\",\"isPartOf\":{\"@id\":\"https:\/\/www.visiterarles.com\/en\/blog\/2015\/07\/17\/degotter-une-location-de-vtt-pour-touriste-arles-quartier-des-monuments-historiques-166\/\"},\"author\":{\"name\":\"Linkadm\",\"@id\":\"https:\/\/www.visiterarles.com\/en\/#\/schema\/person\/ba5912e4613018f479a2d86815a53576\"},\"headline\":\"D\u00e9gotter une location de vtt pour touriste Arles quartier des monuments historiques\",\"datePublished\":\"2015-07-17T18:42:00+00:00\",\"dateModified\":\"2015-07-17T18:42:00+00:00\",\"mainEntityOfPage\":{\"@id\":\"https:\/\/www.visiterarles.com\/en\/blog\/2015\/07\/17\/degotter-une-location-de-vtt-pour-touriste-arles-quartier-des-monuments-historiques-166\/\"},\"wordCount\":226,\"commentCount\":0,\"publisher\":{\"@id\":\"https:\/\/www.visiterarles.com\/en\/#organization\"},\"articleSection\":[\"Informations\"],\"inLanguage\":\"en-GB\",\"potentialAction\":[{\"@type\":\"CommentAction\",\"name\":\"Comment\",\"target\":[\"https:\/\/www.visiterarles.com\/en\/blog\/2015\/07\/17\/degotter-une-location-de-vtt-pour-touriste-arles-quartier-des-monuments-historiques-166\/#respond\"]}]},{\"@type\":\"WebPage\",\"@id\":\"https:\/\/www.visiterarles.com\/en\/blog\/2015\/07\/17\/degotter-une-location-de-vtt-pour-touriste-arles-quartier-des-monuments-historiques-166\/\",\"url\":\"https:\/\/www.visiterarles.com\/en\/blog\/2015\/07\/17\/degotter-une-location-de-vtt-pour-touriste-arles-quartier-des-monuments-historiques-166\/\",\"name\":\"D\u00e9gotter une location de vtt pour touriste Arles quartier des monuments historiques - Visiter Arles\",\"isPartOf\":{\"@id\":\"https:\/\/www.visiterarles.com\/en\/#website\"},\"datePublished\":\"2015-07-17T18:42:00+00:00\",\"dateModified\":\"2015-07-17T18:42:00+00:00\",\"breadcrumb\":{\"@id\":\"https:\/\/www.visiterarles.com\/en\/blog\/2015\/07\/17\/degotter-une-location-de-vtt-pour-touriste-arles-quartier-des-monuments-historiques-166\/#breadcrumb\"},\"inLanguage\":\"en-GB\",\"potentialAction\":[{\"@type\":\"ReadAction\",\"target\":[\"https:\/\/www.visiterarles.com\/en\/blog\/2015\/07\/17\/degotter-une-location-de-vtt-pour-touriste-arles-quartier-des-monuments-historiques-166\/\"]}]},{\"@type\":\"BreadcrumbList\",\"@id\":\"https:\/\/www.visiterarles.com\/en\/blog\/2015\/07\/17\/degotter-une-location-de-vtt-pour-touriste-arles-quartier-des-monuments-historiques-166\/#breadcrumb\",\"itemListElement\":[{\"@type\":\"ListItem\",\"position\":1,\"name\":\"Home\",\"item\":\"https:\/\/www.visiterarles.com\/\"},{\"@type\":\"ListItem\",\"position\":2,\"name\":\"D\u00e9gotter une location de vtt pour touriste Arles quartier des monuments historiques\"}]},{\"@type\":\"WebSite\",\"@id\":\"https:\/\/www.visiterarles.com\/en\/#website\",\"url\":\"https:\/\/www.visiterarles.com\/en\/\",\"name\":\"Visiter Arles\",\"description\":\"Tourisme en Provence \u00e0 Arles\",\"publisher\":{\"@id\":\"https:\/\/www.visiterarles.com\/en\/#organization\"},\"potentialAction\":[{\"@type\":\"SearchAction\",\"target\":{\"@type\":\"EntryPoint\",\"urlTemplate\":\"https:\/\/www.visiterarles.com\/en\/?s={search_term_string}\"},\"query-input\":\"required name=search_term_string\"}],\"inLanguage\":\"en-GB\"},{\"@type\":\"Organization\",\"@id\":\"https:\/\/www.visiterarles.com\/en\/#organization\",\"name\":\"Visiter Arles\",\"url\":\"https:\/\/www.visiterarles.com\/en\/\",\"logo\":{\"@type\":\"ImageObject\",\"inLanguage\":\"en-GB\",\"@id\":\"https:\/\/www.visiterarles.com\/en\/#\/schema\/logo\/image\/\",\"url\":\"https:\/\/www.visiterarles.com\/wp-content\/uploads\/2017\/10\/taco-and-co-1-1.jpg\",\"contentUrl\":\"https:\/\/www.visiterarles.com\/wp-content\/uploads\/2017\/10\/taco-and-co-1-1.jpg\",\"width\":124,\"height\":73,\"caption\":\"Visiter Arles\"},\"image\":{\"@id\":\"https:\/\/www.visiterarles.com\/en\/#\/schema\/logo\/image\/\"}},{\"@type\":\"Person\",\"@id\":\"https:\/\/www.visiterarles.com\/en\/#\/schema\/person\/ba5912e4613018f479a2d86815a53576\",\"name\":\"Linkadm\",\"image\":{\"@type\":\"ImageObject\",\"inLanguage\":\"en-GB\",\"@id\":\"https:\/\/www.visiterarles.com\/en\/#\/schema\/person\/image\/\",\"url\":\"https:\/\/secure.gravatar.com\/avatar\/4709ec209921503e8d8cc96168eddc49?s=96&d=mm&r=g\",\"contentUrl\":\"https:\/\/secure.gravatar.com\/avatar\/4709ec209921503e8d8cc96168eddc49?s=96&d=mm&r=g\",\"caption\":\"Linkadm\"},\"url\":\"https:\/\/www.visiterarles.com\/en\/blog\/author\/admin\/\"}]}<\/script>\n<!-- \/ Yoast SEO plugin. -->","yoast_head_json":{"title":"D\u00e9gotter une location de vtt pour touriste Arles quartier des monuments historiques - Visiter Arles","robots":{"index":"index","follow":"follow","max-snippet":"max-snippet:-1","max-image-preview":"max-image-preview:large","max-video-preview":"max-video-preview:-1"},"canonical":"https:\/\/www.visiterarles.com\/en\/blog\/2015\/07\/17\/degotter-une-location-de-vtt-pour-touriste-arles-quartier-des-monuments-historiques-166\/","twitter_misc":{"Written by":"Linkadm","Estimated reading time":"1 minute"},"schema":{"@context":"https:\/\/schema.org","@graph":[{"@type":"Article","@id":"https:\/\/www.visiterarles.com\/en\/blog\/2015\/07\/17\/degotter-une-location-de-vtt-pour-touriste-arles-quartier-des-monuments-historiques-166\/#article","isPartOf":{"@id":"https:\/\/www.visiterarles.com\/en\/blog\/2015\/07\/17\/degotter-une-location-de-vtt-pour-touriste-arles-quartier-des-monuments-historiques-166\/"},"author":{"name":"Linkadm","@id":"https:\/\/www.visiterarles.com\/en\/#\/schema\/person\/ba5912e4613018f479a2d86815a53576"},"headline":"D\u00e9gotter une location de vtt pour touriste Arles quartier des monuments historiques","datePublished":"2015-07-17T18:42:00+00:00","dateModified":"2015-07-17T18:42:00+00:00","mainEntityOfPage":{"@id":"https:\/\/www.visiterarles.com\/en\/blog\/2015\/07\/17\/degotter-une-location-de-vtt-pour-touriste-arles-quartier-des-monuments-historiques-166\/"},"wordCount":226,"commentCount":0,"publisher":{"@id":"https:\/\/www.visiterarles.com\/en\/#organization"},"articleSection":["Informations"],"inLanguage":"en-GB","potentialAction":[{"@type":"CommentAction","name":"Comment","target":["https:\/\/www.visiterarles.com\/en\/blog\/2015\/07\/17\/degotter-une-location-de-vtt-pour-touriste-arles-quartier-des-monuments-historiques-166\/#respond"]}]},{"@type":"WebPage","@id":"https:\/\/www.visiterarles.com\/en\/blog\/2015\/07\/17\/degotter-une-location-de-vtt-pour-touriste-arles-quartier-des-monuments-historiques-166\/","url":"https:\/\/www.visiterarles.com\/en\/blog\/2015\/07\/17\/degotter-une-location-de-vtt-pour-touriste-arles-quartier-des-monuments-historiques-166\/","name":"D\u00e9gotter une location de vtt pour touriste Arles quartier des monuments historiques - Visiter Arles","isPartOf":{"@id":"https:\/\/www.visiterarles.com\/en\/#website"},"datePublished":"2015-07-17T18:42:00+00:00","dateModified":"2015-07-17T18:42:00+00:00","breadcrumb":{"@id":"https:\/\/www.visiterarles.com\/en\/blog\/2015\/07\/17\/degotter-une-location-de-vtt-pour-touriste-arles-quartier-des-monuments-historiques-166\/#breadcrumb"},"inLanguage":"en-GB","potentialAction":[{"@type":"ReadAction","target":["https:\/\/www.visiterarles.com\/en\/blog\/2015\/07\/17\/degotter-une-location-de-vtt-pour-touriste-arles-quartier-des-monuments-historiques-166\/"]}]},{"@type":"BreadcrumbList","@id":"https:\/\/www.visiterarles.com\/en\/blog\/2015\/07\/17\/degotter-une-location-de-vtt-pour-touriste-arles-quartier-des-monuments-historiques-166\/#breadcrumb","itemListElement":[{"@type":"ListItem","position":1,"name":"Home","item":"https:\/\/www.visiterarles.com\/"},{"@type":"ListItem","position":2,"name":"D\u00e9gotter une location de vtt pour touriste Arles quartier des monuments historiques"}]},{"@type":"WebSite","@id":"https:\/\/www.visiterarles.com\/en\/#website","url":"https:\/\/www.visiterarles.com\/en\/","name":"Visiter Arles","description":"Tourisme en Provence \u00e0 Arles","publisher":{"@id":"https:\/\/www.visiterarles.com\/en\/#organization"},"potentialAction":[{"@type":"SearchAction","target":{"@type":"EntryPoint","urlTemplate":"https:\/\/www.visiterarles.com\/en\/?s={search_term_string}"},"query-input":"required name=search_term_string"}],"inLanguage":"en-GB"},{"@type":"Organization","@id":"https:\/\/www.visiterarles.com\/en\/#organization","name":"Visiter Arles","url":"https:\/\/www.visiterarles.com\/en\/","logo":{"@type":"ImageObject","inLanguage":"en-GB","@id":"https:\/\/www.visiterarles.com\/en\/#\/schema\/logo\/image\/","url":"https:\/\/www.visiterarles.com\/wp-content\/uploads\/2017\/10\/taco-and-co-1-1.jpg","contentUrl":"https:\/\/www.visiterarles.com\/wp-content\/uploads\/2017\/10\/taco-and-co-1-1.jpg","width":124,"height":73,"caption":"Visiter Arles"},"image":{"@id":"https:\/\/www.visiterarles.com\/en\/#\/schema\/logo\/image\/"}},{"@type":"Person","@id":"https:\/\/www.visiterarles.com\/en\/#\/schema\/person\/ba5912e4613018f479a2d86815a53576","name":"Linkadm","image":{"@type":"ImageObject","inLanguage":"en-GB","@id":"https:\/\/www.visiterarles.com\/en\/#\/schema\/person\/image\/","url":"https:\/\/secure.gravatar.com\/avatar\/4709ec209921503e8d8cc96168eddc49?s=96&d=mm&r=g","contentUrl":"https:\/\/secure.gravatar.com\/avatar\/4709ec209921503e8d8cc96168eddc49?s=96&d=mm&r=g","caption":"Linkadm"},"url":"https:\/\/www.visiterarles.com\/en\/blog\/author\/admin\/"}]}},"_links":{"self":[{"href":"https:\/\/www.visiterarles.com\/en\/wp-json\/wp\/v2\/posts\/28647"}],"collection":[{"href":"https:\/\/www.visiterarles.com\/en\/wp-json\/wp\/v2\/posts"}],"about":[{"href":"https:\/\/www.visiterarles.com\/en\/wp-json\/wp\/v2\/types\/post"}],"author":[{"embeddable":true,"href":"https:\/\/www.visiterarles.com\/en\/wp-json\/wp\/v2\/users\/1"}],"replies":[{"embeddable":true,"href":"https:\/\/www.visiterarles.com\/en\/wp-json\/wp\/v2\/comments?post=28647"}],"version-history":[{"count":0,"href":"https:\/\/www.visiterarles.com\/en\/wp-json\/wp\/v2\/posts\/28647\/revisions"}],"wp:attachment":[{"href":"https:\/\/www.visiterarles.com\/en\/wp-json\/wp\/v2\/media?parent=28647"}],"wp:term":[{"taxonomy":"category","embeddable":true,"href":"https:\/\/www.visiterarles.com\/en\/wp-json\/wp\/v2\/categories?post=28647"},{"taxonomy":"post_tag","embeddable":true,"href":"https:\/\/www.visiterarles.com\/en\/wp-json\/wp\/v2\/tags?post=28647"}],"curies":[{"name":"wp","href":"https:\/\/api.w.org\/{rel}","templated":true}]}}