{"id":28655,"date":"2015-07-23T09:30:00","date_gmt":"2015-07-23T09:30:00","guid":{"rendered":"http:\/\/www.visiterarles.com\/bon-plan-pas-chere-arles-quartier-des-arenes-la-location-de-vtt-1891\/"},"modified":"2015-07-23T09:30:00","modified_gmt":"2015-07-23T09:30:00","slug":"bon-plan-pas-chere-arles-quartier-des-arenes-la-location-de-vtt-1891","status":"publish","type":"post","link":"https:\/\/www.visiterarles.com\/en\/blog\/2015\/07\/23\/bon-plan-pas-chere-arles-quartier-des-arenes-la-location-de-vtt-1891\/","title":{"rendered":"Bon plan pas ch\u00e8re Arles quartier des ar\u00e8nes : la location de vtt"},"content":{"rendered":"<h4>Pas ch\u00e8re dans Arles quartier des ar\u00e8nes : o\u00f9 d\u00e9gotter un contact fiable qui propose une location de vtt<\/h4>\n<p>Arles se trouve \u00eatre une cit\u00e9 magnifique, la vie culturelle, et les jolis lieux, comme les tours de la cavalerie, l&rsquo;ecomus\u00e9e du sel o\u00f9 alors l&rsquo;\u00e9glise saint honorat sont pl\u00e9thoriques. Une <a href=\"http:\/\/www.visiterarles.com\/en\/arles-location-de-vtt-pas-chere-1797\/\">location de vtt pas ch\u00e8re \u00e0 Arles<\/a> quartier des ar\u00e8nes, pour ne citer que cela, vous aidera \u00e0 pleinement profiter de la vie au sein de cette cit\u00e9 exceptionnelle, \u00e0 chaque fois avec le sentiment d&rsquo;oeuvrer d\u2019une mani\u00e8re eco-responsable, en proposant le meilleur de la culture.<\/p>\n<h4>Comment s\u2019y prendre pour d\u00e9nicher une location de vtt pas ch\u00e8re \u00e0 Arles<\/h4>\n<p>Faire la visite du majestueux patrimoine de la ville par l&rsquo;interm\u00e9diaire de la location de vtt pas ch\u00e8re sur Arles peut s&rsquo;av\u00e9rer \u00eatre une offre appropri\u00e9e pour toute personne qui le souhaite. Une fois arriv\u00e9 en gare d\u2019Arles, vous pourrez r\u00e9clamer une location de vtt entre autre dans la gare sncf. Au niveau des passionn\u00e9s, une location de vtt sur Arles, pas ch\u00e8re r\u00e9pondra aux attentes de tous, c\u2019est s\u00fbr.<\/p>","protected":false},"excerpt":{"rendered":"<p>Pas ch\u00e8re dans Arles quartier des ar\u00e8nes : o\u00f9 d\u00e9gotter un contact fiable qui propose une location de vtt Arles se trouve \u00eatre une cit\u00e9 magnifique, la vie culturelle, et les jolis lieux, comme les tours de la cavalerie, l&rsquo;ecomus\u00e9e du sel o\u00f9 alors l&rsquo;\u00e9glise saint honorat sont pl\u00e9thoriques. Une location de vtt pas ch\u00e8re [&hellip;]<\/p>","protected":false},"author":1,"featured_media":0,"comment_status":"open","ping_status":"open","sticky":false,"template":"","format":"standard","meta":{"footnotes":""},"categories":[55],"tags":[],"aioseo_notices":[],"yoast_head":"<!-- This site is optimized with the Yoast SEO plugin v22.3 - https:\/\/yoast.com\/wordpress\/plugins\/seo\/ -->\n<title>Bon plan pas ch\u00e8re Arles quartier des ar\u00e8nes : la location de vtt - Visiter Arles<\/title>\n<meta name=\"robots\" content=\"index, follow, max-snippet:-1, max-image-preview:large, max-video-preview:-1\" \/>\n<link rel=\"canonical\" href=\"https:\/\/www.visiterarles.com\/en\/blog\/2015\/07\/23\/bon-plan-pas-chere-arles-quartier-des-arenes-la-location-de-vtt-1891\/\" \/>\n<meta name=\"twitter:label1\" content=\"Written by\" \/>\n\t<meta name=\"twitter:data1\" content=\"Linkadm\" \/>\n\t<meta name=\"twitter:label2\" content=\"Estimated reading time\" \/>\n\t<meta name=\"twitter:data2\" content=\"1 minute\" \/>\n<script type=\"application\/ld+json\" class=\"yoast-schema-graph\">{\"@context\":\"https:\/\/schema.org\",\"@graph\":[{\"@type\":\"Article\",\"@id\":\"https:\/\/www.visiterarles.com\/blog\/2015\/07\/23\/bon-plan-pas-chere-arles-quartier-des-arenes-la-location-de-vtt-1891\/#article\",\"isPartOf\":{\"@id\":\"https:\/\/www.visiterarles.com\/blog\/2015\/07\/23\/bon-plan-pas-chere-arles-quartier-des-arenes-la-location-de-vtt-1891\/\"},\"author\":{\"name\":\"Linkadm\",\"@id\":\"https:\/\/www.visiterarles.com\/en\/#\/schema\/person\/ba5912e4613018f479a2d86815a53576\"},\"headline\":\"Bon plan pas ch\u00e8re Arles quartier des ar\u00e8nes : la location de vtt\",\"datePublished\":\"2015-07-23T09:30:00+00:00\",\"dateModified\":\"2015-07-23T09:30:00+00:00\",\"mainEntityOfPage\":{\"@id\":\"https:\/\/www.visiterarles.com\/blog\/2015\/07\/23\/bon-plan-pas-chere-arles-quartier-des-arenes-la-location-de-vtt-1891\/\"},\"wordCount\":216,\"commentCount\":0,\"publisher\":{\"@id\":\"https:\/\/www.visiterarles.com\/en\/#organization\"},\"articleSection\":[\"Informations\"],\"inLanguage\":\"en-GB\",\"potentialAction\":[{\"@type\":\"CommentAction\",\"name\":\"Comment\",\"target\":[\"https:\/\/www.visiterarles.com\/blog\/2015\/07\/23\/bon-plan-pas-chere-arles-quartier-des-arenes-la-location-de-vtt-1891\/#respond\"]}]},{\"@type\":\"WebPage\",\"@id\":\"https:\/\/www.visiterarles.com\/blog\/2015\/07\/23\/bon-plan-pas-chere-arles-quartier-des-arenes-la-location-de-vtt-1891\/\",\"url\":\"https:\/\/www.visiterarles.com\/blog\/2015\/07\/23\/bon-plan-pas-chere-arles-quartier-des-arenes-la-location-de-vtt-1891\/\",\"name\":\"Bon plan pas ch\u00e8re Arles quartier des ar\u00e8nes : la location de vtt - Visiter Arles\",\"isPartOf\":{\"@id\":\"https:\/\/www.visiterarles.com\/en\/#website\"},\"datePublished\":\"2015-07-23T09:30:00+00:00\",\"dateModified\":\"2015-07-23T09:30:00+00:00\",\"breadcrumb\":{\"@id\":\"https:\/\/www.visiterarles.com\/blog\/2015\/07\/23\/bon-plan-pas-chere-arles-quartier-des-arenes-la-location-de-vtt-1891\/#breadcrumb\"},\"inLanguage\":\"en-GB\",\"potentialAction\":[{\"@type\":\"ReadAction\",\"target\":[\"https:\/\/www.visiterarles.com\/blog\/2015\/07\/23\/bon-plan-pas-chere-arles-quartier-des-arenes-la-location-de-vtt-1891\/\"]}]},{\"@type\":\"BreadcrumbList\",\"@id\":\"https:\/\/www.visiterarles.com\/blog\/2015\/07\/23\/bon-plan-pas-chere-arles-quartier-des-arenes-la-location-de-vtt-1891\/#breadcrumb\",\"itemListElement\":[{\"@type\":\"ListItem\",\"position\":1,\"name\":\"Home\",\"item\":\"https:\/\/www.visiterarles.com\/\"},{\"@type\":\"ListItem\",\"position\":2,\"name\":\"Bon plan pas ch\u00e8re Arles quartier des ar\u00e8nes : la location de vtt\"}]},{\"@type\":\"WebSite\",\"@id\":\"https:\/\/www.visiterarles.com\/en\/#website\",\"url\":\"https:\/\/www.visiterarles.com\/en\/\",\"name\":\"Visiter Arles\",\"description\":\"Tourisme en Provence \u00e0 Arles\",\"publisher\":{\"@id\":\"https:\/\/www.visiterarles.com\/en\/#organization\"},\"potentialAction\":[{\"@type\":\"SearchAction\",\"target\":{\"@type\":\"EntryPoint\",\"urlTemplate\":\"https:\/\/www.visiterarles.com\/en\/?s={search_term_string}\"},\"query-input\":\"required name=search_term_string\"}],\"inLanguage\":\"en-GB\"},{\"@type\":\"Organization\",\"@id\":\"https:\/\/www.visiterarles.com\/en\/#organization\",\"name\":\"Visiter Arles\",\"url\":\"https:\/\/www.visiterarles.com\/en\/\",\"logo\":{\"@type\":\"ImageObject\",\"inLanguage\":\"en-GB\",\"@id\":\"https:\/\/www.visiterarles.com\/en\/#\/schema\/logo\/image\/\",\"url\":\"https:\/\/www.visiterarles.com\/wp-content\/uploads\/2017\/10\/taco-and-co-1-1.jpg\",\"contentUrl\":\"https:\/\/www.visiterarles.com\/wp-content\/uploads\/2017\/10\/taco-and-co-1-1.jpg\",\"width\":124,\"height\":73,\"caption\":\"Visiter Arles\"},\"image\":{\"@id\":\"https:\/\/www.visiterarles.com\/en\/#\/schema\/logo\/image\/\"}},{\"@type\":\"Person\",\"@id\":\"https:\/\/www.visiterarles.com\/en\/#\/schema\/person\/ba5912e4613018f479a2d86815a53576\",\"name\":\"Linkadm\",\"image\":{\"@type\":\"ImageObject\",\"inLanguage\":\"en-GB\",\"@id\":\"https:\/\/www.visiterarles.com\/en\/#\/schema\/person\/image\/\",\"url\":\"https:\/\/secure.gravatar.com\/avatar\/4709ec209921503e8d8cc96168eddc49?s=96&d=mm&r=g\",\"contentUrl\":\"https:\/\/secure.gravatar.com\/avatar\/4709ec209921503e8d8cc96168eddc49?s=96&d=mm&r=g\",\"caption\":\"Linkadm\"},\"url\":\"https:\/\/www.visiterarles.com\/en\/blog\/author\/admin\/\"}]}<\/script>\n<!-- \/ Yoast SEO plugin. -->","yoast_head_json":{"title":"Bon plan pas ch\u00e8re Arles quartier des ar\u00e8nes : la location de vtt - Visiter Arles","robots":{"index":"index","follow":"follow","max-snippet":"max-snippet:-1","max-image-preview":"max-image-preview:large","max-video-preview":"max-video-preview:-1"},"canonical":"https:\/\/www.visiterarles.com\/en\/blog\/2015\/07\/23\/bon-plan-pas-chere-arles-quartier-des-arenes-la-location-de-vtt-1891\/","twitter_misc":{"Written by":"Linkadm","Estimated reading time":"1 minute"},"schema":{"@context":"https:\/\/schema.org","@graph":[{"@type":"Article","@id":"https:\/\/www.visiterarles.com\/blog\/2015\/07\/23\/bon-plan-pas-chere-arles-quartier-des-arenes-la-location-de-vtt-1891\/#article","isPartOf":{"@id":"https:\/\/www.visiterarles.com\/blog\/2015\/07\/23\/bon-plan-pas-chere-arles-quartier-des-arenes-la-location-de-vtt-1891\/"},"author":{"name":"Linkadm","@id":"https:\/\/www.visiterarles.com\/en\/#\/schema\/person\/ba5912e4613018f479a2d86815a53576"},"headline":"Bon plan pas ch\u00e8re Arles quartier des ar\u00e8nes : la location de vtt","datePublished":"2015-07-23T09:30:00+00:00","dateModified":"2015-07-23T09:30:00+00:00","mainEntityOfPage":{"@id":"https:\/\/www.visiterarles.com\/blog\/2015\/07\/23\/bon-plan-pas-chere-arles-quartier-des-arenes-la-location-de-vtt-1891\/"},"wordCount":216,"commentCount":0,"publisher":{"@id":"https:\/\/www.visiterarles.com\/en\/#organization"},"articleSection":["Informations"],"inLanguage":"en-GB","potentialAction":[{"@type":"CommentAction","name":"Comment","target":["https:\/\/www.visiterarles.com\/blog\/2015\/07\/23\/bon-plan-pas-chere-arles-quartier-des-arenes-la-location-de-vtt-1891\/#respond"]}]},{"@type":"WebPage","@id":"https:\/\/www.visiterarles.com\/blog\/2015\/07\/23\/bon-plan-pas-chere-arles-quartier-des-arenes-la-location-de-vtt-1891\/","url":"https:\/\/www.visiterarles.com\/blog\/2015\/07\/23\/bon-plan-pas-chere-arles-quartier-des-arenes-la-location-de-vtt-1891\/","name":"Bon plan pas ch\u00e8re Arles quartier des ar\u00e8nes : la location de vtt - Visiter Arles","isPartOf":{"@id":"https:\/\/www.visiterarles.com\/en\/#website"},"datePublished":"2015-07-23T09:30:00+00:00","dateModified":"2015-07-23T09:30:00+00:00","breadcrumb":{"@id":"https:\/\/www.visiterarles.com\/blog\/2015\/07\/23\/bon-plan-pas-chere-arles-quartier-des-arenes-la-location-de-vtt-1891\/#breadcrumb"},"inLanguage":"en-GB","potentialAction":[{"@type":"ReadAction","target":["https:\/\/www.visiterarles.com\/blog\/2015\/07\/23\/bon-plan-pas-chere-arles-quartier-des-arenes-la-location-de-vtt-1891\/"]}]},{"@type":"BreadcrumbList","@id":"https:\/\/www.visiterarles.com\/blog\/2015\/07\/23\/bon-plan-pas-chere-arles-quartier-des-arenes-la-location-de-vtt-1891\/#breadcrumb","itemListElement":[{"@type":"ListItem","position":1,"name":"Home","item":"https:\/\/www.visiterarles.com\/"},{"@type":"ListItem","position":2,"name":"Bon plan pas ch\u00e8re Arles quartier des ar\u00e8nes : la location de vtt"}]},{"@type":"WebSite","@id":"https:\/\/www.visiterarles.com\/en\/#website","url":"https:\/\/www.visiterarles.com\/en\/","name":"Visiter Arles","description":"Tourisme en Provence \u00e0 Arles","publisher":{"@id":"https:\/\/www.visiterarles.com\/en\/#organization"},"potentialAction":[{"@type":"SearchAction","target":{"@type":"EntryPoint","urlTemplate":"https:\/\/www.visiterarles.com\/en\/?s={search_term_string}"},"query-input":"required name=search_term_string"}],"inLanguage":"en-GB"},{"@type":"Organization","@id":"https:\/\/www.visiterarles.com\/en\/#organization","name":"Visiter Arles","url":"https:\/\/www.visiterarles.com\/en\/","logo":{"@type":"ImageObject","inLanguage":"en-GB","@id":"https:\/\/www.visiterarles.com\/en\/#\/schema\/logo\/image\/","url":"https:\/\/www.visiterarles.com\/wp-content\/uploads\/2017\/10\/taco-and-co-1-1.jpg","contentUrl":"https:\/\/www.visiterarles.com\/wp-content\/uploads\/2017\/10\/taco-and-co-1-1.jpg","width":124,"height":73,"caption":"Visiter Arles"},"image":{"@id":"https:\/\/www.visiterarles.com\/en\/#\/schema\/logo\/image\/"}},{"@type":"Person","@id":"https:\/\/www.visiterarles.com\/en\/#\/schema\/person\/ba5912e4613018f479a2d86815a53576","name":"Linkadm","image":{"@type":"ImageObject","inLanguage":"en-GB","@id":"https:\/\/www.visiterarles.com\/en\/#\/schema\/person\/image\/","url":"https:\/\/secure.gravatar.com\/avatar\/4709ec209921503e8d8cc96168eddc49?s=96&d=mm&r=g","contentUrl":"https:\/\/secure.gravatar.com\/avatar\/4709ec209921503e8d8cc96168eddc49?s=96&d=mm&r=g","caption":"Linkadm"},"url":"https:\/\/www.visiterarles.com\/en\/blog\/author\/admin\/"}]}},"_links":{"self":[{"href":"https:\/\/www.visiterarles.com\/en\/wp-json\/wp\/v2\/posts\/28655"}],"collection":[{"href":"https:\/\/www.visiterarles.com\/en\/wp-json\/wp\/v2\/posts"}],"about":[{"href":"https:\/\/www.visiterarles.com\/en\/wp-json\/wp\/v2\/types\/post"}],"author":[{"embeddable":true,"href":"https:\/\/www.visiterarles.com\/en\/wp-json\/wp\/v2\/users\/1"}],"replies":[{"embeddable":true,"href":"https:\/\/www.visiterarles.com\/en\/wp-json\/wp\/v2\/comments?post=28655"}],"version-history":[{"count":0,"href":"https:\/\/www.visiterarles.com\/en\/wp-json\/wp\/v2\/posts\/28655\/revisions"}],"wp:attachment":[{"href":"https:\/\/www.visiterarles.com\/en\/wp-json\/wp\/v2\/media?parent=28655"}],"wp:term":[{"taxonomy":"category","embeddable":true,"href":"https:\/\/www.visiterarles.com\/en\/wp-json\/wp\/v2\/categories?post=28655"},{"taxonomy":"post_tag","embeddable":true,"href":"https:\/\/www.visiterarles.com\/en\/wp-json\/wp\/v2\/tags?post=28655"}],"curies":[{"name":"wp","href":"https:\/\/api.w.org\/{rel}","templated":true}]}}