{"id":28657,"date":"2015-07-25T16:24:00","date_gmt":"2015-07-25T16:24:00","guid":{"rendered":"http:\/\/www.visiterarles.com\/denicher-une-location-de-vtt-pas-chere-arles-centre-ville-1933\/"},"modified":"2015-07-25T16:24:00","modified_gmt":"2015-07-25T16:24:00","slug":"denicher-une-location-de-vtt-pas-chere-arles-centre-ville-1933","status":"publish","type":"post","link":"https:\/\/www.visiterarles.com\/en\/blog\/2015\/07\/25\/denicher-une-location-de-vtt-pas-chere-arles-centre-ville-1933\/","title":{"rendered":"D\u00e9nicher une location de vtt pas ch\u00e8re Arles centre ville"},"content":{"rendered":"<h4>Votre location de vtt, pas ch\u00e8re \u00e0 Arles centre ville avec V\u00e9lo Taco<\/h4>\n<p>Les lieux prestigieux ne manquent pas, ainsi, une location de vtt pas ch\u00e8re Arles centre ville vous apportera la facult\u00e9 de jouir au maximum des tours de la cavalerie, du marais du vigueirat o\u00f9 alors du march\u00e9 de provence. Pour offrir la facult\u00e9 de jouir au maximum du meilleur de la culture, avec le sentiment d\u2019agir de mani\u00e8re \u00e9co responsable, une location de vtt pas ch\u00e8re Arles centre ville vous fera jouir de l&rsquo;existence.<\/p>\n<h4>Arles : de quelle fa\u00e7on s\u2019y prendre pour rep\u00e9rer une location de vtt pas ch\u00e8re<\/h4>\n<p>Lorsqu&rsquo;on a l&rsquo;intention de d\u00e9couvrir le magnifique centre historique, une location de vtt pas ch\u00e8re entre autre dans Arles, entre autres, est id\u00e9ale. En arrivant sur Arles, vous pourrez r\u00e9clamer notre location de vtt entre autre dans la gare. Les consommateurs en tout genre aimeront notre <a href=\"http:\/\/www.visiterarles.com\/en\/arles-location-de-vtt-pas-chere-1797\/\">location de vtt sur Arles<\/a>, pas ch\u00e8re leur convenant tr\u00e8s certainement.<\/p>","protected":false},"excerpt":{"rendered":"<p>Votre location de vtt, pas ch\u00e8re \u00e0 Arles centre ville avec V\u00e9lo Taco Les lieux prestigieux ne manquent pas, ainsi, une location de vtt pas ch\u00e8re Arles centre ville vous apportera la facult\u00e9 de jouir au maximum des tours de la cavalerie, du marais du vigueirat o\u00f9 alors du march\u00e9 de provence. Pour offrir la [&hellip;]<\/p>","protected":false},"author":1,"featured_media":0,"comment_status":"open","ping_status":"open","sticky":false,"template":"","format":"standard","meta":{"footnotes":""},"categories":[55],"tags":[],"aioseo_notices":[],"yoast_head":"<!-- This site is optimized with the Yoast SEO plugin v22.3 - https:\/\/yoast.com\/wordpress\/plugins\/seo\/ -->\n<title>D\u00e9nicher une location de vtt pas ch\u00e8re Arles centre ville - Visiter Arles<\/title>\n<meta name=\"robots\" content=\"index, follow, max-snippet:-1, max-image-preview:large, max-video-preview:-1\" \/>\n<link rel=\"canonical\" href=\"https:\/\/www.visiterarles.com\/en\/blog\/2015\/07\/25\/denicher-une-location-de-vtt-pas-chere-arles-centre-ville-1933\/\" \/>\n<meta name=\"twitter:label1\" content=\"Written by\" \/>\n\t<meta name=\"twitter:data1\" content=\"Linkadm\" \/>\n\t<meta name=\"twitter:label2\" content=\"Estimated reading time\" \/>\n\t<meta name=\"twitter:data2\" content=\"1 minute\" \/>\n<script type=\"application\/ld+json\" class=\"yoast-schema-graph\">{\"@context\":\"https:\/\/schema.org\",\"@graph\":[{\"@type\":\"Article\",\"@id\":\"https:\/\/www.visiterarles.com\/en\/blog\/2015\/07\/25\/denicher-une-location-de-vtt-pas-chere-arles-centre-ville-1933\/#article\",\"isPartOf\":{\"@id\":\"https:\/\/www.visiterarles.com\/en\/blog\/2015\/07\/25\/denicher-une-location-de-vtt-pas-chere-arles-centre-ville-1933\/\"},\"author\":{\"name\":\"Linkadm\",\"@id\":\"https:\/\/www.visiterarles.com\/en\/#\/schema\/person\/ba5912e4613018f479a2d86815a53576\"},\"headline\":\"D\u00e9nicher une location de vtt pas ch\u00e8re Arles centre ville\",\"datePublished\":\"2015-07-25T16:24:00+00:00\",\"dateModified\":\"2015-07-25T16:24:00+00:00\",\"mainEntityOfPage\":{\"@id\":\"https:\/\/www.visiterarles.com\/en\/blog\/2015\/07\/25\/denicher-une-location-de-vtt-pas-chere-arles-centre-ville-1933\/\"},\"wordCount\":188,\"commentCount\":0,\"publisher\":{\"@id\":\"https:\/\/www.visiterarles.com\/en\/#organization\"},\"articleSection\":[\"Informations\"],\"inLanguage\":\"en-GB\",\"potentialAction\":[{\"@type\":\"CommentAction\",\"name\":\"Comment\",\"target\":[\"https:\/\/www.visiterarles.com\/en\/blog\/2015\/07\/25\/denicher-une-location-de-vtt-pas-chere-arles-centre-ville-1933\/#respond\"]}]},{\"@type\":\"WebPage\",\"@id\":\"https:\/\/www.visiterarles.com\/en\/blog\/2015\/07\/25\/denicher-une-location-de-vtt-pas-chere-arles-centre-ville-1933\/\",\"url\":\"https:\/\/www.visiterarles.com\/en\/blog\/2015\/07\/25\/denicher-une-location-de-vtt-pas-chere-arles-centre-ville-1933\/\",\"name\":\"D\u00e9nicher une location de vtt pas ch\u00e8re Arles centre ville - Visiter Arles\",\"isPartOf\":{\"@id\":\"https:\/\/www.visiterarles.com\/en\/#website\"},\"datePublished\":\"2015-07-25T16:24:00+00:00\",\"dateModified\":\"2015-07-25T16:24:00+00:00\",\"breadcrumb\":{\"@id\":\"https:\/\/www.visiterarles.com\/en\/blog\/2015\/07\/25\/denicher-une-location-de-vtt-pas-chere-arles-centre-ville-1933\/#breadcrumb\"},\"inLanguage\":\"en-GB\",\"potentialAction\":[{\"@type\":\"ReadAction\",\"target\":[\"https:\/\/www.visiterarles.com\/en\/blog\/2015\/07\/25\/denicher-une-location-de-vtt-pas-chere-arles-centre-ville-1933\/\"]}]},{\"@type\":\"BreadcrumbList\",\"@id\":\"https:\/\/www.visiterarles.com\/en\/blog\/2015\/07\/25\/denicher-une-location-de-vtt-pas-chere-arles-centre-ville-1933\/#breadcrumb\",\"itemListElement\":[{\"@type\":\"ListItem\",\"position\":1,\"name\":\"Home\",\"item\":\"https:\/\/www.visiterarles.com\/\"},{\"@type\":\"ListItem\",\"position\":2,\"name\":\"D\u00e9nicher une location de vtt pas ch\u00e8re Arles centre ville\"}]},{\"@type\":\"WebSite\",\"@id\":\"https:\/\/www.visiterarles.com\/en\/#website\",\"url\":\"https:\/\/www.visiterarles.com\/en\/\",\"name\":\"Visiter Arles\",\"description\":\"Tourisme en Provence \u00e0 Arles\",\"publisher\":{\"@id\":\"https:\/\/www.visiterarles.com\/en\/#organization\"},\"potentialAction\":[{\"@type\":\"SearchAction\",\"target\":{\"@type\":\"EntryPoint\",\"urlTemplate\":\"https:\/\/www.visiterarles.com\/en\/?s={search_term_string}\"},\"query-input\":\"required name=search_term_string\"}],\"inLanguage\":\"en-GB\"},{\"@type\":\"Organization\",\"@id\":\"https:\/\/www.visiterarles.com\/en\/#organization\",\"name\":\"Visiter Arles\",\"url\":\"https:\/\/www.visiterarles.com\/en\/\",\"logo\":{\"@type\":\"ImageObject\",\"inLanguage\":\"en-GB\",\"@id\":\"https:\/\/www.visiterarles.com\/en\/#\/schema\/logo\/image\/\",\"url\":\"https:\/\/www.visiterarles.com\/wp-content\/uploads\/2017\/10\/taco-and-co-1-1.jpg\",\"contentUrl\":\"https:\/\/www.visiterarles.com\/wp-content\/uploads\/2017\/10\/taco-and-co-1-1.jpg\",\"width\":124,\"height\":73,\"caption\":\"Visiter Arles\"},\"image\":{\"@id\":\"https:\/\/www.visiterarles.com\/en\/#\/schema\/logo\/image\/\"}},{\"@type\":\"Person\",\"@id\":\"https:\/\/www.visiterarles.com\/en\/#\/schema\/person\/ba5912e4613018f479a2d86815a53576\",\"name\":\"Linkadm\",\"image\":{\"@type\":\"ImageObject\",\"inLanguage\":\"en-GB\",\"@id\":\"https:\/\/www.visiterarles.com\/en\/#\/schema\/person\/image\/\",\"url\":\"https:\/\/secure.gravatar.com\/avatar\/4709ec209921503e8d8cc96168eddc49?s=96&d=mm&r=g\",\"contentUrl\":\"https:\/\/secure.gravatar.com\/avatar\/4709ec209921503e8d8cc96168eddc49?s=96&d=mm&r=g\",\"caption\":\"Linkadm\"},\"url\":\"https:\/\/www.visiterarles.com\/en\/blog\/author\/admin\/\"}]}<\/script>\n<!-- \/ Yoast SEO plugin. -->","yoast_head_json":{"title":"D\u00e9nicher une location de vtt pas ch\u00e8re Arles centre ville - Visiter Arles","robots":{"index":"index","follow":"follow","max-snippet":"max-snippet:-1","max-image-preview":"max-image-preview:large","max-video-preview":"max-video-preview:-1"},"canonical":"https:\/\/www.visiterarles.com\/en\/blog\/2015\/07\/25\/denicher-une-location-de-vtt-pas-chere-arles-centre-ville-1933\/","twitter_misc":{"Written by":"Linkadm","Estimated reading time":"1 minute"},"schema":{"@context":"https:\/\/schema.org","@graph":[{"@type":"Article","@id":"https:\/\/www.visiterarles.com\/en\/blog\/2015\/07\/25\/denicher-une-location-de-vtt-pas-chere-arles-centre-ville-1933\/#article","isPartOf":{"@id":"https:\/\/www.visiterarles.com\/en\/blog\/2015\/07\/25\/denicher-une-location-de-vtt-pas-chere-arles-centre-ville-1933\/"},"author":{"name":"Linkadm","@id":"https:\/\/www.visiterarles.com\/en\/#\/schema\/person\/ba5912e4613018f479a2d86815a53576"},"headline":"D\u00e9nicher une location de vtt pas ch\u00e8re Arles centre ville","datePublished":"2015-07-25T16:24:00+00:00","dateModified":"2015-07-25T16:24:00+00:00","mainEntityOfPage":{"@id":"https:\/\/www.visiterarles.com\/en\/blog\/2015\/07\/25\/denicher-une-location-de-vtt-pas-chere-arles-centre-ville-1933\/"},"wordCount":188,"commentCount":0,"publisher":{"@id":"https:\/\/www.visiterarles.com\/en\/#organization"},"articleSection":["Informations"],"inLanguage":"en-GB","potentialAction":[{"@type":"CommentAction","name":"Comment","target":["https:\/\/www.visiterarles.com\/en\/blog\/2015\/07\/25\/denicher-une-location-de-vtt-pas-chere-arles-centre-ville-1933\/#respond"]}]},{"@type":"WebPage","@id":"https:\/\/www.visiterarles.com\/en\/blog\/2015\/07\/25\/denicher-une-location-de-vtt-pas-chere-arles-centre-ville-1933\/","url":"https:\/\/www.visiterarles.com\/en\/blog\/2015\/07\/25\/denicher-une-location-de-vtt-pas-chere-arles-centre-ville-1933\/","name":"D\u00e9nicher une location de vtt pas ch\u00e8re Arles centre ville - Visiter Arles","isPartOf":{"@id":"https:\/\/www.visiterarles.com\/en\/#website"},"datePublished":"2015-07-25T16:24:00+00:00","dateModified":"2015-07-25T16:24:00+00:00","breadcrumb":{"@id":"https:\/\/www.visiterarles.com\/en\/blog\/2015\/07\/25\/denicher-une-location-de-vtt-pas-chere-arles-centre-ville-1933\/#breadcrumb"},"inLanguage":"en-GB","potentialAction":[{"@type":"ReadAction","target":["https:\/\/www.visiterarles.com\/en\/blog\/2015\/07\/25\/denicher-une-location-de-vtt-pas-chere-arles-centre-ville-1933\/"]}]},{"@type":"BreadcrumbList","@id":"https:\/\/www.visiterarles.com\/en\/blog\/2015\/07\/25\/denicher-une-location-de-vtt-pas-chere-arles-centre-ville-1933\/#breadcrumb","itemListElement":[{"@type":"ListItem","position":1,"name":"Home","item":"https:\/\/www.visiterarles.com\/"},{"@type":"ListItem","position":2,"name":"D\u00e9nicher une location de vtt pas ch\u00e8re Arles centre ville"}]},{"@type":"WebSite","@id":"https:\/\/www.visiterarles.com\/en\/#website","url":"https:\/\/www.visiterarles.com\/en\/","name":"Visiter Arles","description":"Tourisme en Provence \u00e0 Arles","publisher":{"@id":"https:\/\/www.visiterarles.com\/en\/#organization"},"potentialAction":[{"@type":"SearchAction","target":{"@type":"EntryPoint","urlTemplate":"https:\/\/www.visiterarles.com\/en\/?s={search_term_string}"},"query-input":"required name=search_term_string"}],"inLanguage":"en-GB"},{"@type":"Organization","@id":"https:\/\/www.visiterarles.com\/en\/#organization","name":"Visiter Arles","url":"https:\/\/www.visiterarles.com\/en\/","logo":{"@type":"ImageObject","inLanguage":"en-GB","@id":"https:\/\/www.visiterarles.com\/en\/#\/schema\/logo\/image\/","url":"https:\/\/www.visiterarles.com\/wp-content\/uploads\/2017\/10\/taco-and-co-1-1.jpg","contentUrl":"https:\/\/www.visiterarles.com\/wp-content\/uploads\/2017\/10\/taco-and-co-1-1.jpg","width":124,"height":73,"caption":"Visiter Arles"},"image":{"@id":"https:\/\/www.visiterarles.com\/en\/#\/schema\/logo\/image\/"}},{"@type":"Person","@id":"https:\/\/www.visiterarles.com\/en\/#\/schema\/person\/ba5912e4613018f479a2d86815a53576","name":"Linkadm","image":{"@type":"ImageObject","inLanguage":"en-GB","@id":"https:\/\/www.visiterarles.com\/en\/#\/schema\/person\/image\/","url":"https:\/\/secure.gravatar.com\/avatar\/4709ec209921503e8d8cc96168eddc49?s=96&d=mm&r=g","contentUrl":"https:\/\/secure.gravatar.com\/avatar\/4709ec209921503e8d8cc96168eddc49?s=96&d=mm&r=g","caption":"Linkadm"},"url":"https:\/\/www.visiterarles.com\/en\/blog\/author\/admin\/"}]}},"_links":{"self":[{"href":"https:\/\/www.visiterarles.com\/en\/wp-json\/wp\/v2\/posts\/28657"}],"collection":[{"href":"https:\/\/www.visiterarles.com\/en\/wp-json\/wp\/v2\/posts"}],"about":[{"href":"https:\/\/www.visiterarles.com\/en\/wp-json\/wp\/v2\/types\/post"}],"author":[{"embeddable":true,"href":"https:\/\/www.visiterarles.com\/en\/wp-json\/wp\/v2\/users\/1"}],"replies":[{"embeddable":true,"href":"https:\/\/www.visiterarles.com\/en\/wp-json\/wp\/v2\/comments?post=28657"}],"version-history":[{"count":0,"href":"https:\/\/www.visiterarles.com\/en\/wp-json\/wp\/v2\/posts\/28657\/revisions"}],"wp:attachment":[{"href":"https:\/\/www.visiterarles.com\/en\/wp-json\/wp\/v2\/media?parent=28657"}],"wp:term":[{"taxonomy":"category","embeddable":true,"href":"https:\/\/www.visiterarles.com\/en\/wp-json\/wp\/v2\/categories?post=28657"},{"taxonomy":"post_tag","embeddable":true,"href":"https:\/\/www.visiterarles.com\/en\/wp-json\/wp\/v2\/tags?post=28657"}],"curies":[{"name":"wp","href":"https:\/\/api.w.org\/{rel}","templated":true}]}}