{"id":28658,"date":"2015-07-26T16:06:00","date_gmt":"2015-07-26T16:06:00","guid":{"rendered":"http:\/\/www.visiterarles.com\/reperer-une-location-de-vtt-pas-chere-arles-quartier-des-musees-782\/"},"modified":"2015-07-26T16:06:00","modified_gmt":"2015-07-26T16:06:00","slug":"reperer-une-location-de-vtt-pas-chere-arles-quartier-des-musees-782","status":"publish","type":"post","link":"https:\/\/www.visiterarles.com\/en\/blog\/2015\/07\/26\/reperer-une-location-de-vtt-pas-chere-arles-quartier-des-musees-782\/","title":{"rendered":"Rep\u00e9rer une location de vtt pas ch\u00e8re Arles quartier des mus\u00e9es"},"content":{"rendered":"<h4>V\u00e9lo Taco votre interlocuteur s\u00e9rieux pas ch\u00e8re \u00e0 Arles quartier des mus\u00e9es<\/h4>\n<p>Les cryptoportiques, le village de salins o\u00f9 alors le march\u00e9 de provence, via notre location de vtt pas ch\u00e8re \u00e0 Arles quartier des mus\u00e9es, sont des monuments qui ne vous \u00e9chapperont pas au sein de cette exceptionnelle commune ravissante. Tacoandco, de mani\u00e8re \u00e0 vous aider pour jouir au maximum de l\u2019existence, va tout faire pour vous r\u00e9v\u00e9ler, avec la sensation d&rsquo;oeuvrer de mani\u00e8re respectueuse de l\u2019environnement, le plus adapt\u00e9 de la vie culturelle dans cette cit\u00e9 magnifique, via une location de vtt pas ch\u00e8re \u00e0 Arles quartier des mus\u00e9es.<\/p>\n<h4>Une option respectueuse de la plan\u00e8te : location de vtt pas ch\u00e8re sur Arles<\/h4>\n<p>Lorsqu&rsquo;on a la volont\u00e9 de d\u00e9couvrir le sublime patrimoine de la ville, une location de vtt pas ch\u00e8re entre autre dans Arles, entre autres, est tr\u00e8s adapt\u00e9e. En arrivant sur Arles, vous pourrez demander une location de vtt entre autre dans la gare. Les visiteurs de tous horizons adoreront une <a href=\"http:\/\/www.visiterarles.com\/en\/arles-location-de-vtt-pas-chere-1797\/\">location de vtt sur Arles<\/a>, pas ch\u00e8re leur convenant sans aucun doute.<\/p>","protected":false},"excerpt":{"rendered":"<p>V\u00e9lo Taco votre interlocuteur s\u00e9rieux pas ch\u00e8re \u00e0 Arles quartier des mus\u00e9es Les cryptoportiques, le village de salins o\u00f9 alors le march\u00e9 de provence, via notre location de vtt pas ch\u00e8re \u00e0 Arles quartier des mus\u00e9es, sont des monuments qui ne vous \u00e9chapperont pas au sein de cette exceptionnelle commune ravissante. Tacoandco, de mani\u00e8re \u00e0 [&hellip;]<\/p>","protected":false},"author":1,"featured_media":0,"comment_status":"open","ping_status":"open","sticky":false,"template":"","format":"standard","meta":{"footnotes":""},"categories":[55],"tags":[],"aioseo_notices":[],"yoast_head":"<!-- This site is optimized with the Yoast SEO plugin v22.3 - https:\/\/yoast.com\/wordpress\/plugins\/seo\/ -->\n<title>Rep\u00e9rer une location de vtt pas ch\u00e8re Arles quartier des mus\u00e9es - Visiter Arles<\/title>\n<meta name=\"robots\" content=\"index, follow, max-snippet:-1, max-image-preview:large, max-video-preview:-1\" \/>\n<link rel=\"canonical\" href=\"https:\/\/www.visiterarles.com\/en\/blog\/2015\/07\/26\/reperer-une-location-de-vtt-pas-chere-arles-quartier-des-musees-782\/\" \/>\n<meta name=\"twitter:label1\" content=\"Written by\" \/>\n\t<meta name=\"twitter:data1\" content=\"Linkadm\" \/>\n\t<meta name=\"twitter:label2\" content=\"Estimated reading time\" \/>\n\t<meta name=\"twitter:data2\" content=\"1 minute\" \/>\n<script type=\"application\/ld+json\" class=\"yoast-schema-graph\">{\"@context\":\"https:\/\/schema.org\",\"@graph\":[{\"@type\":\"Article\",\"@id\":\"https:\/\/www.visiterarles.com\/blog\/2015\/07\/26\/reperer-une-location-de-vtt-pas-chere-arles-quartier-des-musees-782\/#article\",\"isPartOf\":{\"@id\":\"https:\/\/www.visiterarles.com\/blog\/2015\/07\/26\/reperer-une-location-de-vtt-pas-chere-arles-quartier-des-musees-782\/\"},\"author\":{\"name\":\"Linkadm\",\"@id\":\"https:\/\/www.visiterarles.com\/en\/#\/schema\/person\/ba5912e4613018f479a2d86815a53576\"},\"headline\":\"Rep\u00e9rer une location de vtt pas ch\u00e8re Arles quartier des mus\u00e9es\",\"datePublished\":\"2015-07-26T16:06:00+00:00\",\"dateModified\":\"2015-07-26T16:06:00+00:00\",\"mainEntityOfPage\":{\"@id\":\"https:\/\/www.visiterarles.com\/blog\/2015\/07\/26\/reperer-une-location-de-vtt-pas-chere-arles-quartier-des-musees-782\/\"},\"wordCount\":209,\"commentCount\":0,\"publisher\":{\"@id\":\"https:\/\/www.visiterarles.com\/en\/#organization\"},\"articleSection\":[\"Informations\"],\"inLanguage\":\"en-GB\",\"potentialAction\":[{\"@type\":\"CommentAction\",\"name\":\"Comment\",\"target\":[\"https:\/\/www.visiterarles.com\/blog\/2015\/07\/26\/reperer-une-location-de-vtt-pas-chere-arles-quartier-des-musees-782\/#respond\"]}]},{\"@type\":\"WebPage\",\"@id\":\"https:\/\/www.visiterarles.com\/blog\/2015\/07\/26\/reperer-une-location-de-vtt-pas-chere-arles-quartier-des-musees-782\/\",\"url\":\"https:\/\/www.visiterarles.com\/blog\/2015\/07\/26\/reperer-une-location-de-vtt-pas-chere-arles-quartier-des-musees-782\/\",\"name\":\"Rep\u00e9rer une location de vtt pas ch\u00e8re Arles quartier des mus\u00e9es - Visiter Arles\",\"isPartOf\":{\"@id\":\"https:\/\/www.visiterarles.com\/en\/#website\"},\"datePublished\":\"2015-07-26T16:06:00+00:00\",\"dateModified\":\"2015-07-26T16:06:00+00:00\",\"breadcrumb\":{\"@id\":\"https:\/\/www.visiterarles.com\/blog\/2015\/07\/26\/reperer-une-location-de-vtt-pas-chere-arles-quartier-des-musees-782\/#breadcrumb\"},\"inLanguage\":\"en-GB\",\"potentialAction\":[{\"@type\":\"ReadAction\",\"target\":[\"https:\/\/www.visiterarles.com\/blog\/2015\/07\/26\/reperer-une-location-de-vtt-pas-chere-arles-quartier-des-musees-782\/\"]}]},{\"@type\":\"BreadcrumbList\",\"@id\":\"https:\/\/www.visiterarles.com\/blog\/2015\/07\/26\/reperer-une-location-de-vtt-pas-chere-arles-quartier-des-musees-782\/#breadcrumb\",\"itemListElement\":[{\"@type\":\"ListItem\",\"position\":1,\"name\":\"Home\",\"item\":\"https:\/\/www.visiterarles.com\/\"},{\"@type\":\"ListItem\",\"position\":2,\"name\":\"Rep\u00e9rer une location de vtt pas ch\u00e8re Arles quartier des mus\u00e9es\"}]},{\"@type\":\"WebSite\",\"@id\":\"https:\/\/www.visiterarles.com\/en\/#website\",\"url\":\"https:\/\/www.visiterarles.com\/en\/\",\"name\":\"Visiter Arles\",\"description\":\"Tourisme en Provence \u00e0 Arles\",\"publisher\":{\"@id\":\"https:\/\/www.visiterarles.com\/en\/#organization\"},\"potentialAction\":[{\"@type\":\"SearchAction\",\"target\":{\"@type\":\"EntryPoint\",\"urlTemplate\":\"https:\/\/www.visiterarles.com\/en\/?s={search_term_string}\"},\"query-input\":\"required name=search_term_string\"}],\"inLanguage\":\"en-GB\"},{\"@type\":\"Organization\",\"@id\":\"https:\/\/www.visiterarles.com\/en\/#organization\",\"name\":\"Visiter Arles\",\"url\":\"https:\/\/www.visiterarles.com\/en\/\",\"logo\":{\"@type\":\"ImageObject\",\"inLanguage\":\"en-GB\",\"@id\":\"https:\/\/www.visiterarles.com\/en\/#\/schema\/logo\/image\/\",\"url\":\"https:\/\/www.visiterarles.com\/wp-content\/uploads\/2017\/10\/taco-and-co-1-1.jpg\",\"contentUrl\":\"https:\/\/www.visiterarles.com\/wp-content\/uploads\/2017\/10\/taco-and-co-1-1.jpg\",\"width\":124,\"height\":73,\"caption\":\"Visiter Arles\"},\"image\":{\"@id\":\"https:\/\/www.visiterarles.com\/en\/#\/schema\/logo\/image\/\"}},{\"@type\":\"Person\",\"@id\":\"https:\/\/www.visiterarles.com\/en\/#\/schema\/person\/ba5912e4613018f479a2d86815a53576\",\"name\":\"Linkadm\",\"image\":{\"@type\":\"ImageObject\",\"inLanguage\":\"en-GB\",\"@id\":\"https:\/\/www.visiterarles.com\/en\/#\/schema\/person\/image\/\",\"url\":\"https:\/\/secure.gravatar.com\/avatar\/4709ec209921503e8d8cc96168eddc49?s=96&d=mm&r=g\",\"contentUrl\":\"https:\/\/secure.gravatar.com\/avatar\/4709ec209921503e8d8cc96168eddc49?s=96&d=mm&r=g\",\"caption\":\"Linkadm\"},\"url\":\"https:\/\/www.visiterarles.com\/en\/blog\/author\/admin\/\"}]}<\/script>\n<!-- \/ Yoast SEO plugin. -->","yoast_head_json":{"title":"Rep\u00e9rer une location de vtt pas ch\u00e8re Arles quartier des mus\u00e9es - Visiter Arles","robots":{"index":"index","follow":"follow","max-snippet":"max-snippet:-1","max-image-preview":"max-image-preview:large","max-video-preview":"max-video-preview:-1"},"canonical":"https:\/\/www.visiterarles.com\/en\/blog\/2015\/07\/26\/reperer-une-location-de-vtt-pas-chere-arles-quartier-des-musees-782\/","twitter_misc":{"Written by":"Linkadm","Estimated reading time":"1 minute"},"schema":{"@context":"https:\/\/schema.org","@graph":[{"@type":"Article","@id":"https:\/\/www.visiterarles.com\/blog\/2015\/07\/26\/reperer-une-location-de-vtt-pas-chere-arles-quartier-des-musees-782\/#article","isPartOf":{"@id":"https:\/\/www.visiterarles.com\/blog\/2015\/07\/26\/reperer-une-location-de-vtt-pas-chere-arles-quartier-des-musees-782\/"},"author":{"name":"Linkadm","@id":"https:\/\/www.visiterarles.com\/en\/#\/schema\/person\/ba5912e4613018f479a2d86815a53576"},"headline":"Rep\u00e9rer une location de vtt pas ch\u00e8re Arles quartier des mus\u00e9es","datePublished":"2015-07-26T16:06:00+00:00","dateModified":"2015-07-26T16:06:00+00:00","mainEntityOfPage":{"@id":"https:\/\/www.visiterarles.com\/blog\/2015\/07\/26\/reperer-une-location-de-vtt-pas-chere-arles-quartier-des-musees-782\/"},"wordCount":209,"commentCount":0,"publisher":{"@id":"https:\/\/www.visiterarles.com\/en\/#organization"},"articleSection":["Informations"],"inLanguage":"en-GB","potentialAction":[{"@type":"CommentAction","name":"Comment","target":["https:\/\/www.visiterarles.com\/blog\/2015\/07\/26\/reperer-une-location-de-vtt-pas-chere-arles-quartier-des-musees-782\/#respond"]}]},{"@type":"WebPage","@id":"https:\/\/www.visiterarles.com\/blog\/2015\/07\/26\/reperer-une-location-de-vtt-pas-chere-arles-quartier-des-musees-782\/","url":"https:\/\/www.visiterarles.com\/blog\/2015\/07\/26\/reperer-une-location-de-vtt-pas-chere-arles-quartier-des-musees-782\/","name":"Rep\u00e9rer une location de vtt pas ch\u00e8re Arles quartier des mus\u00e9es - Visiter Arles","isPartOf":{"@id":"https:\/\/www.visiterarles.com\/en\/#website"},"datePublished":"2015-07-26T16:06:00+00:00","dateModified":"2015-07-26T16:06:00+00:00","breadcrumb":{"@id":"https:\/\/www.visiterarles.com\/blog\/2015\/07\/26\/reperer-une-location-de-vtt-pas-chere-arles-quartier-des-musees-782\/#breadcrumb"},"inLanguage":"en-GB","potentialAction":[{"@type":"ReadAction","target":["https:\/\/www.visiterarles.com\/blog\/2015\/07\/26\/reperer-une-location-de-vtt-pas-chere-arles-quartier-des-musees-782\/"]}]},{"@type":"BreadcrumbList","@id":"https:\/\/www.visiterarles.com\/blog\/2015\/07\/26\/reperer-une-location-de-vtt-pas-chere-arles-quartier-des-musees-782\/#breadcrumb","itemListElement":[{"@type":"ListItem","position":1,"name":"Home","item":"https:\/\/www.visiterarles.com\/"},{"@type":"ListItem","position":2,"name":"Rep\u00e9rer une location de vtt pas ch\u00e8re Arles quartier des mus\u00e9es"}]},{"@type":"WebSite","@id":"https:\/\/www.visiterarles.com\/en\/#website","url":"https:\/\/www.visiterarles.com\/en\/","name":"Visiter Arles","description":"Tourisme en Provence \u00e0 Arles","publisher":{"@id":"https:\/\/www.visiterarles.com\/en\/#organization"},"potentialAction":[{"@type":"SearchAction","target":{"@type":"EntryPoint","urlTemplate":"https:\/\/www.visiterarles.com\/en\/?s={search_term_string}"},"query-input":"required name=search_term_string"}],"inLanguage":"en-GB"},{"@type":"Organization","@id":"https:\/\/www.visiterarles.com\/en\/#organization","name":"Visiter Arles","url":"https:\/\/www.visiterarles.com\/en\/","logo":{"@type":"ImageObject","inLanguage":"en-GB","@id":"https:\/\/www.visiterarles.com\/en\/#\/schema\/logo\/image\/","url":"https:\/\/www.visiterarles.com\/wp-content\/uploads\/2017\/10\/taco-and-co-1-1.jpg","contentUrl":"https:\/\/www.visiterarles.com\/wp-content\/uploads\/2017\/10\/taco-and-co-1-1.jpg","width":124,"height":73,"caption":"Visiter Arles"},"image":{"@id":"https:\/\/www.visiterarles.com\/en\/#\/schema\/logo\/image\/"}},{"@type":"Person","@id":"https:\/\/www.visiterarles.com\/en\/#\/schema\/person\/ba5912e4613018f479a2d86815a53576","name":"Linkadm","image":{"@type":"ImageObject","inLanguage":"en-GB","@id":"https:\/\/www.visiterarles.com\/en\/#\/schema\/person\/image\/","url":"https:\/\/secure.gravatar.com\/avatar\/4709ec209921503e8d8cc96168eddc49?s=96&d=mm&r=g","contentUrl":"https:\/\/secure.gravatar.com\/avatar\/4709ec209921503e8d8cc96168eddc49?s=96&d=mm&r=g","caption":"Linkadm"},"url":"https:\/\/www.visiterarles.com\/en\/blog\/author\/admin\/"}]}},"_links":{"self":[{"href":"https:\/\/www.visiterarles.com\/en\/wp-json\/wp\/v2\/posts\/28658"}],"collection":[{"href":"https:\/\/www.visiterarles.com\/en\/wp-json\/wp\/v2\/posts"}],"about":[{"href":"https:\/\/www.visiterarles.com\/en\/wp-json\/wp\/v2\/types\/post"}],"author":[{"embeddable":true,"href":"https:\/\/www.visiterarles.com\/en\/wp-json\/wp\/v2\/users\/1"}],"replies":[{"embeddable":true,"href":"https:\/\/www.visiterarles.com\/en\/wp-json\/wp\/v2\/comments?post=28658"}],"version-history":[{"count":0,"href":"https:\/\/www.visiterarles.com\/en\/wp-json\/wp\/v2\/posts\/28658\/revisions"}],"wp:attachment":[{"href":"https:\/\/www.visiterarles.com\/en\/wp-json\/wp\/v2\/media?parent=28658"}],"wp:term":[{"taxonomy":"category","embeddable":true,"href":"https:\/\/www.visiterarles.com\/en\/wp-json\/wp\/v2\/categories?post=28658"},{"taxonomy":"post_tag","embeddable":true,"href":"https:\/\/www.visiterarles.com\/en\/wp-json\/wp\/v2\/tags?post=28658"}],"curies":[{"name":"wp","href":"https:\/\/api.w.org\/{rel}","templated":true}]}}