{"id":28684,"date":"2015-08-15T14:50:00","date_gmt":"2015-08-15T14:50:00","guid":{"rendered":"http:\/\/www.visiterarles.com\/arles-quartier-des-musees-choisir-votre-location-de-vtt-avec-des-enfants-avec-tacoandco-461\/"},"modified":"2015-08-15T14:50:00","modified_gmt":"2015-08-15T14:50:00","slug":"arles-quartier-des-musees-choisir-votre-location-de-vtt-avec-des-enfants-avec-tacoandco-461","status":"publish","type":"post","link":"https:\/\/www.visiterarles.com\/en\/blog\/2015\/08\/15\/arles-quartier-des-musees-choisir-votre-location-de-vtt-avec-des-enfants-avec-tacoandco-461\/","title":{"rendered":"Arles quartier des mus\u00e9es : choisir votre location de vtt avec des enfants avec Tacoandco"},"content":{"rendered":"<h4>Avec des enfants \u00e0 Arles quartier des mus\u00e9es : o\u00f9 d\u00e9nicher un partenaire de confiance qui propose une location de vtt<\/h4>\n<p>Les thermes de constantin, le marais du vigueirat o\u00f9 alors le march\u00e9 de provence, par le biais de notre location de vtt avec des enfants \u00e0 Arles quartier des mus\u00e9es, sont des plus beaux endroits que vous ne manquerez pas au sein de cette exceptionnelle commune magnifique. Une <a href=\"http:\/\/www.visiterarles.com\/en\/votre-location-de-vtt-avec-des-enfants-a-arles-1993\/\">location de vtt avec des enfants \u00e0 Arles<\/a> quartier des mus\u00e9es, entre autres, vous aidera \u00e0 pleinement profiter de la vie au sein de cette exceptionnelle commune magnifique, \u00e0 chaque fois avec l&rsquo;impression d\u2019agir d&rsquo;une fa\u00e7on respectueuse de l\u2019environnement, en pr\u00e9sentant une culture des plus riches.<\/p>\n<h4>Arles : pour quelle raison choisir notre location de vtt avec des enfants<\/h4>\n<p>D\u00e8s lors qu\u2019on a l&rsquo;intention de faire la visite du magnifique patrimoine de la ville, une location de vtt avec des enfants dans Arles, pour ne citer que cela, est tr\u00e8s adapt\u00e9e. Au cas o\u00f9 vous soyez dans Arles, vous aurez la possibilit\u00e9 de profiter pleinement d\u2019une agr\u00e9able location de vtt sereinement. Une sympathique location de vtt sur Arles, avec des enfants peut para\u00eetre une alternative cl\u00e9s en main qui conviendra \u00e0 tous de m\u00eame qu&rsquo;aux touristes.<\/p>","protected":false},"excerpt":{"rendered":"<p>Avec des enfants \u00e0 Arles quartier des mus\u00e9es : o\u00f9 d\u00e9nicher un partenaire de confiance qui propose une location de vtt Les thermes de constantin, le marais du vigueirat o\u00f9 alors le march\u00e9 de provence, par le biais de notre location de vtt avec des enfants \u00e0 Arles quartier des mus\u00e9es, sont des plus beaux [&hellip;]<\/p>","protected":false},"author":1,"featured_media":0,"comment_status":"open","ping_status":"open","sticky":false,"template":"","format":"standard","meta":{"footnotes":""},"categories":[55],"tags":[],"aioseo_notices":[],"yoast_head":"<!-- This site is optimized with the Yoast SEO plugin v22.3 - https:\/\/yoast.com\/wordpress\/plugins\/seo\/ -->\n<title>Arles quartier des mus\u00e9es : choisir votre location de vtt avec des enfants avec Tacoandco - Visiter Arles<\/title>\n<meta name=\"robots\" content=\"index, follow, max-snippet:-1, max-image-preview:large, max-video-preview:-1\" \/>\n<link rel=\"canonical\" href=\"https:\/\/www.visiterarles.com\/en\/blog\/2015\/08\/15\/arles-quartier-des-musees-choisir-votre-location-de-vtt-avec-des-enfants-avec-tacoandco-461\/\" \/>\n<meta name=\"twitter:label1\" content=\"Written by\" \/>\n\t<meta name=\"twitter:data1\" content=\"Linkadm\" \/>\n\t<meta name=\"twitter:label2\" content=\"Estimated reading time\" \/>\n\t<meta name=\"twitter:data2\" content=\"1 minute\" \/>\n<script type=\"application\/ld+json\" class=\"yoast-schema-graph\">{\"@context\":\"https:\/\/schema.org\",\"@graph\":[{\"@type\":\"Article\",\"@id\":\"https:\/\/www.visiterarles.com\/en\/blog\/2015\/08\/15\/arles-quartier-des-musees-choisir-votre-location-de-vtt-avec-des-enfants-avec-tacoandco-461\/#article\",\"isPartOf\":{\"@id\":\"https:\/\/www.visiterarles.com\/en\/blog\/2015\/08\/15\/arles-quartier-des-musees-choisir-votre-location-de-vtt-avec-des-enfants-avec-tacoandco-461\/\"},\"author\":{\"name\":\"Linkadm\",\"@id\":\"https:\/\/www.visiterarles.com\/en\/#\/schema\/person\/ba5912e4613018f479a2d86815a53576\"},\"headline\":\"Arles quartier des mus\u00e9es : choisir votre location de vtt avec des enfants avec Tacoandco\",\"datePublished\":\"2015-08-15T14:50:00+00:00\",\"dateModified\":\"2015-08-15T14:50:00+00:00\",\"mainEntityOfPage\":{\"@id\":\"https:\/\/www.visiterarles.com\/en\/blog\/2015\/08\/15\/arles-quartier-des-musees-choisir-votre-location-de-vtt-avec-des-enfants-avec-tacoandco-461\/\"},\"wordCount\":233,\"commentCount\":0,\"publisher\":{\"@id\":\"https:\/\/www.visiterarles.com\/en\/#organization\"},\"articleSection\":[\"Informations\"],\"inLanguage\":\"en-GB\",\"potentialAction\":[{\"@type\":\"CommentAction\",\"name\":\"Comment\",\"target\":[\"https:\/\/www.visiterarles.com\/en\/blog\/2015\/08\/15\/arles-quartier-des-musees-choisir-votre-location-de-vtt-avec-des-enfants-avec-tacoandco-461\/#respond\"]}]},{\"@type\":\"WebPage\",\"@id\":\"https:\/\/www.visiterarles.com\/en\/blog\/2015\/08\/15\/arles-quartier-des-musees-choisir-votre-location-de-vtt-avec-des-enfants-avec-tacoandco-461\/\",\"url\":\"https:\/\/www.visiterarles.com\/en\/blog\/2015\/08\/15\/arles-quartier-des-musees-choisir-votre-location-de-vtt-avec-des-enfants-avec-tacoandco-461\/\",\"name\":\"Arles quartier des mus\u00e9es : choisir votre location de vtt avec des enfants avec Tacoandco - Visiter Arles\",\"isPartOf\":{\"@id\":\"https:\/\/www.visiterarles.com\/en\/#website\"},\"datePublished\":\"2015-08-15T14:50:00+00:00\",\"dateModified\":\"2015-08-15T14:50:00+00:00\",\"breadcrumb\":{\"@id\":\"https:\/\/www.visiterarles.com\/en\/blog\/2015\/08\/15\/arles-quartier-des-musees-choisir-votre-location-de-vtt-avec-des-enfants-avec-tacoandco-461\/#breadcrumb\"},\"inLanguage\":\"en-GB\",\"potentialAction\":[{\"@type\":\"ReadAction\",\"target\":[\"https:\/\/www.visiterarles.com\/en\/blog\/2015\/08\/15\/arles-quartier-des-musees-choisir-votre-location-de-vtt-avec-des-enfants-avec-tacoandco-461\/\"]}]},{\"@type\":\"BreadcrumbList\",\"@id\":\"https:\/\/www.visiterarles.com\/en\/blog\/2015\/08\/15\/arles-quartier-des-musees-choisir-votre-location-de-vtt-avec-des-enfants-avec-tacoandco-461\/#breadcrumb\",\"itemListElement\":[{\"@type\":\"ListItem\",\"position\":1,\"name\":\"Home\",\"item\":\"https:\/\/www.visiterarles.com\/\"},{\"@type\":\"ListItem\",\"position\":2,\"name\":\"Arles quartier des mus\u00e9es : choisir votre location de vtt avec des enfants avec Tacoandco\"}]},{\"@type\":\"WebSite\",\"@id\":\"https:\/\/www.visiterarles.com\/en\/#website\",\"url\":\"https:\/\/www.visiterarles.com\/en\/\",\"name\":\"Visiter Arles\",\"description\":\"Tourisme en Provence \u00e0 Arles\",\"publisher\":{\"@id\":\"https:\/\/www.visiterarles.com\/en\/#organization\"},\"potentialAction\":[{\"@type\":\"SearchAction\",\"target\":{\"@type\":\"EntryPoint\",\"urlTemplate\":\"https:\/\/www.visiterarles.com\/en\/?s={search_term_string}\"},\"query-input\":\"required name=search_term_string\"}],\"inLanguage\":\"en-GB\"},{\"@type\":\"Organization\",\"@id\":\"https:\/\/www.visiterarles.com\/en\/#organization\",\"name\":\"Visiter Arles\",\"url\":\"https:\/\/www.visiterarles.com\/en\/\",\"logo\":{\"@type\":\"ImageObject\",\"inLanguage\":\"en-GB\",\"@id\":\"https:\/\/www.visiterarles.com\/en\/#\/schema\/logo\/image\/\",\"url\":\"https:\/\/www.visiterarles.com\/wp-content\/uploads\/2017\/10\/taco-and-co-1-1.jpg\",\"contentUrl\":\"https:\/\/www.visiterarles.com\/wp-content\/uploads\/2017\/10\/taco-and-co-1-1.jpg\",\"width\":124,\"height\":73,\"caption\":\"Visiter Arles\"},\"image\":{\"@id\":\"https:\/\/www.visiterarles.com\/en\/#\/schema\/logo\/image\/\"}},{\"@type\":\"Person\",\"@id\":\"https:\/\/www.visiterarles.com\/en\/#\/schema\/person\/ba5912e4613018f479a2d86815a53576\",\"name\":\"Linkadm\",\"image\":{\"@type\":\"ImageObject\",\"inLanguage\":\"en-GB\",\"@id\":\"https:\/\/www.visiterarles.com\/en\/#\/schema\/person\/image\/\",\"url\":\"https:\/\/secure.gravatar.com\/avatar\/4709ec209921503e8d8cc96168eddc49?s=96&d=mm&r=g\",\"contentUrl\":\"https:\/\/secure.gravatar.com\/avatar\/4709ec209921503e8d8cc96168eddc49?s=96&d=mm&r=g\",\"caption\":\"Linkadm\"},\"url\":\"https:\/\/www.visiterarles.com\/en\/blog\/author\/admin\/\"}]}<\/script>\n<!-- \/ Yoast SEO plugin. -->","yoast_head_json":{"title":"Arles quartier des mus\u00e9es : choisir votre location de vtt avec des enfants avec Tacoandco - Visiter Arles","robots":{"index":"index","follow":"follow","max-snippet":"max-snippet:-1","max-image-preview":"max-image-preview:large","max-video-preview":"max-video-preview:-1"},"canonical":"https:\/\/www.visiterarles.com\/en\/blog\/2015\/08\/15\/arles-quartier-des-musees-choisir-votre-location-de-vtt-avec-des-enfants-avec-tacoandco-461\/","twitter_misc":{"Written by":"Linkadm","Estimated reading time":"1 minute"},"schema":{"@context":"https:\/\/schema.org","@graph":[{"@type":"Article","@id":"https:\/\/www.visiterarles.com\/en\/blog\/2015\/08\/15\/arles-quartier-des-musees-choisir-votre-location-de-vtt-avec-des-enfants-avec-tacoandco-461\/#article","isPartOf":{"@id":"https:\/\/www.visiterarles.com\/en\/blog\/2015\/08\/15\/arles-quartier-des-musees-choisir-votre-location-de-vtt-avec-des-enfants-avec-tacoandco-461\/"},"author":{"name":"Linkadm","@id":"https:\/\/www.visiterarles.com\/en\/#\/schema\/person\/ba5912e4613018f479a2d86815a53576"},"headline":"Arles quartier des mus\u00e9es : choisir votre location de vtt avec des enfants avec Tacoandco","datePublished":"2015-08-15T14:50:00+00:00","dateModified":"2015-08-15T14:50:00+00:00","mainEntityOfPage":{"@id":"https:\/\/www.visiterarles.com\/en\/blog\/2015\/08\/15\/arles-quartier-des-musees-choisir-votre-location-de-vtt-avec-des-enfants-avec-tacoandco-461\/"},"wordCount":233,"commentCount":0,"publisher":{"@id":"https:\/\/www.visiterarles.com\/en\/#organization"},"articleSection":["Informations"],"inLanguage":"en-GB","potentialAction":[{"@type":"CommentAction","name":"Comment","target":["https:\/\/www.visiterarles.com\/en\/blog\/2015\/08\/15\/arles-quartier-des-musees-choisir-votre-location-de-vtt-avec-des-enfants-avec-tacoandco-461\/#respond"]}]},{"@type":"WebPage","@id":"https:\/\/www.visiterarles.com\/en\/blog\/2015\/08\/15\/arles-quartier-des-musees-choisir-votre-location-de-vtt-avec-des-enfants-avec-tacoandco-461\/","url":"https:\/\/www.visiterarles.com\/en\/blog\/2015\/08\/15\/arles-quartier-des-musees-choisir-votre-location-de-vtt-avec-des-enfants-avec-tacoandco-461\/","name":"Arles quartier des mus\u00e9es : choisir votre location de vtt avec des enfants avec Tacoandco - Visiter Arles","isPartOf":{"@id":"https:\/\/www.visiterarles.com\/en\/#website"},"datePublished":"2015-08-15T14:50:00+00:00","dateModified":"2015-08-15T14:50:00+00:00","breadcrumb":{"@id":"https:\/\/www.visiterarles.com\/en\/blog\/2015\/08\/15\/arles-quartier-des-musees-choisir-votre-location-de-vtt-avec-des-enfants-avec-tacoandco-461\/#breadcrumb"},"inLanguage":"en-GB","potentialAction":[{"@type":"ReadAction","target":["https:\/\/www.visiterarles.com\/en\/blog\/2015\/08\/15\/arles-quartier-des-musees-choisir-votre-location-de-vtt-avec-des-enfants-avec-tacoandco-461\/"]}]},{"@type":"BreadcrumbList","@id":"https:\/\/www.visiterarles.com\/en\/blog\/2015\/08\/15\/arles-quartier-des-musees-choisir-votre-location-de-vtt-avec-des-enfants-avec-tacoandco-461\/#breadcrumb","itemListElement":[{"@type":"ListItem","position":1,"name":"Home","item":"https:\/\/www.visiterarles.com\/"},{"@type":"ListItem","position":2,"name":"Arles quartier des mus\u00e9es : choisir votre location de vtt avec des enfants avec Tacoandco"}]},{"@type":"WebSite","@id":"https:\/\/www.visiterarles.com\/en\/#website","url":"https:\/\/www.visiterarles.com\/en\/","name":"Visiter Arles","description":"Tourisme en Provence \u00e0 Arles","publisher":{"@id":"https:\/\/www.visiterarles.com\/en\/#organization"},"potentialAction":[{"@type":"SearchAction","target":{"@type":"EntryPoint","urlTemplate":"https:\/\/www.visiterarles.com\/en\/?s={search_term_string}"},"query-input":"required name=search_term_string"}],"inLanguage":"en-GB"},{"@type":"Organization","@id":"https:\/\/www.visiterarles.com\/en\/#organization","name":"Visiter Arles","url":"https:\/\/www.visiterarles.com\/en\/","logo":{"@type":"ImageObject","inLanguage":"en-GB","@id":"https:\/\/www.visiterarles.com\/en\/#\/schema\/logo\/image\/","url":"https:\/\/www.visiterarles.com\/wp-content\/uploads\/2017\/10\/taco-and-co-1-1.jpg","contentUrl":"https:\/\/www.visiterarles.com\/wp-content\/uploads\/2017\/10\/taco-and-co-1-1.jpg","width":124,"height":73,"caption":"Visiter Arles"},"image":{"@id":"https:\/\/www.visiterarles.com\/en\/#\/schema\/logo\/image\/"}},{"@type":"Person","@id":"https:\/\/www.visiterarles.com\/en\/#\/schema\/person\/ba5912e4613018f479a2d86815a53576","name":"Linkadm","image":{"@type":"ImageObject","inLanguage":"en-GB","@id":"https:\/\/www.visiterarles.com\/en\/#\/schema\/person\/image\/","url":"https:\/\/secure.gravatar.com\/avatar\/4709ec209921503e8d8cc96168eddc49?s=96&d=mm&r=g","contentUrl":"https:\/\/secure.gravatar.com\/avatar\/4709ec209921503e8d8cc96168eddc49?s=96&d=mm&r=g","caption":"Linkadm"},"url":"https:\/\/www.visiterarles.com\/en\/blog\/author\/admin\/"}]}},"_links":{"self":[{"href":"https:\/\/www.visiterarles.com\/en\/wp-json\/wp\/v2\/posts\/28684"}],"collection":[{"href":"https:\/\/www.visiterarles.com\/en\/wp-json\/wp\/v2\/posts"}],"about":[{"href":"https:\/\/www.visiterarles.com\/en\/wp-json\/wp\/v2\/types\/post"}],"author":[{"embeddable":true,"href":"https:\/\/www.visiterarles.com\/en\/wp-json\/wp\/v2\/users\/1"}],"replies":[{"embeddable":true,"href":"https:\/\/www.visiterarles.com\/en\/wp-json\/wp\/v2\/comments?post=28684"}],"version-history":[{"count":0,"href":"https:\/\/www.visiterarles.com\/en\/wp-json\/wp\/v2\/posts\/28684\/revisions"}],"wp:attachment":[{"href":"https:\/\/www.visiterarles.com\/en\/wp-json\/wp\/v2\/media?parent=28684"}],"wp:term":[{"taxonomy":"category","embeddable":true,"href":"https:\/\/www.visiterarles.com\/en\/wp-json\/wp\/v2\/categories?post=28684"},{"taxonomy":"post_tag","embeddable":true,"href":"https:\/\/www.visiterarles.com\/en\/wp-json\/wp\/v2\/tags?post=28684"}],"curies":[{"name":"wp","href":"https:\/\/api.w.org\/{rel}","templated":true}]}}