{"id":28685,"date":"2015-08-16T18:41:00","date_gmt":"2015-08-16T18:41:00","guid":{"rendered":"http:\/\/www.visiterarles.com\/avec-des-enfants-arles-ancien-la-location-de-vtt-381\/"},"modified":"2015-08-16T18:41:00","modified_gmt":"2015-08-16T18:41:00","slug":"avec-des-enfants-arles-ancien-la-location-de-vtt-381","status":"publish","type":"post","link":"https:\/\/www.visiterarles.com\/en\/blog\/2015\/08\/16\/avec-des-enfants-arles-ancien-la-location-de-vtt-381\/","title":{"rendered":"Avec des enfants Arles ancien : la location de vtt"},"content":{"rendered":"<h4>Arles ancien : opter pour une location de vtt, de confiance avec des enfants<\/h4>\n<p>Les tours de la cavalerie, le village de salins o\u00f9 le march\u00e9 de provence, via notre location de vtt avec des enfants \u00e0 Arles ancien, sont des plus beaux endroits qui ne vous \u00e9chapperont pas dans cette commune magnifique. V\u00e9lo Taco, de mani\u00e8re \u00e0 vous aider pour profiter pleinement de la vie, fera le maximum pour vous pr\u00e9senter, avec la sensation d\u2019agir d&rsquo;une mani\u00e8re \u00e9cologique, le plus ad\u00e9quat de la vie culturelle au sein de cette cit\u00e9 exceptionnelle, via une location de vtt avec des enfants \u00e0 Arles ancien.<\/p>\n<h4>Arles : une alternative respectueuse de l&rsquo;environnement : la location de vtt avec des enfants<\/h4>\n<p>Prendre connaissance du tr\u00e8s beau patrimoine de la ville via notre location de vtt avec des enfants \u00e0 Arles peut \u00eatre une offre adapt\u00e9e pour qui en a envie. En arrivant sur Arles, vous pourrez solliciter notre location de vtt au sein m\u00eame de cette structure. Les visiteurs de tout poil aimeront notre <a href=\"http:\/\/www.visiterarles.com\/en\/votre-location-de-vtt-avec-des-enfants-a-arles-1993\/\">location de vtt sur Arles<\/a>, avec des enfants leur convenant tr\u00e8s certainement.<\/p>","protected":false},"excerpt":{"rendered":"<p>Arles ancien : opter pour une location de vtt, de confiance avec des enfants Les tours de la cavalerie, le village de salins o\u00f9 le march\u00e9 de provence, via notre location de vtt avec des enfants \u00e0 Arles ancien, sont des plus beaux endroits qui ne vous \u00e9chapperont pas dans cette commune magnifique. V\u00e9lo Taco, [&hellip;]<\/p>","protected":false},"author":1,"featured_media":0,"comment_status":"open","ping_status":"open","sticky":false,"template":"","format":"standard","meta":{"footnotes":""},"categories":[55],"tags":[],"aioseo_notices":[],"yoast_head":"<!-- This site is optimized with the Yoast SEO plugin v22.3 - https:\/\/yoast.com\/wordpress\/plugins\/seo\/ -->\n<title>Avec des enfants Arles ancien : la location de vtt - Visiter Arles<\/title>\n<meta name=\"robots\" content=\"index, follow, max-snippet:-1, max-image-preview:large, max-video-preview:-1\" \/>\n<link rel=\"canonical\" href=\"https:\/\/www.visiterarles.com\/en\/blog\/2015\/08\/16\/avec-des-enfants-arles-ancien-la-location-de-vtt-381\/\" \/>\n<meta name=\"twitter:label1\" content=\"Written by\" \/>\n\t<meta name=\"twitter:data1\" content=\"Linkadm\" \/>\n\t<meta name=\"twitter:label2\" content=\"Estimated reading time\" \/>\n\t<meta name=\"twitter:data2\" content=\"1 minute\" \/>\n<script type=\"application\/ld+json\" class=\"yoast-schema-graph\">{\"@context\":\"https:\/\/schema.org\",\"@graph\":[{\"@type\":\"Article\",\"@id\":\"https:\/\/www.visiterarles.com\/blog\/2015\/08\/16\/avec-des-enfants-arles-ancien-la-location-de-vtt-381\/#article\",\"isPartOf\":{\"@id\":\"https:\/\/www.visiterarles.com\/blog\/2015\/08\/16\/avec-des-enfants-arles-ancien-la-location-de-vtt-381\/\"},\"author\":{\"name\":\"Linkadm\",\"@id\":\"https:\/\/www.visiterarles.com\/en\/#\/schema\/person\/ba5912e4613018f479a2d86815a53576\"},\"headline\":\"Avec des enfants Arles ancien : la location de vtt\",\"datePublished\":\"2015-08-16T18:41:00+00:00\",\"dateModified\":\"2015-08-16T18:41:00+00:00\",\"mainEntityOfPage\":{\"@id\":\"https:\/\/www.visiterarles.com\/blog\/2015\/08\/16\/avec-des-enfants-arles-ancien-la-location-de-vtt-381\/\"},\"wordCount\":197,\"commentCount\":0,\"publisher\":{\"@id\":\"https:\/\/www.visiterarles.com\/en\/#organization\"},\"articleSection\":[\"Informations\"],\"inLanguage\":\"en-GB\",\"potentialAction\":[{\"@type\":\"CommentAction\",\"name\":\"Comment\",\"target\":[\"https:\/\/www.visiterarles.com\/blog\/2015\/08\/16\/avec-des-enfants-arles-ancien-la-location-de-vtt-381\/#respond\"]}]},{\"@type\":\"WebPage\",\"@id\":\"https:\/\/www.visiterarles.com\/blog\/2015\/08\/16\/avec-des-enfants-arles-ancien-la-location-de-vtt-381\/\",\"url\":\"https:\/\/www.visiterarles.com\/blog\/2015\/08\/16\/avec-des-enfants-arles-ancien-la-location-de-vtt-381\/\",\"name\":\"Avec des enfants Arles ancien : la location de vtt - Visiter Arles\",\"isPartOf\":{\"@id\":\"https:\/\/www.visiterarles.com\/en\/#website\"},\"datePublished\":\"2015-08-16T18:41:00+00:00\",\"dateModified\":\"2015-08-16T18:41:00+00:00\",\"breadcrumb\":{\"@id\":\"https:\/\/www.visiterarles.com\/blog\/2015\/08\/16\/avec-des-enfants-arles-ancien-la-location-de-vtt-381\/#breadcrumb\"},\"inLanguage\":\"en-GB\",\"potentialAction\":[{\"@type\":\"ReadAction\",\"target\":[\"https:\/\/www.visiterarles.com\/blog\/2015\/08\/16\/avec-des-enfants-arles-ancien-la-location-de-vtt-381\/\"]}]},{\"@type\":\"BreadcrumbList\",\"@id\":\"https:\/\/www.visiterarles.com\/blog\/2015\/08\/16\/avec-des-enfants-arles-ancien-la-location-de-vtt-381\/#breadcrumb\",\"itemListElement\":[{\"@type\":\"ListItem\",\"position\":1,\"name\":\"Home\",\"item\":\"https:\/\/www.visiterarles.com\/\"},{\"@type\":\"ListItem\",\"position\":2,\"name\":\"Avec des enfants Arles ancien : la location de vtt\"}]},{\"@type\":\"WebSite\",\"@id\":\"https:\/\/www.visiterarles.com\/en\/#website\",\"url\":\"https:\/\/www.visiterarles.com\/en\/\",\"name\":\"Visiter Arles\",\"description\":\"Tourisme en Provence \u00e0 Arles\",\"publisher\":{\"@id\":\"https:\/\/www.visiterarles.com\/en\/#organization\"},\"potentialAction\":[{\"@type\":\"SearchAction\",\"target\":{\"@type\":\"EntryPoint\",\"urlTemplate\":\"https:\/\/www.visiterarles.com\/en\/?s={search_term_string}\"},\"query-input\":\"required name=search_term_string\"}],\"inLanguage\":\"en-GB\"},{\"@type\":\"Organization\",\"@id\":\"https:\/\/www.visiterarles.com\/en\/#organization\",\"name\":\"Visiter Arles\",\"url\":\"https:\/\/www.visiterarles.com\/en\/\",\"logo\":{\"@type\":\"ImageObject\",\"inLanguage\":\"en-GB\",\"@id\":\"https:\/\/www.visiterarles.com\/en\/#\/schema\/logo\/image\/\",\"url\":\"https:\/\/www.visiterarles.com\/wp-content\/uploads\/2017\/10\/taco-and-co-1-1.jpg\",\"contentUrl\":\"https:\/\/www.visiterarles.com\/wp-content\/uploads\/2017\/10\/taco-and-co-1-1.jpg\",\"width\":124,\"height\":73,\"caption\":\"Visiter Arles\"},\"image\":{\"@id\":\"https:\/\/www.visiterarles.com\/en\/#\/schema\/logo\/image\/\"}},{\"@type\":\"Person\",\"@id\":\"https:\/\/www.visiterarles.com\/en\/#\/schema\/person\/ba5912e4613018f479a2d86815a53576\",\"name\":\"Linkadm\",\"image\":{\"@type\":\"ImageObject\",\"inLanguage\":\"en-GB\",\"@id\":\"https:\/\/www.visiterarles.com\/en\/#\/schema\/person\/image\/\",\"url\":\"https:\/\/secure.gravatar.com\/avatar\/4709ec209921503e8d8cc96168eddc49?s=96&d=mm&r=g\",\"contentUrl\":\"https:\/\/secure.gravatar.com\/avatar\/4709ec209921503e8d8cc96168eddc49?s=96&d=mm&r=g\",\"caption\":\"Linkadm\"},\"url\":\"https:\/\/www.visiterarles.com\/en\/blog\/author\/admin\/\"}]}<\/script>\n<!-- \/ Yoast SEO plugin. -->","yoast_head_json":{"title":"Avec des enfants Arles ancien : la location de vtt - Visiter Arles","robots":{"index":"index","follow":"follow","max-snippet":"max-snippet:-1","max-image-preview":"max-image-preview:large","max-video-preview":"max-video-preview:-1"},"canonical":"https:\/\/www.visiterarles.com\/en\/blog\/2015\/08\/16\/avec-des-enfants-arles-ancien-la-location-de-vtt-381\/","twitter_misc":{"Written by":"Linkadm","Estimated reading time":"1 minute"},"schema":{"@context":"https:\/\/schema.org","@graph":[{"@type":"Article","@id":"https:\/\/www.visiterarles.com\/blog\/2015\/08\/16\/avec-des-enfants-arles-ancien-la-location-de-vtt-381\/#article","isPartOf":{"@id":"https:\/\/www.visiterarles.com\/blog\/2015\/08\/16\/avec-des-enfants-arles-ancien-la-location-de-vtt-381\/"},"author":{"name":"Linkadm","@id":"https:\/\/www.visiterarles.com\/en\/#\/schema\/person\/ba5912e4613018f479a2d86815a53576"},"headline":"Avec des enfants Arles ancien : la location de vtt","datePublished":"2015-08-16T18:41:00+00:00","dateModified":"2015-08-16T18:41:00+00:00","mainEntityOfPage":{"@id":"https:\/\/www.visiterarles.com\/blog\/2015\/08\/16\/avec-des-enfants-arles-ancien-la-location-de-vtt-381\/"},"wordCount":197,"commentCount":0,"publisher":{"@id":"https:\/\/www.visiterarles.com\/en\/#organization"},"articleSection":["Informations"],"inLanguage":"en-GB","potentialAction":[{"@type":"CommentAction","name":"Comment","target":["https:\/\/www.visiterarles.com\/blog\/2015\/08\/16\/avec-des-enfants-arles-ancien-la-location-de-vtt-381\/#respond"]}]},{"@type":"WebPage","@id":"https:\/\/www.visiterarles.com\/blog\/2015\/08\/16\/avec-des-enfants-arles-ancien-la-location-de-vtt-381\/","url":"https:\/\/www.visiterarles.com\/blog\/2015\/08\/16\/avec-des-enfants-arles-ancien-la-location-de-vtt-381\/","name":"Avec des enfants Arles ancien : la location de vtt - Visiter Arles","isPartOf":{"@id":"https:\/\/www.visiterarles.com\/en\/#website"},"datePublished":"2015-08-16T18:41:00+00:00","dateModified":"2015-08-16T18:41:00+00:00","breadcrumb":{"@id":"https:\/\/www.visiterarles.com\/blog\/2015\/08\/16\/avec-des-enfants-arles-ancien-la-location-de-vtt-381\/#breadcrumb"},"inLanguage":"en-GB","potentialAction":[{"@type":"ReadAction","target":["https:\/\/www.visiterarles.com\/blog\/2015\/08\/16\/avec-des-enfants-arles-ancien-la-location-de-vtt-381\/"]}]},{"@type":"BreadcrumbList","@id":"https:\/\/www.visiterarles.com\/blog\/2015\/08\/16\/avec-des-enfants-arles-ancien-la-location-de-vtt-381\/#breadcrumb","itemListElement":[{"@type":"ListItem","position":1,"name":"Home","item":"https:\/\/www.visiterarles.com\/"},{"@type":"ListItem","position":2,"name":"Avec des enfants Arles ancien : la location de vtt"}]},{"@type":"WebSite","@id":"https:\/\/www.visiterarles.com\/en\/#website","url":"https:\/\/www.visiterarles.com\/en\/","name":"Visiter Arles","description":"Tourisme en Provence \u00e0 Arles","publisher":{"@id":"https:\/\/www.visiterarles.com\/en\/#organization"},"potentialAction":[{"@type":"SearchAction","target":{"@type":"EntryPoint","urlTemplate":"https:\/\/www.visiterarles.com\/en\/?s={search_term_string}"},"query-input":"required name=search_term_string"}],"inLanguage":"en-GB"},{"@type":"Organization","@id":"https:\/\/www.visiterarles.com\/en\/#organization","name":"Visiter Arles","url":"https:\/\/www.visiterarles.com\/en\/","logo":{"@type":"ImageObject","inLanguage":"en-GB","@id":"https:\/\/www.visiterarles.com\/en\/#\/schema\/logo\/image\/","url":"https:\/\/www.visiterarles.com\/wp-content\/uploads\/2017\/10\/taco-and-co-1-1.jpg","contentUrl":"https:\/\/www.visiterarles.com\/wp-content\/uploads\/2017\/10\/taco-and-co-1-1.jpg","width":124,"height":73,"caption":"Visiter Arles"},"image":{"@id":"https:\/\/www.visiterarles.com\/en\/#\/schema\/logo\/image\/"}},{"@type":"Person","@id":"https:\/\/www.visiterarles.com\/en\/#\/schema\/person\/ba5912e4613018f479a2d86815a53576","name":"Linkadm","image":{"@type":"ImageObject","inLanguage":"en-GB","@id":"https:\/\/www.visiterarles.com\/en\/#\/schema\/person\/image\/","url":"https:\/\/secure.gravatar.com\/avatar\/4709ec209921503e8d8cc96168eddc49?s=96&d=mm&r=g","contentUrl":"https:\/\/secure.gravatar.com\/avatar\/4709ec209921503e8d8cc96168eddc49?s=96&d=mm&r=g","caption":"Linkadm"},"url":"https:\/\/www.visiterarles.com\/en\/blog\/author\/admin\/"}]}},"_links":{"self":[{"href":"https:\/\/www.visiterarles.com\/en\/wp-json\/wp\/v2\/posts\/28685"}],"collection":[{"href":"https:\/\/www.visiterarles.com\/en\/wp-json\/wp\/v2\/posts"}],"about":[{"href":"https:\/\/www.visiterarles.com\/en\/wp-json\/wp\/v2\/types\/post"}],"author":[{"embeddable":true,"href":"https:\/\/www.visiterarles.com\/en\/wp-json\/wp\/v2\/users\/1"}],"replies":[{"embeddable":true,"href":"https:\/\/www.visiterarles.com\/en\/wp-json\/wp\/v2\/comments?post=28685"}],"version-history":[{"count":0,"href":"https:\/\/www.visiterarles.com\/en\/wp-json\/wp\/v2\/posts\/28685\/revisions"}],"wp:attachment":[{"href":"https:\/\/www.visiterarles.com\/en\/wp-json\/wp\/v2\/media?parent=28685"}],"wp:term":[{"taxonomy":"category","embeddable":true,"href":"https:\/\/www.visiterarles.com\/en\/wp-json\/wp\/v2\/categories?post=28685"},{"taxonomy":"post_tag","embeddable":true,"href":"https:\/\/www.visiterarles.com\/en\/wp-json\/wp\/v2\/tags?post=28685"}],"curies":[{"name":"wp","href":"https:\/\/api.w.org\/{rel}","templated":true}]}}