{"id":28691,"date":"2015-08-21T11:33:00","date_gmt":"2015-08-21T11:33:00","guid":{"rendered":"http:\/\/www.visiterarles.com\/bon-plan-la-location-de-vtt-avec-des-enfants-sur-arles-les-alyscs-734\/"},"modified":"2015-08-21T11:33:00","modified_gmt":"2015-08-21T11:33:00","slug":"bon-plan-la-location-de-vtt-avec-des-enfants-sur-arles-les-alyscs-734","status":"publish","type":"post","link":"https:\/\/www.visiterarles.com\/en\/blog\/2015\/08\/21\/bon-plan-la-location-de-vtt-avec-des-enfants-sur-arles-les-alyscs-734\/","title":{"rendered":"Bon plan : la location de vtt avec des enfants sur Arles les Alyscamps"},"content":{"rendered":"<h4>Avec des enfants dans Arles les Alyscamps : o\u00f9 trouver un interlocuteur s\u00e9rieux proposant une location de vtt<\/h4>\n<p>Les cryptoportiques, le village de salins o\u00f9 alors la tour des mourgues, par l&rsquo;interm\u00e9diaire de notre location de vtt avec des enfants \u00e0 Arles les Alyscamps, sont des monuments qui ne vous \u00e9chapperont pas dans cette commune splendide. Notre location de vtt avec des enfants \u00e0 Arles les Alyscamps, entre autres, vous fera profiter pleinement de la vie dans cette commune splendide, \u00e0 chaque fois avec l\u2019impression d&rsquo;oeuvrer de mani\u00e8re respectueuse de l\u2019environnement, en proposant toute la richesse de la culture.<\/p>\n<h4>De quelle fa\u00e7on s\u2019y prendre pour rep\u00e9rer une location de vtt avec des enfants au sein d&rsquo;Arles<\/h4>\n<p>Prendre connaissance du tr\u00e8s beau patrimoine de la ville par l&rsquo;interm\u00e9diaire de notre location de vtt avec des enfants \u00e0 Arles peut \u00eatre une alternative cl\u00e9s en main efficace pour qui le d\u00e9sire. Au cas o\u00f9 vous vous trouviez au sein d\u2019Arles, vous pourrez pleinement profiter d\u2019une agr\u00e9able location de vtt sans stress. Une <a href=\"http:\/\/www.visiterarles.com\/en\/votre-location-de-vtt-avec-des-enfants-a-arles-1993\/\">location de vtt sur Arles<\/a>, avec des enfants peut \u00eatre une alternative cl\u00e9s en main qui correspondra \u00e0 tous ainsi qu\u2019aux touristes.<\/p>","protected":false},"excerpt":{"rendered":"<p>Avec des enfants dans Arles les Alyscamps : o\u00f9 trouver un interlocuteur s\u00e9rieux proposant une location de vtt Les cryptoportiques, le village de salins o\u00f9 alors la tour des mourgues, par l&rsquo;interm\u00e9diaire de notre location de vtt avec des enfants \u00e0 Arles les Alyscamps, sont des monuments qui ne vous \u00e9chapperont pas dans cette commune [&hellip;]<\/p>","protected":false},"author":1,"featured_media":0,"comment_status":"open","ping_status":"open","sticky":false,"template":"","format":"standard","meta":{"footnotes":""},"categories":[55],"tags":[],"aioseo_notices":[],"yoast_head":"<!-- This site is optimized with the Yoast SEO plugin v22.3 - https:\/\/yoast.com\/wordpress\/plugins\/seo\/ -->\n<title>Bon plan : la location de vtt avec des enfants sur Arles les Alyscamps - Visiter Arles<\/title>\n<meta name=\"robots\" content=\"index, follow, max-snippet:-1, max-image-preview:large, max-video-preview:-1\" \/>\n<link rel=\"canonical\" href=\"https:\/\/www.visiterarles.com\/en\/blog\/2015\/08\/21\/bon-plan-la-location-de-vtt-avec-des-enfants-sur-arles-les-alyscs-734\/\" \/>\n<meta name=\"twitter:label1\" content=\"Written by\" \/>\n\t<meta name=\"twitter:data1\" content=\"Linkadm\" \/>\n\t<meta name=\"twitter:label2\" content=\"Estimated reading time\" \/>\n\t<meta name=\"twitter:data2\" content=\"1 minute\" \/>\n<script type=\"application\/ld+json\" class=\"yoast-schema-graph\">{\"@context\":\"https:\/\/schema.org\",\"@graph\":[{\"@type\":\"Article\",\"@id\":\"https:\/\/www.visiterarles.com\/en\/blog\/2015\/08\/21\/bon-plan-la-location-de-vtt-avec-des-enfants-sur-arles-les-alyscs-734\/#article\",\"isPartOf\":{\"@id\":\"https:\/\/www.visiterarles.com\/en\/blog\/2015\/08\/21\/bon-plan-la-location-de-vtt-avec-des-enfants-sur-arles-les-alyscs-734\/\"},\"author\":{\"name\":\"Linkadm\",\"@id\":\"https:\/\/www.visiterarles.com\/en\/#\/schema\/person\/ba5912e4613018f479a2d86815a53576\"},\"headline\":\"Bon plan : la location de vtt avec des enfants sur Arles les Alyscamps\",\"datePublished\":\"2015-08-21T11:33:00+00:00\",\"dateModified\":\"2015-08-21T11:33:00+00:00\",\"mainEntityOfPage\":{\"@id\":\"https:\/\/www.visiterarles.com\/en\/blog\/2015\/08\/21\/bon-plan-la-location-de-vtt-avec-des-enfants-sur-arles-les-alyscs-734\/\"},\"wordCount\":220,\"commentCount\":0,\"publisher\":{\"@id\":\"https:\/\/www.visiterarles.com\/en\/#organization\"},\"articleSection\":[\"Informations\"],\"inLanguage\":\"en-GB\",\"potentialAction\":[{\"@type\":\"CommentAction\",\"name\":\"Comment\",\"target\":[\"https:\/\/www.visiterarles.com\/en\/blog\/2015\/08\/21\/bon-plan-la-location-de-vtt-avec-des-enfants-sur-arles-les-alyscs-734\/#respond\"]}]},{\"@type\":\"WebPage\",\"@id\":\"https:\/\/www.visiterarles.com\/en\/blog\/2015\/08\/21\/bon-plan-la-location-de-vtt-avec-des-enfants-sur-arles-les-alyscs-734\/\",\"url\":\"https:\/\/www.visiterarles.com\/en\/blog\/2015\/08\/21\/bon-plan-la-location-de-vtt-avec-des-enfants-sur-arles-les-alyscs-734\/\",\"name\":\"Bon plan : la location de vtt avec des enfants sur Arles les Alyscamps - Visiter Arles\",\"isPartOf\":{\"@id\":\"https:\/\/www.visiterarles.com\/en\/#website\"},\"datePublished\":\"2015-08-21T11:33:00+00:00\",\"dateModified\":\"2015-08-21T11:33:00+00:00\",\"breadcrumb\":{\"@id\":\"https:\/\/www.visiterarles.com\/en\/blog\/2015\/08\/21\/bon-plan-la-location-de-vtt-avec-des-enfants-sur-arles-les-alyscs-734\/#breadcrumb\"},\"inLanguage\":\"en-GB\",\"potentialAction\":[{\"@type\":\"ReadAction\",\"target\":[\"https:\/\/www.visiterarles.com\/en\/blog\/2015\/08\/21\/bon-plan-la-location-de-vtt-avec-des-enfants-sur-arles-les-alyscs-734\/\"]}]},{\"@type\":\"BreadcrumbList\",\"@id\":\"https:\/\/www.visiterarles.com\/en\/blog\/2015\/08\/21\/bon-plan-la-location-de-vtt-avec-des-enfants-sur-arles-les-alyscs-734\/#breadcrumb\",\"itemListElement\":[{\"@type\":\"ListItem\",\"position\":1,\"name\":\"Home\",\"item\":\"https:\/\/www.visiterarles.com\/\"},{\"@type\":\"ListItem\",\"position\":2,\"name\":\"Bon plan : la location de vtt avec des enfants sur Arles les Alyscamps\"}]},{\"@type\":\"WebSite\",\"@id\":\"https:\/\/www.visiterarles.com\/en\/#website\",\"url\":\"https:\/\/www.visiterarles.com\/en\/\",\"name\":\"Visiter Arles\",\"description\":\"Tourisme en Provence \u00e0 Arles\",\"publisher\":{\"@id\":\"https:\/\/www.visiterarles.com\/en\/#organization\"},\"potentialAction\":[{\"@type\":\"SearchAction\",\"target\":{\"@type\":\"EntryPoint\",\"urlTemplate\":\"https:\/\/www.visiterarles.com\/en\/?s={search_term_string}\"},\"query-input\":\"required name=search_term_string\"}],\"inLanguage\":\"en-GB\"},{\"@type\":\"Organization\",\"@id\":\"https:\/\/www.visiterarles.com\/en\/#organization\",\"name\":\"Visiter Arles\",\"url\":\"https:\/\/www.visiterarles.com\/en\/\",\"logo\":{\"@type\":\"ImageObject\",\"inLanguage\":\"en-GB\",\"@id\":\"https:\/\/www.visiterarles.com\/en\/#\/schema\/logo\/image\/\",\"url\":\"https:\/\/www.visiterarles.com\/wp-content\/uploads\/2017\/10\/taco-and-co-1-1.jpg\",\"contentUrl\":\"https:\/\/www.visiterarles.com\/wp-content\/uploads\/2017\/10\/taco-and-co-1-1.jpg\",\"width\":124,\"height\":73,\"caption\":\"Visiter Arles\"},\"image\":{\"@id\":\"https:\/\/www.visiterarles.com\/en\/#\/schema\/logo\/image\/\"}},{\"@type\":\"Person\",\"@id\":\"https:\/\/www.visiterarles.com\/en\/#\/schema\/person\/ba5912e4613018f479a2d86815a53576\",\"name\":\"Linkadm\",\"image\":{\"@type\":\"ImageObject\",\"inLanguage\":\"en-GB\",\"@id\":\"https:\/\/www.visiterarles.com\/en\/#\/schema\/person\/image\/\",\"url\":\"https:\/\/secure.gravatar.com\/avatar\/4709ec209921503e8d8cc96168eddc49?s=96&d=mm&r=g\",\"contentUrl\":\"https:\/\/secure.gravatar.com\/avatar\/4709ec209921503e8d8cc96168eddc49?s=96&d=mm&r=g\",\"caption\":\"Linkadm\"},\"url\":\"https:\/\/www.visiterarles.com\/en\/blog\/author\/admin\/\"}]}<\/script>\n<!-- \/ Yoast SEO plugin. -->","yoast_head_json":{"title":"Bon plan : la location de vtt avec des enfants sur Arles les Alyscamps - Visiter Arles","robots":{"index":"index","follow":"follow","max-snippet":"max-snippet:-1","max-image-preview":"max-image-preview:large","max-video-preview":"max-video-preview:-1"},"canonical":"https:\/\/www.visiterarles.com\/en\/blog\/2015\/08\/21\/bon-plan-la-location-de-vtt-avec-des-enfants-sur-arles-les-alyscs-734\/","twitter_misc":{"Written by":"Linkadm","Estimated reading time":"1 minute"},"schema":{"@context":"https:\/\/schema.org","@graph":[{"@type":"Article","@id":"https:\/\/www.visiterarles.com\/en\/blog\/2015\/08\/21\/bon-plan-la-location-de-vtt-avec-des-enfants-sur-arles-les-alyscs-734\/#article","isPartOf":{"@id":"https:\/\/www.visiterarles.com\/en\/blog\/2015\/08\/21\/bon-plan-la-location-de-vtt-avec-des-enfants-sur-arles-les-alyscs-734\/"},"author":{"name":"Linkadm","@id":"https:\/\/www.visiterarles.com\/en\/#\/schema\/person\/ba5912e4613018f479a2d86815a53576"},"headline":"Bon plan : la location de vtt avec des enfants sur Arles les Alyscamps","datePublished":"2015-08-21T11:33:00+00:00","dateModified":"2015-08-21T11:33:00+00:00","mainEntityOfPage":{"@id":"https:\/\/www.visiterarles.com\/en\/blog\/2015\/08\/21\/bon-plan-la-location-de-vtt-avec-des-enfants-sur-arles-les-alyscs-734\/"},"wordCount":220,"commentCount":0,"publisher":{"@id":"https:\/\/www.visiterarles.com\/en\/#organization"},"articleSection":["Informations"],"inLanguage":"en-GB","potentialAction":[{"@type":"CommentAction","name":"Comment","target":["https:\/\/www.visiterarles.com\/en\/blog\/2015\/08\/21\/bon-plan-la-location-de-vtt-avec-des-enfants-sur-arles-les-alyscs-734\/#respond"]}]},{"@type":"WebPage","@id":"https:\/\/www.visiterarles.com\/en\/blog\/2015\/08\/21\/bon-plan-la-location-de-vtt-avec-des-enfants-sur-arles-les-alyscs-734\/","url":"https:\/\/www.visiterarles.com\/en\/blog\/2015\/08\/21\/bon-plan-la-location-de-vtt-avec-des-enfants-sur-arles-les-alyscs-734\/","name":"Bon plan : la location de vtt avec des enfants sur Arles les Alyscamps - Visiter Arles","isPartOf":{"@id":"https:\/\/www.visiterarles.com\/en\/#website"},"datePublished":"2015-08-21T11:33:00+00:00","dateModified":"2015-08-21T11:33:00+00:00","breadcrumb":{"@id":"https:\/\/www.visiterarles.com\/en\/blog\/2015\/08\/21\/bon-plan-la-location-de-vtt-avec-des-enfants-sur-arles-les-alyscs-734\/#breadcrumb"},"inLanguage":"en-GB","potentialAction":[{"@type":"ReadAction","target":["https:\/\/www.visiterarles.com\/en\/blog\/2015\/08\/21\/bon-plan-la-location-de-vtt-avec-des-enfants-sur-arles-les-alyscs-734\/"]}]},{"@type":"BreadcrumbList","@id":"https:\/\/www.visiterarles.com\/en\/blog\/2015\/08\/21\/bon-plan-la-location-de-vtt-avec-des-enfants-sur-arles-les-alyscs-734\/#breadcrumb","itemListElement":[{"@type":"ListItem","position":1,"name":"Home","item":"https:\/\/www.visiterarles.com\/"},{"@type":"ListItem","position":2,"name":"Bon plan : la location de vtt avec des enfants sur Arles les Alyscamps"}]},{"@type":"WebSite","@id":"https:\/\/www.visiterarles.com\/en\/#website","url":"https:\/\/www.visiterarles.com\/en\/","name":"Visiter Arles","description":"Tourisme en Provence \u00e0 Arles","publisher":{"@id":"https:\/\/www.visiterarles.com\/en\/#organization"},"potentialAction":[{"@type":"SearchAction","target":{"@type":"EntryPoint","urlTemplate":"https:\/\/www.visiterarles.com\/en\/?s={search_term_string}"},"query-input":"required name=search_term_string"}],"inLanguage":"en-GB"},{"@type":"Organization","@id":"https:\/\/www.visiterarles.com\/en\/#organization","name":"Visiter Arles","url":"https:\/\/www.visiterarles.com\/en\/","logo":{"@type":"ImageObject","inLanguage":"en-GB","@id":"https:\/\/www.visiterarles.com\/en\/#\/schema\/logo\/image\/","url":"https:\/\/www.visiterarles.com\/wp-content\/uploads\/2017\/10\/taco-and-co-1-1.jpg","contentUrl":"https:\/\/www.visiterarles.com\/wp-content\/uploads\/2017\/10\/taco-and-co-1-1.jpg","width":124,"height":73,"caption":"Visiter Arles"},"image":{"@id":"https:\/\/www.visiterarles.com\/en\/#\/schema\/logo\/image\/"}},{"@type":"Person","@id":"https:\/\/www.visiterarles.com\/en\/#\/schema\/person\/ba5912e4613018f479a2d86815a53576","name":"Linkadm","image":{"@type":"ImageObject","inLanguage":"en-GB","@id":"https:\/\/www.visiterarles.com\/en\/#\/schema\/person\/image\/","url":"https:\/\/secure.gravatar.com\/avatar\/4709ec209921503e8d8cc96168eddc49?s=96&d=mm&r=g","contentUrl":"https:\/\/secure.gravatar.com\/avatar\/4709ec209921503e8d8cc96168eddc49?s=96&d=mm&r=g","caption":"Linkadm"},"url":"https:\/\/www.visiterarles.com\/en\/blog\/author\/admin\/"}]}},"_links":{"self":[{"href":"https:\/\/www.visiterarles.com\/en\/wp-json\/wp\/v2\/posts\/28691"}],"collection":[{"href":"https:\/\/www.visiterarles.com\/en\/wp-json\/wp\/v2\/posts"}],"about":[{"href":"https:\/\/www.visiterarles.com\/en\/wp-json\/wp\/v2\/types\/post"}],"author":[{"embeddable":true,"href":"https:\/\/www.visiterarles.com\/en\/wp-json\/wp\/v2\/users\/1"}],"replies":[{"embeddable":true,"href":"https:\/\/www.visiterarles.com\/en\/wp-json\/wp\/v2\/comments?post=28691"}],"version-history":[{"count":0,"href":"https:\/\/www.visiterarles.com\/en\/wp-json\/wp\/v2\/posts\/28691\/revisions"}],"wp:attachment":[{"href":"https:\/\/www.visiterarles.com\/en\/wp-json\/wp\/v2\/media?parent=28691"}],"wp:term":[{"taxonomy":"category","embeddable":true,"href":"https:\/\/www.visiterarles.com\/en\/wp-json\/wp\/v2\/categories?post=28691"},{"taxonomy":"post_tag","embeddable":true,"href":"https:\/\/www.visiterarles.com\/en\/wp-json\/wp\/v2\/tags?post=28691"}],"curies":[{"name":"wp","href":"https:\/\/api.w.org\/{rel}","templated":true}]}}