{"id":28692,"date":"2015-08-22T16:48:00","date_gmt":"2015-08-22T16:48:00","guid":{"rendered":"http:\/\/www.visiterarles.com\/arles-intra-muros-selectionner-votre-location-de-vtt-avec-des-enfants-avec-tacoco-239\/"},"modified":"2015-08-22T16:48:00","modified_gmt":"2015-08-22T16:48:00","slug":"arles-intra-muros-selectionner-votre-location-de-vtt-avec-des-enfants-avec-tacoco-239","status":"publish","type":"post","link":"https:\/\/www.visiterarles.com\/en\/blog\/2015\/08\/22\/arles-intra-muros-selectionner-votre-location-de-vtt-avec-des-enfants-avec-tacoco-239\/","title":{"rendered":"Arles intra-muros : s\u00e9lectionner votre location de vtt avec des enfants avec Taco&#038;co"},"content":{"rendered":"<h4>Votre location de vtt \u00e0 Arles intra-muros, avec des enfants avec V\u00e9lo-Taco<\/h4>\n<p>Les tours de la cavalerie, le village de salins o\u00f9 alors le clo\u00eetre saint trophime, par le biais de notre location de vtt avec des enfants \u00e0 Arles intra-muros, sont des monuments que vous ne sauriez manquer dans cette commune ravissante. Une <a href=\"http:\/\/www.visiterarles.com\/en\/votre-location-de-vtt-avec-des-enfants-a-arles-1993\/\">location de vtt avec des enfants \u00e0 Arles<\/a> intra-muros, pour ne citer que cela, va vous permettre de pleinement profiter de l&rsquo;existence dans cette commune ravissante, de plus en plus avec le sentiment d&rsquo;\u0153uvrer d&rsquo;une fa\u00e7on \u00e9co-responsable, en pr\u00e9sentant une vie culturelle des plus riches.<\/p>\n<h4>Arles : acc\u00e9der \u00e0 la location de vtt avec des enfants, dont vous avez besoin<\/h4>\n<p>D\u00e9couvrir le tr\u00e8s beau centre historique par le biais de la location de vtt avec des enfants sur Arles peut s&rsquo;av\u00e9rer \u00eatre une alternative cl\u00e9s en main appropri\u00e9e pour toute personne qui le d\u00e9sire. Une fois arriv\u00e9 en gare d\u2019Arles, vous pourrez solliciter une location de vtt dans la station. Au niveau des passionn\u00e9s, une location de vtt sur Arles, avec des enfants correspondra aux attentes de tous, c\u2019est s\u00fbr.<\/p>","protected":false},"excerpt":{"rendered":"<p>Votre location de vtt \u00e0 Arles intra-muros, avec des enfants avec V\u00e9lo-Taco Les tours de la cavalerie, le village de salins o\u00f9 alors le clo\u00eetre saint trophime, par le biais de notre location de vtt avec des enfants \u00e0 Arles intra-muros, sont des monuments que vous ne sauriez manquer dans cette commune ravissante. Une location [&hellip;]<\/p>","protected":false},"author":1,"featured_media":0,"comment_status":"open","ping_status":"open","sticky":false,"template":"","format":"standard","meta":{"footnotes":""},"categories":[55],"tags":[],"aioseo_notices":[],"yoast_head":"<!-- This site is optimized with the Yoast SEO plugin v22.3 - https:\/\/yoast.com\/wordpress\/plugins\/seo\/ -->\n<title>Arles intra-muros : s\u00e9lectionner votre location de vtt avec des enfants avec Taco&amp;co - Visiter Arles<\/title>\n<meta name=\"robots\" content=\"index, follow, max-snippet:-1, max-image-preview:large, max-video-preview:-1\" \/>\n<link rel=\"canonical\" href=\"https:\/\/www.visiterarles.com\/en\/blog\/2015\/08\/22\/arles-intra-muros-selectionner-votre-location-de-vtt-avec-des-enfants-avec-tacoco-239\/\" \/>\n<meta name=\"twitter:label1\" content=\"Written by\" \/>\n\t<meta name=\"twitter:data1\" content=\"Linkadm\" \/>\n\t<meta name=\"twitter:label2\" content=\"Estimated reading time\" \/>\n\t<meta name=\"twitter:data2\" content=\"1 minute\" \/>\n<script type=\"application\/ld+json\" class=\"yoast-schema-graph\">{\"@context\":\"https:\/\/schema.org\",\"@graph\":[{\"@type\":\"Article\",\"@id\":\"https:\/\/www.visiterarles.com\/blog\/2015\/08\/22\/arles-intra-muros-selectionner-votre-location-de-vtt-avec-des-enfants-avec-tacoco-239\/#article\",\"isPartOf\":{\"@id\":\"https:\/\/www.visiterarles.com\/blog\/2015\/08\/22\/arles-intra-muros-selectionner-votre-location-de-vtt-avec-des-enfants-avec-tacoco-239\/\"},\"author\":{\"name\":\"Linkadm\",\"@id\":\"https:\/\/www.visiterarles.com\/en\/#\/schema\/person\/ba5912e4613018f479a2d86815a53576\"},\"headline\":\"Arles intra-muros : s\u00e9lectionner votre location de vtt avec des enfants avec Taco&#038;co\",\"datePublished\":\"2015-08-22T16:48:00+00:00\",\"dateModified\":\"2015-08-22T16:48:00+00:00\",\"mainEntityOfPage\":{\"@id\":\"https:\/\/www.visiterarles.com\/blog\/2015\/08\/22\/arles-intra-muros-selectionner-votre-location-de-vtt-avec-des-enfants-avec-tacoco-239\/\"},\"wordCount\":212,\"commentCount\":0,\"publisher\":{\"@id\":\"https:\/\/www.visiterarles.com\/en\/#organization\"},\"articleSection\":[\"Informations\"],\"inLanguage\":\"en-GB\",\"potentialAction\":[{\"@type\":\"CommentAction\",\"name\":\"Comment\",\"target\":[\"https:\/\/www.visiterarles.com\/blog\/2015\/08\/22\/arles-intra-muros-selectionner-votre-location-de-vtt-avec-des-enfants-avec-tacoco-239\/#respond\"]}]},{\"@type\":\"WebPage\",\"@id\":\"https:\/\/www.visiterarles.com\/blog\/2015\/08\/22\/arles-intra-muros-selectionner-votre-location-de-vtt-avec-des-enfants-avec-tacoco-239\/\",\"url\":\"https:\/\/www.visiterarles.com\/blog\/2015\/08\/22\/arles-intra-muros-selectionner-votre-location-de-vtt-avec-des-enfants-avec-tacoco-239\/\",\"name\":\"Arles intra-muros : s\u00e9lectionner votre location de vtt avec des enfants avec Taco&co - Visiter Arles\",\"isPartOf\":{\"@id\":\"https:\/\/www.visiterarles.com\/en\/#website\"},\"datePublished\":\"2015-08-22T16:48:00+00:00\",\"dateModified\":\"2015-08-22T16:48:00+00:00\",\"breadcrumb\":{\"@id\":\"https:\/\/www.visiterarles.com\/blog\/2015\/08\/22\/arles-intra-muros-selectionner-votre-location-de-vtt-avec-des-enfants-avec-tacoco-239\/#breadcrumb\"},\"inLanguage\":\"en-GB\",\"potentialAction\":[{\"@type\":\"ReadAction\",\"target\":[\"https:\/\/www.visiterarles.com\/blog\/2015\/08\/22\/arles-intra-muros-selectionner-votre-location-de-vtt-avec-des-enfants-avec-tacoco-239\/\"]}]},{\"@type\":\"BreadcrumbList\",\"@id\":\"https:\/\/www.visiterarles.com\/blog\/2015\/08\/22\/arles-intra-muros-selectionner-votre-location-de-vtt-avec-des-enfants-avec-tacoco-239\/#breadcrumb\",\"itemListElement\":[{\"@type\":\"ListItem\",\"position\":1,\"name\":\"Home\",\"item\":\"https:\/\/www.visiterarles.com\/\"},{\"@type\":\"ListItem\",\"position\":2,\"name\":\"Arles intra-muros : s\u00e9lectionner votre location de vtt avec des enfants avec Taco&#038;co\"}]},{\"@type\":\"WebSite\",\"@id\":\"https:\/\/www.visiterarles.com\/en\/#website\",\"url\":\"https:\/\/www.visiterarles.com\/en\/\",\"name\":\"Visiter Arles\",\"description\":\"Tourisme en Provence \u00e0 Arles\",\"publisher\":{\"@id\":\"https:\/\/www.visiterarles.com\/en\/#organization\"},\"potentialAction\":[{\"@type\":\"SearchAction\",\"target\":{\"@type\":\"EntryPoint\",\"urlTemplate\":\"https:\/\/www.visiterarles.com\/en\/?s={search_term_string}\"},\"query-input\":\"required name=search_term_string\"}],\"inLanguage\":\"en-GB\"},{\"@type\":\"Organization\",\"@id\":\"https:\/\/www.visiterarles.com\/en\/#organization\",\"name\":\"Visiter Arles\",\"url\":\"https:\/\/www.visiterarles.com\/en\/\",\"logo\":{\"@type\":\"ImageObject\",\"inLanguage\":\"en-GB\",\"@id\":\"https:\/\/www.visiterarles.com\/en\/#\/schema\/logo\/image\/\",\"url\":\"https:\/\/www.visiterarles.com\/wp-content\/uploads\/2017\/10\/taco-and-co-1-1.jpg\",\"contentUrl\":\"https:\/\/www.visiterarles.com\/wp-content\/uploads\/2017\/10\/taco-and-co-1-1.jpg\",\"width\":124,\"height\":73,\"caption\":\"Visiter Arles\"},\"image\":{\"@id\":\"https:\/\/www.visiterarles.com\/en\/#\/schema\/logo\/image\/\"}},{\"@type\":\"Person\",\"@id\":\"https:\/\/www.visiterarles.com\/en\/#\/schema\/person\/ba5912e4613018f479a2d86815a53576\",\"name\":\"Linkadm\",\"image\":{\"@type\":\"ImageObject\",\"inLanguage\":\"en-GB\",\"@id\":\"https:\/\/www.visiterarles.com\/en\/#\/schema\/person\/image\/\",\"url\":\"https:\/\/secure.gravatar.com\/avatar\/4709ec209921503e8d8cc96168eddc49?s=96&d=mm&r=g\",\"contentUrl\":\"https:\/\/secure.gravatar.com\/avatar\/4709ec209921503e8d8cc96168eddc49?s=96&d=mm&r=g\",\"caption\":\"Linkadm\"},\"url\":\"https:\/\/www.visiterarles.com\/en\/blog\/author\/admin\/\"}]}<\/script>\n<!-- \/ Yoast SEO plugin. -->","yoast_head_json":{"title":"Arles intra-muros : s\u00e9lectionner votre location de vtt avec des enfants avec Taco&co - Visiter Arles","robots":{"index":"index","follow":"follow","max-snippet":"max-snippet:-1","max-image-preview":"max-image-preview:large","max-video-preview":"max-video-preview:-1"},"canonical":"https:\/\/www.visiterarles.com\/en\/blog\/2015\/08\/22\/arles-intra-muros-selectionner-votre-location-de-vtt-avec-des-enfants-avec-tacoco-239\/","twitter_misc":{"Written by":"Linkadm","Estimated reading time":"1 minute"},"schema":{"@context":"https:\/\/schema.org","@graph":[{"@type":"Article","@id":"https:\/\/www.visiterarles.com\/blog\/2015\/08\/22\/arles-intra-muros-selectionner-votre-location-de-vtt-avec-des-enfants-avec-tacoco-239\/#article","isPartOf":{"@id":"https:\/\/www.visiterarles.com\/blog\/2015\/08\/22\/arles-intra-muros-selectionner-votre-location-de-vtt-avec-des-enfants-avec-tacoco-239\/"},"author":{"name":"Linkadm","@id":"https:\/\/www.visiterarles.com\/en\/#\/schema\/person\/ba5912e4613018f479a2d86815a53576"},"headline":"Arles intra-muros : s\u00e9lectionner votre location de vtt avec des enfants avec Taco&#038;co","datePublished":"2015-08-22T16:48:00+00:00","dateModified":"2015-08-22T16:48:00+00:00","mainEntityOfPage":{"@id":"https:\/\/www.visiterarles.com\/blog\/2015\/08\/22\/arles-intra-muros-selectionner-votre-location-de-vtt-avec-des-enfants-avec-tacoco-239\/"},"wordCount":212,"commentCount":0,"publisher":{"@id":"https:\/\/www.visiterarles.com\/en\/#organization"},"articleSection":["Informations"],"inLanguage":"en-GB","potentialAction":[{"@type":"CommentAction","name":"Comment","target":["https:\/\/www.visiterarles.com\/blog\/2015\/08\/22\/arles-intra-muros-selectionner-votre-location-de-vtt-avec-des-enfants-avec-tacoco-239\/#respond"]}]},{"@type":"WebPage","@id":"https:\/\/www.visiterarles.com\/blog\/2015\/08\/22\/arles-intra-muros-selectionner-votre-location-de-vtt-avec-des-enfants-avec-tacoco-239\/","url":"https:\/\/www.visiterarles.com\/blog\/2015\/08\/22\/arles-intra-muros-selectionner-votre-location-de-vtt-avec-des-enfants-avec-tacoco-239\/","name":"Arles intra-muros : s\u00e9lectionner votre location de vtt avec des enfants avec Taco&co - Visiter Arles","isPartOf":{"@id":"https:\/\/www.visiterarles.com\/en\/#website"},"datePublished":"2015-08-22T16:48:00+00:00","dateModified":"2015-08-22T16:48:00+00:00","breadcrumb":{"@id":"https:\/\/www.visiterarles.com\/blog\/2015\/08\/22\/arles-intra-muros-selectionner-votre-location-de-vtt-avec-des-enfants-avec-tacoco-239\/#breadcrumb"},"inLanguage":"en-GB","potentialAction":[{"@type":"ReadAction","target":["https:\/\/www.visiterarles.com\/blog\/2015\/08\/22\/arles-intra-muros-selectionner-votre-location-de-vtt-avec-des-enfants-avec-tacoco-239\/"]}]},{"@type":"BreadcrumbList","@id":"https:\/\/www.visiterarles.com\/blog\/2015\/08\/22\/arles-intra-muros-selectionner-votre-location-de-vtt-avec-des-enfants-avec-tacoco-239\/#breadcrumb","itemListElement":[{"@type":"ListItem","position":1,"name":"Home","item":"https:\/\/www.visiterarles.com\/"},{"@type":"ListItem","position":2,"name":"Arles intra-muros : s\u00e9lectionner votre location de vtt avec des enfants avec Taco&#038;co"}]},{"@type":"WebSite","@id":"https:\/\/www.visiterarles.com\/en\/#website","url":"https:\/\/www.visiterarles.com\/en\/","name":"Visiter Arles","description":"Tourisme en Provence \u00e0 Arles","publisher":{"@id":"https:\/\/www.visiterarles.com\/en\/#organization"},"potentialAction":[{"@type":"SearchAction","target":{"@type":"EntryPoint","urlTemplate":"https:\/\/www.visiterarles.com\/en\/?s={search_term_string}"},"query-input":"required name=search_term_string"}],"inLanguage":"en-GB"},{"@type":"Organization","@id":"https:\/\/www.visiterarles.com\/en\/#organization","name":"Visiter Arles","url":"https:\/\/www.visiterarles.com\/en\/","logo":{"@type":"ImageObject","inLanguage":"en-GB","@id":"https:\/\/www.visiterarles.com\/en\/#\/schema\/logo\/image\/","url":"https:\/\/www.visiterarles.com\/wp-content\/uploads\/2017\/10\/taco-and-co-1-1.jpg","contentUrl":"https:\/\/www.visiterarles.com\/wp-content\/uploads\/2017\/10\/taco-and-co-1-1.jpg","width":124,"height":73,"caption":"Visiter Arles"},"image":{"@id":"https:\/\/www.visiterarles.com\/en\/#\/schema\/logo\/image\/"}},{"@type":"Person","@id":"https:\/\/www.visiterarles.com\/en\/#\/schema\/person\/ba5912e4613018f479a2d86815a53576","name":"Linkadm","image":{"@type":"ImageObject","inLanguage":"en-GB","@id":"https:\/\/www.visiterarles.com\/en\/#\/schema\/person\/image\/","url":"https:\/\/secure.gravatar.com\/avatar\/4709ec209921503e8d8cc96168eddc49?s=96&d=mm&r=g","contentUrl":"https:\/\/secure.gravatar.com\/avatar\/4709ec209921503e8d8cc96168eddc49?s=96&d=mm&r=g","caption":"Linkadm"},"url":"https:\/\/www.visiterarles.com\/en\/blog\/author\/admin\/"}]}},"_links":{"self":[{"href":"https:\/\/www.visiterarles.com\/en\/wp-json\/wp\/v2\/posts\/28692"}],"collection":[{"href":"https:\/\/www.visiterarles.com\/en\/wp-json\/wp\/v2\/posts"}],"about":[{"href":"https:\/\/www.visiterarles.com\/en\/wp-json\/wp\/v2\/types\/post"}],"author":[{"embeddable":true,"href":"https:\/\/www.visiterarles.com\/en\/wp-json\/wp\/v2\/users\/1"}],"replies":[{"embeddable":true,"href":"https:\/\/www.visiterarles.com\/en\/wp-json\/wp\/v2\/comments?post=28692"}],"version-history":[{"count":0,"href":"https:\/\/www.visiterarles.com\/en\/wp-json\/wp\/v2\/posts\/28692\/revisions"}],"wp:attachment":[{"href":"https:\/\/www.visiterarles.com\/en\/wp-json\/wp\/v2\/media?parent=28692"}],"wp:term":[{"taxonomy":"category","embeddable":true,"href":"https:\/\/www.visiterarles.com\/en\/wp-json\/wp\/v2\/categories?post=28692"},{"taxonomy":"post_tag","embeddable":true,"href":"https:\/\/www.visiterarles.com\/en\/wp-json\/wp\/v2\/tags?post=28692"}],"curies":[{"name":"wp","href":"https:\/\/api.w.org\/{rel}","templated":true}]}}