{"id":28702,"date":"2015-09-01T10:00:00","date_gmt":"2015-09-01T10:00:00","guid":{"rendered":"http:\/\/www.visiterarles.com\/avec-un-bebe-arles-hotel-de-ville-location-de-vtt-853\/"},"modified":"2015-09-01T10:00:00","modified_gmt":"2015-09-01T10:00:00","slug":"avec-un-bebe-arles-hotel-de-ville-location-de-vtt-853","status":"publish","type":"post","link":"https:\/\/www.visiterarles.com\/en\/blog\/2015\/09\/01\/avec-un-bebe-arles-hotel-de-ville-location-de-vtt-853\/","title":{"rendered":"Avec un b\u00e9b\u00e9 Arles hotel de ville : location de vtt"},"content":{"rendered":"<h4>Taco and co votre contact de confiance avec un b\u00e9b\u00e9 dans Arles hotel de ville<\/h4>\n<p>Arles s&rsquo;av\u00e8re \u00eatre une commune magnifique, la culture, ainsi que les lieux prodigieux, comme les cryptoportiques, le village de salins o\u00f9 le clo\u00eetre saint trophime sont pl\u00e9thoriques. Pour vous faire jouir pleinement des richesses de la ville, avec la sensation d&rsquo;oeuvrer tout en respectant l\u2019environnement, une <a href=\"http:\/\/www.visiterarles.com\/en\/votre-location-de-vtt-avec-un-bebe-a-arles-1870\/\">location de vtt avec un b\u00e9b\u00e9 \u00e0 Arles<\/a> hotel de ville vous fera profiter de la vie.<\/p>\n<h4>Arles : rep\u00e9rer la location de vtt avec un b\u00e9b\u00e9, que vous cherchiez<\/h4>\n<p>Prendre connaissance du majestueux capital de la commune via la location de vtt avec un b\u00e9b\u00e9 sur Arles peut \u00eatre une solution efficace pour qui le souhaite. Peu importe o\u00f9 vous vous trouviez au sein de Arles, vous aurez la possibilit\u00e9 de profiter au maximum d\u2019une agr\u00e9able location de vtt en toute qui\u00e9tude. Concernant les amateurs de d\u00e9couvertes, une location de vtt sur Arles, avec un b\u00e9b\u00e9 conviendra aux aspirations de tous, c\u2019est s\u00fbr.<\/p>","protected":false},"excerpt":{"rendered":"<p>Taco and co votre contact de confiance avec un b\u00e9b\u00e9 dans Arles hotel de ville Arles s&rsquo;av\u00e8re \u00eatre une commune magnifique, la culture, ainsi que les lieux prodigieux, comme les cryptoportiques, le village de salins o\u00f9 le clo\u00eetre saint trophime sont pl\u00e9thoriques. Pour vous faire jouir pleinement des richesses de la ville, avec la sensation [&hellip;]<\/p>","protected":false},"author":1,"featured_media":0,"comment_status":"open","ping_status":"open","sticky":false,"template":"","format":"standard","meta":{"footnotes":""},"categories":[55],"tags":[],"aioseo_notices":[],"yoast_head":"<!-- This site is optimized with the Yoast SEO plugin v22.3 - https:\/\/yoast.com\/wordpress\/plugins\/seo\/ -->\n<title>Avec un b\u00e9b\u00e9 Arles hotel de ville : location de vtt - Visiter Arles<\/title>\n<meta name=\"robots\" content=\"index, follow, max-snippet:-1, max-image-preview:large, max-video-preview:-1\" \/>\n<link rel=\"canonical\" href=\"https:\/\/www.visiterarles.com\/en\/blog\/2015\/09\/01\/avec-un-bebe-arles-hotel-de-ville-location-de-vtt-853\/\" \/>\n<meta name=\"twitter:label1\" content=\"Written by\" \/>\n\t<meta name=\"twitter:data1\" content=\"Linkadm\" \/>\n\t<meta name=\"twitter:label2\" content=\"Estimated reading time\" \/>\n\t<meta name=\"twitter:data2\" content=\"1 minute\" \/>\n<script type=\"application\/ld+json\" class=\"yoast-schema-graph\">{\"@context\":\"https:\/\/schema.org\",\"@graph\":[{\"@type\":\"Article\",\"@id\":\"https:\/\/www.visiterarles.com\/blog\/2015\/09\/01\/avec-un-bebe-arles-hotel-de-ville-location-de-vtt-853\/#article\",\"isPartOf\":{\"@id\":\"https:\/\/www.visiterarles.com\/blog\/2015\/09\/01\/avec-un-bebe-arles-hotel-de-ville-location-de-vtt-853\/\"},\"author\":{\"name\":\"Linkadm\",\"@id\":\"https:\/\/www.visiterarles.com\/en\/#\/schema\/person\/ba5912e4613018f479a2d86815a53576\"},\"headline\":\"Avec un b\u00e9b\u00e9 Arles hotel de ville : location de vtt\",\"datePublished\":\"2015-09-01T10:00:00+00:00\",\"dateModified\":\"2015-09-01T10:00:00+00:00\",\"mainEntityOfPage\":{\"@id\":\"https:\/\/www.visiterarles.com\/blog\/2015\/09\/01\/avec-un-bebe-arles-hotel-de-ville-location-de-vtt-853\/\"},\"wordCount\":192,\"commentCount\":0,\"publisher\":{\"@id\":\"https:\/\/www.visiterarles.com\/en\/#organization\"},\"articleSection\":[\"Informations\"],\"inLanguage\":\"en-GB\",\"potentialAction\":[{\"@type\":\"CommentAction\",\"name\":\"Comment\",\"target\":[\"https:\/\/www.visiterarles.com\/blog\/2015\/09\/01\/avec-un-bebe-arles-hotel-de-ville-location-de-vtt-853\/#respond\"]}]},{\"@type\":\"WebPage\",\"@id\":\"https:\/\/www.visiterarles.com\/blog\/2015\/09\/01\/avec-un-bebe-arles-hotel-de-ville-location-de-vtt-853\/\",\"url\":\"https:\/\/www.visiterarles.com\/blog\/2015\/09\/01\/avec-un-bebe-arles-hotel-de-ville-location-de-vtt-853\/\",\"name\":\"Avec un b\u00e9b\u00e9 Arles hotel de ville : location de vtt - Visiter Arles\",\"isPartOf\":{\"@id\":\"https:\/\/www.visiterarles.com\/en\/#website\"},\"datePublished\":\"2015-09-01T10:00:00+00:00\",\"dateModified\":\"2015-09-01T10:00:00+00:00\",\"breadcrumb\":{\"@id\":\"https:\/\/www.visiterarles.com\/blog\/2015\/09\/01\/avec-un-bebe-arles-hotel-de-ville-location-de-vtt-853\/#breadcrumb\"},\"inLanguage\":\"en-GB\",\"potentialAction\":[{\"@type\":\"ReadAction\",\"target\":[\"https:\/\/www.visiterarles.com\/blog\/2015\/09\/01\/avec-un-bebe-arles-hotel-de-ville-location-de-vtt-853\/\"]}]},{\"@type\":\"BreadcrumbList\",\"@id\":\"https:\/\/www.visiterarles.com\/blog\/2015\/09\/01\/avec-un-bebe-arles-hotel-de-ville-location-de-vtt-853\/#breadcrumb\",\"itemListElement\":[{\"@type\":\"ListItem\",\"position\":1,\"name\":\"Home\",\"item\":\"https:\/\/www.visiterarles.com\/\"},{\"@type\":\"ListItem\",\"position\":2,\"name\":\"Avec un b\u00e9b\u00e9 Arles hotel de ville : location de vtt\"}]},{\"@type\":\"WebSite\",\"@id\":\"https:\/\/www.visiterarles.com\/en\/#website\",\"url\":\"https:\/\/www.visiterarles.com\/en\/\",\"name\":\"Visiter Arles\",\"description\":\"Tourisme en Provence \u00e0 Arles\",\"publisher\":{\"@id\":\"https:\/\/www.visiterarles.com\/en\/#organization\"},\"potentialAction\":[{\"@type\":\"SearchAction\",\"target\":{\"@type\":\"EntryPoint\",\"urlTemplate\":\"https:\/\/www.visiterarles.com\/en\/?s={search_term_string}\"},\"query-input\":\"required name=search_term_string\"}],\"inLanguage\":\"en-GB\"},{\"@type\":\"Organization\",\"@id\":\"https:\/\/www.visiterarles.com\/en\/#organization\",\"name\":\"Visiter Arles\",\"url\":\"https:\/\/www.visiterarles.com\/en\/\",\"logo\":{\"@type\":\"ImageObject\",\"inLanguage\":\"en-GB\",\"@id\":\"https:\/\/www.visiterarles.com\/en\/#\/schema\/logo\/image\/\",\"url\":\"https:\/\/www.visiterarles.com\/wp-content\/uploads\/2017\/10\/taco-and-co-1-1.jpg\",\"contentUrl\":\"https:\/\/www.visiterarles.com\/wp-content\/uploads\/2017\/10\/taco-and-co-1-1.jpg\",\"width\":124,\"height\":73,\"caption\":\"Visiter Arles\"},\"image\":{\"@id\":\"https:\/\/www.visiterarles.com\/en\/#\/schema\/logo\/image\/\"}},{\"@type\":\"Person\",\"@id\":\"https:\/\/www.visiterarles.com\/en\/#\/schema\/person\/ba5912e4613018f479a2d86815a53576\",\"name\":\"Linkadm\",\"image\":{\"@type\":\"ImageObject\",\"inLanguage\":\"en-GB\",\"@id\":\"https:\/\/www.visiterarles.com\/en\/#\/schema\/person\/image\/\",\"url\":\"https:\/\/secure.gravatar.com\/avatar\/4709ec209921503e8d8cc96168eddc49?s=96&d=mm&r=g\",\"contentUrl\":\"https:\/\/secure.gravatar.com\/avatar\/4709ec209921503e8d8cc96168eddc49?s=96&d=mm&r=g\",\"caption\":\"Linkadm\"},\"url\":\"https:\/\/www.visiterarles.com\/en\/blog\/author\/admin\/\"}]}<\/script>\n<!-- \/ Yoast SEO plugin. -->","yoast_head_json":{"title":"Avec un b\u00e9b\u00e9 Arles hotel de ville : location de vtt - Visiter Arles","robots":{"index":"index","follow":"follow","max-snippet":"max-snippet:-1","max-image-preview":"max-image-preview:large","max-video-preview":"max-video-preview:-1"},"canonical":"https:\/\/www.visiterarles.com\/en\/blog\/2015\/09\/01\/avec-un-bebe-arles-hotel-de-ville-location-de-vtt-853\/","twitter_misc":{"Written by":"Linkadm","Estimated reading time":"1 minute"},"schema":{"@context":"https:\/\/schema.org","@graph":[{"@type":"Article","@id":"https:\/\/www.visiterarles.com\/blog\/2015\/09\/01\/avec-un-bebe-arles-hotel-de-ville-location-de-vtt-853\/#article","isPartOf":{"@id":"https:\/\/www.visiterarles.com\/blog\/2015\/09\/01\/avec-un-bebe-arles-hotel-de-ville-location-de-vtt-853\/"},"author":{"name":"Linkadm","@id":"https:\/\/www.visiterarles.com\/en\/#\/schema\/person\/ba5912e4613018f479a2d86815a53576"},"headline":"Avec un b\u00e9b\u00e9 Arles hotel de ville : location de vtt","datePublished":"2015-09-01T10:00:00+00:00","dateModified":"2015-09-01T10:00:00+00:00","mainEntityOfPage":{"@id":"https:\/\/www.visiterarles.com\/blog\/2015\/09\/01\/avec-un-bebe-arles-hotel-de-ville-location-de-vtt-853\/"},"wordCount":192,"commentCount":0,"publisher":{"@id":"https:\/\/www.visiterarles.com\/en\/#organization"},"articleSection":["Informations"],"inLanguage":"en-GB","potentialAction":[{"@type":"CommentAction","name":"Comment","target":["https:\/\/www.visiterarles.com\/blog\/2015\/09\/01\/avec-un-bebe-arles-hotel-de-ville-location-de-vtt-853\/#respond"]}]},{"@type":"WebPage","@id":"https:\/\/www.visiterarles.com\/blog\/2015\/09\/01\/avec-un-bebe-arles-hotel-de-ville-location-de-vtt-853\/","url":"https:\/\/www.visiterarles.com\/blog\/2015\/09\/01\/avec-un-bebe-arles-hotel-de-ville-location-de-vtt-853\/","name":"Avec un b\u00e9b\u00e9 Arles hotel de ville : location de vtt - Visiter Arles","isPartOf":{"@id":"https:\/\/www.visiterarles.com\/en\/#website"},"datePublished":"2015-09-01T10:00:00+00:00","dateModified":"2015-09-01T10:00:00+00:00","breadcrumb":{"@id":"https:\/\/www.visiterarles.com\/blog\/2015\/09\/01\/avec-un-bebe-arles-hotel-de-ville-location-de-vtt-853\/#breadcrumb"},"inLanguage":"en-GB","potentialAction":[{"@type":"ReadAction","target":["https:\/\/www.visiterarles.com\/blog\/2015\/09\/01\/avec-un-bebe-arles-hotel-de-ville-location-de-vtt-853\/"]}]},{"@type":"BreadcrumbList","@id":"https:\/\/www.visiterarles.com\/blog\/2015\/09\/01\/avec-un-bebe-arles-hotel-de-ville-location-de-vtt-853\/#breadcrumb","itemListElement":[{"@type":"ListItem","position":1,"name":"Home","item":"https:\/\/www.visiterarles.com\/"},{"@type":"ListItem","position":2,"name":"Avec un b\u00e9b\u00e9 Arles hotel de ville : location de vtt"}]},{"@type":"WebSite","@id":"https:\/\/www.visiterarles.com\/en\/#website","url":"https:\/\/www.visiterarles.com\/en\/","name":"Visiter Arles","description":"Tourisme en Provence \u00e0 Arles","publisher":{"@id":"https:\/\/www.visiterarles.com\/en\/#organization"},"potentialAction":[{"@type":"SearchAction","target":{"@type":"EntryPoint","urlTemplate":"https:\/\/www.visiterarles.com\/en\/?s={search_term_string}"},"query-input":"required name=search_term_string"}],"inLanguage":"en-GB"},{"@type":"Organization","@id":"https:\/\/www.visiterarles.com\/en\/#organization","name":"Visiter Arles","url":"https:\/\/www.visiterarles.com\/en\/","logo":{"@type":"ImageObject","inLanguage":"en-GB","@id":"https:\/\/www.visiterarles.com\/en\/#\/schema\/logo\/image\/","url":"https:\/\/www.visiterarles.com\/wp-content\/uploads\/2017\/10\/taco-and-co-1-1.jpg","contentUrl":"https:\/\/www.visiterarles.com\/wp-content\/uploads\/2017\/10\/taco-and-co-1-1.jpg","width":124,"height":73,"caption":"Visiter Arles"},"image":{"@id":"https:\/\/www.visiterarles.com\/en\/#\/schema\/logo\/image\/"}},{"@type":"Person","@id":"https:\/\/www.visiterarles.com\/en\/#\/schema\/person\/ba5912e4613018f479a2d86815a53576","name":"Linkadm","image":{"@type":"ImageObject","inLanguage":"en-GB","@id":"https:\/\/www.visiterarles.com\/en\/#\/schema\/person\/image\/","url":"https:\/\/secure.gravatar.com\/avatar\/4709ec209921503e8d8cc96168eddc49?s=96&d=mm&r=g","contentUrl":"https:\/\/secure.gravatar.com\/avatar\/4709ec209921503e8d8cc96168eddc49?s=96&d=mm&r=g","caption":"Linkadm"},"url":"https:\/\/www.visiterarles.com\/en\/blog\/author\/admin\/"}]}},"_links":{"self":[{"href":"https:\/\/www.visiterarles.com\/en\/wp-json\/wp\/v2\/posts\/28702"}],"collection":[{"href":"https:\/\/www.visiterarles.com\/en\/wp-json\/wp\/v2\/posts"}],"about":[{"href":"https:\/\/www.visiterarles.com\/en\/wp-json\/wp\/v2\/types\/post"}],"author":[{"embeddable":true,"href":"https:\/\/www.visiterarles.com\/en\/wp-json\/wp\/v2\/users\/1"}],"replies":[{"embeddable":true,"href":"https:\/\/www.visiterarles.com\/en\/wp-json\/wp\/v2\/comments?post=28702"}],"version-history":[{"count":0,"href":"https:\/\/www.visiterarles.com\/en\/wp-json\/wp\/v2\/posts\/28702\/revisions"}],"wp:attachment":[{"href":"https:\/\/www.visiterarles.com\/en\/wp-json\/wp\/v2\/media?parent=28702"}],"wp:term":[{"taxonomy":"category","embeddable":true,"href":"https:\/\/www.visiterarles.com\/en\/wp-json\/wp\/v2\/categories?post=28702"},{"taxonomy":"post_tag","embeddable":true,"href":"https:\/\/www.visiterarles.com\/en\/wp-json\/wp\/v2\/tags?post=28702"}],"curies":[{"name":"wp","href":"https:\/\/api.w.org\/{rel}","templated":true}]}}