{"id":28705,"date":"2015-09-03T08:32:00","date_gmt":"2015-09-03T08:32:00","guid":{"rendered":"http:\/\/www.visiterarles.com\/bon-plan-avec-un-bebe-arles-intra-muros-la-location-de-vtt-1508\/"},"modified":"2015-09-03T08:32:00","modified_gmt":"2015-09-03T08:32:00","slug":"bon-plan-avec-un-bebe-arles-intra-muros-la-location-de-vtt-1508","status":"publish","type":"post","link":"https:\/\/www.visiterarles.com\/en\/blog\/2015\/09\/03\/bon-plan-avec-un-bebe-arles-intra-muros-la-location-de-vtt-1508\/","title":{"rendered":"Bon plan avec un b\u00e9b\u00e9 Arles intra-muros : la location de vtt"},"content":{"rendered":"<h4>O\u00f9 d\u00e9gotter une location de vtt avec un b\u00e9b\u00e9 sur Arles intra-muros<\/h4>\n<p>Les thermes de constantin, le village de salins o\u00f9 l&rsquo;\u00e9glise saint honorat, via notre location de vtt avec un b\u00e9b\u00e9 \u00e0 Arles intra-muros, sont des hauts lieux que vous ne manquerez pas au sein de cette commune magnifique. Tacoandco, pour vous aider pour jouir au maximum de la vie, ne manquera pas de vous pr\u00e9senter, avec la sensation d\u2019agir d&rsquo;une mani\u00e8re \u00e9co-responsable, le plus ad\u00e9quat des richesses de la ville au sein de cette ville exceptionnelle, via une location de vtt avec un b\u00e9b\u00e9 \u00e0 Arles intra-muros.<\/p>\n<h4>De quelle mani\u00e8re s\u2019y prendre pour d\u00e9gotter une location de vtt avec un b\u00e9b\u00e9 \u00e0 Arles<\/h4>\n<p>Pour qui a envie de faire la d\u00e9couverte du somptueux centre historique, une location de vtt avec un b\u00e9b\u00e9 dans Arles, pour ne citer que cela, est id\u00e9ale. En arrivant \u00e0 Arles, vous pourrez solliciter notre location de vtt dans la gare. Les clients de tout poil aimeront notre <a href=\"http:\/\/www.visiterarles.com\/en\/votre-location-de-vtt-avec-un-bebe-a-arles-1870\/\">location de vtt sur Arles<\/a>, avec un b\u00e9b\u00e9 qui leur conviendra sans aucun doute.<\/p>","protected":false},"excerpt":{"rendered":"<p>O\u00f9 d\u00e9gotter une location de vtt avec un b\u00e9b\u00e9 sur Arles intra-muros Les thermes de constantin, le village de salins o\u00f9 l&rsquo;\u00e9glise saint honorat, via notre location de vtt avec un b\u00e9b\u00e9 \u00e0 Arles intra-muros, sont des hauts lieux que vous ne manquerez pas au sein de cette commune magnifique. Tacoandco, pour vous aider pour [&hellip;]<\/p>","protected":false},"author":1,"featured_media":0,"comment_status":"open","ping_status":"open","sticky":false,"template":"","format":"standard","meta":{"footnotes":""},"categories":[55],"tags":[],"aioseo_notices":[],"yoast_head":"<!-- This site is optimized with the Yoast SEO plugin v22.3 - https:\/\/yoast.com\/wordpress\/plugins\/seo\/ -->\n<title>Bon plan avec un b\u00e9b\u00e9 Arles intra-muros : la location de vtt - Visiter Arles<\/title>\n<meta name=\"robots\" content=\"index, follow, max-snippet:-1, max-image-preview:large, max-video-preview:-1\" \/>\n<link rel=\"canonical\" href=\"https:\/\/www.visiterarles.com\/en\/blog\/2015\/09\/03\/bon-plan-avec-un-bebe-arles-intra-muros-la-location-de-vtt-1508\/\" \/>\n<meta name=\"twitter:label1\" content=\"Written by\" \/>\n\t<meta name=\"twitter:data1\" content=\"Linkadm\" \/>\n\t<meta name=\"twitter:label2\" content=\"Estimated reading time\" \/>\n\t<meta name=\"twitter:data2\" content=\"1 minute\" \/>\n<script type=\"application\/ld+json\" class=\"yoast-schema-graph\">{\"@context\":\"https:\/\/schema.org\",\"@graph\":[{\"@type\":\"Article\",\"@id\":\"https:\/\/www.visiterarles.com\/blog\/2015\/09\/03\/bon-plan-avec-un-bebe-arles-intra-muros-la-location-de-vtt-1508\/#article\",\"isPartOf\":{\"@id\":\"https:\/\/www.visiterarles.com\/blog\/2015\/09\/03\/bon-plan-avec-un-bebe-arles-intra-muros-la-location-de-vtt-1508\/\"},\"author\":{\"name\":\"Linkadm\",\"@id\":\"https:\/\/www.visiterarles.com\/en\/#\/schema\/person\/ba5912e4613018f479a2d86815a53576\"},\"headline\":\"Bon plan avec un b\u00e9b\u00e9 Arles intra-muros : la location de vtt\",\"datePublished\":\"2015-09-03T08:32:00+00:00\",\"dateModified\":\"2015-09-03T08:32:00+00:00\",\"mainEntityOfPage\":{\"@id\":\"https:\/\/www.visiterarles.com\/blog\/2015\/09\/03\/bon-plan-avec-un-bebe-arles-intra-muros-la-location-de-vtt-1508\/\"},\"wordCount\":204,\"commentCount\":0,\"publisher\":{\"@id\":\"https:\/\/www.visiterarles.com\/en\/#organization\"},\"articleSection\":[\"Informations\"],\"inLanguage\":\"en-GB\",\"potentialAction\":[{\"@type\":\"CommentAction\",\"name\":\"Comment\",\"target\":[\"https:\/\/www.visiterarles.com\/blog\/2015\/09\/03\/bon-plan-avec-un-bebe-arles-intra-muros-la-location-de-vtt-1508\/#respond\"]}]},{\"@type\":\"WebPage\",\"@id\":\"https:\/\/www.visiterarles.com\/blog\/2015\/09\/03\/bon-plan-avec-un-bebe-arles-intra-muros-la-location-de-vtt-1508\/\",\"url\":\"https:\/\/www.visiterarles.com\/blog\/2015\/09\/03\/bon-plan-avec-un-bebe-arles-intra-muros-la-location-de-vtt-1508\/\",\"name\":\"Bon plan avec un b\u00e9b\u00e9 Arles intra-muros : la location de vtt - Visiter Arles\",\"isPartOf\":{\"@id\":\"https:\/\/www.visiterarles.com\/en\/#website\"},\"datePublished\":\"2015-09-03T08:32:00+00:00\",\"dateModified\":\"2015-09-03T08:32:00+00:00\",\"breadcrumb\":{\"@id\":\"https:\/\/www.visiterarles.com\/blog\/2015\/09\/03\/bon-plan-avec-un-bebe-arles-intra-muros-la-location-de-vtt-1508\/#breadcrumb\"},\"inLanguage\":\"en-GB\",\"potentialAction\":[{\"@type\":\"ReadAction\",\"target\":[\"https:\/\/www.visiterarles.com\/blog\/2015\/09\/03\/bon-plan-avec-un-bebe-arles-intra-muros-la-location-de-vtt-1508\/\"]}]},{\"@type\":\"BreadcrumbList\",\"@id\":\"https:\/\/www.visiterarles.com\/blog\/2015\/09\/03\/bon-plan-avec-un-bebe-arles-intra-muros-la-location-de-vtt-1508\/#breadcrumb\",\"itemListElement\":[{\"@type\":\"ListItem\",\"position\":1,\"name\":\"Home\",\"item\":\"https:\/\/www.visiterarles.com\/\"},{\"@type\":\"ListItem\",\"position\":2,\"name\":\"Bon plan avec un b\u00e9b\u00e9 Arles intra-muros : la location de vtt\"}]},{\"@type\":\"WebSite\",\"@id\":\"https:\/\/www.visiterarles.com\/en\/#website\",\"url\":\"https:\/\/www.visiterarles.com\/en\/\",\"name\":\"Visiter Arles\",\"description\":\"Tourisme en Provence \u00e0 Arles\",\"publisher\":{\"@id\":\"https:\/\/www.visiterarles.com\/en\/#organization\"},\"potentialAction\":[{\"@type\":\"SearchAction\",\"target\":{\"@type\":\"EntryPoint\",\"urlTemplate\":\"https:\/\/www.visiterarles.com\/en\/?s={search_term_string}\"},\"query-input\":\"required name=search_term_string\"}],\"inLanguage\":\"en-GB\"},{\"@type\":\"Organization\",\"@id\":\"https:\/\/www.visiterarles.com\/en\/#organization\",\"name\":\"Visiter Arles\",\"url\":\"https:\/\/www.visiterarles.com\/en\/\",\"logo\":{\"@type\":\"ImageObject\",\"inLanguage\":\"en-GB\",\"@id\":\"https:\/\/www.visiterarles.com\/en\/#\/schema\/logo\/image\/\",\"url\":\"https:\/\/www.visiterarles.com\/wp-content\/uploads\/2017\/10\/taco-and-co-1-1.jpg\",\"contentUrl\":\"https:\/\/www.visiterarles.com\/wp-content\/uploads\/2017\/10\/taco-and-co-1-1.jpg\",\"width\":124,\"height\":73,\"caption\":\"Visiter Arles\"},\"image\":{\"@id\":\"https:\/\/www.visiterarles.com\/en\/#\/schema\/logo\/image\/\"}},{\"@type\":\"Person\",\"@id\":\"https:\/\/www.visiterarles.com\/en\/#\/schema\/person\/ba5912e4613018f479a2d86815a53576\",\"name\":\"Linkadm\",\"image\":{\"@type\":\"ImageObject\",\"inLanguage\":\"en-GB\",\"@id\":\"https:\/\/www.visiterarles.com\/en\/#\/schema\/person\/image\/\",\"url\":\"https:\/\/secure.gravatar.com\/avatar\/4709ec209921503e8d8cc96168eddc49?s=96&d=mm&r=g\",\"contentUrl\":\"https:\/\/secure.gravatar.com\/avatar\/4709ec209921503e8d8cc96168eddc49?s=96&d=mm&r=g\",\"caption\":\"Linkadm\"},\"url\":\"https:\/\/www.visiterarles.com\/en\/blog\/author\/admin\/\"}]}<\/script>\n<!-- \/ Yoast SEO plugin. -->","yoast_head_json":{"title":"Bon plan avec un b\u00e9b\u00e9 Arles intra-muros : la location de vtt - Visiter Arles","robots":{"index":"index","follow":"follow","max-snippet":"max-snippet:-1","max-image-preview":"max-image-preview:large","max-video-preview":"max-video-preview:-1"},"canonical":"https:\/\/www.visiterarles.com\/en\/blog\/2015\/09\/03\/bon-plan-avec-un-bebe-arles-intra-muros-la-location-de-vtt-1508\/","twitter_misc":{"Written by":"Linkadm","Estimated reading time":"1 minute"},"schema":{"@context":"https:\/\/schema.org","@graph":[{"@type":"Article","@id":"https:\/\/www.visiterarles.com\/blog\/2015\/09\/03\/bon-plan-avec-un-bebe-arles-intra-muros-la-location-de-vtt-1508\/#article","isPartOf":{"@id":"https:\/\/www.visiterarles.com\/blog\/2015\/09\/03\/bon-plan-avec-un-bebe-arles-intra-muros-la-location-de-vtt-1508\/"},"author":{"name":"Linkadm","@id":"https:\/\/www.visiterarles.com\/en\/#\/schema\/person\/ba5912e4613018f479a2d86815a53576"},"headline":"Bon plan avec un b\u00e9b\u00e9 Arles intra-muros : la location de vtt","datePublished":"2015-09-03T08:32:00+00:00","dateModified":"2015-09-03T08:32:00+00:00","mainEntityOfPage":{"@id":"https:\/\/www.visiterarles.com\/blog\/2015\/09\/03\/bon-plan-avec-un-bebe-arles-intra-muros-la-location-de-vtt-1508\/"},"wordCount":204,"commentCount":0,"publisher":{"@id":"https:\/\/www.visiterarles.com\/en\/#organization"},"articleSection":["Informations"],"inLanguage":"en-GB","potentialAction":[{"@type":"CommentAction","name":"Comment","target":["https:\/\/www.visiterarles.com\/blog\/2015\/09\/03\/bon-plan-avec-un-bebe-arles-intra-muros-la-location-de-vtt-1508\/#respond"]}]},{"@type":"WebPage","@id":"https:\/\/www.visiterarles.com\/blog\/2015\/09\/03\/bon-plan-avec-un-bebe-arles-intra-muros-la-location-de-vtt-1508\/","url":"https:\/\/www.visiterarles.com\/blog\/2015\/09\/03\/bon-plan-avec-un-bebe-arles-intra-muros-la-location-de-vtt-1508\/","name":"Bon plan avec un b\u00e9b\u00e9 Arles intra-muros : la location de vtt - Visiter Arles","isPartOf":{"@id":"https:\/\/www.visiterarles.com\/en\/#website"},"datePublished":"2015-09-03T08:32:00+00:00","dateModified":"2015-09-03T08:32:00+00:00","breadcrumb":{"@id":"https:\/\/www.visiterarles.com\/blog\/2015\/09\/03\/bon-plan-avec-un-bebe-arles-intra-muros-la-location-de-vtt-1508\/#breadcrumb"},"inLanguage":"en-GB","potentialAction":[{"@type":"ReadAction","target":["https:\/\/www.visiterarles.com\/blog\/2015\/09\/03\/bon-plan-avec-un-bebe-arles-intra-muros-la-location-de-vtt-1508\/"]}]},{"@type":"BreadcrumbList","@id":"https:\/\/www.visiterarles.com\/blog\/2015\/09\/03\/bon-plan-avec-un-bebe-arles-intra-muros-la-location-de-vtt-1508\/#breadcrumb","itemListElement":[{"@type":"ListItem","position":1,"name":"Home","item":"https:\/\/www.visiterarles.com\/"},{"@type":"ListItem","position":2,"name":"Bon plan avec un b\u00e9b\u00e9 Arles intra-muros : la location de vtt"}]},{"@type":"WebSite","@id":"https:\/\/www.visiterarles.com\/en\/#website","url":"https:\/\/www.visiterarles.com\/en\/","name":"Visiter Arles","description":"Tourisme en Provence \u00e0 Arles","publisher":{"@id":"https:\/\/www.visiterarles.com\/en\/#organization"},"potentialAction":[{"@type":"SearchAction","target":{"@type":"EntryPoint","urlTemplate":"https:\/\/www.visiterarles.com\/en\/?s={search_term_string}"},"query-input":"required name=search_term_string"}],"inLanguage":"en-GB"},{"@type":"Organization","@id":"https:\/\/www.visiterarles.com\/en\/#organization","name":"Visiter Arles","url":"https:\/\/www.visiterarles.com\/en\/","logo":{"@type":"ImageObject","inLanguage":"en-GB","@id":"https:\/\/www.visiterarles.com\/en\/#\/schema\/logo\/image\/","url":"https:\/\/www.visiterarles.com\/wp-content\/uploads\/2017\/10\/taco-and-co-1-1.jpg","contentUrl":"https:\/\/www.visiterarles.com\/wp-content\/uploads\/2017\/10\/taco-and-co-1-1.jpg","width":124,"height":73,"caption":"Visiter Arles"},"image":{"@id":"https:\/\/www.visiterarles.com\/en\/#\/schema\/logo\/image\/"}},{"@type":"Person","@id":"https:\/\/www.visiterarles.com\/en\/#\/schema\/person\/ba5912e4613018f479a2d86815a53576","name":"Linkadm","image":{"@type":"ImageObject","inLanguage":"en-GB","@id":"https:\/\/www.visiterarles.com\/en\/#\/schema\/person\/image\/","url":"https:\/\/secure.gravatar.com\/avatar\/4709ec209921503e8d8cc96168eddc49?s=96&d=mm&r=g","contentUrl":"https:\/\/secure.gravatar.com\/avatar\/4709ec209921503e8d8cc96168eddc49?s=96&d=mm&r=g","caption":"Linkadm"},"url":"https:\/\/www.visiterarles.com\/en\/blog\/author\/admin\/"}]}},"_links":{"self":[{"href":"https:\/\/www.visiterarles.com\/en\/wp-json\/wp\/v2\/posts\/28705"}],"collection":[{"href":"https:\/\/www.visiterarles.com\/en\/wp-json\/wp\/v2\/posts"}],"about":[{"href":"https:\/\/www.visiterarles.com\/en\/wp-json\/wp\/v2\/types\/post"}],"author":[{"embeddable":true,"href":"https:\/\/www.visiterarles.com\/en\/wp-json\/wp\/v2\/users\/1"}],"replies":[{"embeddable":true,"href":"https:\/\/www.visiterarles.com\/en\/wp-json\/wp\/v2\/comments?post=28705"}],"version-history":[{"count":0,"href":"https:\/\/www.visiterarles.com\/en\/wp-json\/wp\/v2\/posts\/28705\/revisions"}],"wp:attachment":[{"href":"https:\/\/www.visiterarles.com\/en\/wp-json\/wp\/v2\/media?parent=28705"}],"wp:term":[{"taxonomy":"category","embeddable":true,"href":"https:\/\/www.visiterarles.com\/en\/wp-json\/wp\/v2\/categories?post=28705"},{"taxonomy":"post_tag","embeddable":true,"href":"https:\/\/www.visiterarles.com\/en\/wp-json\/wp\/v2\/tags?post=28705"}],"curies":[{"name":"wp","href":"https:\/\/api.w.org\/{rel}","templated":true}]}}