{"id":28709,"date":"2015-09-06T11:49:00","date_gmt":"2015-09-06T11:49:00","guid":{"rendered":"http:\/\/www.visiterarles.com\/arles-centre-ville-selectionner-votre-location-de-vtt-pour-se-deplacer-facilement-180\/"},"modified":"2015-09-06T11:49:00","modified_gmt":"2015-09-06T11:49:00","slug":"arles-centre-ville-selectionner-votre-location-de-vtt-pour-se-deplacer-facilement-180","status":"publish","type":"post","link":"https:\/\/www.visiterarles.com\/en\/blog\/2015\/09\/06\/arles-centre-ville-selectionner-votre-location-de-vtt-pour-se-deplacer-facilement-180\/","title":{"rendered":"Arles centre ville : s\u00e9lectionner votre location de vtt pour se d\u00e9placer facilement"},"content":{"rendered":"<h4>Votre location de vtt \u00e0 Arles centre ville, pour se d\u00e9placer facilement avec V\u00e9lo Taco<\/h4>\n<p>Les anciens ateliers sncf, l&rsquo;ecomus\u00e9e du sel o\u00f9 bien l&rsquo;\u00e9glise saint blaise, par le biais de notre location de vtt pour se d\u00e9placer facilement sur Arles centre ville, sont des monuments qui ne vous \u00e9chapperont pas dans cette commune splendide. Taco and co, de fa\u00e7on \u00e0 vous aider pour jouir pleinement du moment pr\u00e9sent, fera le maximum pour vous r\u00e9v\u00e9ler, avec le sentiment d&rsquo;oeuvrer de fa\u00e7on eco-responsable, le plus pertinent de la vie culturelle au sein de cette cit\u00e9 extraordinaire, par l&rsquo;interm\u00e9diaire d&rsquo;une <a href=\"http:\/\/www.visiterarles.com\/en\/arles-location-de-vtt-pour-se-deplacer-facilement-1381\/\">location de vtt pour se d\u00e9placer facilement sur Arles<\/a> centre ville.<\/p>\n<h4>Pour quelles raisons s\u00e9lectionner une location de vtt pour se d\u00e9placer facilement \u00e0 Arles<\/h4>\n<p>D\u00e9couvrir le ravissant centre historique par l&rsquo;interm\u00e9diaire de notre location de vtt pour se d\u00e9placer facilement \u00e0 Arles peut s&rsquo;av\u00e9rer \u00eatre une solution efficace pour toute personne qui en a envie. Peu importe o\u00f9 vous vous trouviez au sein d\u2019Arles, vous pourrez jouir pleinement d\u2019une sympathique location de vtt en toute qui\u00e9tude. Une location de vtt sur Arles, pour se d\u00e9placer facilement peut s&rsquo;av\u00e9rer \u00eatre une solution qui correspondra \u00e0 tous ainsi qu\u2019aux touristes.<\/p>","protected":false},"excerpt":{"rendered":"<p>Votre location de vtt \u00e0 Arles centre ville, pour se d\u00e9placer facilement avec V\u00e9lo Taco Les anciens ateliers sncf, l&rsquo;ecomus\u00e9e du sel o\u00f9 bien l&rsquo;\u00e9glise saint blaise, par le biais de notre location de vtt pour se d\u00e9placer facilement sur Arles centre ville, sont des monuments qui ne vous \u00e9chapperont pas dans cette commune splendide. [&hellip;]<\/p>","protected":false},"author":1,"featured_media":0,"comment_status":"open","ping_status":"open","sticky":false,"template":"","format":"standard","meta":{"footnotes":""},"categories":[55],"tags":[],"aioseo_notices":[],"yoast_head":"<!-- This site is optimized with the Yoast SEO plugin v22.3 - https:\/\/yoast.com\/wordpress\/plugins\/seo\/ -->\n<title>Arles centre ville : s\u00e9lectionner votre location de vtt pour se d\u00e9placer facilement - Visiter Arles<\/title>\n<meta name=\"robots\" content=\"index, follow, max-snippet:-1, max-image-preview:large, max-video-preview:-1\" \/>\n<link rel=\"canonical\" href=\"https:\/\/www.visiterarles.com\/en\/blog\/2015\/09\/06\/arles-centre-ville-selectionner-votre-location-de-vtt-pour-se-deplacer-facilement-180\/\" \/>\n<meta name=\"twitter:label1\" content=\"Written by\" \/>\n\t<meta name=\"twitter:data1\" content=\"Linkadm\" \/>\n\t<meta name=\"twitter:label2\" content=\"Estimated reading time\" \/>\n\t<meta name=\"twitter:data2\" content=\"1 minute\" \/>\n<script type=\"application\/ld+json\" class=\"yoast-schema-graph\">{\"@context\":\"https:\/\/schema.org\",\"@graph\":[{\"@type\":\"Article\",\"@id\":\"https:\/\/www.visiterarles.com\/blog\/2015\/09\/06\/arles-centre-ville-selectionner-votre-location-de-vtt-pour-se-deplacer-facilement-180\/#article\",\"isPartOf\":{\"@id\":\"https:\/\/www.visiterarles.com\/blog\/2015\/09\/06\/arles-centre-ville-selectionner-votre-location-de-vtt-pour-se-deplacer-facilement-180\/\"},\"author\":{\"name\":\"Linkadm\",\"@id\":\"https:\/\/www.visiterarles.com\/en\/#\/schema\/person\/ba5912e4613018f479a2d86815a53576\"},\"headline\":\"Arles centre ville : s\u00e9lectionner votre location de vtt pour se d\u00e9placer facilement\",\"datePublished\":\"2015-09-06T11:49:00+00:00\",\"dateModified\":\"2015-09-06T11:49:00+00:00\",\"mainEntityOfPage\":{\"@id\":\"https:\/\/www.visiterarles.com\/blog\/2015\/09\/06\/arles-centre-ville-selectionner-votre-location-de-vtt-pour-se-deplacer-facilement-180\/\"},\"wordCount\":237,\"commentCount\":0,\"publisher\":{\"@id\":\"https:\/\/www.visiterarles.com\/en\/#organization\"},\"articleSection\":[\"Informations\"],\"inLanguage\":\"en-GB\",\"potentialAction\":[{\"@type\":\"CommentAction\",\"name\":\"Comment\",\"target\":[\"https:\/\/www.visiterarles.com\/blog\/2015\/09\/06\/arles-centre-ville-selectionner-votre-location-de-vtt-pour-se-deplacer-facilement-180\/#respond\"]}]},{\"@type\":\"WebPage\",\"@id\":\"https:\/\/www.visiterarles.com\/blog\/2015\/09\/06\/arles-centre-ville-selectionner-votre-location-de-vtt-pour-se-deplacer-facilement-180\/\",\"url\":\"https:\/\/www.visiterarles.com\/blog\/2015\/09\/06\/arles-centre-ville-selectionner-votre-location-de-vtt-pour-se-deplacer-facilement-180\/\",\"name\":\"Arles centre ville : s\u00e9lectionner votre location de vtt pour se d\u00e9placer facilement - Visiter Arles\",\"isPartOf\":{\"@id\":\"https:\/\/www.visiterarles.com\/en\/#website\"},\"datePublished\":\"2015-09-06T11:49:00+00:00\",\"dateModified\":\"2015-09-06T11:49:00+00:00\",\"breadcrumb\":{\"@id\":\"https:\/\/www.visiterarles.com\/blog\/2015\/09\/06\/arles-centre-ville-selectionner-votre-location-de-vtt-pour-se-deplacer-facilement-180\/#breadcrumb\"},\"inLanguage\":\"en-GB\",\"potentialAction\":[{\"@type\":\"ReadAction\",\"target\":[\"https:\/\/www.visiterarles.com\/blog\/2015\/09\/06\/arles-centre-ville-selectionner-votre-location-de-vtt-pour-se-deplacer-facilement-180\/\"]}]},{\"@type\":\"BreadcrumbList\",\"@id\":\"https:\/\/www.visiterarles.com\/blog\/2015\/09\/06\/arles-centre-ville-selectionner-votre-location-de-vtt-pour-se-deplacer-facilement-180\/#breadcrumb\",\"itemListElement\":[{\"@type\":\"ListItem\",\"position\":1,\"name\":\"Home\",\"item\":\"https:\/\/www.visiterarles.com\/\"},{\"@type\":\"ListItem\",\"position\":2,\"name\":\"Arles centre ville : s\u00e9lectionner votre location de vtt pour se d\u00e9placer facilement\"}]},{\"@type\":\"WebSite\",\"@id\":\"https:\/\/www.visiterarles.com\/en\/#website\",\"url\":\"https:\/\/www.visiterarles.com\/en\/\",\"name\":\"Visiter Arles\",\"description\":\"Tourisme en Provence \u00e0 Arles\",\"publisher\":{\"@id\":\"https:\/\/www.visiterarles.com\/en\/#organization\"},\"potentialAction\":[{\"@type\":\"SearchAction\",\"target\":{\"@type\":\"EntryPoint\",\"urlTemplate\":\"https:\/\/www.visiterarles.com\/en\/?s={search_term_string}\"},\"query-input\":\"required name=search_term_string\"}],\"inLanguage\":\"en-GB\"},{\"@type\":\"Organization\",\"@id\":\"https:\/\/www.visiterarles.com\/en\/#organization\",\"name\":\"Visiter Arles\",\"url\":\"https:\/\/www.visiterarles.com\/en\/\",\"logo\":{\"@type\":\"ImageObject\",\"inLanguage\":\"en-GB\",\"@id\":\"https:\/\/www.visiterarles.com\/en\/#\/schema\/logo\/image\/\",\"url\":\"https:\/\/www.visiterarles.com\/wp-content\/uploads\/2017\/10\/taco-and-co-1-1.jpg\",\"contentUrl\":\"https:\/\/www.visiterarles.com\/wp-content\/uploads\/2017\/10\/taco-and-co-1-1.jpg\",\"width\":124,\"height\":73,\"caption\":\"Visiter Arles\"},\"image\":{\"@id\":\"https:\/\/www.visiterarles.com\/en\/#\/schema\/logo\/image\/\"}},{\"@type\":\"Person\",\"@id\":\"https:\/\/www.visiterarles.com\/en\/#\/schema\/person\/ba5912e4613018f479a2d86815a53576\",\"name\":\"Linkadm\",\"image\":{\"@type\":\"ImageObject\",\"inLanguage\":\"en-GB\",\"@id\":\"https:\/\/www.visiterarles.com\/en\/#\/schema\/person\/image\/\",\"url\":\"https:\/\/secure.gravatar.com\/avatar\/4709ec209921503e8d8cc96168eddc49?s=96&d=mm&r=g\",\"contentUrl\":\"https:\/\/secure.gravatar.com\/avatar\/4709ec209921503e8d8cc96168eddc49?s=96&d=mm&r=g\",\"caption\":\"Linkadm\"},\"url\":\"https:\/\/www.visiterarles.com\/en\/blog\/author\/admin\/\"}]}<\/script>\n<!-- \/ Yoast SEO plugin. -->","yoast_head_json":{"title":"Arles centre ville : s\u00e9lectionner votre location de vtt pour se d\u00e9placer facilement - Visiter Arles","robots":{"index":"index","follow":"follow","max-snippet":"max-snippet:-1","max-image-preview":"max-image-preview:large","max-video-preview":"max-video-preview:-1"},"canonical":"https:\/\/www.visiterarles.com\/en\/blog\/2015\/09\/06\/arles-centre-ville-selectionner-votre-location-de-vtt-pour-se-deplacer-facilement-180\/","twitter_misc":{"Written by":"Linkadm","Estimated reading time":"1 minute"},"schema":{"@context":"https:\/\/schema.org","@graph":[{"@type":"Article","@id":"https:\/\/www.visiterarles.com\/blog\/2015\/09\/06\/arles-centre-ville-selectionner-votre-location-de-vtt-pour-se-deplacer-facilement-180\/#article","isPartOf":{"@id":"https:\/\/www.visiterarles.com\/blog\/2015\/09\/06\/arles-centre-ville-selectionner-votre-location-de-vtt-pour-se-deplacer-facilement-180\/"},"author":{"name":"Linkadm","@id":"https:\/\/www.visiterarles.com\/en\/#\/schema\/person\/ba5912e4613018f479a2d86815a53576"},"headline":"Arles centre ville : s\u00e9lectionner votre location de vtt pour se d\u00e9placer facilement","datePublished":"2015-09-06T11:49:00+00:00","dateModified":"2015-09-06T11:49:00+00:00","mainEntityOfPage":{"@id":"https:\/\/www.visiterarles.com\/blog\/2015\/09\/06\/arles-centre-ville-selectionner-votre-location-de-vtt-pour-se-deplacer-facilement-180\/"},"wordCount":237,"commentCount":0,"publisher":{"@id":"https:\/\/www.visiterarles.com\/en\/#organization"},"articleSection":["Informations"],"inLanguage":"en-GB","potentialAction":[{"@type":"CommentAction","name":"Comment","target":["https:\/\/www.visiterarles.com\/blog\/2015\/09\/06\/arles-centre-ville-selectionner-votre-location-de-vtt-pour-se-deplacer-facilement-180\/#respond"]}]},{"@type":"WebPage","@id":"https:\/\/www.visiterarles.com\/blog\/2015\/09\/06\/arles-centre-ville-selectionner-votre-location-de-vtt-pour-se-deplacer-facilement-180\/","url":"https:\/\/www.visiterarles.com\/blog\/2015\/09\/06\/arles-centre-ville-selectionner-votre-location-de-vtt-pour-se-deplacer-facilement-180\/","name":"Arles centre ville : s\u00e9lectionner votre location de vtt pour se d\u00e9placer facilement - Visiter Arles","isPartOf":{"@id":"https:\/\/www.visiterarles.com\/en\/#website"},"datePublished":"2015-09-06T11:49:00+00:00","dateModified":"2015-09-06T11:49:00+00:00","breadcrumb":{"@id":"https:\/\/www.visiterarles.com\/blog\/2015\/09\/06\/arles-centre-ville-selectionner-votre-location-de-vtt-pour-se-deplacer-facilement-180\/#breadcrumb"},"inLanguage":"en-GB","potentialAction":[{"@type":"ReadAction","target":["https:\/\/www.visiterarles.com\/blog\/2015\/09\/06\/arles-centre-ville-selectionner-votre-location-de-vtt-pour-se-deplacer-facilement-180\/"]}]},{"@type":"BreadcrumbList","@id":"https:\/\/www.visiterarles.com\/blog\/2015\/09\/06\/arles-centre-ville-selectionner-votre-location-de-vtt-pour-se-deplacer-facilement-180\/#breadcrumb","itemListElement":[{"@type":"ListItem","position":1,"name":"Home","item":"https:\/\/www.visiterarles.com\/"},{"@type":"ListItem","position":2,"name":"Arles centre ville : s\u00e9lectionner votre location de vtt pour se d\u00e9placer facilement"}]},{"@type":"WebSite","@id":"https:\/\/www.visiterarles.com\/en\/#website","url":"https:\/\/www.visiterarles.com\/en\/","name":"Visiter Arles","description":"Tourisme en Provence \u00e0 Arles","publisher":{"@id":"https:\/\/www.visiterarles.com\/en\/#organization"},"potentialAction":[{"@type":"SearchAction","target":{"@type":"EntryPoint","urlTemplate":"https:\/\/www.visiterarles.com\/en\/?s={search_term_string}"},"query-input":"required name=search_term_string"}],"inLanguage":"en-GB"},{"@type":"Organization","@id":"https:\/\/www.visiterarles.com\/en\/#organization","name":"Visiter Arles","url":"https:\/\/www.visiterarles.com\/en\/","logo":{"@type":"ImageObject","inLanguage":"en-GB","@id":"https:\/\/www.visiterarles.com\/en\/#\/schema\/logo\/image\/","url":"https:\/\/www.visiterarles.com\/wp-content\/uploads\/2017\/10\/taco-and-co-1-1.jpg","contentUrl":"https:\/\/www.visiterarles.com\/wp-content\/uploads\/2017\/10\/taco-and-co-1-1.jpg","width":124,"height":73,"caption":"Visiter Arles"},"image":{"@id":"https:\/\/www.visiterarles.com\/en\/#\/schema\/logo\/image\/"}},{"@type":"Person","@id":"https:\/\/www.visiterarles.com\/en\/#\/schema\/person\/ba5912e4613018f479a2d86815a53576","name":"Linkadm","image":{"@type":"ImageObject","inLanguage":"en-GB","@id":"https:\/\/www.visiterarles.com\/en\/#\/schema\/person\/image\/","url":"https:\/\/secure.gravatar.com\/avatar\/4709ec209921503e8d8cc96168eddc49?s=96&d=mm&r=g","contentUrl":"https:\/\/secure.gravatar.com\/avatar\/4709ec209921503e8d8cc96168eddc49?s=96&d=mm&r=g","caption":"Linkadm"},"url":"https:\/\/www.visiterarles.com\/en\/blog\/author\/admin\/"}]}},"_links":{"self":[{"href":"https:\/\/www.visiterarles.com\/en\/wp-json\/wp\/v2\/posts\/28709"}],"collection":[{"href":"https:\/\/www.visiterarles.com\/en\/wp-json\/wp\/v2\/posts"}],"about":[{"href":"https:\/\/www.visiterarles.com\/en\/wp-json\/wp\/v2\/types\/post"}],"author":[{"embeddable":true,"href":"https:\/\/www.visiterarles.com\/en\/wp-json\/wp\/v2\/users\/1"}],"replies":[{"embeddable":true,"href":"https:\/\/www.visiterarles.com\/en\/wp-json\/wp\/v2\/comments?post=28709"}],"version-history":[{"count":0,"href":"https:\/\/www.visiterarles.com\/en\/wp-json\/wp\/v2\/posts\/28709\/revisions"}],"wp:attachment":[{"href":"https:\/\/www.visiterarles.com\/en\/wp-json\/wp\/v2\/media?parent=28709"}],"wp:term":[{"taxonomy":"category","embeddable":true,"href":"https:\/\/www.visiterarles.com\/en\/wp-json\/wp\/v2\/categories?post=28709"},{"taxonomy":"post_tag","embeddable":true,"href":"https:\/\/www.visiterarles.com\/en\/wp-json\/wp\/v2\/tags?post=28709"}],"curies":[{"name":"wp","href":"https:\/\/api.w.org\/{rel}","templated":true}]}}