{"id":28717,"date":"2015-09-11T11:20:00","date_gmt":"2015-09-11T11:20:00","guid":{"rendered":"http:\/\/www.visiterarles.com\/bon-plan-pour-se-deplacer-facilement-arles-les-alyscs-la-location-de-vtt-173\/"},"modified":"2015-09-11T11:20:00","modified_gmt":"2015-09-11T11:20:00","slug":"bon-plan-pour-se-deplacer-facilement-arles-les-alyscs-la-location-de-vtt-173","status":"publish","type":"post","link":"https:\/\/www.visiterarles.com\/en\/blog\/2015\/09\/11\/bon-plan-pour-se-deplacer-facilement-arles-les-alyscs-la-location-de-vtt-173\/","title":{"rendered":"Bon plan pour se d\u00e9placer facilement Arles les Alyscamps : la location de vtt"},"content":{"rendered":"<h4>Votre location de vtt sur Arles les Alyscamps, pour se d\u00e9placer facilement avec V\u00e9lo Taco<\/h4>\n<p>Arles se trouve \u00eatre une sympathique cit\u00e9 sublime, la vie culturelle, et les beaux endroits, comme les tours de la cavalerie, le village de salins o\u00f9 la tour des mourgues sont pl\u00e9thoriques. Une sympathique <a href=\"http:\/\/www.visiterarles.com\/en\/arles-location-de-vtt-pour-se-deplacer-facilement-1381\/\">location de vtt pour se d\u00e9placer facilement \u00e0 Arles<\/a> les Alyscamps, entre autres, va vous permettre de pleinement profiter de l\u2019existence au sein de cette cit\u00e9 exceptionnelle, ordinairement avec l&rsquo;impression d&rsquo;\u0153uvrer d&rsquo;une fa\u00e7on eco responsable, en proposant toute la richesse de la culture.<\/p>\n<h4>Arles : pour quelle raison choisir notre location de vtt pour se d\u00e9placer facilement<\/h4>\n<p>D\u00e8s lors qu&rsquo;on a l\u2019intention de faire la d\u00e9couverte du sublime capital de la commune, la location de vtt pour se d\u00e9placer facilement sur Arles, entre autres, est parfaite. O\u00f9 que vous vous av\u00e9riez \u00eatre \u00e0 Arles, il vous sera possible de profiter au maximum de notre location de vtt en toute qui\u00e9tude. Une sympathique location de vtt sur Arles, pour se d\u00e9placer facilement peut para\u00eetre une alternative cl\u00e9s en main qui correspondra \u00e0 tous de m\u00eame qu\u2019aux plus passionn\u00e9s.<\/p>","protected":false},"excerpt":{"rendered":"<p>Votre location de vtt sur Arles les Alyscamps, pour se d\u00e9placer facilement avec V\u00e9lo Taco Arles se trouve \u00eatre une sympathique cit\u00e9 sublime, la vie culturelle, et les beaux endroits, comme les tours de la cavalerie, le village de salins o\u00f9 la tour des mourgues sont pl\u00e9thoriques. Une sympathique location de vtt pour se d\u00e9placer [&hellip;]<\/p>","protected":false},"author":1,"featured_media":0,"comment_status":"open","ping_status":"open","sticky":false,"template":"","format":"standard","meta":{"footnotes":""},"categories":[55],"tags":[],"aioseo_notices":[],"yoast_head":"<!-- This site is optimized with the Yoast SEO plugin v22.3 - https:\/\/yoast.com\/wordpress\/plugins\/seo\/ -->\n<title>Bon plan pour se d\u00e9placer facilement Arles les Alyscamps : la location de vtt - Visiter Arles<\/title>\n<meta name=\"robots\" content=\"index, follow, max-snippet:-1, max-image-preview:large, max-video-preview:-1\" \/>\n<link rel=\"canonical\" href=\"https:\/\/www.visiterarles.com\/en\/blog\/2015\/09\/11\/bon-plan-pour-se-deplacer-facilement-arles-les-alyscs-la-location-de-vtt-173\/\" \/>\n<meta name=\"twitter:label1\" content=\"Written by\" \/>\n\t<meta name=\"twitter:data1\" content=\"Linkadm\" \/>\n\t<meta name=\"twitter:label2\" content=\"Estimated reading time\" \/>\n\t<meta name=\"twitter:data2\" content=\"1 minute\" \/>\n<script type=\"application\/ld+json\" class=\"yoast-schema-graph\">{\"@context\":\"https:\/\/schema.org\",\"@graph\":[{\"@type\":\"Article\",\"@id\":\"https:\/\/www.visiterarles.com\/blog\/2015\/09\/11\/bon-plan-pour-se-deplacer-facilement-arles-les-alyscs-la-location-de-vtt-173\/#article\",\"isPartOf\":{\"@id\":\"https:\/\/www.visiterarles.com\/blog\/2015\/09\/11\/bon-plan-pour-se-deplacer-facilement-arles-les-alyscs-la-location-de-vtt-173\/\"},\"author\":{\"name\":\"Linkadm\",\"@id\":\"https:\/\/www.visiterarles.com\/en\/#\/schema\/person\/ba5912e4613018f479a2d86815a53576\"},\"headline\":\"Bon plan pour se d\u00e9placer facilement Arles les Alyscamps : la location de vtt\",\"datePublished\":\"2015-09-11T11:20:00+00:00\",\"dateModified\":\"2015-09-11T11:20:00+00:00\",\"mainEntityOfPage\":{\"@id\":\"https:\/\/www.visiterarles.com\/blog\/2015\/09\/11\/bon-plan-pour-se-deplacer-facilement-arles-les-alyscs-la-location-de-vtt-173\/\"},\"wordCount\":219,\"commentCount\":0,\"publisher\":{\"@id\":\"https:\/\/www.visiterarles.com\/en\/#organization\"},\"articleSection\":[\"Informations\"],\"inLanguage\":\"en-GB\",\"potentialAction\":[{\"@type\":\"CommentAction\",\"name\":\"Comment\",\"target\":[\"https:\/\/www.visiterarles.com\/blog\/2015\/09\/11\/bon-plan-pour-se-deplacer-facilement-arles-les-alyscs-la-location-de-vtt-173\/#respond\"]}]},{\"@type\":\"WebPage\",\"@id\":\"https:\/\/www.visiterarles.com\/blog\/2015\/09\/11\/bon-plan-pour-se-deplacer-facilement-arles-les-alyscs-la-location-de-vtt-173\/\",\"url\":\"https:\/\/www.visiterarles.com\/blog\/2015\/09\/11\/bon-plan-pour-se-deplacer-facilement-arles-les-alyscs-la-location-de-vtt-173\/\",\"name\":\"Bon plan pour se d\u00e9placer facilement Arles les Alyscamps : la location de vtt - Visiter Arles\",\"isPartOf\":{\"@id\":\"https:\/\/www.visiterarles.com\/en\/#website\"},\"datePublished\":\"2015-09-11T11:20:00+00:00\",\"dateModified\":\"2015-09-11T11:20:00+00:00\",\"breadcrumb\":{\"@id\":\"https:\/\/www.visiterarles.com\/blog\/2015\/09\/11\/bon-plan-pour-se-deplacer-facilement-arles-les-alyscs-la-location-de-vtt-173\/#breadcrumb\"},\"inLanguage\":\"en-GB\",\"potentialAction\":[{\"@type\":\"ReadAction\",\"target\":[\"https:\/\/www.visiterarles.com\/blog\/2015\/09\/11\/bon-plan-pour-se-deplacer-facilement-arles-les-alyscs-la-location-de-vtt-173\/\"]}]},{\"@type\":\"BreadcrumbList\",\"@id\":\"https:\/\/www.visiterarles.com\/blog\/2015\/09\/11\/bon-plan-pour-se-deplacer-facilement-arles-les-alyscs-la-location-de-vtt-173\/#breadcrumb\",\"itemListElement\":[{\"@type\":\"ListItem\",\"position\":1,\"name\":\"Home\",\"item\":\"https:\/\/www.visiterarles.com\/\"},{\"@type\":\"ListItem\",\"position\":2,\"name\":\"Bon plan pour se d\u00e9placer facilement Arles les Alyscamps : la location de vtt\"}]},{\"@type\":\"WebSite\",\"@id\":\"https:\/\/www.visiterarles.com\/en\/#website\",\"url\":\"https:\/\/www.visiterarles.com\/en\/\",\"name\":\"Visiter Arles\",\"description\":\"Tourisme en Provence \u00e0 Arles\",\"publisher\":{\"@id\":\"https:\/\/www.visiterarles.com\/en\/#organization\"},\"potentialAction\":[{\"@type\":\"SearchAction\",\"target\":{\"@type\":\"EntryPoint\",\"urlTemplate\":\"https:\/\/www.visiterarles.com\/en\/?s={search_term_string}\"},\"query-input\":\"required name=search_term_string\"}],\"inLanguage\":\"en-GB\"},{\"@type\":\"Organization\",\"@id\":\"https:\/\/www.visiterarles.com\/en\/#organization\",\"name\":\"Visiter Arles\",\"url\":\"https:\/\/www.visiterarles.com\/en\/\",\"logo\":{\"@type\":\"ImageObject\",\"inLanguage\":\"en-GB\",\"@id\":\"https:\/\/www.visiterarles.com\/en\/#\/schema\/logo\/image\/\",\"url\":\"https:\/\/www.visiterarles.com\/wp-content\/uploads\/2017\/10\/taco-and-co-1-1.jpg\",\"contentUrl\":\"https:\/\/www.visiterarles.com\/wp-content\/uploads\/2017\/10\/taco-and-co-1-1.jpg\",\"width\":124,\"height\":73,\"caption\":\"Visiter Arles\"},\"image\":{\"@id\":\"https:\/\/www.visiterarles.com\/en\/#\/schema\/logo\/image\/\"}},{\"@type\":\"Person\",\"@id\":\"https:\/\/www.visiterarles.com\/en\/#\/schema\/person\/ba5912e4613018f479a2d86815a53576\",\"name\":\"Linkadm\",\"image\":{\"@type\":\"ImageObject\",\"inLanguage\":\"en-GB\",\"@id\":\"https:\/\/www.visiterarles.com\/en\/#\/schema\/person\/image\/\",\"url\":\"https:\/\/secure.gravatar.com\/avatar\/4709ec209921503e8d8cc96168eddc49?s=96&d=mm&r=g\",\"contentUrl\":\"https:\/\/secure.gravatar.com\/avatar\/4709ec209921503e8d8cc96168eddc49?s=96&d=mm&r=g\",\"caption\":\"Linkadm\"},\"url\":\"https:\/\/www.visiterarles.com\/en\/blog\/author\/admin\/\"}]}<\/script>\n<!-- \/ Yoast SEO plugin. -->","yoast_head_json":{"title":"Bon plan pour se d\u00e9placer facilement Arles les Alyscamps : la location de vtt - Visiter Arles","robots":{"index":"index","follow":"follow","max-snippet":"max-snippet:-1","max-image-preview":"max-image-preview:large","max-video-preview":"max-video-preview:-1"},"canonical":"https:\/\/www.visiterarles.com\/en\/blog\/2015\/09\/11\/bon-plan-pour-se-deplacer-facilement-arles-les-alyscs-la-location-de-vtt-173\/","twitter_misc":{"Written by":"Linkadm","Estimated reading time":"1 minute"},"schema":{"@context":"https:\/\/schema.org","@graph":[{"@type":"Article","@id":"https:\/\/www.visiterarles.com\/blog\/2015\/09\/11\/bon-plan-pour-se-deplacer-facilement-arles-les-alyscs-la-location-de-vtt-173\/#article","isPartOf":{"@id":"https:\/\/www.visiterarles.com\/blog\/2015\/09\/11\/bon-plan-pour-se-deplacer-facilement-arles-les-alyscs-la-location-de-vtt-173\/"},"author":{"name":"Linkadm","@id":"https:\/\/www.visiterarles.com\/en\/#\/schema\/person\/ba5912e4613018f479a2d86815a53576"},"headline":"Bon plan pour se d\u00e9placer facilement Arles les Alyscamps : la location de vtt","datePublished":"2015-09-11T11:20:00+00:00","dateModified":"2015-09-11T11:20:00+00:00","mainEntityOfPage":{"@id":"https:\/\/www.visiterarles.com\/blog\/2015\/09\/11\/bon-plan-pour-se-deplacer-facilement-arles-les-alyscs-la-location-de-vtt-173\/"},"wordCount":219,"commentCount":0,"publisher":{"@id":"https:\/\/www.visiterarles.com\/en\/#organization"},"articleSection":["Informations"],"inLanguage":"en-GB","potentialAction":[{"@type":"CommentAction","name":"Comment","target":["https:\/\/www.visiterarles.com\/blog\/2015\/09\/11\/bon-plan-pour-se-deplacer-facilement-arles-les-alyscs-la-location-de-vtt-173\/#respond"]}]},{"@type":"WebPage","@id":"https:\/\/www.visiterarles.com\/blog\/2015\/09\/11\/bon-plan-pour-se-deplacer-facilement-arles-les-alyscs-la-location-de-vtt-173\/","url":"https:\/\/www.visiterarles.com\/blog\/2015\/09\/11\/bon-plan-pour-se-deplacer-facilement-arles-les-alyscs-la-location-de-vtt-173\/","name":"Bon plan pour se d\u00e9placer facilement Arles les Alyscamps : la location de vtt - Visiter Arles","isPartOf":{"@id":"https:\/\/www.visiterarles.com\/en\/#website"},"datePublished":"2015-09-11T11:20:00+00:00","dateModified":"2015-09-11T11:20:00+00:00","breadcrumb":{"@id":"https:\/\/www.visiterarles.com\/blog\/2015\/09\/11\/bon-plan-pour-se-deplacer-facilement-arles-les-alyscs-la-location-de-vtt-173\/#breadcrumb"},"inLanguage":"en-GB","potentialAction":[{"@type":"ReadAction","target":["https:\/\/www.visiterarles.com\/blog\/2015\/09\/11\/bon-plan-pour-se-deplacer-facilement-arles-les-alyscs-la-location-de-vtt-173\/"]}]},{"@type":"BreadcrumbList","@id":"https:\/\/www.visiterarles.com\/blog\/2015\/09\/11\/bon-plan-pour-se-deplacer-facilement-arles-les-alyscs-la-location-de-vtt-173\/#breadcrumb","itemListElement":[{"@type":"ListItem","position":1,"name":"Home","item":"https:\/\/www.visiterarles.com\/"},{"@type":"ListItem","position":2,"name":"Bon plan pour se d\u00e9placer facilement Arles les Alyscamps : la location de vtt"}]},{"@type":"WebSite","@id":"https:\/\/www.visiterarles.com\/en\/#website","url":"https:\/\/www.visiterarles.com\/en\/","name":"Visiter Arles","description":"Tourisme en Provence \u00e0 Arles","publisher":{"@id":"https:\/\/www.visiterarles.com\/en\/#organization"},"potentialAction":[{"@type":"SearchAction","target":{"@type":"EntryPoint","urlTemplate":"https:\/\/www.visiterarles.com\/en\/?s={search_term_string}"},"query-input":"required name=search_term_string"}],"inLanguage":"en-GB"},{"@type":"Organization","@id":"https:\/\/www.visiterarles.com\/en\/#organization","name":"Visiter Arles","url":"https:\/\/www.visiterarles.com\/en\/","logo":{"@type":"ImageObject","inLanguage":"en-GB","@id":"https:\/\/www.visiterarles.com\/en\/#\/schema\/logo\/image\/","url":"https:\/\/www.visiterarles.com\/wp-content\/uploads\/2017\/10\/taco-and-co-1-1.jpg","contentUrl":"https:\/\/www.visiterarles.com\/wp-content\/uploads\/2017\/10\/taco-and-co-1-1.jpg","width":124,"height":73,"caption":"Visiter Arles"},"image":{"@id":"https:\/\/www.visiterarles.com\/en\/#\/schema\/logo\/image\/"}},{"@type":"Person","@id":"https:\/\/www.visiterarles.com\/en\/#\/schema\/person\/ba5912e4613018f479a2d86815a53576","name":"Linkadm","image":{"@type":"ImageObject","inLanguage":"en-GB","@id":"https:\/\/www.visiterarles.com\/en\/#\/schema\/person\/image\/","url":"https:\/\/secure.gravatar.com\/avatar\/4709ec209921503e8d8cc96168eddc49?s=96&d=mm&r=g","contentUrl":"https:\/\/secure.gravatar.com\/avatar\/4709ec209921503e8d8cc96168eddc49?s=96&d=mm&r=g","caption":"Linkadm"},"url":"https:\/\/www.visiterarles.com\/en\/blog\/author\/admin\/"}]}},"_links":{"self":[{"href":"https:\/\/www.visiterarles.com\/en\/wp-json\/wp\/v2\/posts\/28717"}],"collection":[{"href":"https:\/\/www.visiterarles.com\/en\/wp-json\/wp\/v2\/posts"}],"about":[{"href":"https:\/\/www.visiterarles.com\/en\/wp-json\/wp\/v2\/types\/post"}],"author":[{"embeddable":true,"href":"https:\/\/www.visiterarles.com\/en\/wp-json\/wp\/v2\/users\/1"}],"replies":[{"embeddable":true,"href":"https:\/\/www.visiterarles.com\/en\/wp-json\/wp\/v2\/comments?post=28717"}],"version-history":[{"count":0,"href":"https:\/\/www.visiterarles.com\/en\/wp-json\/wp\/v2\/posts\/28717\/revisions"}],"wp:attachment":[{"href":"https:\/\/www.visiterarles.com\/en\/wp-json\/wp\/v2\/media?parent=28717"}],"wp:term":[{"taxonomy":"category","embeddable":true,"href":"https:\/\/www.visiterarles.com\/en\/wp-json\/wp\/v2\/categories?post=28717"},{"taxonomy":"post_tag","embeddable":true,"href":"https:\/\/www.visiterarles.com\/en\/wp-json\/wp\/v2\/tags?post=28717"}],"curies":[{"name":"wp","href":"https:\/\/api.w.org\/{rel}","templated":true}]}}