{"id":28950,"date":"2016-02-09T10:44:00","date_gmt":"2016-02-09T10:44:00","guid":{"rendered":"http:\/\/www.visiterarles.com\/en-groupe-arles-les-alyscs-visite-touristique-1806\/"},"modified":"2016-02-09T10:44:00","modified_gmt":"2016-02-09T10:44:00","slug":"en-groupe-arles-les-alyscs-visite-touristique-1806","status":"publish","type":"post","link":"https:\/\/www.visiterarles.com\/en\/blog\/2016\/02\/09\/en-groupe-arles-les-alyscs-visite-touristique-1806\/","title":{"rendered":"En groupe Arles les Alyscamps : visite touristique"},"content":{"rendered":"<h4>Visite touristique en groupe sur Arles les Alyscamps : o\u00f9 d\u00e9nicher un organisme fiable<\/h4>\n<p>Les thermes de constantin, le mus\u00e9e du riz o\u00f9 le clo\u00eetre saint trophime, par le biais de notre visite touristique en groupe \u00e0 Arles les Alyscamps, sont des monuments que vous ne sauriez manquer au sein de cette exceptionnelle commune splendide. Notre <a href=\"http:\/\/www.visiterarles.com\/en\/votre-visite-touristique-en-groupe-sur-arles-1396\/\">visite touristique en groupe \u00e0 Arles<\/a> les Alyscamps, pour ne citer que cela, va vous permettre de jouir pleinement de la vie au sein de cette exceptionnelle commune splendide, toujours avec l\u2019impression d&rsquo;\u0153uvrer de fa\u00e7on \u00e9cologique, en proposant toute la richesse de la culture.<\/p>\n<h4>Par quel moyen s\u2019y prendre pour rep\u00e9rer une visite touristique en groupe au sein d&rsquo;Arles<\/h4>\n<p>D\u00e9couvrir le majestueux centre historique via notre visite touristique en groupe \u00e0 Arles peut s&rsquo;av\u00e9rer \u00eatre une alternative cl\u00e9s en main appropri\u00e9e pour toute personne qui le d\u00e9sire. O\u00f9 que vous soyez \u00e0 Arles, vous pourrez jouir totalement d\u2019une agr\u00e9able visite touristique en toute qui\u00e9tude. Les clients en tout genre aimeront notre visite touristique sur Arles, en groupe leur convenant incontestablement.<\/p>","protected":false},"excerpt":{"rendered":"<p>Visite touristique en groupe sur Arles les Alyscamps : o\u00f9 d\u00e9nicher un organisme fiable Les thermes de constantin, le mus\u00e9e du riz o\u00f9 le clo\u00eetre saint trophime, par le biais de notre visite touristique en groupe \u00e0 Arles les Alyscamps, sont des monuments que vous ne sauriez manquer au sein de cette exceptionnelle commune splendide. [&hellip;]<\/p>","protected":false},"author":1,"featured_media":0,"comment_status":"open","ping_status":"open","sticky":false,"template":"","format":"standard","meta":{"footnotes":""},"categories":[55],"tags":[],"aioseo_notices":[],"yoast_head":"<!-- This site is optimized with the Yoast SEO plugin v22.3 - https:\/\/yoast.com\/wordpress\/plugins\/seo\/ -->\n<title>En groupe Arles les Alyscamps : visite touristique - Visiter Arles<\/title>\n<meta name=\"robots\" content=\"index, follow, max-snippet:-1, max-image-preview:large, max-video-preview:-1\" \/>\n<link rel=\"canonical\" href=\"https:\/\/www.visiterarles.com\/en\/blog\/2016\/02\/09\/en-groupe-arles-les-alyscs-visite-touristique-1806\/\" \/>\n<meta name=\"twitter:label1\" content=\"Written by\" \/>\n\t<meta name=\"twitter:data1\" content=\"Linkadm\" \/>\n\t<meta name=\"twitter:label2\" content=\"Estimated reading time\" \/>\n\t<meta name=\"twitter:data2\" content=\"1 minute\" \/>\n<script type=\"application\/ld+json\" class=\"yoast-schema-graph\">{\"@context\":\"https:\/\/schema.org\",\"@graph\":[{\"@type\":\"Article\",\"@id\":\"https:\/\/www.visiterarles.com\/en\/blog\/2016\/02\/09\/en-groupe-arles-les-alyscs-visite-touristique-1806\/#article\",\"isPartOf\":{\"@id\":\"https:\/\/www.visiterarles.com\/en\/blog\/2016\/02\/09\/en-groupe-arles-les-alyscs-visite-touristique-1806\/\"},\"author\":{\"name\":\"Linkadm\",\"@id\":\"https:\/\/www.visiterarles.com\/en\/#\/schema\/person\/ba5912e4613018f479a2d86815a53576\"},\"headline\":\"En groupe Arles les Alyscamps : visite touristique\",\"datePublished\":\"2016-02-09T10:44:00+00:00\",\"dateModified\":\"2016-02-09T10:44:00+00:00\",\"mainEntityOfPage\":{\"@id\":\"https:\/\/www.visiterarles.com\/en\/blog\/2016\/02\/09\/en-groupe-arles-les-alyscs-visite-touristique-1806\/\"},\"wordCount\":196,\"commentCount\":0,\"publisher\":{\"@id\":\"https:\/\/www.visiterarles.com\/en\/#organization\"},\"articleSection\":[\"Informations\"],\"inLanguage\":\"en-GB\",\"potentialAction\":[{\"@type\":\"CommentAction\",\"name\":\"Comment\",\"target\":[\"https:\/\/www.visiterarles.com\/en\/blog\/2016\/02\/09\/en-groupe-arles-les-alyscs-visite-touristique-1806\/#respond\"]}]},{\"@type\":\"WebPage\",\"@id\":\"https:\/\/www.visiterarles.com\/en\/blog\/2016\/02\/09\/en-groupe-arles-les-alyscs-visite-touristique-1806\/\",\"url\":\"https:\/\/www.visiterarles.com\/en\/blog\/2016\/02\/09\/en-groupe-arles-les-alyscs-visite-touristique-1806\/\",\"name\":\"En groupe Arles les Alyscamps : visite touristique - Visiter Arles\",\"isPartOf\":{\"@id\":\"https:\/\/www.visiterarles.com\/en\/#website\"},\"datePublished\":\"2016-02-09T10:44:00+00:00\",\"dateModified\":\"2016-02-09T10:44:00+00:00\",\"breadcrumb\":{\"@id\":\"https:\/\/www.visiterarles.com\/en\/blog\/2016\/02\/09\/en-groupe-arles-les-alyscs-visite-touristique-1806\/#breadcrumb\"},\"inLanguage\":\"en-GB\",\"potentialAction\":[{\"@type\":\"ReadAction\",\"target\":[\"https:\/\/www.visiterarles.com\/en\/blog\/2016\/02\/09\/en-groupe-arles-les-alyscs-visite-touristique-1806\/\"]}]},{\"@type\":\"BreadcrumbList\",\"@id\":\"https:\/\/www.visiterarles.com\/en\/blog\/2016\/02\/09\/en-groupe-arles-les-alyscs-visite-touristique-1806\/#breadcrumb\",\"itemListElement\":[{\"@type\":\"ListItem\",\"position\":1,\"name\":\"Home\",\"item\":\"https:\/\/www.visiterarles.com\/\"},{\"@type\":\"ListItem\",\"position\":2,\"name\":\"En groupe Arles les Alyscamps : visite touristique\"}]},{\"@type\":\"WebSite\",\"@id\":\"https:\/\/www.visiterarles.com\/en\/#website\",\"url\":\"https:\/\/www.visiterarles.com\/en\/\",\"name\":\"Visiter Arles\",\"description\":\"Tourisme en Provence \u00e0 Arles\",\"publisher\":{\"@id\":\"https:\/\/www.visiterarles.com\/en\/#organization\"},\"potentialAction\":[{\"@type\":\"SearchAction\",\"target\":{\"@type\":\"EntryPoint\",\"urlTemplate\":\"https:\/\/www.visiterarles.com\/en\/?s={search_term_string}\"},\"query-input\":\"required name=search_term_string\"}],\"inLanguage\":\"en-GB\"},{\"@type\":\"Organization\",\"@id\":\"https:\/\/www.visiterarles.com\/en\/#organization\",\"name\":\"Visiter Arles\",\"url\":\"https:\/\/www.visiterarles.com\/en\/\",\"logo\":{\"@type\":\"ImageObject\",\"inLanguage\":\"en-GB\",\"@id\":\"https:\/\/www.visiterarles.com\/en\/#\/schema\/logo\/image\/\",\"url\":\"https:\/\/www.visiterarles.com\/wp-content\/uploads\/2017\/10\/taco-and-co-1-1.jpg\",\"contentUrl\":\"https:\/\/www.visiterarles.com\/wp-content\/uploads\/2017\/10\/taco-and-co-1-1.jpg\",\"width\":124,\"height\":73,\"caption\":\"Visiter Arles\"},\"image\":{\"@id\":\"https:\/\/www.visiterarles.com\/en\/#\/schema\/logo\/image\/\"}},{\"@type\":\"Person\",\"@id\":\"https:\/\/www.visiterarles.com\/en\/#\/schema\/person\/ba5912e4613018f479a2d86815a53576\",\"name\":\"Linkadm\",\"image\":{\"@type\":\"ImageObject\",\"inLanguage\":\"en-GB\",\"@id\":\"https:\/\/www.visiterarles.com\/en\/#\/schema\/person\/image\/\",\"url\":\"https:\/\/secure.gravatar.com\/avatar\/4709ec209921503e8d8cc96168eddc49?s=96&d=mm&r=g\",\"contentUrl\":\"https:\/\/secure.gravatar.com\/avatar\/4709ec209921503e8d8cc96168eddc49?s=96&d=mm&r=g\",\"caption\":\"Linkadm\"},\"url\":\"https:\/\/www.visiterarles.com\/en\/blog\/author\/admin\/\"}]}<\/script>\n<!-- \/ Yoast SEO plugin. -->","yoast_head_json":{"title":"En groupe Arles les Alyscamps : visite touristique - Visiter Arles","robots":{"index":"index","follow":"follow","max-snippet":"max-snippet:-1","max-image-preview":"max-image-preview:large","max-video-preview":"max-video-preview:-1"},"canonical":"https:\/\/www.visiterarles.com\/en\/blog\/2016\/02\/09\/en-groupe-arles-les-alyscs-visite-touristique-1806\/","twitter_misc":{"Written by":"Linkadm","Estimated reading time":"1 minute"},"schema":{"@context":"https:\/\/schema.org","@graph":[{"@type":"Article","@id":"https:\/\/www.visiterarles.com\/en\/blog\/2016\/02\/09\/en-groupe-arles-les-alyscs-visite-touristique-1806\/#article","isPartOf":{"@id":"https:\/\/www.visiterarles.com\/en\/blog\/2016\/02\/09\/en-groupe-arles-les-alyscs-visite-touristique-1806\/"},"author":{"name":"Linkadm","@id":"https:\/\/www.visiterarles.com\/en\/#\/schema\/person\/ba5912e4613018f479a2d86815a53576"},"headline":"En groupe Arles les Alyscamps : visite touristique","datePublished":"2016-02-09T10:44:00+00:00","dateModified":"2016-02-09T10:44:00+00:00","mainEntityOfPage":{"@id":"https:\/\/www.visiterarles.com\/en\/blog\/2016\/02\/09\/en-groupe-arles-les-alyscs-visite-touristique-1806\/"},"wordCount":196,"commentCount":0,"publisher":{"@id":"https:\/\/www.visiterarles.com\/en\/#organization"},"articleSection":["Informations"],"inLanguage":"en-GB","potentialAction":[{"@type":"CommentAction","name":"Comment","target":["https:\/\/www.visiterarles.com\/en\/blog\/2016\/02\/09\/en-groupe-arles-les-alyscs-visite-touristique-1806\/#respond"]}]},{"@type":"WebPage","@id":"https:\/\/www.visiterarles.com\/en\/blog\/2016\/02\/09\/en-groupe-arles-les-alyscs-visite-touristique-1806\/","url":"https:\/\/www.visiterarles.com\/en\/blog\/2016\/02\/09\/en-groupe-arles-les-alyscs-visite-touristique-1806\/","name":"En groupe Arles les Alyscamps : visite touristique - Visiter Arles","isPartOf":{"@id":"https:\/\/www.visiterarles.com\/en\/#website"},"datePublished":"2016-02-09T10:44:00+00:00","dateModified":"2016-02-09T10:44:00+00:00","breadcrumb":{"@id":"https:\/\/www.visiterarles.com\/en\/blog\/2016\/02\/09\/en-groupe-arles-les-alyscs-visite-touristique-1806\/#breadcrumb"},"inLanguage":"en-GB","potentialAction":[{"@type":"ReadAction","target":["https:\/\/www.visiterarles.com\/en\/blog\/2016\/02\/09\/en-groupe-arles-les-alyscs-visite-touristique-1806\/"]}]},{"@type":"BreadcrumbList","@id":"https:\/\/www.visiterarles.com\/en\/blog\/2016\/02\/09\/en-groupe-arles-les-alyscs-visite-touristique-1806\/#breadcrumb","itemListElement":[{"@type":"ListItem","position":1,"name":"Home","item":"https:\/\/www.visiterarles.com\/"},{"@type":"ListItem","position":2,"name":"En groupe Arles les Alyscamps : visite touristique"}]},{"@type":"WebSite","@id":"https:\/\/www.visiterarles.com\/en\/#website","url":"https:\/\/www.visiterarles.com\/en\/","name":"Visiter Arles","description":"Tourisme en Provence \u00e0 Arles","publisher":{"@id":"https:\/\/www.visiterarles.com\/en\/#organization"},"potentialAction":[{"@type":"SearchAction","target":{"@type":"EntryPoint","urlTemplate":"https:\/\/www.visiterarles.com\/en\/?s={search_term_string}"},"query-input":"required name=search_term_string"}],"inLanguage":"en-GB"},{"@type":"Organization","@id":"https:\/\/www.visiterarles.com\/en\/#organization","name":"Visiter Arles","url":"https:\/\/www.visiterarles.com\/en\/","logo":{"@type":"ImageObject","inLanguage":"en-GB","@id":"https:\/\/www.visiterarles.com\/en\/#\/schema\/logo\/image\/","url":"https:\/\/www.visiterarles.com\/wp-content\/uploads\/2017\/10\/taco-and-co-1-1.jpg","contentUrl":"https:\/\/www.visiterarles.com\/wp-content\/uploads\/2017\/10\/taco-and-co-1-1.jpg","width":124,"height":73,"caption":"Visiter Arles"},"image":{"@id":"https:\/\/www.visiterarles.com\/en\/#\/schema\/logo\/image\/"}},{"@type":"Person","@id":"https:\/\/www.visiterarles.com\/en\/#\/schema\/person\/ba5912e4613018f479a2d86815a53576","name":"Linkadm","image":{"@type":"ImageObject","inLanguage":"en-GB","@id":"https:\/\/www.visiterarles.com\/en\/#\/schema\/person\/image\/","url":"https:\/\/secure.gravatar.com\/avatar\/4709ec209921503e8d8cc96168eddc49?s=96&d=mm&r=g","contentUrl":"https:\/\/secure.gravatar.com\/avatar\/4709ec209921503e8d8cc96168eddc49?s=96&d=mm&r=g","caption":"Linkadm"},"url":"https:\/\/www.visiterarles.com\/en\/blog\/author\/admin\/"}]}},"_links":{"self":[{"href":"https:\/\/www.visiterarles.com\/en\/wp-json\/wp\/v2\/posts\/28950"}],"collection":[{"href":"https:\/\/www.visiterarles.com\/en\/wp-json\/wp\/v2\/posts"}],"about":[{"href":"https:\/\/www.visiterarles.com\/en\/wp-json\/wp\/v2\/types\/post"}],"author":[{"embeddable":true,"href":"https:\/\/www.visiterarles.com\/en\/wp-json\/wp\/v2\/users\/1"}],"replies":[{"embeddable":true,"href":"https:\/\/www.visiterarles.com\/en\/wp-json\/wp\/v2\/comments?post=28950"}],"version-history":[{"count":0,"href":"https:\/\/www.visiterarles.com\/en\/wp-json\/wp\/v2\/posts\/28950\/revisions"}],"wp:attachment":[{"href":"https:\/\/www.visiterarles.com\/en\/wp-json\/wp\/v2\/media?parent=28950"}],"wp:term":[{"taxonomy":"category","embeddable":true,"href":"https:\/\/www.visiterarles.com\/en\/wp-json\/wp\/v2\/categories?post=28950"},{"taxonomy":"post_tag","embeddable":true,"href":"https:\/\/www.visiterarles.com\/en\/wp-json\/wp\/v2\/tags?post=28950"}],"curies":[{"name":"wp","href":"https:\/\/api.w.org\/{rel}","templated":true}]}}