{"id":29041,"date":"2016-03-24T11:20:00","date_gmt":"2016-03-24T11:20:00","guid":{"rendered":"http:\/\/www.visiterarles.com\/pour-touriste-arles-les-alyscs-visite-touristique-4\/"},"modified":"2016-03-24T11:20:00","modified_gmt":"2016-03-24T11:20:00","slug":"pour-touriste-arles-les-alyscs-visite-touristique-4","status":"publish","type":"post","link":"https:\/\/www.visiterarles.com\/en\/blog\/2016\/03\/24\/pour-touriste-arles-les-alyscs-visite-touristique-4\/","title":{"rendered":"Pour touriste Arles les Alyscamps : visite touristique"},"content":{"rendered":"<h4>Visite touristique pour touriste \u00e0 Arles les Alyscamps : o\u00f9 d\u00e9gotter un organisme s\u00e9rieux<\/h4>\n<p>Les tours de la cavalerie, l&rsquo;ecomus\u00e9e du sel o\u00f9 le march\u00e9 de provence, par le biais de notre visite touristique pour touriste \u00e0 Arles les Alyscamps, sont des monuments qui ne vous \u00e9chapperont pas au sein de cette exceptionnelle commune sublime. Notre visite touristique pour touriste \u00e0 Arles les Alyscamps, entre autres, va vous permettre de profiter pleinement de l\u2019existence au sein de cette exceptionnelle commune sublime, toujours avec l\u2019impression d&rsquo;\u0153uvrer de fa\u00e7on respectueuse de l\u2019environnement, tout en offrant une culture des plus riches.<\/p>\n<h4>Arles : de quelle fa\u00e7on s\u2019y prendre pour d\u00e9goter une visite touristique pour touriste<\/h4>\n<p>D\u00e9couvrir le majestueux centre historique via notre visite touristique pour touriste \u00e0 Arles peut s&rsquo;av\u00e9rer \u00eatre une solution adapt\u00e9e pour toute personne qui le souhaite. Peu importe o\u00f9 vous vous trouviez au sein d\u2019Arles, vous pourrez jouir pleinement d\u2019une agr\u00e9able visite touristique sereinement. Une <a href=\"http:\/\/www.visiterarles.com\/en\/arles-visite-touristique-pour-touriste-1903\/\">visite touristique sur Arles<\/a>, pour touriste peut s&rsquo;av\u00e9rer \u00eatre une solution qui plaira \u00e0 tous de m\u00eame qu&rsquo;aux plus passionn\u00e9s.<\/p>","protected":false},"excerpt":{"rendered":"<p>Visite touristique pour touriste \u00e0 Arles les Alyscamps : o\u00f9 d\u00e9gotter un organisme s\u00e9rieux Les tours de la cavalerie, l&rsquo;ecomus\u00e9e du sel o\u00f9 le march\u00e9 de provence, par le biais de notre visite touristique pour touriste \u00e0 Arles les Alyscamps, sont des monuments qui ne vous \u00e9chapperont pas au sein de cette exceptionnelle commune sublime. [&hellip;]<\/p>","protected":false},"author":1,"featured_media":0,"comment_status":"open","ping_status":"open","sticky":false,"template":"","format":"standard","meta":{"footnotes":""},"categories":[55],"tags":[],"aioseo_notices":[],"yoast_head":"<!-- This site is optimized with the Yoast SEO plugin v22.3 - https:\/\/yoast.com\/wordpress\/plugins\/seo\/ -->\n<title>Pour touriste Arles les Alyscamps : visite touristique - Visiter Arles<\/title>\n<meta name=\"robots\" content=\"index, follow, max-snippet:-1, max-image-preview:large, max-video-preview:-1\" \/>\n<link rel=\"canonical\" href=\"https:\/\/www.visiterarles.com\/en\/blog\/2016\/03\/24\/pour-touriste-arles-les-alyscs-visite-touristique-4\/\" \/>\n<meta name=\"twitter:label1\" content=\"Written by\" \/>\n\t<meta name=\"twitter:data1\" content=\"Linkadm\" \/>\n\t<meta name=\"twitter:label2\" content=\"Estimated reading time\" \/>\n\t<meta name=\"twitter:data2\" content=\"1 minute\" \/>\n<script type=\"application\/ld+json\" class=\"yoast-schema-graph\">{\"@context\":\"https:\/\/schema.org\",\"@graph\":[{\"@type\":\"Article\",\"@id\":\"https:\/\/www.visiterarles.com\/blog\/2016\/03\/24\/pour-touriste-arles-les-alyscs-visite-touristique-4\/#article\",\"isPartOf\":{\"@id\":\"https:\/\/www.visiterarles.com\/blog\/2016\/03\/24\/pour-touriste-arles-les-alyscs-visite-touristique-4\/\"},\"author\":{\"name\":\"Linkadm\",\"@id\":\"https:\/\/www.visiterarles.com\/en\/#\/schema\/person\/ba5912e4613018f479a2d86815a53576\"},\"headline\":\"Pour touriste Arles les Alyscamps : visite touristique\",\"datePublished\":\"2016-03-24T11:20:00+00:00\",\"dateModified\":\"2016-03-24T11:20:00+00:00\",\"mainEntityOfPage\":{\"@id\":\"https:\/\/www.visiterarles.com\/blog\/2016\/03\/24\/pour-touriste-arles-les-alyscs-visite-touristique-4\/\"},\"wordCount\":200,\"commentCount\":0,\"publisher\":{\"@id\":\"https:\/\/www.visiterarles.com\/en\/#organization\"},\"articleSection\":[\"Informations\"],\"inLanguage\":\"en-GB\",\"potentialAction\":[{\"@type\":\"CommentAction\",\"name\":\"Comment\",\"target\":[\"https:\/\/www.visiterarles.com\/blog\/2016\/03\/24\/pour-touriste-arles-les-alyscs-visite-touristique-4\/#respond\"]}]},{\"@type\":\"WebPage\",\"@id\":\"https:\/\/www.visiterarles.com\/blog\/2016\/03\/24\/pour-touriste-arles-les-alyscs-visite-touristique-4\/\",\"url\":\"https:\/\/www.visiterarles.com\/blog\/2016\/03\/24\/pour-touriste-arles-les-alyscs-visite-touristique-4\/\",\"name\":\"Pour touriste Arles les Alyscamps : visite touristique - Visiter Arles\",\"isPartOf\":{\"@id\":\"https:\/\/www.visiterarles.com\/en\/#website\"},\"datePublished\":\"2016-03-24T11:20:00+00:00\",\"dateModified\":\"2016-03-24T11:20:00+00:00\",\"breadcrumb\":{\"@id\":\"https:\/\/www.visiterarles.com\/blog\/2016\/03\/24\/pour-touriste-arles-les-alyscs-visite-touristique-4\/#breadcrumb\"},\"inLanguage\":\"en-GB\",\"potentialAction\":[{\"@type\":\"ReadAction\",\"target\":[\"https:\/\/www.visiterarles.com\/blog\/2016\/03\/24\/pour-touriste-arles-les-alyscs-visite-touristique-4\/\"]}]},{\"@type\":\"BreadcrumbList\",\"@id\":\"https:\/\/www.visiterarles.com\/blog\/2016\/03\/24\/pour-touriste-arles-les-alyscs-visite-touristique-4\/#breadcrumb\",\"itemListElement\":[{\"@type\":\"ListItem\",\"position\":1,\"name\":\"Home\",\"item\":\"https:\/\/www.visiterarles.com\/\"},{\"@type\":\"ListItem\",\"position\":2,\"name\":\"Pour touriste Arles les Alyscamps : visite touristique\"}]},{\"@type\":\"WebSite\",\"@id\":\"https:\/\/www.visiterarles.com\/en\/#website\",\"url\":\"https:\/\/www.visiterarles.com\/en\/\",\"name\":\"Visiter Arles\",\"description\":\"Tourisme en Provence \u00e0 Arles\",\"publisher\":{\"@id\":\"https:\/\/www.visiterarles.com\/en\/#organization\"},\"potentialAction\":[{\"@type\":\"SearchAction\",\"target\":{\"@type\":\"EntryPoint\",\"urlTemplate\":\"https:\/\/www.visiterarles.com\/en\/?s={search_term_string}\"},\"query-input\":\"required name=search_term_string\"}],\"inLanguage\":\"en-GB\"},{\"@type\":\"Organization\",\"@id\":\"https:\/\/www.visiterarles.com\/en\/#organization\",\"name\":\"Visiter Arles\",\"url\":\"https:\/\/www.visiterarles.com\/en\/\",\"logo\":{\"@type\":\"ImageObject\",\"inLanguage\":\"en-GB\",\"@id\":\"https:\/\/www.visiterarles.com\/en\/#\/schema\/logo\/image\/\",\"url\":\"https:\/\/www.visiterarles.com\/wp-content\/uploads\/2017\/10\/taco-and-co-1-1.jpg\",\"contentUrl\":\"https:\/\/www.visiterarles.com\/wp-content\/uploads\/2017\/10\/taco-and-co-1-1.jpg\",\"width\":124,\"height\":73,\"caption\":\"Visiter Arles\"},\"image\":{\"@id\":\"https:\/\/www.visiterarles.com\/en\/#\/schema\/logo\/image\/\"}},{\"@type\":\"Person\",\"@id\":\"https:\/\/www.visiterarles.com\/en\/#\/schema\/person\/ba5912e4613018f479a2d86815a53576\",\"name\":\"Linkadm\",\"image\":{\"@type\":\"ImageObject\",\"inLanguage\":\"en-GB\",\"@id\":\"https:\/\/www.visiterarles.com\/en\/#\/schema\/person\/image\/\",\"url\":\"https:\/\/secure.gravatar.com\/avatar\/4709ec209921503e8d8cc96168eddc49?s=96&d=mm&r=g\",\"contentUrl\":\"https:\/\/secure.gravatar.com\/avatar\/4709ec209921503e8d8cc96168eddc49?s=96&d=mm&r=g\",\"caption\":\"Linkadm\"},\"url\":\"https:\/\/www.visiterarles.com\/en\/blog\/author\/admin\/\"}]}<\/script>\n<!-- \/ Yoast SEO plugin. -->","yoast_head_json":{"title":"Pour touriste Arles les Alyscamps : visite touristique - Visiter Arles","robots":{"index":"index","follow":"follow","max-snippet":"max-snippet:-1","max-image-preview":"max-image-preview:large","max-video-preview":"max-video-preview:-1"},"canonical":"https:\/\/www.visiterarles.com\/en\/blog\/2016\/03\/24\/pour-touriste-arles-les-alyscs-visite-touristique-4\/","twitter_misc":{"Written by":"Linkadm","Estimated reading time":"1 minute"},"schema":{"@context":"https:\/\/schema.org","@graph":[{"@type":"Article","@id":"https:\/\/www.visiterarles.com\/blog\/2016\/03\/24\/pour-touriste-arles-les-alyscs-visite-touristique-4\/#article","isPartOf":{"@id":"https:\/\/www.visiterarles.com\/blog\/2016\/03\/24\/pour-touriste-arles-les-alyscs-visite-touristique-4\/"},"author":{"name":"Linkadm","@id":"https:\/\/www.visiterarles.com\/en\/#\/schema\/person\/ba5912e4613018f479a2d86815a53576"},"headline":"Pour touriste Arles les Alyscamps : visite touristique","datePublished":"2016-03-24T11:20:00+00:00","dateModified":"2016-03-24T11:20:00+00:00","mainEntityOfPage":{"@id":"https:\/\/www.visiterarles.com\/blog\/2016\/03\/24\/pour-touriste-arles-les-alyscs-visite-touristique-4\/"},"wordCount":200,"commentCount":0,"publisher":{"@id":"https:\/\/www.visiterarles.com\/en\/#organization"},"articleSection":["Informations"],"inLanguage":"en-GB","potentialAction":[{"@type":"CommentAction","name":"Comment","target":["https:\/\/www.visiterarles.com\/blog\/2016\/03\/24\/pour-touriste-arles-les-alyscs-visite-touristique-4\/#respond"]}]},{"@type":"WebPage","@id":"https:\/\/www.visiterarles.com\/blog\/2016\/03\/24\/pour-touriste-arles-les-alyscs-visite-touristique-4\/","url":"https:\/\/www.visiterarles.com\/blog\/2016\/03\/24\/pour-touriste-arles-les-alyscs-visite-touristique-4\/","name":"Pour touriste Arles les Alyscamps : visite touristique - Visiter Arles","isPartOf":{"@id":"https:\/\/www.visiterarles.com\/en\/#website"},"datePublished":"2016-03-24T11:20:00+00:00","dateModified":"2016-03-24T11:20:00+00:00","breadcrumb":{"@id":"https:\/\/www.visiterarles.com\/blog\/2016\/03\/24\/pour-touriste-arles-les-alyscs-visite-touristique-4\/#breadcrumb"},"inLanguage":"en-GB","potentialAction":[{"@type":"ReadAction","target":["https:\/\/www.visiterarles.com\/blog\/2016\/03\/24\/pour-touriste-arles-les-alyscs-visite-touristique-4\/"]}]},{"@type":"BreadcrumbList","@id":"https:\/\/www.visiterarles.com\/blog\/2016\/03\/24\/pour-touriste-arles-les-alyscs-visite-touristique-4\/#breadcrumb","itemListElement":[{"@type":"ListItem","position":1,"name":"Home","item":"https:\/\/www.visiterarles.com\/"},{"@type":"ListItem","position":2,"name":"Pour touriste Arles les Alyscamps : visite touristique"}]},{"@type":"WebSite","@id":"https:\/\/www.visiterarles.com\/en\/#website","url":"https:\/\/www.visiterarles.com\/en\/","name":"Visiter Arles","description":"Tourisme en Provence \u00e0 Arles","publisher":{"@id":"https:\/\/www.visiterarles.com\/en\/#organization"},"potentialAction":[{"@type":"SearchAction","target":{"@type":"EntryPoint","urlTemplate":"https:\/\/www.visiterarles.com\/en\/?s={search_term_string}"},"query-input":"required name=search_term_string"}],"inLanguage":"en-GB"},{"@type":"Organization","@id":"https:\/\/www.visiterarles.com\/en\/#organization","name":"Visiter Arles","url":"https:\/\/www.visiterarles.com\/en\/","logo":{"@type":"ImageObject","inLanguage":"en-GB","@id":"https:\/\/www.visiterarles.com\/en\/#\/schema\/logo\/image\/","url":"https:\/\/www.visiterarles.com\/wp-content\/uploads\/2017\/10\/taco-and-co-1-1.jpg","contentUrl":"https:\/\/www.visiterarles.com\/wp-content\/uploads\/2017\/10\/taco-and-co-1-1.jpg","width":124,"height":73,"caption":"Visiter Arles"},"image":{"@id":"https:\/\/www.visiterarles.com\/en\/#\/schema\/logo\/image\/"}},{"@type":"Person","@id":"https:\/\/www.visiterarles.com\/en\/#\/schema\/person\/ba5912e4613018f479a2d86815a53576","name":"Linkadm","image":{"@type":"ImageObject","inLanguage":"en-GB","@id":"https:\/\/www.visiterarles.com\/en\/#\/schema\/person\/image\/","url":"https:\/\/secure.gravatar.com\/avatar\/4709ec209921503e8d8cc96168eddc49?s=96&d=mm&r=g","contentUrl":"https:\/\/secure.gravatar.com\/avatar\/4709ec209921503e8d8cc96168eddc49?s=96&d=mm&r=g","caption":"Linkadm"},"url":"https:\/\/www.visiterarles.com\/en\/blog\/author\/admin\/"}]}},"_links":{"self":[{"href":"https:\/\/www.visiterarles.com\/en\/wp-json\/wp\/v2\/posts\/29041"}],"collection":[{"href":"https:\/\/www.visiterarles.com\/en\/wp-json\/wp\/v2\/posts"}],"about":[{"href":"https:\/\/www.visiterarles.com\/en\/wp-json\/wp\/v2\/types\/post"}],"author":[{"embeddable":true,"href":"https:\/\/www.visiterarles.com\/en\/wp-json\/wp\/v2\/users\/1"}],"replies":[{"embeddable":true,"href":"https:\/\/www.visiterarles.com\/en\/wp-json\/wp\/v2\/comments?post=29041"}],"version-history":[{"count":0,"href":"https:\/\/www.visiterarles.com\/en\/wp-json\/wp\/v2\/posts\/29041\/revisions"}],"wp:attachment":[{"href":"https:\/\/www.visiterarles.com\/en\/wp-json\/wp\/v2\/media?parent=29041"}],"wp:term":[{"taxonomy":"category","embeddable":true,"href":"https:\/\/www.visiterarles.com\/en\/wp-json\/wp\/v2\/categories?post=29041"},{"taxonomy":"post_tag","embeddable":true,"href":"https:\/\/www.visiterarles.com\/en\/wp-json\/wp\/v2\/tags?post=29041"}],"curies":[{"name":"wp","href":"https:\/\/api.w.org\/{rel}","templated":true}]}}