{"id":29406,"date":"2015-03-16T16:25:56","date_gmt":"2015-03-16T15:25:56","guid":{"rendered":"http:\/\/www.visiterarles.com\/?p=29406"},"modified":"2015-03-16T16:25:56","modified_gmt":"2015-03-16T15:25:56","slug":"feria-de-paques-2015-du-3-au-6-avril-a-arles","status":"publish","type":"post","link":"https:\/\/www.visiterarles.com\/en\/blog\/2015\/03\/16\/feria-de-paques-2015-du-3-au-6-avril-a-arles\/","title":{"rendered":"F\u00e9ria de P\u00e2ques 2015 du 3 au 6 Avril \u00e0 Arles"},"content":{"rendered":"<p>Bient\u00f4t\u00a0l&rsquo;ouverture de la temporada 2015, la Feria de P\u00e2ques aura lieu du\u00a003 au 06 Avril 2015\u00a0\u00e0 Arles.<\/p>\n<p>Voici le programme de la Feria de p\u00e2ques \u00e0 Arles :<a title=\"http:\/\/www.feriaarles.com\/\" href=\"http:\/\/www.feriaarles.com\/\" target=\"_blank\" rel=\"noopener\">http:\/\/www.feriaarles.com\/<\/a><\/p>\n<p>A cette occasion et pour que vous puissiez profiter de la f\u00eate jusqu&rsquo;au bout de la nuit, ENVIA met \u00e0 votre disposition des bus gratuits pour rentrer \u00e0 votre domicile.<\/p>\n<p>Au d\u00e9part de Gabriel P\u00e9ri, \u00e0 00h 01h30 et 03h00, des navettes partiront vers Saint Martin de Crau, Mas Thibert, Tarascon&#8230;<\/p>\n<p>Toutes les informations sur:<a title=\"http:\/\/www.tout-envia.com\/\" href=\"http:\/\/www.tout-envia.com\/\" target=\"_blank\" rel=\"noopener\">http:\/\/www.tout-envia.com\/\u00a0<\/a><\/p>\n<p>Bonne Feria \u00e0 tous!!!<\/p>\n<figure id=\"attachment_29407\" aria-describedby=\"caption-attachment-29407\" style=\"width: 400px\" class=\"wp-caption aligncenter\"><a href=\"http:\/\/www.visiterarles.com\/wp-content\/uploads\/2015\/03\/F\u00e9ria-de-p\u00e2ques-2015-Arles-1-Copier.jpg\"><img fetchpriority=\"high\" decoding=\"async\" class=\"size-full wp-image-29407\" src=\"http:\/\/www.visiterarles.com\/wp-content\/uploads\/2015\/03\/F\u00e9ria-de-p\u00e2ques-2015-Arles-1-Copier.jpg\" alt=\"F\u00e9ria de p\u00e2ques 2015 Arles \" width=\"400\" height=\"600\" \/><\/a><figcaption id=\"caption-attachment-29407\" class=\"wp-caption-text\">F\u00e9ria de p\u00e2ques 2015 Arles<\/figcaption><\/figure>","protected":false},"excerpt":{"rendered":"<p>Bient\u00f4t\u00a0l&rsquo;ouverture de la temporada 2015, la Feria de P\u00e2ques aura lieu du\u00a003 au 06 Avril 2015\u00a0\u00e0 Arles. Voici le programme de la Feria de p\u00e2ques \u00e0 Arles :http:\/\/www.feriaarles.com\/ A cette occasion et pour que vous puissiez profiter de la f\u00eate jusqu&rsquo;au bout de la nuit, ENVIA met \u00e0 votre disposition des bus gratuits pour rentrer [&hellip;]<\/p>","protected":false},"author":1,"featured_media":29407,"comment_status":"closed","ping_status":"open","sticky":false,"template":"","format":"standard","meta":{"footnotes":""},"categories":[3,49,50],"tags":[],"aioseo_notices":[],"yoast_head":"<!-- This site is optimized with the Yoast SEO plugin v22.3 - https:\/\/yoast.com\/wordpress\/plugins\/seo\/ -->\n<title>F\u00e9ria de P\u00e2ques 2015 \u00e0 Arles, du 3 au 6 Avril 2015,<\/title>\n<meta name=\"description\" content=\"F\u00e9ria de P\u00e2ques 2015 \u00e0 Arles, du 3 au 6 Avril 2015, transport gratuit avec Envia, transport avec Taco and Co, parking et navette vers Ar\u00e8nes,visite Arles\" \/>\n<meta name=\"robots\" content=\"index, follow, max-snippet:-1, max-image-preview:large, max-video-preview:-1\" \/>\n<link rel=\"canonical\" href=\"https:\/\/www.visiterarles.com\/en\/blog\/2015\/03\/16\/feria-de-paques-2015-du-3-au-6-avril-a-arles\/\" \/>\n<meta name=\"twitter:label1\" content=\"Written by\" \/>\n\t<meta name=\"twitter:data1\" content=\"Linkadm\" \/>\n\t<meta name=\"twitter:label2\" content=\"Estimated reading time\" \/>\n\t<meta name=\"twitter:data2\" content=\"1 minute\" \/>\n<script type=\"application\/ld+json\" class=\"yoast-schema-graph\">{\"@context\":\"https:\/\/schema.org\",\"@graph\":[{\"@type\":\"Article\",\"@id\":\"https:\/\/www.visiterarles.com\/en\/blog\/2015\/03\/16\/feria-de-paques-2015-du-3-au-6-avril-a-arles\/#article\",\"isPartOf\":{\"@id\":\"https:\/\/www.visiterarles.com\/en\/blog\/2015\/03\/16\/feria-de-paques-2015-du-3-au-6-avril-a-arles\/\"},\"author\":{\"name\":\"Linkadm\",\"@id\":\"https:\/\/www.visiterarles.com\/en\/#\/schema\/person\/ba5912e4613018f479a2d86815a53576\"},\"headline\":\"F\u00e9ria de P\u00e2ques 2015 du 3 au 6 Avril \u00e0 Arles\",\"datePublished\":\"2015-03-16T15:25:56+00:00\",\"dateModified\":\"2015-03-16T15:25:56+00:00\",\"mainEntityOfPage\":{\"@id\":\"https:\/\/www.visiterarles.com\/en\/blog\/2015\/03\/16\/feria-de-paques-2015-du-3-au-6-avril-a-arles\/\"},\"wordCount\":117,\"publisher\":{\"@id\":\"https:\/\/www.visiterarles.com\/en\/#organization\"},\"image\":{\"@id\":\"https:\/\/www.visiterarles.com\/en\/blog\/2015\/03\/16\/feria-de-paques-2015-du-3-au-6-avril-a-arles\/#primaryimage\"},\"thumbnailUrl\":\"https:\/\/www.visiterarles.com\/wp-content\/uploads\/2015\/03\/Feria-de-paques-2015-Arles-1-Copier.jpg\",\"articleSection\":[\"Actualit\u00e9s\",\"Culture\",\"\u00c9v\u00e9nement\"],\"inLanguage\":\"en-GB\"},{\"@type\":\"WebPage\",\"@id\":\"https:\/\/www.visiterarles.com\/en\/blog\/2015\/03\/16\/feria-de-paques-2015-du-3-au-6-avril-a-arles\/\",\"url\":\"https:\/\/www.visiterarles.com\/en\/blog\/2015\/03\/16\/feria-de-paques-2015-du-3-au-6-avril-a-arles\/\",\"name\":\"F\u00e9ria de P\u00e2ques 2015 \u00e0 Arles, du 3 au 6 Avril 2015,\",\"isPartOf\":{\"@id\":\"https:\/\/www.visiterarles.com\/en\/#website\"},\"primaryImageOfPage\":{\"@id\":\"https:\/\/www.visiterarles.com\/en\/blog\/2015\/03\/16\/feria-de-paques-2015-du-3-au-6-avril-a-arles\/#primaryimage\"},\"image\":{\"@id\":\"https:\/\/www.visiterarles.com\/en\/blog\/2015\/03\/16\/feria-de-paques-2015-du-3-au-6-avril-a-arles\/#primaryimage\"},\"thumbnailUrl\":\"https:\/\/www.visiterarles.com\/wp-content\/uploads\/2015\/03\/Feria-de-paques-2015-Arles-1-Copier.jpg\",\"datePublished\":\"2015-03-16T15:25:56+00:00\",\"dateModified\":\"2015-03-16T15:25:56+00:00\",\"description\":\"F\u00e9ria de P\u00e2ques 2015 \u00e0 Arles, du 3 au 6 Avril 2015, transport gratuit avec Envia, transport avec Taco and Co, parking et navette vers Ar\u00e8nes,visite Arles\",\"breadcrumb\":{\"@id\":\"https:\/\/www.visiterarles.com\/en\/blog\/2015\/03\/16\/feria-de-paques-2015-du-3-au-6-avril-a-arles\/#breadcrumb\"},\"inLanguage\":\"en-GB\",\"potentialAction\":[{\"@type\":\"ReadAction\",\"target\":[\"https:\/\/www.visiterarles.com\/en\/blog\/2015\/03\/16\/feria-de-paques-2015-du-3-au-6-avril-a-arles\/\"]}]},{\"@type\":\"ImageObject\",\"inLanguage\":\"en-GB\",\"@id\":\"https:\/\/www.visiterarles.com\/en\/blog\/2015\/03\/16\/feria-de-paques-2015-du-3-au-6-avril-a-arles\/#primaryimage\",\"url\":\"https:\/\/www.visiterarles.com\/wp-content\/uploads\/2015\/03\/Feria-de-paques-2015-Arles-1-Copier.jpg\",\"contentUrl\":\"https:\/\/www.visiterarles.com\/wp-content\/uploads\/2015\/03\/Feria-de-paques-2015-Arles-1-Copier.jpg\",\"width\":400,\"height\":600,\"caption\":\"F\u00e9ria de p\u00e2ques 2015 Arles\"},{\"@type\":\"BreadcrumbList\",\"@id\":\"https:\/\/www.visiterarles.com\/en\/blog\/2015\/03\/16\/feria-de-paques-2015-du-3-au-6-avril-a-arles\/#breadcrumb\",\"itemListElement\":[{\"@type\":\"ListItem\",\"position\":1,\"name\":\"Home\",\"item\":\"https:\/\/www.visiterarles.com\/\"},{\"@type\":\"ListItem\",\"position\":2,\"name\":\"F\u00e9ria de P\u00e2ques 2015 du 3 au 6 Avril \u00e0 Arles\"}]},{\"@type\":\"WebSite\",\"@id\":\"https:\/\/www.visiterarles.com\/en\/#website\",\"url\":\"https:\/\/www.visiterarles.com\/en\/\",\"name\":\"Visiter Arles\",\"description\":\"Tourisme en Provence \u00e0 Arles\",\"publisher\":{\"@id\":\"https:\/\/www.visiterarles.com\/en\/#organization\"},\"potentialAction\":[{\"@type\":\"SearchAction\",\"target\":{\"@type\":\"EntryPoint\",\"urlTemplate\":\"https:\/\/www.visiterarles.com\/en\/?s={search_term_string}\"},\"query-input\":\"required name=search_term_string\"}],\"inLanguage\":\"en-GB\"},{\"@type\":\"Organization\",\"@id\":\"https:\/\/www.visiterarles.com\/en\/#organization\",\"name\":\"Visiter Arles\",\"url\":\"https:\/\/www.visiterarles.com\/en\/\",\"logo\":{\"@type\":\"ImageObject\",\"inLanguage\":\"en-GB\",\"@id\":\"https:\/\/www.visiterarles.com\/en\/#\/schema\/logo\/image\/\",\"url\":\"https:\/\/www.visiterarles.com\/wp-content\/uploads\/2017\/10\/taco-and-co-1-1.jpg\",\"contentUrl\":\"https:\/\/www.visiterarles.com\/wp-content\/uploads\/2017\/10\/taco-and-co-1-1.jpg\",\"width\":124,\"height\":73,\"caption\":\"Visiter Arles\"},\"image\":{\"@id\":\"https:\/\/www.visiterarles.com\/en\/#\/schema\/logo\/image\/\"}},{\"@type\":\"Person\",\"@id\":\"https:\/\/www.visiterarles.com\/en\/#\/schema\/person\/ba5912e4613018f479a2d86815a53576\",\"name\":\"Linkadm\",\"image\":{\"@type\":\"ImageObject\",\"inLanguage\":\"en-GB\",\"@id\":\"https:\/\/www.visiterarles.com\/en\/#\/schema\/person\/image\/\",\"url\":\"https:\/\/secure.gravatar.com\/avatar\/4709ec209921503e8d8cc96168eddc49?s=96&d=mm&r=g\",\"contentUrl\":\"https:\/\/secure.gravatar.com\/avatar\/4709ec209921503e8d8cc96168eddc49?s=96&d=mm&r=g\",\"caption\":\"Linkadm\"},\"url\":\"https:\/\/www.visiterarles.com\/en\/blog\/author\/admin\/\"}]}<\/script>\n<!-- \/ Yoast SEO plugin. -->","yoast_head_json":{"title":"F\u00e9ria de P\u00e2ques 2015 \u00e0 Arles, du 3 au 6 Avril 2015,","description":"F\u00e9ria de P\u00e2ques 2015 \u00e0 Arles, du 3 au 6 Avril 2015, transport gratuit avec Envia, transport avec Taco and Co, parking et navette vers Ar\u00e8nes,visite Arles","robots":{"index":"index","follow":"follow","max-snippet":"max-snippet:-1","max-image-preview":"max-image-preview:large","max-video-preview":"max-video-preview:-1"},"canonical":"https:\/\/www.visiterarles.com\/en\/blog\/2015\/03\/16\/feria-de-paques-2015-du-3-au-6-avril-a-arles\/","twitter_misc":{"Written by":"Linkadm","Estimated reading time":"1 minute"},"schema":{"@context":"https:\/\/schema.org","@graph":[{"@type":"Article","@id":"https:\/\/www.visiterarles.com\/en\/blog\/2015\/03\/16\/feria-de-paques-2015-du-3-au-6-avril-a-arles\/#article","isPartOf":{"@id":"https:\/\/www.visiterarles.com\/en\/blog\/2015\/03\/16\/feria-de-paques-2015-du-3-au-6-avril-a-arles\/"},"author":{"name":"Linkadm","@id":"https:\/\/www.visiterarles.com\/en\/#\/schema\/person\/ba5912e4613018f479a2d86815a53576"},"headline":"F\u00e9ria de P\u00e2ques 2015 du 3 au 6 Avril \u00e0 Arles","datePublished":"2015-03-16T15:25:56+00:00","dateModified":"2015-03-16T15:25:56+00:00","mainEntityOfPage":{"@id":"https:\/\/www.visiterarles.com\/en\/blog\/2015\/03\/16\/feria-de-paques-2015-du-3-au-6-avril-a-arles\/"},"wordCount":117,"publisher":{"@id":"https:\/\/www.visiterarles.com\/en\/#organization"},"image":{"@id":"https:\/\/www.visiterarles.com\/en\/blog\/2015\/03\/16\/feria-de-paques-2015-du-3-au-6-avril-a-arles\/#primaryimage"},"thumbnailUrl":"https:\/\/www.visiterarles.com\/wp-content\/uploads\/2015\/03\/Feria-de-paques-2015-Arles-1-Copier.jpg","articleSection":["Actualit\u00e9s","Culture","\u00c9v\u00e9nement"],"inLanguage":"en-GB"},{"@type":"WebPage","@id":"https:\/\/www.visiterarles.com\/en\/blog\/2015\/03\/16\/feria-de-paques-2015-du-3-au-6-avril-a-arles\/","url":"https:\/\/www.visiterarles.com\/en\/blog\/2015\/03\/16\/feria-de-paques-2015-du-3-au-6-avril-a-arles\/","name":"F\u00e9ria de P\u00e2ques 2015 \u00e0 Arles, du 3 au 6 Avril 2015,","isPartOf":{"@id":"https:\/\/www.visiterarles.com\/en\/#website"},"primaryImageOfPage":{"@id":"https:\/\/www.visiterarles.com\/en\/blog\/2015\/03\/16\/feria-de-paques-2015-du-3-au-6-avril-a-arles\/#primaryimage"},"image":{"@id":"https:\/\/www.visiterarles.com\/en\/blog\/2015\/03\/16\/feria-de-paques-2015-du-3-au-6-avril-a-arles\/#primaryimage"},"thumbnailUrl":"https:\/\/www.visiterarles.com\/wp-content\/uploads\/2015\/03\/Feria-de-paques-2015-Arles-1-Copier.jpg","datePublished":"2015-03-16T15:25:56+00:00","dateModified":"2015-03-16T15:25:56+00:00","description":"F\u00e9ria de P\u00e2ques 2015 \u00e0 Arles, du 3 au 6 Avril 2015, transport gratuit avec Envia, transport avec Taco and Co, parking et navette vers Ar\u00e8nes,visite Arles","breadcrumb":{"@id":"https:\/\/www.visiterarles.com\/en\/blog\/2015\/03\/16\/feria-de-paques-2015-du-3-au-6-avril-a-arles\/#breadcrumb"},"inLanguage":"en-GB","potentialAction":[{"@type":"ReadAction","target":["https:\/\/www.visiterarles.com\/en\/blog\/2015\/03\/16\/feria-de-paques-2015-du-3-au-6-avril-a-arles\/"]}]},{"@type":"ImageObject","inLanguage":"en-GB","@id":"https:\/\/www.visiterarles.com\/en\/blog\/2015\/03\/16\/feria-de-paques-2015-du-3-au-6-avril-a-arles\/#primaryimage","url":"https:\/\/www.visiterarles.com\/wp-content\/uploads\/2015\/03\/Feria-de-paques-2015-Arles-1-Copier.jpg","contentUrl":"https:\/\/www.visiterarles.com\/wp-content\/uploads\/2015\/03\/Feria-de-paques-2015-Arles-1-Copier.jpg","width":400,"height":600,"caption":"F\u00e9ria de p\u00e2ques 2015 Arles"},{"@type":"BreadcrumbList","@id":"https:\/\/www.visiterarles.com\/en\/blog\/2015\/03\/16\/feria-de-paques-2015-du-3-au-6-avril-a-arles\/#breadcrumb","itemListElement":[{"@type":"ListItem","position":1,"name":"Home","item":"https:\/\/www.visiterarles.com\/"},{"@type":"ListItem","position":2,"name":"F\u00e9ria de P\u00e2ques 2015 du 3 au 6 Avril \u00e0 Arles"}]},{"@type":"WebSite","@id":"https:\/\/www.visiterarles.com\/en\/#website","url":"https:\/\/www.visiterarles.com\/en\/","name":"Visiter Arles","description":"Tourisme en Provence \u00e0 Arles","publisher":{"@id":"https:\/\/www.visiterarles.com\/en\/#organization"},"potentialAction":[{"@type":"SearchAction","target":{"@type":"EntryPoint","urlTemplate":"https:\/\/www.visiterarles.com\/en\/?s={search_term_string}"},"query-input":"required name=search_term_string"}],"inLanguage":"en-GB"},{"@type":"Organization","@id":"https:\/\/www.visiterarles.com\/en\/#organization","name":"Visiter Arles","url":"https:\/\/www.visiterarles.com\/en\/","logo":{"@type":"ImageObject","inLanguage":"en-GB","@id":"https:\/\/www.visiterarles.com\/en\/#\/schema\/logo\/image\/","url":"https:\/\/www.visiterarles.com\/wp-content\/uploads\/2017\/10\/taco-and-co-1-1.jpg","contentUrl":"https:\/\/www.visiterarles.com\/wp-content\/uploads\/2017\/10\/taco-and-co-1-1.jpg","width":124,"height":73,"caption":"Visiter Arles"},"image":{"@id":"https:\/\/www.visiterarles.com\/en\/#\/schema\/logo\/image\/"}},{"@type":"Person","@id":"https:\/\/www.visiterarles.com\/en\/#\/schema\/person\/ba5912e4613018f479a2d86815a53576","name":"Linkadm","image":{"@type":"ImageObject","inLanguage":"en-GB","@id":"https:\/\/www.visiterarles.com\/en\/#\/schema\/person\/image\/","url":"https:\/\/secure.gravatar.com\/avatar\/4709ec209921503e8d8cc96168eddc49?s=96&d=mm&r=g","contentUrl":"https:\/\/secure.gravatar.com\/avatar\/4709ec209921503e8d8cc96168eddc49?s=96&d=mm&r=g","caption":"Linkadm"},"url":"https:\/\/www.visiterarles.com\/en\/blog\/author\/admin\/"}]}},"_links":{"self":[{"href":"https:\/\/www.visiterarles.com\/en\/wp-json\/wp\/v2\/posts\/29406"}],"collection":[{"href":"https:\/\/www.visiterarles.com\/en\/wp-json\/wp\/v2\/posts"}],"about":[{"href":"https:\/\/www.visiterarles.com\/en\/wp-json\/wp\/v2\/types\/post"}],"author":[{"embeddable":true,"href":"https:\/\/www.visiterarles.com\/en\/wp-json\/wp\/v2\/users\/1"}],"replies":[{"embeddable":true,"href":"https:\/\/www.visiterarles.com\/en\/wp-json\/wp\/v2\/comments?post=29406"}],"version-history":[{"count":0,"href":"https:\/\/www.visiterarles.com\/en\/wp-json\/wp\/v2\/posts\/29406\/revisions"}],"wp:featuredmedia":[{"embeddable":true,"href":"https:\/\/www.visiterarles.com\/en\/wp-json\/wp\/v2\/media\/29407"}],"wp:attachment":[{"href":"https:\/\/www.visiterarles.com\/en\/wp-json\/wp\/v2\/media?parent=29406"}],"wp:term":[{"taxonomy":"category","embeddable":true,"href":"https:\/\/www.visiterarles.com\/en\/wp-json\/wp\/v2\/categories?post=29406"},{"taxonomy":"post_tag","embeddable":true,"href":"https:\/\/www.visiterarles.com\/en\/wp-json\/wp\/v2\/tags?post=29406"}],"curies":[{"name":"wp","href":"https:\/\/api.w.org\/{rel}","templated":true}]}}