{"id":29411,"date":"2015-03-30T11:33:00","date_gmt":"2015-03-30T10:33:00","guid":{"rendered":"http:\/\/www.visiterarles.com\/?p=29411"},"modified":"2015-03-30T11:33:00","modified_gmt":"2015-03-30T10:33:00","slug":"billets-a-tarif-reduit-pour-la-fondation-vincent-van-gogh-en-vente-chez-taco-and-co","status":"publish","type":"post","link":"https:\/\/www.visiterarles.com\/en\/blog\/2015\/03\/30\/billets-a-tarif-reduit-pour-la-fondation-vincent-van-gogh-en-vente-chez-taco-and-co\/","title":{"rendered":"Billets \u00e0 tarif r\u00e9duit pour la Fondation Vincent Van Gogh en vente chez Taco and Co"},"content":{"rendered":"<p>Notre partenariat avec La Fondation Vincent Van Gogh continu pour cette ann\u00e9e 2015.<\/p>\n<p>D\u00e9sormais vous pouvez acheter votre billet pour la Fondation Vincent Van Gogh \u00e0 tarif r\u00e9duit aupr\u00e8s de Taco and Co.<\/p>\n<p>Le tarif r\u00e9duit ne s&rsquo;appliquera\u00a0que si vous utilisez un de nos nombreux services Taco and Co comme le transport en v\u00e9lo taco, la location de v\u00e9los ou encore la consigne \u00e0 bagages<\/p>\n<p>L&rsquo;achat du billet se fait directement aupr\u00e8s de votre chauffeur ou dans nos locaux en gare routi\u00e8re d&rsquo;Arles.<\/p>\n<p>N&rsquo;h\u00e9sitez pas \u00e0 nous contacter pour avoir plus d&rsquo;informations.<\/p>\n<figure id=\"attachment_29412\" aria-describedby=\"caption-attachment-29412\" style=\"width: 400px\" class=\"wp-caption aligncenter\"><a href=\"http:\/\/www.visiterarles.com\/wp-content\/uploads\/2015\/03\/Auto-portrait-Vincent-Van-Gogh-Fondation-Van-Gogh-Arles-Copier.jpg\"><img fetchpriority=\"high\" decoding=\"async\" class=\"size-full wp-image-29412\" src=\"http:\/\/www.visiterarles.com\/wp-content\/uploads\/2015\/03\/Auto-portrait-Vincent-Van-Gogh-Fondation-Van-Gogh-Arles-Copier.jpg\" alt=\"Auto portrait Vincent  Van Gogh, Fondation Van Gogh Arles \" width=\"400\" height=\"600\" \/><\/a><figcaption id=\"caption-attachment-29412\" class=\"wp-caption-text\">Auto portrait Vincent Van Gogh, Fondation Van Gogh Arles<\/figcaption><\/figure>","protected":false},"excerpt":{"rendered":"<p>Notre partenariat avec La Fondation Vincent Van Gogh continu pour cette ann\u00e9e 2015. D\u00e9sormais vous pouvez acheter votre billet pour la Fondation Vincent Van Gogh \u00e0 tarif r\u00e9duit aupr\u00e8s de Taco and Co. Le tarif r\u00e9duit ne s&rsquo;appliquera\u00a0que si vous utilisez un de nos nombreux services Taco and Co comme le transport en v\u00e9lo taco, [&hellip;]<\/p>","protected":false},"author":1,"featured_media":29412,"comment_status":"closed","ping_status":"open","sticky":false,"template":"","format":"standard","meta":{"footnotes":""},"categories":[3,49,50],"tags":[],"aioseo_notices":[],"yoast_head":"<!-- This site is optimized with the Yoast SEO plugin v22.3 - https:\/\/yoast.com\/wordpress\/plugins\/seo\/ -->\n<title>Billets Fondation Vincent Van Gogh en vente chez Taco and Co<\/title>\n<meta name=\"description\" content=\"Billets \u00e0 tarif pr\u00e9f\u00e9rentiel pour visiter la Fondation Vincent Van Gogh, transport en v\u00e9lo taco, visiter Arles,location v\u00e9los,consigne \u00e0 bagages,Taco and Co\" \/>\n<meta name=\"robots\" content=\"index, follow, max-snippet:-1, max-image-preview:large, max-video-preview:-1\" \/>\n<link rel=\"canonical\" href=\"https:\/\/www.visiterarles.com\/en\/blog\/2015\/03\/30\/billets-a-tarif-reduit-pour-la-fondation-vincent-van-gogh-en-vente-chez-taco-and-co\/\" \/>\n<meta name=\"twitter:label1\" content=\"Written by\" \/>\n\t<meta name=\"twitter:data1\" content=\"Linkadm\" \/>\n\t<meta name=\"twitter:label2\" content=\"Estimated reading time\" \/>\n\t<meta name=\"twitter:data2\" content=\"1 minute\" \/>\n<script type=\"application\/ld+json\" class=\"yoast-schema-graph\">{\"@context\":\"https:\/\/schema.org\",\"@graph\":[{\"@type\":\"Article\",\"@id\":\"https:\/\/www.visiterarles.com\/blog\/2015\/03\/30\/billets-a-tarif-reduit-pour-la-fondation-vincent-van-gogh-en-vente-chez-taco-and-co\/#article\",\"isPartOf\":{\"@id\":\"https:\/\/www.visiterarles.com\/blog\/2015\/03\/30\/billets-a-tarif-reduit-pour-la-fondation-vincent-van-gogh-en-vente-chez-taco-and-co\/\"},\"author\":{\"name\":\"Linkadm\",\"@id\":\"https:\/\/www.visiterarles.com\/en\/#\/schema\/person\/ba5912e4613018f479a2d86815a53576\"},\"headline\":\"Billets \u00e0 tarif r\u00e9duit pour la Fondation Vincent Van Gogh en vente chez Taco and Co\",\"datePublished\":\"2015-03-30T10:33:00+00:00\",\"dateModified\":\"2015-03-30T10:33:00+00:00\",\"mainEntityOfPage\":{\"@id\":\"https:\/\/www.visiterarles.com\/blog\/2015\/03\/30\/billets-a-tarif-reduit-pour-la-fondation-vincent-van-gogh-en-vente-chez-taco-and-co\/\"},\"wordCount\":136,\"publisher\":{\"@id\":\"https:\/\/www.visiterarles.com\/en\/#organization\"},\"image\":{\"@id\":\"https:\/\/www.visiterarles.com\/blog\/2015\/03\/30\/billets-a-tarif-reduit-pour-la-fondation-vincent-van-gogh-en-vente-chez-taco-and-co\/#primaryimage\"},\"thumbnailUrl\":\"https:\/\/www.visiterarles.com\/wp-content\/uploads\/2015\/03\/Auto-portrait-Vincent-Van-Gogh-Fondation-Van-Gogh-Arles-Copier-1.jpg\",\"articleSection\":[\"Actualit\u00e9s\",\"Culture\",\"\u00c9v\u00e9nement\"],\"inLanguage\":\"en-GB\"},{\"@type\":\"WebPage\",\"@id\":\"https:\/\/www.visiterarles.com\/blog\/2015\/03\/30\/billets-a-tarif-reduit-pour-la-fondation-vincent-van-gogh-en-vente-chez-taco-and-co\/\",\"url\":\"https:\/\/www.visiterarles.com\/blog\/2015\/03\/30\/billets-a-tarif-reduit-pour-la-fondation-vincent-van-gogh-en-vente-chez-taco-and-co\/\",\"name\":\"Billets Fondation Vincent Van Gogh en vente chez Taco and Co\",\"isPartOf\":{\"@id\":\"https:\/\/www.visiterarles.com\/en\/#website\"},\"primaryImageOfPage\":{\"@id\":\"https:\/\/www.visiterarles.com\/blog\/2015\/03\/30\/billets-a-tarif-reduit-pour-la-fondation-vincent-van-gogh-en-vente-chez-taco-and-co\/#primaryimage\"},\"image\":{\"@id\":\"https:\/\/www.visiterarles.com\/blog\/2015\/03\/30\/billets-a-tarif-reduit-pour-la-fondation-vincent-van-gogh-en-vente-chez-taco-and-co\/#primaryimage\"},\"thumbnailUrl\":\"https:\/\/www.visiterarles.com\/wp-content\/uploads\/2015\/03\/Auto-portrait-Vincent-Van-Gogh-Fondation-Van-Gogh-Arles-Copier-1.jpg\",\"datePublished\":\"2015-03-30T10:33:00+00:00\",\"dateModified\":\"2015-03-30T10:33:00+00:00\",\"description\":\"Billets \u00e0 tarif pr\u00e9f\u00e9rentiel pour visiter la Fondation Vincent Van Gogh, transport en v\u00e9lo taco, visiter Arles,location v\u00e9los,consigne \u00e0 bagages,Taco and Co\",\"breadcrumb\":{\"@id\":\"https:\/\/www.visiterarles.com\/blog\/2015\/03\/30\/billets-a-tarif-reduit-pour-la-fondation-vincent-van-gogh-en-vente-chez-taco-and-co\/#breadcrumb\"},\"inLanguage\":\"en-GB\",\"potentialAction\":[{\"@type\":\"ReadAction\",\"target\":[\"https:\/\/www.visiterarles.com\/blog\/2015\/03\/30\/billets-a-tarif-reduit-pour-la-fondation-vincent-van-gogh-en-vente-chez-taco-and-co\/\"]}]},{\"@type\":\"ImageObject\",\"inLanguage\":\"en-GB\",\"@id\":\"https:\/\/www.visiterarles.com\/blog\/2015\/03\/30\/billets-a-tarif-reduit-pour-la-fondation-vincent-van-gogh-en-vente-chez-taco-and-co\/#primaryimage\",\"url\":\"https:\/\/www.visiterarles.com\/wp-content\/uploads\/2015\/03\/Auto-portrait-Vincent-Van-Gogh-Fondation-Van-Gogh-Arles-Copier-1.jpg\",\"contentUrl\":\"https:\/\/www.visiterarles.com\/wp-content\/uploads\/2015\/03\/Auto-portrait-Vincent-Van-Gogh-Fondation-Van-Gogh-Arles-Copier-1.jpg\",\"width\":400,\"height\":600,\"caption\":\"Auto portrait Vincent Van Gogh, Fondation Van Gogh Arles\"},{\"@type\":\"BreadcrumbList\",\"@id\":\"https:\/\/www.visiterarles.com\/blog\/2015\/03\/30\/billets-a-tarif-reduit-pour-la-fondation-vincent-van-gogh-en-vente-chez-taco-and-co\/#breadcrumb\",\"itemListElement\":[{\"@type\":\"ListItem\",\"position\":1,\"name\":\"Home\",\"item\":\"https:\/\/www.visiterarles.com\/\"},{\"@type\":\"ListItem\",\"position\":2,\"name\":\"Billets \u00e0 tarif r\u00e9duit pour la Fondation Vincent Van Gogh en vente chez Taco and Co\"}]},{\"@type\":\"WebSite\",\"@id\":\"https:\/\/www.visiterarles.com\/en\/#website\",\"url\":\"https:\/\/www.visiterarles.com\/en\/\",\"name\":\"Visiter Arles\",\"description\":\"Tourisme en Provence \u00e0 Arles\",\"publisher\":{\"@id\":\"https:\/\/www.visiterarles.com\/en\/#organization\"},\"potentialAction\":[{\"@type\":\"SearchAction\",\"target\":{\"@type\":\"EntryPoint\",\"urlTemplate\":\"https:\/\/www.visiterarles.com\/en\/?s={search_term_string}\"},\"query-input\":\"required name=search_term_string\"}],\"inLanguage\":\"en-GB\"},{\"@type\":\"Organization\",\"@id\":\"https:\/\/www.visiterarles.com\/en\/#organization\",\"name\":\"Visiter Arles\",\"url\":\"https:\/\/www.visiterarles.com\/en\/\",\"logo\":{\"@type\":\"ImageObject\",\"inLanguage\":\"en-GB\",\"@id\":\"https:\/\/www.visiterarles.com\/en\/#\/schema\/logo\/image\/\",\"url\":\"https:\/\/www.visiterarles.com\/wp-content\/uploads\/2017\/10\/taco-and-co-1-1.jpg\",\"contentUrl\":\"https:\/\/www.visiterarles.com\/wp-content\/uploads\/2017\/10\/taco-and-co-1-1.jpg\",\"width\":124,\"height\":73,\"caption\":\"Visiter Arles\"},\"image\":{\"@id\":\"https:\/\/www.visiterarles.com\/en\/#\/schema\/logo\/image\/\"}},{\"@type\":\"Person\",\"@id\":\"https:\/\/www.visiterarles.com\/en\/#\/schema\/person\/ba5912e4613018f479a2d86815a53576\",\"name\":\"Linkadm\",\"image\":{\"@type\":\"ImageObject\",\"inLanguage\":\"en-GB\",\"@id\":\"https:\/\/www.visiterarles.com\/en\/#\/schema\/person\/image\/\",\"url\":\"https:\/\/secure.gravatar.com\/avatar\/4709ec209921503e8d8cc96168eddc49?s=96&d=mm&r=g\",\"contentUrl\":\"https:\/\/secure.gravatar.com\/avatar\/4709ec209921503e8d8cc96168eddc49?s=96&d=mm&r=g\",\"caption\":\"Linkadm\"},\"url\":\"https:\/\/www.visiterarles.com\/en\/blog\/author\/admin\/\"}]}<\/script>\n<!-- \/ Yoast SEO plugin. -->","yoast_head_json":{"title":"Billets Fondation Vincent Van Gogh en vente chez Taco and Co","description":"Billets \u00e0 tarif pr\u00e9f\u00e9rentiel pour visiter la Fondation Vincent Van Gogh, transport en v\u00e9lo taco, visiter Arles,location v\u00e9los,consigne \u00e0 bagages,Taco and Co","robots":{"index":"index","follow":"follow","max-snippet":"max-snippet:-1","max-image-preview":"max-image-preview:large","max-video-preview":"max-video-preview:-1"},"canonical":"https:\/\/www.visiterarles.com\/en\/blog\/2015\/03\/30\/billets-a-tarif-reduit-pour-la-fondation-vincent-van-gogh-en-vente-chez-taco-and-co\/","twitter_misc":{"Written by":"Linkadm","Estimated reading time":"1 minute"},"schema":{"@context":"https:\/\/schema.org","@graph":[{"@type":"Article","@id":"https:\/\/www.visiterarles.com\/blog\/2015\/03\/30\/billets-a-tarif-reduit-pour-la-fondation-vincent-van-gogh-en-vente-chez-taco-and-co\/#article","isPartOf":{"@id":"https:\/\/www.visiterarles.com\/blog\/2015\/03\/30\/billets-a-tarif-reduit-pour-la-fondation-vincent-van-gogh-en-vente-chez-taco-and-co\/"},"author":{"name":"Linkadm","@id":"https:\/\/www.visiterarles.com\/en\/#\/schema\/person\/ba5912e4613018f479a2d86815a53576"},"headline":"Billets \u00e0 tarif r\u00e9duit pour la Fondation Vincent Van Gogh en vente chez Taco and Co","datePublished":"2015-03-30T10:33:00+00:00","dateModified":"2015-03-30T10:33:00+00:00","mainEntityOfPage":{"@id":"https:\/\/www.visiterarles.com\/blog\/2015\/03\/30\/billets-a-tarif-reduit-pour-la-fondation-vincent-van-gogh-en-vente-chez-taco-and-co\/"},"wordCount":136,"publisher":{"@id":"https:\/\/www.visiterarles.com\/en\/#organization"},"image":{"@id":"https:\/\/www.visiterarles.com\/blog\/2015\/03\/30\/billets-a-tarif-reduit-pour-la-fondation-vincent-van-gogh-en-vente-chez-taco-and-co\/#primaryimage"},"thumbnailUrl":"https:\/\/www.visiterarles.com\/wp-content\/uploads\/2015\/03\/Auto-portrait-Vincent-Van-Gogh-Fondation-Van-Gogh-Arles-Copier-1.jpg","articleSection":["Actualit\u00e9s","Culture","\u00c9v\u00e9nement"],"inLanguage":"en-GB"},{"@type":"WebPage","@id":"https:\/\/www.visiterarles.com\/blog\/2015\/03\/30\/billets-a-tarif-reduit-pour-la-fondation-vincent-van-gogh-en-vente-chez-taco-and-co\/","url":"https:\/\/www.visiterarles.com\/blog\/2015\/03\/30\/billets-a-tarif-reduit-pour-la-fondation-vincent-van-gogh-en-vente-chez-taco-and-co\/","name":"Billets Fondation Vincent Van Gogh en vente chez Taco and Co","isPartOf":{"@id":"https:\/\/www.visiterarles.com\/en\/#website"},"primaryImageOfPage":{"@id":"https:\/\/www.visiterarles.com\/blog\/2015\/03\/30\/billets-a-tarif-reduit-pour-la-fondation-vincent-van-gogh-en-vente-chez-taco-and-co\/#primaryimage"},"image":{"@id":"https:\/\/www.visiterarles.com\/blog\/2015\/03\/30\/billets-a-tarif-reduit-pour-la-fondation-vincent-van-gogh-en-vente-chez-taco-and-co\/#primaryimage"},"thumbnailUrl":"https:\/\/www.visiterarles.com\/wp-content\/uploads\/2015\/03\/Auto-portrait-Vincent-Van-Gogh-Fondation-Van-Gogh-Arles-Copier-1.jpg","datePublished":"2015-03-30T10:33:00+00:00","dateModified":"2015-03-30T10:33:00+00:00","description":"Billets \u00e0 tarif pr\u00e9f\u00e9rentiel pour visiter la Fondation Vincent Van Gogh, transport en v\u00e9lo taco, visiter Arles,location v\u00e9los,consigne \u00e0 bagages,Taco and Co","breadcrumb":{"@id":"https:\/\/www.visiterarles.com\/blog\/2015\/03\/30\/billets-a-tarif-reduit-pour-la-fondation-vincent-van-gogh-en-vente-chez-taco-and-co\/#breadcrumb"},"inLanguage":"en-GB","potentialAction":[{"@type":"ReadAction","target":["https:\/\/www.visiterarles.com\/blog\/2015\/03\/30\/billets-a-tarif-reduit-pour-la-fondation-vincent-van-gogh-en-vente-chez-taco-and-co\/"]}]},{"@type":"ImageObject","inLanguage":"en-GB","@id":"https:\/\/www.visiterarles.com\/blog\/2015\/03\/30\/billets-a-tarif-reduit-pour-la-fondation-vincent-van-gogh-en-vente-chez-taco-and-co\/#primaryimage","url":"https:\/\/www.visiterarles.com\/wp-content\/uploads\/2015\/03\/Auto-portrait-Vincent-Van-Gogh-Fondation-Van-Gogh-Arles-Copier-1.jpg","contentUrl":"https:\/\/www.visiterarles.com\/wp-content\/uploads\/2015\/03\/Auto-portrait-Vincent-Van-Gogh-Fondation-Van-Gogh-Arles-Copier-1.jpg","width":400,"height":600,"caption":"Auto portrait Vincent Van Gogh, Fondation Van Gogh Arles"},{"@type":"BreadcrumbList","@id":"https:\/\/www.visiterarles.com\/blog\/2015\/03\/30\/billets-a-tarif-reduit-pour-la-fondation-vincent-van-gogh-en-vente-chez-taco-and-co\/#breadcrumb","itemListElement":[{"@type":"ListItem","position":1,"name":"Home","item":"https:\/\/www.visiterarles.com\/"},{"@type":"ListItem","position":2,"name":"Billets \u00e0 tarif r\u00e9duit pour la Fondation Vincent Van Gogh en vente chez Taco and Co"}]},{"@type":"WebSite","@id":"https:\/\/www.visiterarles.com\/en\/#website","url":"https:\/\/www.visiterarles.com\/en\/","name":"Visiter Arles","description":"Tourisme en Provence \u00e0 Arles","publisher":{"@id":"https:\/\/www.visiterarles.com\/en\/#organization"},"potentialAction":[{"@type":"SearchAction","target":{"@type":"EntryPoint","urlTemplate":"https:\/\/www.visiterarles.com\/en\/?s={search_term_string}"},"query-input":"required name=search_term_string"}],"inLanguage":"en-GB"},{"@type":"Organization","@id":"https:\/\/www.visiterarles.com\/en\/#organization","name":"Visiter Arles","url":"https:\/\/www.visiterarles.com\/en\/","logo":{"@type":"ImageObject","inLanguage":"en-GB","@id":"https:\/\/www.visiterarles.com\/en\/#\/schema\/logo\/image\/","url":"https:\/\/www.visiterarles.com\/wp-content\/uploads\/2017\/10\/taco-and-co-1-1.jpg","contentUrl":"https:\/\/www.visiterarles.com\/wp-content\/uploads\/2017\/10\/taco-and-co-1-1.jpg","width":124,"height":73,"caption":"Visiter Arles"},"image":{"@id":"https:\/\/www.visiterarles.com\/en\/#\/schema\/logo\/image\/"}},{"@type":"Person","@id":"https:\/\/www.visiterarles.com\/en\/#\/schema\/person\/ba5912e4613018f479a2d86815a53576","name":"Linkadm","image":{"@type":"ImageObject","inLanguage":"en-GB","@id":"https:\/\/www.visiterarles.com\/en\/#\/schema\/person\/image\/","url":"https:\/\/secure.gravatar.com\/avatar\/4709ec209921503e8d8cc96168eddc49?s=96&d=mm&r=g","contentUrl":"https:\/\/secure.gravatar.com\/avatar\/4709ec209921503e8d8cc96168eddc49?s=96&d=mm&r=g","caption":"Linkadm"},"url":"https:\/\/www.visiterarles.com\/en\/blog\/author\/admin\/"}]}},"_links":{"self":[{"href":"https:\/\/www.visiterarles.com\/en\/wp-json\/wp\/v2\/posts\/29411"}],"collection":[{"href":"https:\/\/www.visiterarles.com\/en\/wp-json\/wp\/v2\/posts"}],"about":[{"href":"https:\/\/www.visiterarles.com\/en\/wp-json\/wp\/v2\/types\/post"}],"author":[{"embeddable":true,"href":"https:\/\/www.visiterarles.com\/en\/wp-json\/wp\/v2\/users\/1"}],"replies":[{"embeddable":true,"href":"https:\/\/www.visiterarles.com\/en\/wp-json\/wp\/v2\/comments?post=29411"}],"version-history":[{"count":0,"href":"https:\/\/www.visiterarles.com\/en\/wp-json\/wp\/v2\/posts\/29411\/revisions"}],"wp:featuredmedia":[{"embeddable":true,"href":"https:\/\/www.visiterarles.com\/en\/wp-json\/wp\/v2\/media\/29412"}],"wp:attachment":[{"href":"https:\/\/www.visiterarles.com\/en\/wp-json\/wp\/v2\/media?parent=29411"}],"wp:term":[{"taxonomy":"category","embeddable":true,"href":"https:\/\/www.visiterarles.com\/en\/wp-json\/wp\/v2\/categories?post=29411"},{"taxonomy":"post_tag","embeddable":true,"href":"https:\/\/www.visiterarles.com\/en\/wp-json\/wp\/v2\/tags?post=29411"}],"curies":[{"name":"wp","href":"https:\/\/api.w.org\/{rel}","templated":true}]}}