{"id":29418,"date":"2015-05-07T11:30:04","date_gmt":"2015-05-07T10:30:04","guid":{"rendered":"http:\/\/www.visiterarles.com\/?p=29418"},"modified":"2015-05-07T11:30:04","modified_gmt":"2015-05-07T10:30:04","slug":"exposition-lantique-est-nous-au-musee-departementale-de-larles-antique-a-arles","status":"publish","type":"post","link":"https:\/\/www.visiterarles.com\/en\/blog\/2015\/05\/07\/exposition-lantique-est-nous-au-musee-departementale-de-larles-antique-a-arles\/","title":{"rendered":"Exposition L&rsquo;Antique e(s)t nous au Mus\u00e9e D\u00e9partementale de l&rsquo;Arles antique \u00e0 Arles"},"content":{"rendered":"<p>Le projet\u201dL\u2019Antique e(s)t nous\u201d \u00a0avec \u00a0l\u2019exposition \u201cJ\u2019aimerais tant voir Syracuse au Mus\u00e9e D\u00e9partemental de l\u2019Arles Antique.<\/p>\n<p>Dans le cadre de ce projet, venez d\u00e9couvrir l\u2019exposition sur la photo de famille et l\u2019Antique \u00a0intitul\u00e9 \u201cJ\u2019aimerais tant voir syracuse\u201d jusqu\u2019au 7 juin 2015.<\/p>\n<p>Toutes les informations sur l\u2019exposition ou le mus\u00e9e sur <a href=\"http:\/\/www.arles-antique.cgl13.fr\/\" target=\"_blank\" rel=\"noopener\">www.arles-antique.cgl13.fr<\/a><\/p>\n<figure id=\"attachment_29419\" aria-describedby=\"caption-attachment-29419\" style=\"width: 400px\" class=\"wp-caption aligncenter\"><a href=\"http:\/\/www.visiterarles.com\/wp-content\/uploads\/2015\/05\/Jaimerais-tant-voir-syracuse-Copier.jpg\"><img fetchpriority=\"high\" decoding=\"async\" class=\"size-full wp-image-29419\" src=\"http:\/\/www.visiterarles.com\/wp-content\/uploads\/2015\/05\/Jaimerais-tant-voir-syracuse-Copier.jpg\" alt=\"J'aimerais tant voir syracuse au MDAA d'Arles\" width=\"400\" height=\"600\" \/><\/a><figcaption id=\"caption-attachment-29419\" class=\"wp-caption-text\">J&rsquo;aimerais tant voir syracuse au MDAA d&rsquo;Arles<\/figcaption><\/figure>","protected":false},"excerpt":{"rendered":"<p>Le projet\u201dL\u2019Antique e(s)t nous\u201d \u00a0avec \u00a0l\u2019exposition \u201cJ\u2019aimerais tant voir Syracuse au Mus\u00e9e D\u00e9partemental de l\u2019Arles Antique. Dans le cadre de ce projet, venez d\u00e9couvrir l\u2019exposition sur la photo de famille et l\u2019Antique \u00a0intitul\u00e9 \u201cJ\u2019aimerais tant voir syracuse\u201d jusqu\u2019au 7 juin 2015. Toutes les informations sur l\u2019exposition ou le mus\u00e9e sur www.arles-antique.cgl13.fr<\/p>","protected":false},"author":1,"featured_media":29419,"comment_status":"closed","ping_status":"open","sticky":false,"template":"","format":"standard","meta":{"footnotes":""},"categories":[3,49],"tags":[],"aioseo_notices":[],"yoast_head":"<!-- This site is optimized with the Yoast SEO plugin v22.3 - https:\/\/yoast.com\/wordpress\/plugins\/seo\/ -->\n<title>Visiter Arles et le Mus\u00e9e d\u00e9partementale de l&#039;Arles Antique<\/title>\n<meta name=\"description\" content=\"Visiter Arles, exposition au Mus\u00e9e D\u00e9partementale de l&#039;Arles Antique, transport vers MDAA, visite de la ville, taxi \u00e0 Arles, location de v\u00e9los, Taco and co\" \/>\n<meta name=\"robots\" content=\"index, follow, max-snippet:-1, max-image-preview:large, max-video-preview:-1\" \/>\n<link rel=\"canonical\" href=\"https:\/\/www.visiterarles.com\/en\/blog\/2015\/05\/07\/exposition-lantique-est-nous-au-musee-departementale-de-larles-antique-a-arles\/\" \/>\n<meta name=\"twitter:label1\" content=\"Written by\" \/>\n\t<meta name=\"twitter:data1\" content=\"Linkadm\" \/>\n<script type=\"application\/ld+json\" class=\"yoast-schema-graph\">{\"@context\":\"https:\/\/schema.org\",\"@graph\":[{\"@type\":\"Article\",\"@id\":\"https:\/\/www.visiterarles.com\/en\/blog\/2015\/05\/07\/exposition-lantique-est-nous-au-musee-departementale-de-larles-antique-a-arles\/#article\",\"isPartOf\":{\"@id\":\"https:\/\/www.visiterarles.com\/en\/blog\/2015\/05\/07\/exposition-lantique-est-nous-au-musee-departementale-de-larles-antique-a-arles\/\"},\"author\":{\"name\":\"Linkadm\",\"@id\":\"https:\/\/www.visiterarles.com\/en\/#\/schema\/person\/ba5912e4613018f479a2d86815a53576\"},\"headline\":\"Exposition L&rsquo;Antique e(s)t nous au Mus\u00e9e D\u00e9partementale de l&rsquo;Arles antique \u00e0 Arles\",\"datePublished\":\"2015-05-07T10:30:04+00:00\",\"dateModified\":\"2015-05-07T10:30:04+00:00\",\"mainEntityOfPage\":{\"@id\":\"https:\/\/www.visiterarles.com\/en\/blog\/2015\/05\/07\/exposition-lantique-est-nous-au-musee-departementale-de-larles-antique-a-arles\/\"},\"wordCount\":101,\"publisher\":{\"@id\":\"https:\/\/www.visiterarles.com\/en\/#organization\"},\"image\":{\"@id\":\"https:\/\/www.visiterarles.com\/en\/blog\/2015\/05\/07\/exposition-lantique-est-nous-au-musee-departementale-de-larles-antique-a-arles\/#primaryimage\"},\"thumbnailUrl\":\"https:\/\/www.visiterarles.com\/wp-content\/uploads\/2015\/05\/Jaimerais-tant-voir-syracuse-Copier-1.jpg\",\"articleSection\":[\"Actualit\u00e9s\",\"Culture\"],\"inLanguage\":\"en-GB\"},{\"@type\":\"WebPage\",\"@id\":\"https:\/\/www.visiterarles.com\/en\/blog\/2015\/05\/07\/exposition-lantique-est-nous-au-musee-departementale-de-larles-antique-a-arles\/\",\"url\":\"https:\/\/www.visiterarles.com\/en\/blog\/2015\/05\/07\/exposition-lantique-est-nous-au-musee-departementale-de-larles-antique-a-arles\/\",\"name\":\"Visiter Arles et le Mus\u00e9e d\u00e9partementale de l'Arles Antique\",\"isPartOf\":{\"@id\":\"https:\/\/www.visiterarles.com\/en\/#website\"},\"primaryImageOfPage\":{\"@id\":\"https:\/\/www.visiterarles.com\/en\/blog\/2015\/05\/07\/exposition-lantique-est-nous-au-musee-departementale-de-larles-antique-a-arles\/#primaryimage\"},\"image\":{\"@id\":\"https:\/\/www.visiterarles.com\/en\/blog\/2015\/05\/07\/exposition-lantique-est-nous-au-musee-departementale-de-larles-antique-a-arles\/#primaryimage\"},\"thumbnailUrl\":\"https:\/\/www.visiterarles.com\/wp-content\/uploads\/2015\/05\/Jaimerais-tant-voir-syracuse-Copier-1.jpg\",\"datePublished\":\"2015-05-07T10:30:04+00:00\",\"dateModified\":\"2015-05-07T10:30:04+00:00\",\"description\":\"Visiter Arles, exposition au Mus\u00e9e D\u00e9partementale de l'Arles Antique, transport vers MDAA, visite de la ville, taxi \u00e0 Arles, location de v\u00e9los, Taco and co\",\"breadcrumb\":{\"@id\":\"https:\/\/www.visiterarles.com\/en\/blog\/2015\/05\/07\/exposition-lantique-est-nous-au-musee-departementale-de-larles-antique-a-arles\/#breadcrumb\"},\"inLanguage\":\"en-GB\",\"potentialAction\":[{\"@type\":\"ReadAction\",\"target\":[\"https:\/\/www.visiterarles.com\/en\/blog\/2015\/05\/07\/exposition-lantique-est-nous-au-musee-departementale-de-larles-antique-a-arles\/\"]}]},{\"@type\":\"ImageObject\",\"inLanguage\":\"en-GB\",\"@id\":\"https:\/\/www.visiterarles.com\/en\/blog\/2015\/05\/07\/exposition-lantique-est-nous-au-musee-departementale-de-larles-antique-a-arles\/#primaryimage\",\"url\":\"https:\/\/www.visiterarles.com\/wp-content\/uploads\/2015\/05\/Jaimerais-tant-voir-syracuse-Copier-1.jpg\",\"contentUrl\":\"https:\/\/www.visiterarles.com\/wp-content\/uploads\/2015\/05\/Jaimerais-tant-voir-syracuse-Copier-1.jpg\",\"width\":400,\"height\":600,\"caption\":\"J'aimerais tant voir syracuse au MDAA d'Arles\"},{\"@type\":\"BreadcrumbList\",\"@id\":\"https:\/\/www.visiterarles.com\/en\/blog\/2015\/05\/07\/exposition-lantique-est-nous-au-musee-departementale-de-larles-antique-a-arles\/#breadcrumb\",\"itemListElement\":[{\"@type\":\"ListItem\",\"position\":1,\"name\":\"Home\",\"item\":\"https:\/\/www.visiterarles.com\/\"},{\"@type\":\"ListItem\",\"position\":2,\"name\":\"Exposition L&rsquo;Antique e(s)t nous au Mus\u00e9e D\u00e9partementale de l&rsquo;Arles antique \u00e0 Arles\"}]},{\"@type\":\"WebSite\",\"@id\":\"https:\/\/www.visiterarles.com\/en\/#website\",\"url\":\"https:\/\/www.visiterarles.com\/en\/\",\"name\":\"Visiter Arles\",\"description\":\"Tourisme en Provence \u00e0 Arles\",\"publisher\":{\"@id\":\"https:\/\/www.visiterarles.com\/en\/#organization\"},\"potentialAction\":[{\"@type\":\"SearchAction\",\"target\":{\"@type\":\"EntryPoint\",\"urlTemplate\":\"https:\/\/www.visiterarles.com\/en\/?s={search_term_string}\"},\"query-input\":\"required name=search_term_string\"}],\"inLanguage\":\"en-GB\"},{\"@type\":\"Organization\",\"@id\":\"https:\/\/www.visiterarles.com\/en\/#organization\",\"name\":\"Visiter Arles\",\"url\":\"https:\/\/www.visiterarles.com\/en\/\",\"logo\":{\"@type\":\"ImageObject\",\"inLanguage\":\"en-GB\",\"@id\":\"https:\/\/www.visiterarles.com\/en\/#\/schema\/logo\/image\/\",\"url\":\"https:\/\/www.visiterarles.com\/wp-content\/uploads\/2017\/10\/taco-and-co-1-1.jpg\",\"contentUrl\":\"https:\/\/www.visiterarles.com\/wp-content\/uploads\/2017\/10\/taco-and-co-1-1.jpg\",\"width\":124,\"height\":73,\"caption\":\"Visiter Arles\"},\"image\":{\"@id\":\"https:\/\/www.visiterarles.com\/en\/#\/schema\/logo\/image\/\"}},{\"@type\":\"Person\",\"@id\":\"https:\/\/www.visiterarles.com\/en\/#\/schema\/person\/ba5912e4613018f479a2d86815a53576\",\"name\":\"Linkadm\",\"image\":{\"@type\":\"ImageObject\",\"inLanguage\":\"en-GB\",\"@id\":\"https:\/\/www.visiterarles.com\/en\/#\/schema\/person\/image\/\",\"url\":\"https:\/\/secure.gravatar.com\/avatar\/4709ec209921503e8d8cc96168eddc49?s=96&d=mm&r=g\",\"contentUrl\":\"https:\/\/secure.gravatar.com\/avatar\/4709ec209921503e8d8cc96168eddc49?s=96&d=mm&r=g\",\"caption\":\"Linkadm\"},\"url\":\"https:\/\/www.visiterarles.com\/en\/blog\/author\/admin\/\"}]}<\/script>\n<!-- \/ Yoast SEO plugin. -->","yoast_head_json":{"title":"Visiter Arles et le Mus\u00e9e d\u00e9partementale de l'Arles Antique","description":"Visiter Arles, exposition au Mus\u00e9e D\u00e9partementale de l'Arles Antique, transport vers MDAA, visite de la ville, taxi \u00e0 Arles, location de v\u00e9los, Taco and co","robots":{"index":"index","follow":"follow","max-snippet":"max-snippet:-1","max-image-preview":"max-image-preview:large","max-video-preview":"max-video-preview:-1"},"canonical":"https:\/\/www.visiterarles.com\/en\/blog\/2015\/05\/07\/exposition-lantique-est-nous-au-musee-departementale-de-larles-antique-a-arles\/","twitter_misc":{"Written by":"Linkadm"},"schema":{"@context":"https:\/\/schema.org","@graph":[{"@type":"Article","@id":"https:\/\/www.visiterarles.com\/en\/blog\/2015\/05\/07\/exposition-lantique-est-nous-au-musee-departementale-de-larles-antique-a-arles\/#article","isPartOf":{"@id":"https:\/\/www.visiterarles.com\/en\/blog\/2015\/05\/07\/exposition-lantique-est-nous-au-musee-departementale-de-larles-antique-a-arles\/"},"author":{"name":"Linkadm","@id":"https:\/\/www.visiterarles.com\/en\/#\/schema\/person\/ba5912e4613018f479a2d86815a53576"},"headline":"Exposition L&rsquo;Antique e(s)t nous au Mus\u00e9e D\u00e9partementale de l&rsquo;Arles antique \u00e0 Arles","datePublished":"2015-05-07T10:30:04+00:00","dateModified":"2015-05-07T10:30:04+00:00","mainEntityOfPage":{"@id":"https:\/\/www.visiterarles.com\/en\/blog\/2015\/05\/07\/exposition-lantique-est-nous-au-musee-departementale-de-larles-antique-a-arles\/"},"wordCount":101,"publisher":{"@id":"https:\/\/www.visiterarles.com\/en\/#organization"},"image":{"@id":"https:\/\/www.visiterarles.com\/en\/blog\/2015\/05\/07\/exposition-lantique-est-nous-au-musee-departementale-de-larles-antique-a-arles\/#primaryimage"},"thumbnailUrl":"https:\/\/www.visiterarles.com\/wp-content\/uploads\/2015\/05\/Jaimerais-tant-voir-syracuse-Copier-1.jpg","articleSection":["Actualit\u00e9s","Culture"],"inLanguage":"en-GB"},{"@type":"WebPage","@id":"https:\/\/www.visiterarles.com\/en\/blog\/2015\/05\/07\/exposition-lantique-est-nous-au-musee-departementale-de-larles-antique-a-arles\/","url":"https:\/\/www.visiterarles.com\/en\/blog\/2015\/05\/07\/exposition-lantique-est-nous-au-musee-departementale-de-larles-antique-a-arles\/","name":"Visiter Arles et le Mus\u00e9e d\u00e9partementale de l'Arles Antique","isPartOf":{"@id":"https:\/\/www.visiterarles.com\/en\/#website"},"primaryImageOfPage":{"@id":"https:\/\/www.visiterarles.com\/en\/blog\/2015\/05\/07\/exposition-lantique-est-nous-au-musee-departementale-de-larles-antique-a-arles\/#primaryimage"},"image":{"@id":"https:\/\/www.visiterarles.com\/en\/blog\/2015\/05\/07\/exposition-lantique-est-nous-au-musee-departementale-de-larles-antique-a-arles\/#primaryimage"},"thumbnailUrl":"https:\/\/www.visiterarles.com\/wp-content\/uploads\/2015\/05\/Jaimerais-tant-voir-syracuse-Copier-1.jpg","datePublished":"2015-05-07T10:30:04+00:00","dateModified":"2015-05-07T10:30:04+00:00","description":"Visiter Arles, exposition au Mus\u00e9e D\u00e9partementale de l'Arles Antique, transport vers MDAA, visite de la ville, taxi \u00e0 Arles, location de v\u00e9los, Taco and co","breadcrumb":{"@id":"https:\/\/www.visiterarles.com\/en\/blog\/2015\/05\/07\/exposition-lantique-est-nous-au-musee-departementale-de-larles-antique-a-arles\/#breadcrumb"},"inLanguage":"en-GB","potentialAction":[{"@type":"ReadAction","target":["https:\/\/www.visiterarles.com\/en\/blog\/2015\/05\/07\/exposition-lantique-est-nous-au-musee-departementale-de-larles-antique-a-arles\/"]}]},{"@type":"ImageObject","inLanguage":"en-GB","@id":"https:\/\/www.visiterarles.com\/en\/blog\/2015\/05\/07\/exposition-lantique-est-nous-au-musee-departementale-de-larles-antique-a-arles\/#primaryimage","url":"https:\/\/www.visiterarles.com\/wp-content\/uploads\/2015\/05\/Jaimerais-tant-voir-syracuse-Copier-1.jpg","contentUrl":"https:\/\/www.visiterarles.com\/wp-content\/uploads\/2015\/05\/Jaimerais-tant-voir-syracuse-Copier-1.jpg","width":400,"height":600,"caption":"J'aimerais tant voir syracuse au MDAA d'Arles"},{"@type":"BreadcrumbList","@id":"https:\/\/www.visiterarles.com\/en\/blog\/2015\/05\/07\/exposition-lantique-est-nous-au-musee-departementale-de-larles-antique-a-arles\/#breadcrumb","itemListElement":[{"@type":"ListItem","position":1,"name":"Home","item":"https:\/\/www.visiterarles.com\/"},{"@type":"ListItem","position":2,"name":"Exposition L&rsquo;Antique e(s)t nous au Mus\u00e9e D\u00e9partementale de l&rsquo;Arles antique \u00e0 Arles"}]},{"@type":"WebSite","@id":"https:\/\/www.visiterarles.com\/en\/#website","url":"https:\/\/www.visiterarles.com\/en\/","name":"Visiter Arles","description":"Tourisme en Provence \u00e0 Arles","publisher":{"@id":"https:\/\/www.visiterarles.com\/en\/#organization"},"potentialAction":[{"@type":"SearchAction","target":{"@type":"EntryPoint","urlTemplate":"https:\/\/www.visiterarles.com\/en\/?s={search_term_string}"},"query-input":"required name=search_term_string"}],"inLanguage":"en-GB"},{"@type":"Organization","@id":"https:\/\/www.visiterarles.com\/en\/#organization","name":"Visiter Arles","url":"https:\/\/www.visiterarles.com\/en\/","logo":{"@type":"ImageObject","inLanguage":"en-GB","@id":"https:\/\/www.visiterarles.com\/en\/#\/schema\/logo\/image\/","url":"https:\/\/www.visiterarles.com\/wp-content\/uploads\/2017\/10\/taco-and-co-1-1.jpg","contentUrl":"https:\/\/www.visiterarles.com\/wp-content\/uploads\/2017\/10\/taco-and-co-1-1.jpg","width":124,"height":73,"caption":"Visiter Arles"},"image":{"@id":"https:\/\/www.visiterarles.com\/en\/#\/schema\/logo\/image\/"}},{"@type":"Person","@id":"https:\/\/www.visiterarles.com\/en\/#\/schema\/person\/ba5912e4613018f479a2d86815a53576","name":"Linkadm","image":{"@type":"ImageObject","inLanguage":"en-GB","@id":"https:\/\/www.visiterarles.com\/en\/#\/schema\/person\/image\/","url":"https:\/\/secure.gravatar.com\/avatar\/4709ec209921503e8d8cc96168eddc49?s=96&d=mm&r=g","contentUrl":"https:\/\/secure.gravatar.com\/avatar\/4709ec209921503e8d8cc96168eddc49?s=96&d=mm&r=g","caption":"Linkadm"},"url":"https:\/\/www.visiterarles.com\/en\/blog\/author\/admin\/"}]}},"_links":{"self":[{"href":"https:\/\/www.visiterarles.com\/en\/wp-json\/wp\/v2\/posts\/29418"}],"collection":[{"href":"https:\/\/www.visiterarles.com\/en\/wp-json\/wp\/v2\/posts"}],"about":[{"href":"https:\/\/www.visiterarles.com\/en\/wp-json\/wp\/v2\/types\/post"}],"author":[{"embeddable":true,"href":"https:\/\/www.visiterarles.com\/en\/wp-json\/wp\/v2\/users\/1"}],"replies":[{"embeddable":true,"href":"https:\/\/www.visiterarles.com\/en\/wp-json\/wp\/v2\/comments?post=29418"}],"version-history":[{"count":0,"href":"https:\/\/www.visiterarles.com\/en\/wp-json\/wp\/v2\/posts\/29418\/revisions"}],"wp:featuredmedia":[{"embeddable":true,"href":"https:\/\/www.visiterarles.com\/en\/wp-json\/wp\/v2\/media\/29419"}],"wp:attachment":[{"href":"https:\/\/www.visiterarles.com\/en\/wp-json\/wp\/v2\/media?parent=29418"}],"wp:term":[{"taxonomy":"category","embeddable":true,"href":"https:\/\/www.visiterarles.com\/en\/wp-json\/wp\/v2\/categories?post=29418"},{"taxonomy":"post_tag","embeddable":true,"href":"https:\/\/www.visiterarles.com\/en\/wp-json\/wp\/v2\/tags?post=29418"}],"curies":[{"name":"wp","href":"https:\/\/api.w.org\/{rel}","templated":true}]}}