{"id":29466,"date":"2015-09-05T18:13:42","date_gmt":"2015-09-05T17:13:42","guid":{"rendered":"http:\/\/www.visiterarles.com\/?p=29466"},"modified":"2015-09-05T18:13:42","modified_gmt":"2015-09-05T17:13:42","slug":"feria-du-riz-2015-a-arles-du-11-au-13-septembre","status":"publish","type":"post","link":"https:\/\/www.visiterarles.com\/en\/blog\/2015\/09\/05\/feria-du-riz-2015-a-arles-du-11-au-13-septembre\/","title":{"rendered":"F\u00e9ria du riz 2015 \u00e0 Arles du 11 au 13 septembre"},"content":{"rendered":"<p>La f\u00e9ria du Riz 2015 se d\u00e9roulera\u00a0 \u00e0 Arles \u00a0du 11 au 13\u00a0septembre\u00a02015, le r\u00e9seau Envia met \u00e0 votre disposition des navettes de nuit gratuites\u00a0pour le retour \u00e0 la maison.<\/p>\n<p>Pour rentrer de la F\u00e9ria du Riz d&rsquo;Arles, les 11 et 12\u00a0septembre, \u00a0pensez aux\u00a0navettes de nuit gratuites d\u2019Envia au d\u00e9part du parking Gabriel P\u00e9ri.<\/p>\n<p>Ces navettes desservent Salin de Giraud, Mas Thibert, St Martin de crau et Tarascon, 3 d\u00e9parts sont pr\u00e9vus \u00e0 00h00, 01h30 et 03h00 sur le parking Gabriel P\u00e9ri.<\/p>\n<p>Plus d\u2019informations sur<a title=\" www.tout-envia.com\" href=\"http:\/\/%20www.tout-envia.com\/\" target=\"_blank\" rel=\"noopener\">\u00a0www.tout-envia.com<\/a>\u00a0ou au 0810000818<\/p>\n<figure id=\"attachment_29467\" aria-describedby=\"caption-attachment-29467\" style=\"width: 338px\" class=\"wp-caption aligncenter\"><a href=\"http:\/\/www.visiterarles.com\/wp-content\/uploads\/2015\/09\/F\u00e9ria-du-riz-2015-Navettes-de-nuit-gratuites-avec-Envia-Copier.jpg\"><img fetchpriority=\"high\" decoding=\"async\" class=\"size-full wp-image-29467\" src=\"http:\/\/www.visiterarles.com\/wp-content\/uploads\/2015\/09\/F\u00e9ria-du-riz-2015-Navettes-de-nuit-gratuites-avec-Envia-Copier.jpg\" alt=\"F\u00e9ria du riz 2015 \u00e0 Arles du 11 au 13 septembre: Navettes de nuit gratuites avec Envia\" width=\"338\" height=\"600\" \/><\/a><figcaption id=\"caption-attachment-29467\" class=\"wp-caption-text\">F\u00e9ria du riz 2015 \u00e0 Arles du 11 au 13 septembre: Navettes de nuit gratuites avec Envia<\/figcaption><\/figure>\n<p>&nbsp;<\/p>","protected":false},"excerpt":{"rendered":"<p>La f\u00e9ria du Riz 2015 se d\u00e9roulera\u00a0 \u00e0 Arles \u00a0du 11 au 13\u00a0septembre\u00a02015, le r\u00e9seau Envia met \u00e0 votre disposition des navettes de nuit gratuites\u00a0pour le retour \u00e0 la maison. Pour rentrer de la F\u00e9ria du Riz d&rsquo;Arles, les 11 et 12\u00a0septembre, \u00a0pensez aux\u00a0navettes de nuit gratuites d\u2019Envia au d\u00e9part du parking Gabriel P\u00e9ri. Ces [&hellip;]<\/p>","protected":false},"author":1,"featured_media":29467,"comment_status":"closed","ping_status":"closed","sticky":false,"template":"","format":"standard","meta":{"footnotes":""},"categories":[3,49,50],"tags":[],"aioseo_notices":[],"yoast_head":"<!-- This site is optimized with the Yoast SEO plugin v22.3 - https:\/\/yoast.com\/wordpress\/plugins\/seo\/ -->\n<title>F\u00e9ria du riz 2015 \u00e0 Arles du 11 au 13 septembre - Visiter Arles<\/title>\n<meta name=\"robots\" content=\"index, follow, max-snippet:-1, max-image-preview:large, max-video-preview:-1\" \/>\n<link rel=\"canonical\" href=\"https:\/\/www.visiterarles.com\/en\/blog\/2015\/09\/05\/feria-du-riz-2015-a-arles-du-11-au-13-septembre\/\" \/>\n<meta name=\"twitter:label1\" content=\"Written by\" \/>\n\t<meta name=\"twitter:data1\" content=\"Linkadm\" \/>\n\t<meta name=\"twitter:label2\" content=\"Estimated reading time\" \/>\n\t<meta name=\"twitter:data2\" content=\"1 minute\" \/>\n<script type=\"application\/ld+json\" class=\"yoast-schema-graph\">{\"@context\":\"https:\/\/schema.org\",\"@graph\":[{\"@type\":\"Article\",\"@id\":\"https:\/\/www.visiterarles.com\/blog\/2015\/09\/05\/feria-du-riz-2015-a-arles-du-11-au-13-septembre\/#article\",\"isPartOf\":{\"@id\":\"https:\/\/www.visiterarles.com\/blog\/2015\/09\/05\/feria-du-riz-2015-a-arles-du-11-au-13-septembre\/\"},\"author\":{\"name\":\"Linkadm\",\"@id\":\"https:\/\/www.visiterarles.com\/en\/#\/schema\/person\/ba5912e4613018f479a2d86815a53576\"},\"headline\":\"F\u00e9ria du riz 2015 \u00e0 Arles du 11 au 13 septembre\",\"datePublished\":\"2015-09-05T17:13:42+00:00\",\"dateModified\":\"2015-09-05T17:13:42+00:00\",\"mainEntityOfPage\":{\"@id\":\"https:\/\/www.visiterarles.com\/blog\/2015\/09\/05\/feria-du-riz-2015-a-arles-du-11-au-13-septembre\/\"},\"wordCount\":126,\"publisher\":{\"@id\":\"https:\/\/www.visiterarles.com\/en\/#organization\"},\"image\":{\"@id\":\"https:\/\/www.visiterarles.com\/blog\/2015\/09\/05\/feria-du-riz-2015-a-arles-du-11-au-13-septembre\/#primaryimage\"},\"thumbnailUrl\":\"https:\/\/www.visiterarles.com\/wp-content\/uploads\/2015\/09\/Feria-du-riz-2015-Navettes-de-nuit-gratuites-avec-Envia-Copier.jpg\",\"articleSection\":[\"Actualit\u00e9s\",\"Culture\",\"\u00c9v\u00e9nement\"],\"inLanguage\":\"en-GB\"},{\"@type\":\"WebPage\",\"@id\":\"https:\/\/www.visiterarles.com\/blog\/2015\/09\/05\/feria-du-riz-2015-a-arles-du-11-au-13-septembre\/\",\"url\":\"https:\/\/www.visiterarles.com\/blog\/2015\/09\/05\/feria-du-riz-2015-a-arles-du-11-au-13-septembre\/\",\"name\":\"F\u00e9ria du riz 2015 \u00e0 Arles du 11 au 13 septembre - Visiter Arles\",\"isPartOf\":{\"@id\":\"https:\/\/www.visiterarles.com\/en\/#website\"},\"primaryImageOfPage\":{\"@id\":\"https:\/\/www.visiterarles.com\/blog\/2015\/09\/05\/feria-du-riz-2015-a-arles-du-11-au-13-septembre\/#primaryimage\"},\"image\":{\"@id\":\"https:\/\/www.visiterarles.com\/blog\/2015\/09\/05\/feria-du-riz-2015-a-arles-du-11-au-13-septembre\/#primaryimage\"},\"thumbnailUrl\":\"https:\/\/www.visiterarles.com\/wp-content\/uploads\/2015\/09\/Feria-du-riz-2015-Navettes-de-nuit-gratuites-avec-Envia-Copier.jpg\",\"datePublished\":\"2015-09-05T17:13:42+00:00\",\"dateModified\":\"2015-09-05T17:13:42+00:00\",\"breadcrumb\":{\"@id\":\"https:\/\/www.visiterarles.com\/blog\/2015\/09\/05\/feria-du-riz-2015-a-arles-du-11-au-13-septembre\/#breadcrumb\"},\"inLanguage\":\"en-GB\",\"potentialAction\":[{\"@type\":\"ReadAction\",\"target\":[\"https:\/\/www.visiterarles.com\/blog\/2015\/09\/05\/feria-du-riz-2015-a-arles-du-11-au-13-septembre\/\"]}]},{\"@type\":\"ImageObject\",\"inLanguage\":\"en-GB\",\"@id\":\"https:\/\/www.visiterarles.com\/blog\/2015\/09\/05\/feria-du-riz-2015-a-arles-du-11-au-13-septembre\/#primaryimage\",\"url\":\"https:\/\/www.visiterarles.com\/wp-content\/uploads\/2015\/09\/Feria-du-riz-2015-Navettes-de-nuit-gratuites-avec-Envia-Copier.jpg\",\"contentUrl\":\"https:\/\/www.visiterarles.com\/wp-content\/uploads\/2015\/09\/Feria-du-riz-2015-Navettes-de-nuit-gratuites-avec-Envia-Copier.jpg\",\"width\":338,\"height\":600,\"caption\":\"F\u00e9ria du riz 2015 \u00e0 Arles du 11 au 13 septembre: Navettes de nuit gratuites avec Envia\"},{\"@type\":\"BreadcrumbList\",\"@id\":\"https:\/\/www.visiterarles.com\/blog\/2015\/09\/05\/feria-du-riz-2015-a-arles-du-11-au-13-septembre\/#breadcrumb\",\"itemListElement\":[{\"@type\":\"ListItem\",\"position\":1,\"name\":\"Home\",\"item\":\"https:\/\/www.visiterarles.com\/\"},{\"@type\":\"ListItem\",\"position\":2,\"name\":\"F\u00e9ria du riz 2015 \u00e0 Arles du 11 au 13 septembre\"}]},{\"@type\":\"WebSite\",\"@id\":\"https:\/\/www.visiterarles.com\/en\/#website\",\"url\":\"https:\/\/www.visiterarles.com\/en\/\",\"name\":\"Visiter Arles\",\"description\":\"Tourisme en Provence \u00e0 Arles\",\"publisher\":{\"@id\":\"https:\/\/www.visiterarles.com\/en\/#organization\"},\"potentialAction\":[{\"@type\":\"SearchAction\",\"target\":{\"@type\":\"EntryPoint\",\"urlTemplate\":\"https:\/\/www.visiterarles.com\/en\/?s={search_term_string}\"},\"query-input\":\"required name=search_term_string\"}],\"inLanguage\":\"en-GB\"},{\"@type\":\"Organization\",\"@id\":\"https:\/\/www.visiterarles.com\/en\/#organization\",\"name\":\"Visiter Arles\",\"url\":\"https:\/\/www.visiterarles.com\/en\/\",\"logo\":{\"@type\":\"ImageObject\",\"inLanguage\":\"en-GB\",\"@id\":\"https:\/\/www.visiterarles.com\/en\/#\/schema\/logo\/image\/\",\"url\":\"https:\/\/www.visiterarles.com\/wp-content\/uploads\/2017\/10\/taco-and-co-1-1.jpg\",\"contentUrl\":\"https:\/\/www.visiterarles.com\/wp-content\/uploads\/2017\/10\/taco-and-co-1-1.jpg\",\"width\":124,\"height\":73,\"caption\":\"Visiter Arles\"},\"image\":{\"@id\":\"https:\/\/www.visiterarles.com\/en\/#\/schema\/logo\/image\/\"}},{\"@type\":\"Person\",\"@id\":\"https:\/\/www.visiterarles.com\/en\/#\/schema\/person\/ba5912e4613018f479a2d86815a53576\",\"name\":\"Linkadm\",\"image\":{\"@type\":\"ImageObject\",\"inLanguage\":\"en-GB\",\"@id\":\"https:\/\/www.visiterarles.com\/en\/#\/schema\/person\/image\/\",\"url\":\"https:\/\/secure.gravatar.com\/avatar\/4709ec209921503e8d8cc96168eddc49?s=96&d=mm&r=g\",\"contentUrl\":\"https:\/\/secure.gravatar.com\/avatar\/4709ec209921503e8d8cc96168eddc49?s=96&d=mm&r=g\",\"caption\":\"Linkadm\"},\"url\":\"https:\/\/www.visiterarles.com\/en\/blog\/author\/admin\/\"}]}<\/script>\n<!-- \/ Yoast SEO plugin. -->","yoast_head_json":{"title":"F\u00e9ria du riz 2015 \u00e0 Arles du 11 au 13 septembre - Visiter Arles","robots":{"index":"index","follow":"follow","max-snippet":"max-snippet:-1","max-image-preview":"max-image-preview:large","max-video-preview":"max-video-preview:-1"},"canonical":"https:\/\/www.visiterarles.com\/en\/blog\/2015\/09\/05\/feria-du-riz-2015-a-arles-du-11-au-13-septembre\/","twitter_misc":{"Written by":"Linkadm","Estimated reading time":"1 minute"},"schema":{"@context":"https:\/\/schema.org","@graph":[{"@type":"Article","@id":"https:\/\/www.visiterarles.com\/blog\/2015\/09\/05\/feria-du-riz-2015-a-arles-du-11-au-13-septembre\/#article","isPartOf":{"@id":"https:\/\/www.visiterarles.com\/blog\/2015\/09\/05\/feria-du-riz-2015-a-arles-du-11-au-13-septembre\/"},"author":{"name":"Linkadm","@id":"https:\/\/www.visiterarles.com\/en\/#\/schema\/person\/ba5912e4613018f479a2d86815a53576"},"headline":"F\u00e9ria du riz 2015 \u00e0 Arles du 11 au 13 septembre","datePublished":"2015-09-05T17:13:42+00:00","dateModified":"2015-09-05T17:13:42+00:00","mainEntityOfPage":{"@id":"https:\/\/www.visiterarles.com\/blog\/2015\/09\/05\/feria-du-riz-2015-a-arles-du-11-au-13-septembre\/"},"wordCount":126,"publisher":{"@id":"https:\/\/www.visiterarles.com\/en\/#organization"},"image":{"@id":"https:\/\/www.visiterarles.com\/blog\/2015\/09\/05\/feria-du-riz-2015-a-arles-du-11-au-13-septembre\/#primaryimage"},"thumbnailUrl":"https:\/\/www.visiterarles.com\/wp-content\/uploads\/2015\/09\/Feria-du-riz-2015-Navettes-de-nuit-gratuites-avec-Envia-Copier.jpg","articleSection":["Actualit\u00e9s","Culture","\u00c9v\u00e9nement"],"inLanguage":"en-GB"},{"@type":"WebPage","@id":"https:\/\/www.visiterarles.com\/blog\/2015\/09\/05\/feria-du-riz-2015-a-arles-du-11-au-13-septembre\/","url":"https:\/\/www.visiterarles.com\/blog\/2015\/09\/05\/feria-du-riz-2015-a-arles-du-11-au-13-septembre\/","name":"F\u00e9ria du riz 2015 \u00e0 Arles du 11 au 13 septembre - Visiter Arles","isPartOf":{"@id":"https:\/\/www.visiterarles.com\/en\/#website"},"primaryImageOfPage":{"@id":"https:\/\/www.visiterarles.com\/blog\/2015\/09\/05\/feria-du-riz-2015-a-arles-du-11-au-13-septembre\/#primaryimage"},"image":{"@id":"https:\/\/www.visiterarles.com\/blog\/2015\/09\/05\/feria-du-riz-2015-a-arles-du-11-au-13-septembre\/#primaryimage"},"thumbnailUrl":"https:\/\/www.visiterarles.com\/wp-content\/uploads\/2015\/09\/Feria-du-riz-2015-Navettes-de-nuit-gratuites-avec-Envia-Copier.jpg","datePublished":"2015-09-05T17:13:42+00:00","dateModified":"2015-09-05T17:13:42+00:00","breadcrumb":{"@id":"https:\/\/www.visiterarles.com\/blog\/2015\/09\/05\/feria-du-riz-2015-a-arles-du-11-au-13-septembre\/#breadcrumb"},"inLanguage":"en-GB","potentialAction":[{"@type":"ReadAction","target":["https:\/\/www.visiterarles.com\/blog\/2015\/09\/05\/feria-du-riz-2015-a-arles-du-11-au-13-septembre\/"]}]},{"@type":"ImageObject","inLanguage":"en-GB","@id":"https:\/\/www.visiterarles.com\/blog\/2015\/09\/05\/feria-du-riz-2015-a-arles-du-11-au-13-septembre\/#primaryimage","url":"https:\/\/www.visiterarles.com\/wp-content\/uploads\/2015\/09\/Feria-du-riz-2015-Navettes-de-nuit-gratuites-avec-Envia-Copier.jpg","contentUrl":"https:\/\/www.visiterarles.com\/wp-content\/uploads\/2015\/09\/Feria-du-riz-2015-Navettes-de-nuit-gratuites-avec-Envia-Copier.jpg","width":338,"height":600,"caption":"F\u00e9ria du riz 2015 \u00e0 Arles du 11 au 13 septembre: Navettes de nuit gratuites avec Envia"},{"@type":"BreadcrumbList","@id":"https:\/\/www.visiterarles.com\/blog\/2015\/09\/05\/feria-du-riz-2015-a-arles-du-11-au-13-septembre\/#breadcrumb","itemListElement":[{"@type":"ListItem","position":1,"name":"Home","item":"https:\/\/www.visiterarles.com\/"},{"@type":"ListItem","position":2,"name":"F\u00e9ria du riz 2015 \u00e0 Arles du 11 au 13 septembre"}]},{"@type":"WebSite","@id":"https:\/\/www.visiterarles.com\/en\/#website","url":"https:\/\/www.visiterarles.com\/en\/","name":"Visiter Arles","description":"Tourisme en Provence \u00e0 Arles","publisher":{"@id":"https:\/\/www.visiterarles.com\/en\/#organization"},"potentialAction":[{"@type":"SearchAction","target":{"@type":"EntryPoint","urlTemplate":"https:\/\/www.visiterarles.com\/en\/?s={search_term_string}"},"query-input":"required name=search_term_string"}],"inLanguage":"en-GB"},{"@type":"Organization","@id":"https:\/\/www.visiterarles.com\/en\/#organization","name":"Visiter Arles","url":"https:\/\/www.visiterarles.com\/en\/","logo":{"@type":"ImageObject","inLanguage":"en-GB","@id":"https:\/\/www.visiterarles.com\/en\/#\/schema\/logo\/image\/","url":"https:\/\/www.visiterarles.com\/wp-content\/uploads\/2017\/10\/taco-and-co-1-1.jpg","contentUrl":"https:\/\/www.visiterarles.com\/wp-content\/uploads\/2017\/10\/taco-and-co-1-1.jpg","width":124,"height":73,"caption":"Visiter Arles"},"image":{"@id":"https:\/\/www.visiterarles.com\/en\/#\/schema\/logo\/image\/"}},{"@type":"Person","@id":"https:\/\/www.visiterarles.com\/en\/#\/schema\/person\/ba5912e4613018f479a2d86815a53576","name":"Linkadm","image":{"@type":"ImageObject","inLanguage":"en-GB","@id":"https:\/\/www.visiterarles.com\/en\/#\/schema\/person\/image\/","url":"https:\/\/secure.gravatar.com\/avatar\/4709ec209921503e8d8cc96168eddc49?s=96&d=mm&r=g","contentUrl":"https:\/\/secure.gravatar.com\/avatar\/4709ec209921503e8d8cc96168eddc49?s=96&d=mm&r=g","caption":"Linkadm"},"url":"https:\/\/www.visiterarles.com\/en\/blog\/author\/admin\/"}]}},"_links":{"self":[{"href":"https:\/\/www.visiterarles.com\/en\/wp-json\/wp\/v2\/posts\/29466"}],"collection":[{"href":"https:\/\/www.visiterarles.com\/en\/wp-json\/wp\/v2\/posts"}],"about":[{"href":"https:\/\/www.visiterarles.com\/en\/wp-json\/wp\/v2\/types\/post"}],"author":[{"embeddable":true,"href":"https:\/\/www.visiterarles.com\/en\/wp-json\/wp\/v2\/users\/1"}],"replies":[{"embeddable":true,"href":"https:\/\/www.visiterarles.com\/en\/wp-json\/wp\/v2\/comments?post=29466"}],"version-history":[{"count":0,"href":"https:\/\/www.visiterarles.com\/en\/wp-json\/wp\/v2\/posts\/29466\/revisions"}],"wp:featuredmedia":[{"embeddable":true,"href":"https:\/\/www.visiterarles.com\/en\/wp-json\/wp\/v2\/media\/29467"}],"wp:attachment":[{"href":"https:\/\/www.visiterarles.com\/en\/wp-json\/wp\/v2\/media?parent=29466"}],"wp:term":[{"taxonomy":"category","embeddable":true,"href":"https:\/\/www.visiterarles.com\/en\/wp-json\/wp\/v2\/categories?post=29466"},{"taxonomy":"post_tag","embeddable":true,"href":"https:\/\/www.visiterarles.com\/en\/wp-json\/wp\/v2\/tags?post=29466"}],"curies":[{"name":"wp","href":"https:\/\/api.w.org\/{rel}","templated":true}]}}