{"id":29697,"date":"2014-07-25T09:23:00","date_gmt":"2014-07-25T09:23:00","guid":{"rendered":"http:\/\/www.visiterarles.com\/pour-visiter-les-musees-arles-centre-ville-balade-en-velo-131\/"},"modified":"2014-07-25T09:23:00","modified_gmt":"2014-07-25T09:23:00","slug":"pour-visiter-les-musees-arles-centre-ville-balade-en-velo-131","status":"publish","type":"post","link":"https:\/\/www.visiterarles.com\/en\/blog\/2014\/07\/25\/pour-visiter-les-musees-arles-centre-ville-balade-en-velo-131\/","title":{"rendered":"Pour visiter les mus\u00e9es Arles centre ville : balade en v\u00e9lo"},"content":{"rendered":"<h4>Votre balade en v\u00e9lo sur Arles centre ville, pour visiter les mus\u00e9es avec Taco  and  co<\/h4>\n<p>Arles s&rsquo;av\u00e8re \u00eatre une cit\u00e9 magnifique, les manifestations culturelles, et les lieux prodigieux, comme les cryptoportiques, le marais du vigueirat o\u00f9 le clo\u00eetre saint trophime sont pl\u00e9thoriques. Pour permettre de profiter pleinement des richesses de la ville, avec le sentiment d&rsquo;\u0153uvrer tout en respectant l\u2019environnement, une balade en v\u00e9lo pour visiter les mus\u00e9es \u00e0 Arles centre ville va vous permettre de profiter de la vie.<\/p>\n<h4>Pourquoi choisir notre balade en v\u00e9lo pour visiter les mus\u00e9es \u00e0 Arles :<\/h4>\n<p>Faire la d\u00e9couverte du tr\u00e8s beau capital de la commune par le biais d&rsquo;une balade en v\u00e9lo pour visiter les mus\u00e9es dans Arles peut \u00eatre une solution adapt\u00e9e pour toute entit\u00e9 qui en a envie. Au sein m\u00eame de la gare sncf, en arrivant \u00e0 Arles, vous pourrez demander une balade en v\u00e9lo. Les clients de tous horizons appr\u00e9cieront une <a href=\"http:\/\/www.visiterarles.com\/en\/arles-balade-en-velo-pour-visiter-les-musees-1435\/\">balade en v\u00e9lo sur Arles<\/a>, pour visiter les mus\u00e9es qui leur plaira tr\u00e8s certainement.<\/p>","protected":false},"excerpt":{"rendered":"<p>Votre balade en v\u00e9lo sur Arles centre ville, pour visiter les mus\u00e9es avec Taco and co Arles s&rsquo;av\u00e8re \u00eatre une cit\u00e9 magnifique, les manifestations culturelles, et les lieux prodigieux, comme les cryptoportiques, le marais du vigueirat o\u00f9 le clo\u00eetre saint trophime sont pl\u00e9thoriques. Pour permettre de profiter pleinement des richesses de la ville, avec le [&hellip;]<\/p>","protected":false},"author":1,"featured_media":0,"comment_status":"open","ping_status":"open","sticky":false,"template":"","format":"standard","meta":{"footnotes":""},"categories":[55],"tags":[],"aioseo_notices":[],"yoast_head":"<!-- This site is optimized with the Yoast SEO plugin v22.3 - https:\/\/yoast.com\/wordpress\/plugins\/seo\/ -->\n<title>Pour visiter les mus\u00e9es Arles centre ville : balade en v\u00e9lo - Visiter Arles<\/title>\n<meta name=\"robots\" content=\"index, follow, max-snippet:-1, max-image-preview:large, max-video-preview:-1\" \/>\n<link rel=\"canonical\" href=\"https:\/\/www.visiterarles.com\/en\/blog\/2014\/07\/25\/pour-visiter-les-musees-arles-centre-ville-balade-en-velo-131\/\" \/>\n<meta name=\"twitter:label1\" content=\"Written by\" \/>\n\t<meta name=\"twitter:data1\" content=\"Linkadm\" \/>\n\t<meta name=\"twitter:label2\" content=\"Estimated reading time\" \/>\n\t<meta name=\"twitter:data2\" content=\"1 minute\" \/>\n<script type=\"application\/ld+json\" class=\"yoast-schema-graph\">{\"@context\":\"https:\/\/schema.org\",\"@graph\":[{\"@type\":\"Article\",\"@id\":\"https:\/\/www.visiterarles.com\/blog\/2014\/07\/25\/pour-visiter-les-musees-arles-centre-ville-balade-en-velo-131\/#article\",\"isPartOf\":{\"@id\":\"https:\/\/www.visiterarles.com\/blog\/2014\/07\/25\/pour-visiter-les-musees-arles-centre-ville-balade-en-velo-131\/\"},\"author\":{\"name\":\"Linkadm\",\"@id\":\"https:\/\/www.visiterarles.com\/en\/#\/schema\/person\/ba5912e4613018f479a2d86815a53576\"},\"headline\":\"Pour visiter les mus\u00e9es Arles centre ville : balade en v\u00e9lo\",\"datePublished\":\"2014-07-25T09:23:00+00:00\",\"dateModified\":\"2014-07-25T09:23:00+00:00\",\"mainEntityOfPage\":{\"@id\":\"https:\/\/www.visiterarles.com\/blog\/2014\/07\/25\/pour-visiter-les-musees-arles-centre-ville-balade-en-velo-131\/\"},\"wordCount\":200,\"commentCount\":0,\"publisher\":{\"@id\":\"https:\/\/www.visiterarles.com\/en\/#organization\"},\"articleSection\":[\"Informations\"],\"inLanguage\":\"en-GB\",\"potentialAction\":[{\"@type\":\"CommentAction\",\"name\":\"Comment\",\"target\":[\"https:\/\/www.visiterarles.com\/blog\/2014\/07\/25\/pour-visiter-les-musees-arles-centre-ville-balade-en-velo-131\/#respond\"]}]},{\"@type\":\"WebPage\",\"@id\":\"https:\/\/www.visiterarles.com\/blog\/2014\/07\/25\/pour-visiter-les-musees-arles-centre-ville-balade-en-velo-131\/\",\"url\":\"https:\/\/www.visiterarles.com\/blog\/2014\/07\/25\/pour-visiter-les-musees-arles-centre-ville-balade-en-velo-131\/\",\"name\":\"Pour visiter les mus\u00e9es Arles centre ville : balade en v\u00e9lo - Visiter Arles\",\"isPartOf\":{\"@id\":\"https:\/\/www.visiterarles.com\/en\/#website\"},\"datePublished\":\"2014-07-25T09:23:00+00:00\",\"dateModified\":\"2014-07-25T09:23:00+00:00\",\"breadcrumb\":{\"@id\":\"https:\/\/www.visiterarles.com\/blog\/2014\/07\/25\/pour-visiter-les-musees-arles-centre-ville-balade-en-velo-131\/#breadcrumb\"},\"inLanguage\":\"en-GB\",\"potentialAction\":[{\"@type\":\"ReadAction\",\"target\":[\"https:\/\/www.visiterarles.com\/blog\/2014\/07\/25\/pour-visiter-les-musees-arles-centre-ville-balade-en-velo-131\/\"]}]},{\"@type\":\"BreadcrumbList\",\"@id\":\"https:\/\/www.visiterarles.com\/blog\/2014\/07\/25\/pour-visiter-les-musees-arles-centre-ville-balade-en-velo-131\/#breadcrumb\",\"itemListElement\":[{\"@type\":\"ListItem\",\"position\":1,\"name\":\"Home\",\"item\":\"https:\/\/www.visiterarles.com\/\"},{\"@type\":\"ListItem\",\"position\":2,\"name\":\"Pour visiter les mus\u00e9es Arles centre ville : balade en v\u00e9lo\"}]},{\"@type\":\"WebSite\",\"@id\":\"https:\/\/www.visiterarles.com\/en\/#website\",\"url\":\"https:\/\/www.visiterarles.com\/en\/\",\"name\":\"Visiter Arles\",\"description\":\"Tourisme en Provence \u00e0 Arles\",\"publisher\":{\"@id\":\"https:\/\/www.visiterarles.com\/en\/#organization\"},\"potentialAction\":[{\"@type\":\"SearchAction\",\"target\":{\"@type\":\"EntryPoint\",\"urlTemplate\":\"https:\/\/www.visiterarles.com\/en\/?s={search_term_string}\"},\"query-input\":\"required name=search_term_string\"}],\"inLanguage\":\"en-GB\"},{\"@type\":\"Organization\",\"@id\":\"https:\/\/www.visiterarles.com\/en\/#organization\",\"name\":\"Visiter Arles\",\"url\":\"https:\/\/www.visiterarles.com\/en\/\",\"logo\":{\"@type\":\"ImageObject\",\"inLanguage\":\"en-GB\",\"@id\":\"https:\/\/www.visiterarles.com\/en\/#\/schema\/logo\/image\/\",\"url\":\"https:\/\/www.visiterarles.com\/wp-content\/uploads\/2017\/10\/taco-and-co-1-1.jpg\",\"contentUrl\":\"https:\/\/www.visiterarles.com\/wp-content\/uploads\/2017\/10\/taco-and-co-1-1.jpg\",\"width\":124,\"height\":73,\"caption\":\"Visiter Arles\"},\"image\":{\"@id\":\"https:\/\/www.visiterarles.com\/en\/#\/schema\/logo\/image\/\"}},{\"@type\":\"Person\",\"@id\":\"https:\/\/www.visiterarles.com\/en\/#\/schema\/person\/ba5912e4613018f479a2d86815a53576\",\"name\":\"Linkadm\",\"image\":{\"@type\":\"ImageObject\",\"inLanguage\":\"en-GB\",\"@id\":\"https:\/\/www.visiterarles.com\/en\/#\/schema\/person\/image\/\",\"url\":\"https:\/\/secure.gravatar.com\/avatar\/4709ec209921503e8d8cc96168eddc49?s=96&d=mm&r=g\",\"contentUrl\":\"https:\/\/secure.gravatar.com\/avatar\/4709ec209921503e8d8cc96168eddc49?s=96&d=mm&r=g\",\"caption\":\"Linkadm\"},\"url\":\"https:\/\/www.visiterarles.com\/en\/blog\/author\/admin\/\"}]}<\/script>\n<!-- \/ Yoast SEO plugin. -->","yoast_head_json":{"title":"Pour visiter les mus\u00e9es Arles centre ville : balade en v\u00e9lo - Visiter Arles","robots":{"index":"index","follow":"follow","max-snippet":"max-snippet:-1","max-image-preview":"max-image-preview:large","max-video-preview":"max-video-preview:-1"},"canonical":"https:\/\/www.visiterarles.com\/en\/blog\/2014\/07\/25\/pour-visiter-les-musees-arles-centre-ville-balade-en-velo-131\/","twitter_misc":{"Written by":"Linkadm","Estimated reading time":"1 minute"},"schema":{"@context":"https:\/\/schema.org","@graph":[{"@type":"Article","@id":"https:\/\/www.visiterarles.com\/blog\/2014\/07\/25\/pour-visiter-les-musees-arles-centre-ville-balade-en-velo-131\/#article","isPartOf":{"@id":"https:\/\/www.visiterarles.com\/blog\/2014\/07\/25\/pour-visiter-les-musees-arles-centre-ville-balade-en-velo-131\/"},"author":{"name":"Linkadm","@id":"https:\/\/www.visiterarles.com\/en\/#\/schema\/person\/ba5912e4613018f479a2d86815a53576"},"headline":"Pour visiter les mus\u00e9es Arles centre ville : balade en v\u00e9lo","datePublished":"2014-07-25T09:23:00+00:00","dateModified":"2014-07-25T09:23:00+00:00","mainEntityOfPage":{"@id":"https:\/\/www.visiterarles.com\/blog\/2014\/07\/25\/pour-visiter-les-musees-arles-centre-ville-balade-en-velo-131\/"},"wordCount":200,"commentCount":0,"publisher":{"@id":"https:\/\/www.visiterarles.com\/en\/#organization"},"articleSection":["Informations"],"inLanguage":"en-GB","potentialAction":[{"@type":"CommentAction","name":"Comment","target":["https:\/\/www.visiterarles.com\/blog\/2014\/07\/25\/pour-visiter-les-musees-arles-centre-ville-balade-en-velo-131\/#respond"]}]},{"@type":"WebPage","@id":"https:\/\/www.visiterarles.com\/blog\/2014\/07\/25\/pour-visiter-les-musees-arles-centre-ville-balade-en-velo-131\/","url":"https:\/\/www.visiterarles.com\/blog\/2014\/07\/25\/pour-visiter-les-musees-arles-centre-ville-balade-en-velo-131\/","name":"Pour visiter les mus\u00e9es Arles centre ville : balade en v\u00e9lo - Visiter Arles","isPartOf":{"@id":"https:\/\/www.visiterarles.com\/en\/#website"},"datePublished":"2014-07-25T09:23:00+00:00","dateModified":"2014-07-25T09:23:00+00:00","breadcrumb":{"@id":"https:\/\/www.visiterarles.com\/blog\/2014\/07\/25\/pour-visiter-les-musees-arles-centre-ville-balade-en-velo-131\/#breadcrumb"},"inLanguage":"en-GB","potentialAction":[{"@type":"ReadAction","target":["https:\/\/www.visiterarles.com\/blog\/2014\/07\/25\/pour-visiter-les-musees-arles-centre-ville-balade-en-velo-131\/"]}]},{"@type":"BreadcrumbList","@id":"https:\/\/www.visiterarles.com\/blog\/2014\/07\/25\/pour-visiter-les-musees-arles-centre-ville-balade-en-velo-131\/#breadcrumb","itemListElement":[{"@type":"ListItem","position":1,"name":"Home","item":"https:\/\/www.visiterarles.com\/"},{"@type":"ListItem","position":2,"name":"Pour visiter les mus\u00e9es Arles centre ville : balade en v\u00e9lo"}]},{"@type":"WebSite","@id":"https:\/\/www.visiterarles.com\/en\/#website","url":"https:\/\/www.visiterarles.com\/en\/","name":"Visiter Arles","description":"Tourisme en Provence \u00e0 Arles","publisher":{"@id":"https:\/\/www.visiterarles.com\/en\/#organization"},"potentialAction":[{"@type":"SearchAction","target":{"@type":"EntryPoint","urlTemplate":"https:\/\/www.visiterarles.com\/en\/?s={search_term_string}"},"query-input":"required name=search_term_string"}],"inLanguage":"en-GB"},{"@type":"Organization","@id":"https:\/\/www.visiterarles.com\/en\/#organization","name":"Visiter Arles","url":"https:\/\/www.visiterarles.com\/en\/","logo":{"@type":"ImageObject","inLanguage":"en-GB","@id":"https:\/\/www.visiterarles.com\/en\/#\/schema\/logo\/image\/","url":"https:\/\/www.visiterarles.com\/wp-content\/uploads\/2017\/10\/taco-and-co-1-1.jpg","contentUrl":"https:\/\/www.visiterarles.com\/wp-content\/uploads\/2017\/10\/taco-and-co-1-1.jpg","width":124,"height":73,"caption":"Visiter Arles"},"image":{"@id":"https:\/\/www.visiterarles.com\/en\/#\/schema\/logo\/image\/"}},{"@type":"Person","@id":"https:\/\/www.visiterarles.com\/en\/#\/schema\/person\/ba5912e4613018f479a2d86815a53576","name":"Linkadm","image":{"@type":"ImageObject","inLanguage":"en-GB","@id":"https:\/\/www.visiterarles.com\/en\/#\/schema\/person\/image\/","url":"https:\/\/secure.gravatar.com\/avatar\/4709ec209921503e8d8cc96168eddc49?s=96&d=mm&r=g","contentUrl":"https:\/\/secure.gravatar.com\/avatar\/4709ec209921503e8d8cc96168eddc49?s=96&d=mm&r=g","caption":"Linkadm"},"url":"https:\/\/www.visiterarles.com\/en\/blog\/author\/admin\/"}]}},"_links":{"self":[{"href":"https:\/\/www.visiterarles.com\/en\/wp-json\/wp\/v2\/posts\/29697"}],"collection":[{"href":"https:\/\/www.visiterarles.com\/en\/wp-json\/wp\/v2\/posts"}],"about":[{"href":"https:\/\/www.visiterarles.com\/en\/wp-json\/wp\/v2\/types\/post"}],"author":[{"embeddable":true,"href":"https:\/\/www.visiterarles.com\/en\/wp-json\/wp\/v2\/users\/1"}],"replies":[{"embeddable":true,"href":"https:\/\/www.visiterarles.com\/en\/wp-json\/wp\/v2\/comments?post=29697"}],"version-history":[{"count":0,"href":"https:\/\/www.visiterarles.com\/en\/wp-json\/wp\/v2\/posts\/29697\/revisions"}],"wp:attachment":[{"href":"https:\/\/www.visiterarles.com\/en\/wp-json\/wp\/v2\/media?parent=29697"}],"wp:term":[{"taxonomy":"category","embeddable":true,"href":"https:\/\/www.visiterarles.com\/en\/wp-json\/wp\/v2\/categories?post=29697"},{"taxonomy":"post_tag","embeddable":true,"href":"https:\/\/www.visiterarles.com\/en\/wp-json\/wp\/v2\/tags?post=29697"}],"curies":[{"name":"wp","href":"https:\/\/api.w.org\/{rel}","templated":true}]}}