{"id":29705,"date":"2014-07-26T14:10:00","date_gmt":"2014-07-26T14:10:00","guid":{"rendered":"http:\/\/www.visiterarles.com\/arles-les-alyscs-selectionner-votre-balade-en-velo-pour-visiter-les-musees-1404\/"},"modified":"2014-07-26T14:10:00","modified_gmt":"2014-07-26T14:10:00","slug":"arles-les-alyscs-selectionner-votre-balade-en-velo-pour-visiter-les-musees-1404","status":"publish","type":"post","link":"https:\/\/www.visiterarles.com\/en\/blog\/2014\/07\/26\/arles-les-alyscs-selectionner-votre-balade-en-velo-pour-visiter-les-musees-1404\/","title":{"rendered":"Arles les Alyscamps : s\u00e9lectionner votre balade en v\u00e9lo pour visiter les mus\u00e9es"},"content":{"rendered":"<h4>Balade en v\u00e9lo pour visiter les mus\u00e9es : o\u00f9 trouver un partenaire de confiance \u00e0 Arles les Alyscamps<\/h4>\n<p>Arles se trouve \u00eatre une ville splendide, les manifestations culturelles, de m\u00eame que les lieux prodigieux, comme les thermes de constantin, l&rsquo;ecomus\u00e9e du sel o\u00f9 l&rsquo;\u00e9glise saint blaise sont pl\u00e9thoriques. Pour vous faire jouir pleinement de la vie culturelle, avec l&rsquo;impression d&rsquo;\u0153uvrer de mani\u00e8re \u00e9cologique, une <a href=\"http:\/\/www.visiterarles.com\/en\/arles-balade-en-velo-pour-visiter-les-musees-1435\/\">balade en v\u00e9lo pour visiter les mus\u00e9es \u00e0 Arles<\/a> les Alyscamps va vous permettre de profiter de la vie.<\/p>\n<h4>Une solution \u00e9co-citoyenne : balade en v\u00e9lo pour visiter les mus\u00e9es au sein d&rsquo;Arles<\/h4>\n<p>Prendre connaissance du ravissant capital de la commune par le biais de notre balade en v\u00e9lo pour visiter les mus\u00e9es \u00e0 Arles peut para\u00eetre une offre appropri\u00e9e pour qui le d\u00e9sire. Peu importe o\u00f9 vous vous av\u00e9riez \u00eatre \u00e0 Arles, vous pourrez jouir pleinement d\u2019une appr\u00e9ciable balade en v\u00e9lo sereinement. Les clients de tous horizons adoreront notre balade en v\u00e9lo sur Arles, pour visiter les mus\u00e9es leur convenant sans aucun doute.<\/p>","protected":false},"excerpt":{"rendered":"<p>Balade en v\u00e9lo pour visiter les mus\u00e9es : o\u00f9 trouver un partenaire de confiance \u00e0 Arles les Alyscamps Arles se trouve \u00eatre une ville splendide, les manifestations culturelles, de m\u00eame que les lieux prodigieux, comme les thermes de constantin, l&rsquo;ecomus\u00e9e du sel o\u00f9 l&rsquo;\u00e9glise saint blaise sont pl\u00e9thoriques. Pour vous faire jouir pleinement de la [&hellip;]<\/p>","protected":false},"author":1,"featured_media":0,"comment_status":"open","ping_status":"open","sticky":false,"template":"","format":"standard","meta":{"footnotes":""},"categories":[55],"tags":[],"aioseo_notices":[],"yoast_head":"<!-- This site is optimized with the Yoast SEO plugin v22.3 - https:\/\/yoast.com\/wordpress\/plugins\/seo\/ -->\n<title>Arles les Alyscamps : s\u00e9lectionner votre balade en v\u00e9lo pour visiter les mus\u00e9es - Visiter Arles<\/title>\n<meta name=\"robots\" content=\"index, follow, max-snippet:-1, max-image-preview:large, max-video-preview:-1\" \/>\n<link rel=\"canonical\" href=\"https:\/\/www.visiterarles.com\/en\/blog\/2014\/07\/26\/arles-les-alyscs-selectionner-votre-balade-en-velo-pour-visiter-les-musees-1404\/\" \/>\n<meta name=\"twitter:label1\" content=\"Written by\" \/>\n\t<meta name=\"twitter:data1\" content=\"Linkadm\" \/>\n\t<meta name=\"twitter:label2\" content=\"Estimated reading time\" \/>\n\t<meta name=\"twitter:data2\" content=\"1 minute\" \/>\n<script type=\"application\/ld+json\" class=\"yoast-schema-graph\">{\"@context\":\"https:\/\/schema.org\",\"@graph\":[{\"@type\":\"Article\",\"@id\":\"https:\/\/www.visiterarles.com\/blog\/2014\/07\/26\/arles-les-alyscs-selectionner-votre-balade-en-velo-pour-visiter-les-musees-1404\/#article\",\"isPartOf\":{\"@id\":\"https:\/\/www.visiterarles.com\/blog\/2014\/07\/26\/arles-les-alyscs-selectionner-votre-balade-en-velo-pour-visiter-les-musees-1404\/\"},\"author\":{\"name\":\"Linkadm\",\"@id\":\"https:\/\/www.visiterarles.com\/en\/#\/schema\/person\/ba5912e4613018f479a2d86815a53576\"},\"headline\":\"Arles les Alyscamps : s\u00e9lectionner votre balade en v\u00e9lo pour visiter les mus\u00e9es\",\"datePublished\":\"2014-07-26T14:10:00+00:00\",\"dateModified\":\"2014-07-26T14:10:00+00:00\",\"mainEntityOfPage\":{\"@id\":\"https:\/\/www.visiterarles.com\/blog\/2014\/07\/26\/arles-les-alyscs-selectionner-votre-balade-en-velo-pour-visiter-les-musees-1404\/\"},\"wordCount\":203,\"commentCount\":0,\"publisher\":{\"@id\":\"https:\/\/www.visiterarles.com\/en\/#organization\"},\"articleSection\":[\"Informations\"],\"inLanguage\":\"en-GB\",\"potentialAction\":[{\"@type\":\"CommentAction\",\"name\":\"Comment\",\"target\":[\"https:\/\/www.visiterarles.com\/blog\/2014\/07\/26\/arles-les-alyscs-selectionner-votre-balade-en-velo-pour-visiter-les-musees-1404\/#respond\"]}]},{\"@type\":\"WebPage\",\"@id\":\"https:\/\/www.visiterarles.com\/blog\/2014\/07\/26\/arles-les-alyscs-selectionner-votre-balade-en-velo-pour-visiter-les-musees-1404\/\",\"url\":\"https:\/\/www.visiterarles.com\/blog\/2014\/07\/26\/arles-les-alyscs-selectionner-votre-balade-en-velo-pour-visiter-les-musees-1404\/\",\"name\":\"Arles les Alyscamps : s\u00e9lectionner votre balade en v\u00e9lo pour visiter les mus\u00e9es - Visiter Arles\",\"isPartOf\":{\"@id\":\"https:\/\/www.visiterarles.com\/en\/#website\"},\"datePublished\":\"2014-07-26T14:10:00+00:00\",\"dateModified\":\"2014-07-26T14:10:00+00:00\",\"breadcrumb\":{\"@id\":\"https:\/\/www.visiterarles.com\/blog\/2014\/07\/26\/arles-les-alyscs-selectionner-votre-balade-en-velo-pour-visiter-les-musees-1404\/#breadcrumb\"},\"inLanguage\":\"en-GB\",\"potentialAction\":[{\"@type\":\"ReadAction\",\"target\":[\"https:\/\/www.visiterarles.com\/blog\/2014\/07\/26\/arles-les-alyscs-selectionner-votre-balade-en-velo-pour-visiter-les-musees-1404\/\"]}]},{\"@type\":\"BreadcrumbList\",\"@id\":\"https:\/\/www.visiterarles.com\/blog\/2014\/07\/26\/arles-les-alyscs-selectionner-votre-balade-en-velo-pour-visiter-les-musees-1404\/#breadcrumb\",\"itemListElement\":[{\"@type\":\"ListItem\",\"position\":1,\"name\":\"Home\",\"item\":\"https:\/\/www.visiterarles.com\/\"},{\"@type\":\"ListItem\",\"position\":2,\"name\":\"Arles les Alyscamps : s\u00e9lectionner votre balade en v\u00e9lo pour visiter les mus\u00e9es\"}]},{\"@type\":\"WebSite\",\"@id\":\"https:\/\/www.visiterarles.com\/en\/#website\",\"url\":\"https:\/\/www.visiterarles.com\/en\/\",\"name\":\"Visiter Arles\",\"description\":\"Tourisme en Provence \u00e0 Arles\",\"publisher\":{\"@id\":\"https:\/\/www.visiterarles.com\/en\/#organization\"},\"potentialAction\":[{\"@type\":\"SearchAction\",\"target\":{\"@type\":\"EntryPoint\",\"urlTemplate\":\"https:\/\/www.visiterarles.com\/en\/?s={search_term_string}\"},\"query-input\":\"required name=search_term_string\"}],\"inLanguage\":\"en-GB\"},{\"@type\":\"Organization\",\"@id\":\"https:\/\/www.visiterarles.com\/en\/#organization\",\"name\":\"Visiter Arles\",\"url\":\"https:\/\/www.visiterarles.com\/en\/\",\"logo\":{\"@type\":\"ImageObject\",\"inLanguage\":\"en-GB\",\"@id\":\"https:\/\/www.visiterarles.com\/en\/#\/schema\/logo\/image\/\",\"url\":\"https:\/\/www.visiterarles.com\/wp-content\/uploads\/2017\/10\/taco-and-co-1-1.jpg\",\"contentUrl\":\"https:\/\/www.visiterarles.com\/wp-content\/uploads\/2017\/10\/taco-and-co-1-1.jpg\",\"width\":124,\"height\":73,\"caption\":\"Visiter Arles\"},\"image\":{\"@id\":\"https:\/\/www.visiterarles.com\/en\/#\/schema\/logo\/image\/\"}},{\"@type\":\"Person\",\"@id\":\"https:\/\/www.visiterarles.com\/en\/#\/schema\/person\/ba5912e4613018f479a2d86815a53576\",\"name\":\"Linkadm\",\"image\":{\"@type\":\"ImageObject\",\"inLanguage\":\"en-GB\",\"@id\":\"https:\/\/www.visiterarles.com\/en\/#\/schema\/person\/image\/\",\"url\":\"https:\/\/secure.gravatar.com\/avatar\/4709ec209921503e8d8cc96168eddc49?s=96&d=mm&r=g\",\"contentUrl\":\"https:\/\/secure.gravatar.com\/avatar\/4709ec209921503e8d8cc96168eddc49?s=96&d=mm&r=g\",\"caption\":\"Linkadm\"},\"url\":\"https:\/\/www.visiterarles.com\/en\/blog\/author\/admin\/\"}]}<\/script>\n<!-- \/ Yoast SEO plugin. -->","yoast_head_json":{"title":"Arles les Alyscamps : s\u00e9lectionner votre balade en v\u00e9lo pour visiter les mus\u00e9es - Visiter Arles","robots":{"index":"index","follow":"follow","max-snippet":"max-snippet:-1","max-image-preview":"max-image-preview:large","max-video-preview":"max-video-preview:-1"},"canonical":"https:\/\/www.visiterarles.com\/en\/blog\/2014\/07\/26\/arles-les-alyscs-selectionner-votre-balade-en-velo-pour-visiter-les-musees-1404\/","twitter_misc":{"Written by":"Linkadm","Estimated reading time":"1 minute"},"schema":{"@context":"https:\/\/schema.org","@graph":[{"@type":"Article","@id":"https:\/\/www.visiterarles.com\/blog\/2014\/07\/26\/arles-les-alyscs-selectionner-votre-balade-en-velo-pour-visiter-les-musees-1404\/#article","isPartOf":{"@id":"https:\/\/www.visiterarles.com\/blog\/2014\/07\/26\/arles-les-alyscs-selectionner-votre-balade-en-velo-pour-visiter-les-musees-1404\/"},"author":{"name":"Linkadm","@id":"https:\/\/www.visiterarles.com\/en\/#\/schema\/person\/ba5912e4613018f479a2d86815a53576"},"headline":"Arles les Alyscamps : s\u00e9lectionner votre balade en v\u00e9lo pour visiter les mus\u00e9es","datePublished":"2014-07-26T14:10:00+00:00","dateModified":"2014-07-26T14:10:00+00:00","mainEntityOfPage":{"@id":"https:\/\/www.visiterarles.com\/blog\/2014\/07\/26\/arles-les-alyscs-selectionner-votre-balade-en-velo-pour-visiter-les-musees-1404\/"},"wordCount":203,"commentCount":0,"publisher":{"@id":"https:\/\/www.visiterarles.com\/en\/#organization"},"articleSection":["Informations"],"inLanguage":"en-GB","potentialAction":[{"@type":"CommentAction","name":"Comment","target":["https:\/\/www.visiterarles.com\/blog\/2014\/07\/26\/arles-les-alyscs-selectionner-votre-balade-en-velo-pour-visiter-les-musees-1404\/#respond"]}]},{"@type":"WebPage","@id":"https:\/\/www.visiterarles.com\/blog\/2014\/07\/26\/arles-les-alyscs-selectionner-votre-balade-en-velo-pour-visiter-les-musees-1404\/","url":"https:\/\/www.visiterarles.com\/blog\/2014\/07\/26\/arles-les-alyscs-selectionner-votre-balade-en-velo-pour-visiter-les-musees-1404\/","name":"Arles les Alyscamps : s\u00e9lectionner votre balade en v\u00e9lo pour visiter les mus\u00e9es - Visiter Arles","isPartOf":{"@id":"https:\/\/www.visiterarles.com\/en\/#website"},"datePublished":"2014-07-26T14:10:00+00:00","dateModified":"2014-07-26T14:10:00+00:00","breadcrumb":{"@id":"https:\/\/www.visiterarles.com\/blog\/2014\/07\/26\/arles-les-alyscs-selectionner-votre-balade-en-velo-pour-visiter-les-musees-1404\/#breadcrumb"},"inLanguage":"en-GB","potentialAction":[{"@type":"ReadAction","target":["https:\/\/www.visiterarles.com\/blog\/2014\/07\/26\/arles-les-alyscs-selectionner-votre-balade-en-velo-pour-visiter-les-musees-1404\/"]}]},{"@type":"BreadcrumbList","@id":"https:\/\/www.visiterarles.com\/blog\/2014\/07\/26\/arles-les-alyscs-selectionner-votre-balade-en-velo-pour-visiter-les-musees-1404\/#breadcrumb","itemListElement":[{"@type":"ListItem","position":1,"name":"Home","item":"https:\/\/www.visiterarles.com\/"},{"@type":"ListItem","position":2,"name":"Arles les Alyscamps : s\u00e9lectionner votre balade en v\u00e9lo pour visiter les mus\u00e9es"}]},{"@type":"WebSite","@id":"https:\/\/www.visiterarles.com\/en\/#website","url":"https:\/\/www.visiterarles.com\/en\/","name":"Visiter Arles","description":"Tourisme en Provence \u00e0 Arles","publisher":{"@id":"https:\/\/www.visiterarles.com\/en\/#organization"},"potentialAction":[{"@type":"SearchAction","target":{"@type":"EntryPoint","urlTemplate":"https:\/\/www.visiterarles.com\/en\/?s={search_term_string}"},"query-input":"required name=search_term_string"}],"inLanguage":"en-GB"},{"@type":"Organization","@id":"https:\/\/www.visiterarles.com\/en\/#organization","name":"Visiter Arles","url":"https:\/\/www.visiterarles.com\/en\/","logo":{"@type":"ImageObject","inLanguage":"en-GB","@id":"https:\/\/www.visiterarles.com\/en\/#\/schema\/logo\/image\/","url":"https:\/\/www.visiterarles.com\/wp-content\/uploads\/2017\/10\/taco-and-co-1-1.jpg","contentUrl":"https:\/\/www.visiterarles.com\/wp-content\/uploads\/2017\/10\/taco-and-co-1-1.jpg","width":124,"height":73,"caption":"Visiter Arles"},"image":{"@id":"https:\/\/www.visiterarles.com\/en\/#\/schema\/logo\/image\/"}},{"@type":"Person","@id":"https:\/\/www.visiterarles.com\/en\/#\/schema\/person\/ba5912e4613018f479a2d86815a53576","name":"Linkadm","image":{"@type":"ImageObject","inLanguage":"en-GB","@id":"https:\/\/www.visiterarles.com\/en\/#\/schema\/person\/image\/","url":"https:\/\/secure.gravatar.com\/avatar\/4709ec209921503e8d8cc96168eddc49?s=96&d=mm&r=g","contentUrl":"https:\/\/secure.gravatar.com\/avatar\/4709ec209921503e8d8cc96168eddc49?s=96&d=mm&r=g","caption":"Linkadm"},"url":"https:\/\/www.visiterarles.com\/en\/blog\/author\/admin\/"}]}},"_links":{"self":[{"href":"https:\/\/www.visiterarles.com\/en\/wp-json\/wp\/v2\/posts\/29705"}],"collection":[{"href":"https:\/\/www.visiterarles.com\/en\/wp-json\/wp\/v2\/posts"}],"about":[{"href":"https:\/\/www.visiterarles.com\/en\/wp-json\/wp\/v2\/types\/post"}],"author":[{"embeddable":true,"href":"https:\/\/www.visiterarles.com\/en\/wp-json\/wp\/v2\/users\/1"}],"replies":[{"embeddable":true,"href":"https:\/\/www.visiterarles.com\/en\/wp-json\/wp\/v2\/comments?post=29705"}],"version-history":[{"count":0,"href":"https:\/\/www.visiterarles.com\/en\/wp-json\/wp\/v2\/posts\/29705\/revisions"}],"wp:attachment":[{"href":"https:\/\/www.visiterarles.com\/en\/wp-json\/wp\/v2\/media?parent=29705"}],"wp:term":[{"taxonomy":"category","embeddable":true,"href":"https:\/\/www.visiterarles.com\/en\/wp-json\/wp\/v2\/categories?post=29705"},{"taxonomy":"post_tag","embeddable":true,"href":"https:\/\/www.visiterarles.com\/en\/wp-json\/wp\/v2\/tags?post=29705"}],"curies":[{"name":"wp","href":"https:\/\/api.w.org\/{rel}","templated":true}]}}