{"id":29707,"date":"2014-07-26T16:13:00","date_gmt":"2014-07-26T16:13:00","guid":{"rendered":"http:\/\/www.visiterarles.com\/bon-plan-pour-decouvrir-les-monuments-historiques-arles-quartier-des-arenes-la-balade-en-velo-708\/"},"modified":"2014-07-26T16:13:00","modified_gmt":"2014-07-26T16:13:00","slug":"bon-plan-pour-decouvrir-les-monuments-historiques-arles-quartier-des-arenes-la-balade-en-velo-708","status":"publish","type":"post","link":"https:\/\/www.visiterarles.com\/en\/blog\/2014\/07\/26\/bon-plan-pour-decouvrir-les-monuments-historiques-arles-quartier-des-arenes-la-balade-en-velo-708\/","title":{"rendered":"Bon plan pour d\u00e9couvrir les monuments historiques Arles quartier des ar\u00e8nes : la balade en v\u00e9lo"},"content":{"rendered":"<h4>Balade en v\u00e9lo pour d\u00e9couvrir les monuments historiques : o\u00f9 trouver un contact fiable \u00e0 Arles quartier des ar\u00e8nes<\/h4>\n<p>Les thermes de constantin, le village de salins o\u00f9 alors le march\u00e9 de provence, par le biais de notre balade en v\u00e9lo pour d\u00e9couvrir les monuments historiques \u00e0 Arles quartier des ar\u00e8nes, sont des monuments que vous ne manquerez pas au sein de cette commune magnifique. Taco and co, de mani\u00e8re \u00e0 vous aider \u00e0 jouir pleinement de l\u2019existence, ne manquera pas de vous montrer, avec la sensation d&rsquo;\u0153uvrer de fa\u00e7on \u00e9cologique, le meilleur des richesses de la ville dans cette ville magnifique, par l&rsquo;interm\u00e9diaire d&rsquo;une balade en v\u00e9lo pour d\u00e9couvrir les monuments historiques \u00e0 Arles quartier des ar\u00e8nes.<\/p>\n<h4>Arles : de quelle fa\u00e7on s\u2019y prendre pour rep\u00e9rer votre balade en v\u00e9lo pour d\u00e9couvrir les monuments historiques<\/h4>\n<p>Faire la visite du tr\u00e8s beau capital de la commune par l&rsquo;interm\u00e9diaire de la balade en v\u00e9lo pour d\u00e9couvrir les monuments historiques sur Arles peut s&rsquo;av\u00e9rer \u00eatre une offre appropri\u00e9e pour chaque entit\u00e9 qui le souhaite. Dans la gare sncf, en arrivant \u00e0 Arles, vous pourrez solliciter notre balade en v\u00e9lo. Pour les passionn\u00e9s, notre <a href=\"http:\/\/www.visiterarles.com\/en\/arles-balade-en-velo-pour-decouvrir-les-monuments-historiques-1039\/\">balade en v\u00e9lo sur Arles<\/a>, pour d\u00e9couvrir les monuments historiques correspondra aux aspirations des visiteurs de tout poil, c\u2019est s\u00fbr.<\/p>","protected":false},"excerpt":{"rendered":"<p>Balade en v\u00e9lo pour d\u00e9couvrir les monuments historiques : o\u00f9 trouver un contact fiable \u00e0 Arles quartier des ar\u00e8nes Les thermes de constantin, le village de salins o\u00f9 alors le march\u00e9 de provence, par le biais de notre balade en v\u00e9lo pour d\u00e9couvrir les monuments historiques \u00e0 Arles quartier des ar\u00e8nes, sont des monuments que [&hellip;]<\/p>","protected":false},"author":1,"featured_media":0,"comment_status":"open","ping_status":"open","sticky":false,"template":"","format":"standard","meta":{"footnotes":""},"categories":[55],"tags":[],"aioseo_notices":[],"yoast_head":"<!-- This site is optimized with the Yoast SEO plugin v22.3 - https:\/\/yoast.com\/wordpress\/plugins\/seo\/ -->\n<title>Bon plan pour d\u00e9couvrir les monuments historiques Arles quartier des ar\u00e8nes : la balade en v\u00e9lo - Visiter Arles<\/title>\n<meta name=\"robots\" content=\"index, follow, max-snippet:-1, max-image-preview:large, max-video-preview:-1\" \/>\n<link rel=\"canonical\" href=\"https:\/\/www.visiterarles.com\/en\/blog\/2014\/07\/26\/bon-plan-pour-decouvrir-les-monuments-historiques-arles-quartier-des-arenes-la-balade-en-velo-708\/\" \/>\n<meta name=\"twitter:label1\" content=\"Written by\" \/>\n\t<meta name=\"twitter:data1\" content=\"Linkadm\" \/>\n\t<meta name=\"twitter:label2\" content=\"Estimated reading time\" \/>\n\t<meta name=\"twitter:data2\" content=\"1 minute\" \/>\n<script type=\"application\/ld+json\" class=\"yoast-schema-graph\">{\"@context\":\"https:\/\/schema.org\",\"@graph\":[{\"@type\":\"Article\",\"@id\":\"https:\/\/www.visiterarles.com\/blog\/2014\/07\/26\/bon-plan-pour-decouvrir-les-monuments-historiques-arles-quartier-des-arenes-la-balade-en-velo-708\/#article\",\"isPartOf\":{\"@id\":\"https:\/\/www.visiterarles.com\/blog\/2014\/07\/26\/bon-plan-pour-decouvrir-les-monuments-historiques-arles-quartier-des-arenes-la-balade-en-velo-708\/\"},\"author\":{\"name\":\"Linkadm\",\"@id\":\"https:\/\/www.visiterarles.com\/en\/#\/schema\/person\/ba5912e4613018f479a2d86815a53576\"},\"headline\":\"Bon plan pour d\u00e9couvrir les monuments historiques Arles quartier des ar\u00e8nes : la balade en v\u00e9lo\",\"datePublished\":\"2014-07-26T16:13:00+00:00\",\"dateModified\":\"2014-07-26T16:13:00+00:00\",\"mainEntityOfPage\":{\"@id\":\"https:\/\/www.visiterarles.com\/blog\/2014\/07\/26\/bon-plan-pour-decouvrir-les-monuments-historiques-arles-quartier-des-arenes-la-balade-en-velo-708\/\"},\"wordCount\":256,\"commentCount\":0,\"publisher\":{\"@id\":\"https:\/\/www.visiterarles.com\/en\/#organization\"},\"articleSection\":[\"Informations\"],\"inLanguage\":\"en-GB\",\"potentialAction\":[{\"@type\":\"CommentAction\",\"name\":\"Comment\",\"target\":[\"https:\/\/www.visiterarles.com\/blog\/2014\/07\/26\/bon-plan-pour-decouvrir-les-monuments-historiques-arles-quartier-des-arenes-la-balade-en-velo-708\/#respond\"]}]},{\"@type\":\"WebPage\",\"@id\":\"https:\/\/www.visiterarles.com\/blog\/2014\/07\/26\/bon-plan-pour-decouvrir-les-monuments-historiques-arles-quartier-des-arenes-la-balade-en-velo-708\/\",\"url\":\"https:\/\/www.visiterarles.com\/blog\/2014\/07\/26\/bon-plan-pour-decouvrir-les-monuments-historiques-arles-quartier-des-arenes-la-balade-en-velo-708\/\",\"name\":\"Bon plan pour d\u00e9couvrir les monuments historiques Arles quartier des ar\u00e8nes : la balade en v\u00e9lo - Visiter Arles\",\"isPartOf\":{\"@id\":\"https:\/\/www.visiterarles.com\/en\/#website\"},\"datePublished\":\"2014-07-26T16:13:00+00:00\",\"dateModified\":\"2014-07-26T16:13:00+00:00\",\"breadcrumb\":{\"@id\":\"https:\/\/www.visiterarles.com\/blog\/2014\/07\/26\/bon-plan-pour-decouvrir-les-monuments-historiques-arles-quartier-des-arenes-la-balade-en-velo-708\/#breadcrumb\"},\"inLanguage\":\"en-GB\",\"potentialAction\":[{\"@type\":\"ReadAction\",\"target\":[\"https:\/\/www.visiterarles.com\/blog\/2014\/07\/26\/bon-plan-pour-decouvrir-les-monuments-historiques-arles-quartier-des-arenes-la-balade-en-velo-708\/\"]}]},{\"@type\":\"BreadcrumbList\",\"@id\":\"https:\/\/www.visiterarles.com\/blog\/2014\/07\/26\/bon-plan-pour-decouvrir-les-monuments-historiques-arles-quartier-des-arenes-la-balade-en-velo-708\/#breadcrumb\",\"itemListElement\":[{\"@type\":\"ListItem\",\"position\":1,\"name\":\"Home\",\"item\":\"https:\/\/www.visiterarles.com\/\"},{\"@type\":\"ListItem\",\"position\":2,\"name\":\"Bon plan pour d\u00e9couvrir les monuments historiques Arles quartier des ar\u00e8nes : la balade en v\u00e9lo\"}]},{\"@type\":\"WebSite\",\"@id\":\"https:\/\/www.visiterarles.com\/en\/#website\",\"url\":\"https:\/\/www.visiterarles.com\/en\/\",\"name\":\"Visiter Arles\",\"description\":\"Tourisme en Provence \u00e0 Arles\",\"publisher\":{\"@id\":\"https:\/\/www.visiterarles.com\/en\/#organization\"},\"potentialAction\":[{\"@type\":\"SearchAction\",\"target\":{\"@type\":\"EntryPoint\",\"urlTemplate\":\"https:\/\/www.visiterarles.com\/en\/?s={search_term_string}\"},\"query-input\":\"required name=search_term_string\"}],\"inLanguage\":\"en-GB\"},{\"@type\":\"Organization\",\"@id\":\"https:\/\/www.visiterarles.com\/en\/#organization\",\"name\":\"Visiter Arles\",\"url\":\"https:\/\/www.visiterarles.com\/en\/\",\"logo\":{\"@type\":\"ImageObject\",\"inLanguage\":\"en-GB\",\"@id\":\"https:\/\/www.visiterarles.com\/en\/#\/schema\/logo\/image\/\",\"url\":\"https:\/\/www.visiterarles.com\/wp-content\/uploads\/2017\/10\/taco-and-co-1-1.jpg\",\"contentUrl\":\"https:\/\/www.visiterarles.com\/wp-content\/uploads\/2017\/10\/taco-and-co-1-1.jpg\",\"width\":124,\"height\":73,\"caption\":\"Visiter Arles\"},\"image\":{\"@id\":\"https:\/\/www.visiterarles.com\/en\/#\/schema\/logo\/image\/\"}},{\"@type\":\"Person\",\"@id\":\"https:\/\/www.visiterarles.com\/en\/#\/schema\/person\/ba5912e4613018f479a2d86815a53576\",\"name\":\"Linkadm\",\"image\":{\"@type\":\"ImageObject\",\"inLanguage\":\"en-GB\",\"@id\":\"https:\/\/www.visiterarles.com\/en\/#\/schema\/person\/image\/\",\"url\":\"https:\/\/secure.gravatar.com\/avatar\/4709ec209921503e8d8cc96168eddc49?s=96&d=mm&r=g\",\"contentUrl\":\"https:\/\/secure.gravatar.com\/avatar\/4709ec209921503e8d8cc96168eddc49?s=96&d=mm&r=g\",\"caption\":\"Linkadm\"},\"url\":\"https:\/\/www.visiterarles.com\/en\/blog\/author\/admin\/\"}]}<\/script>\n<!-- \/ Yoast SEO plugin. -->","yoast_head_json":{"title":"Bon plan pour d\u00e9couvrir les monuments historiques Arles quartier des ar\u00e8nes : la balade en v\u00e9lo - Visiter Arles","robots":{"index":"index","follow":"follow","max-snippet":"max-snippet:-1","max-image-preview":"max-image-preview:large","max-video-preview":"max-video-preview:-1"},"canonical":"https:\/\/www.visiterarles.com\/en\/blog\/2014\/07\/26\/bon-plan-pour-decouvrir-les-monuments-historiques-arles-quartier-des-arenes-la-balade-en-velo-708\/","twitter_misc":{"Written by":"Linkadm","Estimated reading time":"1 minute"},"schema":{"@context":"https:\/\/schema.org","@graph":[{"@type":"Article","@id":"https:\/\/www.visiterarles.com\/blog\/2014\/07\/26\/bon-plan-pour-decouvrir-les-monuments-historiques-arles-quartier-des-arenes-la-balade-en-velo-708\/#article","isPartOf":{"@id":"https:\/\/www.visiterarles.com\/blog\/2014\/07\/26\/bon-plan-pour-decouvrir-les-monuments-historiques-arles-quartier-des-arenes-la-balade-en-velo-708\/"},"author":{"name":"Linkadm","@id":"https:\/\/www.visiterarles.com\/en\/#\/schema\/person\/ba5912e4613018f479a2d86815a53576"},"headline":"Bon plan pour d\u00e9couvrir les monuments historiques Arles quartier des ar\u00e8nes : la balade en v\u00e9lo","datePublished":"2014-07-26T16:13:00+00:00","dateModified":"2014-07-26T16:13:00+00:00","mainEntityOfPage":{"@id":"https:\/\/www.visiterarles.com\/blog\/2014\/07\/26\/bon-plan-pour-decouvrir-les-monuments-historiques-arles-quartier-des-arenes-la-balade-en-velo-708\/"},"wordCount":256,"commentCount":0,"publisher":{"@id":"https:\/\/www.visiterarles.com\/en\/#organization"},"articleSection":["Informations"],"inLanguage":"en-GB","potentialAction":[{"@type":"CommentAction","name":"Comment","target":["https:\/\/www.visiterarles.com\/blog\/2014\/07\/26\/bon-plan-pour-decouvrir-les-monuments-historiques-arles-quartier-des-arenes-la-balade-en-velo-708\/#respond"]}]},{"@type":"WebPage","@id":"https:\/\/www.visiterarles.com\/blog\/2014\/07\/26\/bon-plan-pour-decouvrir-les-monuments-historiques-arles-quartier-des-arenes-la-balade-en-velo-708\/","url":"https:\/\/www.visiterarles.com\/blog\/2014\/07\/26\/bon-plan-pour-decouvrir-les-monuments-historiques-arles-quartier-des-arenes-la-balade-en-velo-708\/","name":"Bon plan pour d\u00e9couvrir les monuments historiques Arles quartier des ar\u00e8nes : la balade en v\u00e9lo - Visiter Arles","isPartOf":{"@id":"https:\/\/www.visiterarles.com\/en\/#website"},"datePublished":"2014-07-26T16:13:00+00:00","dateModified":"2014-07-26T16:13:00+00:00","breadcrumb":{"@id":"https:\/\/www.visiterarles.com\/blog\/2014\/07\/26\/bon-plan-pour-decouvrir-les-monuments-historiques-arles-quartier-des-arenes-la-balade-en-velo-708\/#breadcrumb"},"inLanguage":"en-GB","potentialAction":[{"@type":"ReadAction","target":["https:\/\/www.visiterarles.com\/blog\/2014\/07\/26\/bon-plan-pour-decouvrir-les-monuments-historiques-arles-quartier-des-arenes-la-balade-en-velo-708\/"]}]},{"@type":"BreadcrumbList","@id":"https:\/\/www.visiterarles.com\/blog\/2014\/07\/26\/bon-plan-pour-decouvrir-les-monuments-historiques-arles-quartier-des-arenes-la-balade-en-velo-708\/#breadcrumb","itemListElement":[{"@type":"ListItem","position":1,"name":"Home","item":"https:\/\/www.visiterarles.com\/"},{"@type":"ListItem","position":2,"name":"Bon plan pour d\u00e9couvrir les monuments historiques Arles quartier des ar\u00e8nes : la balade en v\u00e9lo"}]},{"@type":"WebSite","@id":"https:\/\/www.visiterarles.com\/en\/#website","url":"https:\/\/www.visiterarles.com\/en\/","name":"Visiter Arles","description":"Tourisme en Provence \u00e0 Arles","publisher":{"@id":"https:\/\/www.visiterarles.com\/en\/#organization"},"potentialAction":[{"@type":"SearchAction","target":{"@type":"EntryPoint","urlTemplate":"https:\/\/www.visiterarles.com\/en\/?s={search_term_string}"},"query-input":"required name=search_term_string"}],"inLanguage":"en-GB"},{"@type":"Organization","@id":"https:\/\/www.visiterarles.com\/en\/#organization","name":"Visiter Arles","url":"https:\/\/www.visiterarles.com\/en\/","logo":{"@type":"ImageObject","inLanguage":"en-GB","@id":"https:\/\/www.visiterarles.com\/en\/#\/schema\/logo\/image\/","url":"https:\/\/www.visiterarles.com\/wp-content\/uploads\/2017\/10\/taco-and-co-1-1.jpg","contentUrl":"https:\/\/www.visiterarles.com\/wp-content\/uploads\/2017\/10\/taco-and-co-1-1.jpg","width":124,"height":73,"caption":"Visiter Arles"},"image":{"@id":"https:\/\/www.visiterarles.com\/en\/#\/schema\/logo\/image\/"}},{"@type":"Person","@id":"https:\/\/www.visiterarles.com\/en\/#\/schema\/person\/ba5912e4613018f479a2d86815a53576","name":"Linkadm","image":{"@type":"ImageObject","inLanguage":"en-GB","@id":"https:\/\/www.visiterarles.com\/en\/#\/schema\/person\/image\/","url":"https:\/\/secure.gravatar.com\/avatar\/4709ec209921503e8d8cc96168eddc49?s=96&d=mm&r=g","contentUrl":"https:\/\/secure.gravatar.com\/avatar\/4709ec209921503e8d8cc96168eddc49?s=96&d=mm&r=g","caption":"Linkadm"},"url":"https:\/\/www.visiterarles.com\/en\/blog\/author\/admin\/"}]}},"_links":{"self":[{"href":"https:\/\/www.visiterarles.com\/en\/wp-json\/wp\/v2\/posts\/29707"}],"collection":[{"href":"https:\/\/www.visiterarles.com\/en\/wp-json\/wp\/v2\/posts"}],"about":[{"href":"https:\/\/www.visiterarles.com\/en\/wp-json\/wp\/v2\/types\/post"}],"author":[{"embeddable":true,"href":"https:\/\/www.visiterarles.com\/en\/wp-json\/wp\/v2\/users\/1"}],"replies":[{"embeddable":true,"href":"https:\/\/www.visiterarles.com\/en\/wp-json\/wp\/v2\/comments?post=29707"}],"version-history":[{"count":0,"href":"https:\/\/www.visiterarles.com\/en\/wp-json\/wp\/v2\/posts\/29707\/revisions"}],"wp:attachment":[{"href":"https:\/\/www.visiterarles.com\/en\/wp-json\/wp\/v2\/media?parent=29707"}],"wp:term":[{"taxonomy":"category","embeddable":true,"href":"https:\/\/www.visiterarles.com\/en\/wp-json\/wp\/v2\/categories?post=29707"},{"taxonomy":"post_tag","embeddable":true,"href":"https:\/\/www.visiterarles.com\/en\/wp-json\/wp\/v2\/tags?post=29707"}],"curies":[{"name":"wp","href":"https:\/\/api.w.org\/{rel}","templated":true}]}}