{"id":29709,"date":"2014-07-26T09:16:00","date_gmt":"2014-07-26T09:16:00","guid":{"rendered":"http:\/\/www.visiterarles.com\/reperer-une-balade-en-velo-pour-decouvrir-les-monuments-historiques-arles-centre-ville-399\/"},"modified":"2014-07-26T09:16:00","modified_gmt":"2014-07-26T09:16:00","slug":"reperer-une-balade-en-velo-pour-decouvrir-les-monuments-historiques-arles-centre-ville-399","status":"publish","type":"post","link":"https:\/\/www.visiterarles.com\/en\/blog\/2014\/07\/26\/reperer-une-balade-en-velo-pour-decouvrir-les-monuments-historiques-arles-centre-ville-399\/","title":{"rendered":"Rep\u00e9rer une balade en v\u00e9lo pour d\u00e9couvrir les monuments historiques Arles centre ville"},"content":{"rendered":"<h4>O\u00f9 d\u00e9goter une balade en v\u00e9lo pour d\u00e9couvrir les monuments historiques \u00e0 Arles centre ville<\/h4>\n<p>Les cryptoportiques, le mus\u00e9e du riz o\u00f9 alors le march\u00e9 de provence, via notre balade en v\u00e9lo pour d\u00e9couvrir les monuments historiques \u00e0 Arles centre ville, sont des plus beaux endroits qui ne vous \u00e9chapperont pas dans cette commune splendide. Une balade en v\u00e9lo pour d\u00e9couvrir les monuments historiques \u00e0 Arles centre ville, pour ne prendre que cet exemple, vous aidera \u00e0 jouir pleinement de l&rsquo;existence dans cette commune splendide, \u00e0 chaque fois avec le sentiment d&rsquo;\u0153uvrer d\u2019une mani\u00e8re respectueuse de l\u2019environnement, en pr\u00e9sentant une culture des plus exemplaires.<\/p>\n<h4>Arles : pourquoi choisir notre balade en v\u00e9lo pour d\u00e9couvrir les monuments historiques<\/h4>\n<p>Prendre connaissance du majestueux centre historique par le biais de notre balade en v\u00e9lo pour d\u00e9couvrir les monuments historiques \u00e0 Arles peut \u00eatre une alternative cl\u00e9s en main appropri\u00e9e pour chaque personne qui le d\u00e9sire. Peu importe o\u00f9 vous vous trouviez \u00e0 Arles, vous pourrez jouir totalement d\u2019une agr\u00e9able balade en v\u00e9lo en toute s\u00e9r\u00e9nit\u00e9. Les visiteurs de tout poil appr\u00e9cieront notre <a href=\"http:\/\/www.visiterarles.com\/en\/arles-balade-en-velo-pour-decouvrir-les-monuments-historiques-1039\/\">balade en v\u00e9lo sur Arles<\/a>, pour d\u00e9couvrir les monuments historiques qui leur conviendra incontestablement.<\/p>","protected":false},"excerpt":{"rendered":"<p>O\u00f9 d\u00e9goter une balade en v\u00e9lo pour d\u00e9couvrir les monuments historiques \u00e0 Arles centre ville Les cryptoportiques, le mus\u00e9e du riz o\u00f9 alors le march\u00e9 de provence, via notre balade en v\u00e9lo pour d\u00e9couvrir les monuments historiques \u00e0 Arles centre ville, sont des plus beaux endroits qui ne vous \u00e9chapperont pas dans cette commune splendide. [&hellip;]<\/p>","protected":false},"author":1,"featured_media":0,"comment_status":"open","ping_status":"open","sticky":false,"template":"","format":"standard","meta":{"footnotes":""},"categories":[55],"tags":[],"aioseo_notices":[],"yoast_head":"<!-- This site is optimized with the Yoast SEO plugin v22.3 - https:\/\/yoast.com\/wordpress\/plugins\/seo\/ -->\n<title>Rep\u00e9rer une balade en v\u00e9lo pour d\u00e9couvrir les monuments historiques Arles centre ville - Visiter Arles<\/title>\n<meta name=\"robots\" content=\"index, follow, max-snippet:-1, max-image-preview:large, max-video-preview:-1\" \/>\n<link rel=\"canonical\" href=\"https:\/\/www.visiterarles.com\/en\/blog\/2014\/07\/26\/reperer-une-balade-en-velo-pour-decouvrir-les-monuments-historiques-arles-centre-ville-399\/\" \/>\n<meta name=\"twitter:label1\" content=\"Written by\" \/>\n\t<meta name=\"twitter:data1\" content=\"Linkadm\" \/>\n\t<meta name=\"twitter:label2\" content=\"Estimated reading time\" \/>\n\t<meta name=\"twitter:data2\" content=\"1 minute\" \/>\n<script type=\"application\/ld+json\" class=\"yoast-schema-graph\">{\"@context\":\"https:\/\/schema.org\",\"@graph\":[{\"@type\":\"Article\",\"@id\":\"https:\/\/www.visiterarles.com\/blog\/2014\/07\/26\/reperer-une-balade-en-velo-pour-decouvrir-les-monuments-historiques-arles-centre-ville-399\/#article\",\"isPartOf\":{\"@id\":\"https:\/\/www.visiterarles.com\/blog\/2014\/07\/26\/reperer-une-balade-en-velo-pour-decouvrir-les-monuments-historiques-arles-centre-ville-399\/\"},\"author\":{\"name\":\"Linkadm\",\"@id\":\"https:\/\/www.visiterarles.com\/en\/#\/schema\/person\/ba5912e4613018f479a2d86815a53576\"},\"headline\":\"Rep\u00e9rer une balade en v\u00e9lo pour d\u00e9couvrir les monuments historiques Arles centre ville\",\"datePublished\":\"2014-07-26T09:16:00+00:00\",\"dateModified\":\"2014-07-26T09:16:00+00:00\",\"mainEntityOfPage\":{\"@id\":\"https:\/\/www.visiterarles.com\/blog\/2014\/07\/26\/reperer-une-balade-en-velo-pour-decouvrir-les-monuments-historiques-arles-centre-ville-399\/\"},\"wordCount\":230,\"commentCount\":0,\"publisher\":{\"@id\":\"https:\/\/www.visiterarles.com\/en\/#organization\"},\"articleSection\":[\"Informations\"],\"inLanguage\":\"en-GB\",\"potentialAction\":[{\"@type\":\"CommentAction\",\"name\":\"Comment\",\"target\":[\"https:\/\/www.visiterarles.com\/blog\/2014\/07\/26\/reperer-une-balade-en-velo-pour-decouvrir-les-monuments-historiques-arles-centre-ville-399\/#respond\"]}]},{\"@type\":\"WebPage\",\"@id\":\"https:\/\/www.visiterarles.com\/blog\/2014\/07\/26\/reperer-une-balade-en-velo-pour-decouvrir-les-monuments-historiques-arles-centre-ville-399\/\",\"url\":\"https:\/\/www.visiterarles.com\/blog\/2014\/07\/26\/reperer-une-balade-en-velo-pour-decouvrir-les-monuments-historiques-arles-centre-ville-399\/\",\"name\":\"Rep\u00e9rer une balade en v\u00e9lo pour d\u00e9couvrir les monuments historiques Arles centre ville - Visiter Arles\",\"isPartOf\":{\"@id\":\"https:\/\/www.visiterarles.com\/en\/#website\"},\"datePublished\":\"2014-07-26T09:16:00+00:00\",\"dateModified\":\"2014-07-26T09:16:00+00:00\",\"breadcrumb\":{\"@id\":\"https:\/\/www.visiterarles.com\/blog\/2014\/07\/26\/reperer-une-balade-en-velo-pour-decouvrir-les-monuments-historiques-arles-centre-ville-399\/#breadcrumb\"},\"inLanguage\":\"en-GB\",\"potentialAction\":[{\"@type\":\"ReadAction\",\"target\":[\"https:\/\/www.visiterarles.com\/blog\/2014\/07\/26\/reperer-une-balade-en-velo-pour-decouvrir-les-monuments-historiques-arles-centre-ville-399\/\"]}]},{\"@type\":\"BreadcrumbList\",\"@id\":\"https:\/\/www.visiterarles.com\/blog\/2014\/07\/26\/reperer-une-balade-en-velo-pour-decouvrir-les-monuments-historiques-arles-centre-ville-399\/#breadcrumb\",\"itemListElement\":[{\"@type\":\"ListItem\",\"position\":1,\"name\":\"Home\",\"item\":\"https:\/\/www.visiterarles.com\/\"},{\"@type\":\"ListItem\",\"position\":2,\"name\":\"Rep\u00e9rer une balade en v\u00e9lo pour d\u00e9couvrir les monuments historiques Arles centre ville\"}]},{\"@type\":\"WebSite\",\"@id\":\"https:\/\/www.visiterarles.com\/en\/#website\",\"url\":\"https:\/\/www.visiterarles.com\/en\/\",\"name\":\"Visiter Arles\",\"description\":\"Tourisme en Provence \u00e0 Arles\",\"publisher\":{\"@id\":\"https:\/\/www.visiterarles.com\/en\/#organization\"},\"potentialAction\":[{\"@type\":\"SearchAction\",\"target\":{\"@type\":\"EntryPoint\",\"urlTemplate\":\"https:\/\/www.visiterarles.com\/en\/?s={search_term_string}\"},\"query-input\":\"required name=search_term_string\"}],\"inLanguage\":\"en-GB\"},{\"@type\":\"Organization\",\"@id\":\"https:\/\/www.visiterarles.com\/en\/#organization\",\"name\":\"Visiter Arles\",\"url\":\"https:\/\/www.visiterarles.com\/en\/\",\"logo\":{\"@type\":\"ImageObject\",\"inLanguage\":\"en-GB\",\"@id\":\"https:\/\/www.visiterarles.com\/en\/#\/schema\/logo\/image\/\",\"url\":\"https:\/\/www.visiterarles.com\/wp-content\/uploads\/2017\/10\/taco-and-co-1-1.jpg\",\"contentUrl\":\"https:\/\/www.visiterarles.com\/wp-content\/uploads\/2017\/10\/taco-and-co-1-1.jpg\",\"width\":124,\"height\":73,\"caption\":\"Visiter Arles\"},\"image\":{\"@id\":\"https:\/\/www.visiterarles.com\/en\/#\/schema\/logo\/image\/\"}},{\"@type\":\"Person\",\"@id\":\"https:\/\/www.visiterarles.com\/en\/#\/schema\/person\/ba5912e4613018f479a2d86815a53576\",\"name\":\"Linkadm\",\"image\":{\"@type\":\"ImageObject\",\"inLanguage\":\"en-GB\",\"@id\":\"https:\/\/www.visiterarles.com\/en\/#\/schema\/person\/image\/\",\"url\":\"https:\/\/secure.gravatar.com\/avatar\/4709ec209921503e8d8cc96168eddc49?s=96&d=mm&r=g\",\"contentUrl\":\"https:\/\/secure.gravatar.com\/avatar\/4709ec209921503e8d8cc96168eddc49?s=96&d=mm&r=g\",\"caption\":\"Linkadm\"},\"url\":\"https:\/\/www.visiterarles.com\/en\/blog\/author\/admin\/\"}]}<\/script>\n<!-- \/ Yoast SEO plugin. -->","yoast_head_json":{"title":"Rep\u00e9rer une balade en v\u00e9lo pour d\u00e9couvrir les monuments historiques Arles centre ville - Visiter Arles","robots":{"index":"index","follow":"follow","max-snippet":"max-snippet:-1","max-image-preview":"max-image-preview:large","max-video-preview":"max-video-preview:-1"},"canonical":"https:\/\/www.visiterarles.com\/en\/blog\/2014\/07\/26\/reperer-une-balade-en-velo-pour-decouvrir-les-monuments-historiques-arles-centre-ville-399\/","twitter_misc":{"Written by":"Linkadm","Estimated reading time":"1 minute"},"schema":{"@context":"https:\/\/schema.org","@graph":[{"@type":"Article","@id":"https:\/\/www.visiterarles.com\/blog\/2014\/07\/26\/reperer-une-balade-en-velo-pour-decouvrir-les-monuments-historiques-arles-centre-ville-399\/#article","isPartOf":{"@id":"https:\/\/www.visiterarles.com\/blog\/2014\/07\/26\/reperer-une-balade-en-velo-pour-decouvrir-les-monuments-historiques-arles-centre-ville-399\/"},"author":{"name":"Linkadm","@id":"https:\/\/www.visiterarles.com\/en\/#\/schema\/person\/ba5912e4613018f479a2d86815a53576"},"headline":"Rep\u00e9rer une balade en v\u00e9lo pour d\u00e9couvrir les monuments historiques Arles centre ville","datePublished":"2014-07-26T09:16:00+00:00","dateModified":"2014-07-26T09:16:00+00:00","mainEntityOfPage":{"@id":"https:\/\/www.visiterarles.com\/blog\/2014\/07\/26\/reperer-une-balade-en-velo-pour-decouvrir-les-monuments-historiques-arles-centre-ville-399\/"},"wordCount":230,"commentCount":0,"publisher":{"@id":"https:\/\/www.visiterarles.com\/en\/#organization"},"articleSection":["Informations"],"inLanguage":"en-GB","potentialAction":[{"@type":"CommentAction","name":"Comment","target":["https:\/\/www.visiterarles.com\/blog\/2014\/07\/26\/reperer-une-balade-en-velo-pour-decouvrir-les-monuments-historiques-arles-centre-ville-399\/#respond"]}]},{"@type":"WebPage","@id":"https:\/\/www.visiterarles.com\/blog\/2014\/07\/26\/reperer-une-balade-en-velo-pour-decouvrir-les-monuments-historiques-arles-centre-ville-399\/","url":"https:\/\/www.visiterarles.com\/blog\/2014\/07\/26\/reperer-une-balade-en-velo-pour-decouvrir-les-monuments-historiques-arles-centre-ville-399\/","name":"Rep\u00e9rer une balade en v\u00e9lo pour d\u00e9couvrir les monuments historiques Arles centre ville - Visiter Arles","isPartOf":{"@id":"https:\/\/www.visiterarles.com\/en\/#website"},"datePublished":"2014-07-26T09:16:00+00:00","dateModified":"2014-07-26T09:16:00+00:00","breadcrumb":{"@id":"https:\/\/www.visiterarles.com\/blog\/2014\/07\/26\/reperer-une-balade-en-velo-pour-decouvrir-les-monuments-historiques-arles-centre-ville-399\/#breadcrumb"},"inLanguage":"en-GB","potentialAction":[{"@type":"ReadAction","target":["https:\/\/www.visiterarles.com\/blog\/2014\/07\/26\/reperer-une-balade-en-velo-pour-decouvrir-les-monuments-historiques-arles-centre-ville-399\/"]}]},{"@type":"BreadcrumbList","@id":"https:\/\/www.visiterarles.com\/blog\/2014\/07\/26\/reperer-une-balade-en-velo-pour-decouvrir-les-monuments-historiques-arles-centre-ville-399\/#breadcrumb","itemListElement":[{"@type":"ListItem","position":1,"name":"Home","item":"https:\/\/www.visiterarles.com\/"},{"@type":"ListItem","position":2,"name":"Rep\u00e9rer une balade en v\u00e9lo pour d\u00e9couvrir les monuments historiques Arles centre ville"}]},{"@type":"WebSite","@id":"https:\/\/www.visiterarles.com\/en\/#website","url":"https:\/\/www.visiterarles.com\/en\/","name":"Visiter Arles","description":"Tourisme en Provence \u00e0 Arles","publisher":{"@id":"https:\/\/www.visiterarles.com\/en\/#organization"},"potentialAction":[{"@type":"SearchAction","target":{"@type":"EntryPoint","urlTemplate":"https:\/\/www.visiterarles.com\/en\/?s={search_term_string}"},"query-input":"required name=search_term_string"}],"inLanguage":"en-GB"},{"@type":"Organization","@id":"https:\/\/www.visiterarles.com\/en\/#organization","name":"Visiter Arles","url":"https:\/\/www.visiterarles.com\/en\/","logo":{"@type":"ImageObject","inLanguage":"en-GB","@id":"https:\/\/www.visiterarles.com\/en\/#\/schema\/logo\/image\/","url":"https:\/\/www.visiterarles.com\/wp-content\/uploads\/2017\/10\/taco-and-co-1-1.jpg","contentUrl":"https:\/\/www.visiterarles.com\/wp-content\/uploads\/2017\/10\/taco-and-co-1-1.jpg","width":124,"height":73,"caption":"Visiter Arles"},"image":{"@id":"https:\/\/www.visiterarles.com\/en\/#\/schema\/logo\/image\/"}},{"@type":"Person","@id":"https:\/\/www.visiterarles.com\/en\/#\/schema\/person\/ba5912e4613018f479a2d86815a53576","name":"Linkadm","image":{"@type":"ImageObject","inLanguage":"en-GB","@id":"https:\/\/www.visiterarles.com\/en\/#\/schema\/person\/image\/","url":"https:\/\/secure.gravatar.com\/avatar\/4709ec209921503e8d8cc96168eddc49?s=96&d=mm&r=g","contentUrl":"https:\/\/secure.gravatar.com\/avatar\/4709ec209921503e8d8cc96168eddc49?s=96&d=mm&r=g","caption":"Linkadm"},"url":"https:\/\/www.visiterarles.com\/en\/blog\/author\/admin\/"}]}},"_links":{"self":[{"href":"https:\/\/www.visiterarles.com\/en\/wp-json\/wp\/v2\/posts\/29709"}],"collection":[{"href":"https:\/\/www.visiterarles.com\/en\/wp-json\/wp\/v2\/posts"}],"about":[{"href":"https:\/\/www.visiterarles.com\/en\/wp-json\/wp\/v2\/types\/post"}],"author":[{"embeddable":true,"href":"https:\/\/www.visiterarles.com\/en\/wp-json\/wp\/v2\/users\/1"}],"replies":[{"embeddable":true,"href":"https:\/\/www.visiterarles.com\/en\/wp-json\/wp\/v2\/comments?post=29709"}],"version-history":[{"count":0,"href":"https:\/\/www.visiterarles.com\/en\/wp-json\/wp\/v2\/posts\/29709\/revisions"}],"wp:attachment":[{"href":"https:\/\/www.visiterarles.com\/en\/wp-json\/wp\/v2\/media?parent=29709"}],"wp:term":[{"taxonomy":"category","embeddable":true,"href":"https:\/\/www.visiterarles.com\/en\/wp-json\/wp\/v2\/categories?post=29709"},{"taxonomy":"post_tag","embeddable":true,"href":"https:\/\/www.visiterarles.com\/en\/wp-json\/wp\/v2\/tags?post=29709"}],"curies":[{"name":"wp","href":"https:\/\/api.w.org\/{rel}","templated":true}]}}