{"id":29713,"date":"2014-07-26T16:57:00","date_gmt":"2014-07-26T16:57:00","guid":{"rendered":"http:\/\/www.visiterarles.com\/arles-quartier-des-monuments-historiques-choisir-votre-balade-en-velo-pour-decouvrir-les-monuments-historiques-1705\/"},"modified":"2014-07-26T16:57:00","modified_gmt":"2014-07-26T16:57:00","slug":"arles-quartier-des-monuments-historiques-choisir-votre-balade-en-velo-pour-decouvrir-les-monuments-historiques-1705","status":"publish","type":"post","link":"https:\/\/www.visiterarles.com\/en\/blog\/2014\/07\/26\/arles-quartier-des-monuments-historiques-choisir-votre-balade-en-velo-pour-decouvrir-les-monuments-historiques-1705\/","title":{"rendered":"Arles quartier des monuments historiques : choisir votre balade en v\u00e9lo pour d\u00e9couvrir les monuments historiques"},"content":{"rendered":"<h4>Pour d\u00e9couvrir les monuments historiques \u00e0 Arles quartier des monuments historiques : o\u00f9 d\u00e9goter un contact de confiance qui propose une balade en v\u00e9lo<\/h4>\n<p>Les thermes de constantin, le mus\u00e9e du riz o\u00f9 bien la tour des mourgues, par le biais de notre balade en v\u00e9lo pour d\u00e9couvrir les monuments historiques Arles quartier des monuments historiques, sont des monuments que vous ne sauriez manquer au sein de cette commune magnifique. Pour offrir la facult\u00e9 de jouir pleinement de la vie culturelle, avec le sentiment d&rsquo;\u0153uvrer d\u2019une mani\u00e8re \u00e9cologique, une <a href=\"http:\/\/www.visiterarles.com\/en\/arles-balade-en-velo-pour-decouvrir-les-monuments-historiques-1039\/\">balade en v\u00e9lo pour d\u00e9couvrir les monuments historiques Arles<\/a> quartier des monuments historiques vous aidera \u00e0 jouir totalement de l\u2019existence.<\/p>\n<h4>Pour quelles raisons choisir notre balade en v\u00e9lo pour d\u00e9couvrir les monuments historiques sur Arles :<\/h4>\n<p>Pour qui a l&rsquo;intention de faire la d\u00e9couverte du magnifique centre historique, une balade en v\u00e9lo pour d\u00e9couvrir les monuments historiques entre autre dans Arles, pour ne prendre que cet exemple, est parfaite. En arrivant \u00e0 Arles, vous pourrez solliciter notre balade en v\u00e9lo entre autre dans la gare. Les clients de tous horizons aimeront notre balade en v\u00e9lo sur Arles, pour d\u00e9couvrir les monuments historiques qui leur plaira sans aucun doute.<\/p>","protected":false},"excerpt":{"rendered":"<p>Pour d\u00e9couvrir les monuments historiques \u00e0 Arles quartier des monuments historiques : o\u00f9 d\u00e9goter un contact de confiance qui propose une balade en v\u00e9lo Les thermes de constantin, le mus\u00e9e du riz o\u00f9 bien la tour des mourgues, par le biais de notre balade en v\u00e9lo pour d\u00e9couvrir les monuments historiques Arles quartier des monuments [&hellip;]<\/p>","protected":false},"author":1,"featured_media":0,"comment_status":"open","ping_status":"open","sticky":false,"template":"","format":"standard","meta":{"footnotes":""},"categories":[55],"tags":[],"aioseo_notices":[],"yoast_head":"<!-- This site is optimized with the Yoast SEO plugin v22.3 - https:\/\/yoast.com\/wordpress\/plugins\/seo\/ -->\n<title>Arles quartier des monuments historiques : choisir votre balade en v\u00e9lo pour d\u00e9couvrir les monuments historiques - Visiter Arles<\/title>\n<meta name=\"robots\" content=\"index, follow, max-snippet:-1, max-image-preview:large, max-video-preview:-1\" \/>\n<link rel=\"canonical\" href=\"https:\/\/www.visiterarles.com\/en\/blog\/2014\/07\/26\/arles-quartier-des-monuments-historiques-choisir-votre-balade-en-velo-pour-decouvrir-les-monuments-historiques-1705\/\" \/>\n<meta name=\"twitter:label1\" content=\"Written by\" \/>\n\t<meta name=\"twitter:data1\" content=\"Linkadm\" \/>\n\t<meta name=\"twitter:label2\" content=\"Estimated reading time\" \/>\n\t<meta name=\"twitter:data2\" content=\"1 minute\" \/>\n<script type=\"application\/ld+json\" class=\"yoast-schema-graph\">{\"@context\":\"https:\/\/schema.org\",\"@graph\":[{\"@type\":\"Article\",\"@id\":\"https:\/\/www.visiterarles.com\/en\/blog\/2014\/07\/26\/arles-quartier-des-monuments-historiques-choisir-votre-balade-en-velo-pour-decouvrir-les-monuments-historiques-1705\/#article\",\"isPartOf\":{\"@id\":\"https:\/\/www.visiterarles.com\/en\/blog\/2014\/07\/26\/arles-quartier-des-monuments-historiques-choisir-votre-balade-en-velo-pour-decouvrir-les-monuments-historiques-1705\/\"},\"author\":{\"name\":\"Linkadm\",\"@id\":\"https:\/\/www.visiterarles.com\/en\/#\/schema\/person\/ba5912e4613018f479a2d86815a53576\"},\"headline\":\"Arles quartier des monuments historiques : choisir votre balade en v\u00e9lo pour d\u00e9couvrir les monuments historiques\",\"datePublished\":\"2014-07-26T16:57:00+00:00\",\"dateModified\":\"2014-07-26T16:57:00+00:00\",\"mainEntityOfPage\":{\"@id\":\"https:\/\/www.visiterarles.com\/en\/blog\/2014\/07\/26\/arles-quartier-des-monuments-historiques-choisir-votre-balade-en-velo-pour-decouvrir-les-monuments-historiques-1705\/\"},\"wordCount\":230,\"commentCount\":0,\"publisher\":{\"@id\":\"https:\/\/www.visiterarles.com\/en\/#organization\"},\"articleSection\":[\"Informations\"],\"inLanguage\":\"en-GB\",\"potentialAction\":[{\"@type\":\"CommentAction\",\"name\":\"Comment\",\"target\":[\"https:\/\/www.visiterarles.com\/en\/blog\/2014\/07\/26\/arles-quartier-des-monuments-historiques-choisir-votre-balade-en-velo-pour-decouvrir-les-monuments-historiques-1705\/#respond\"]}]},{\"@type\":\"WebPage\",\"@id\":\"https:\/\/www.visiterarles.com\/en\/blog\/2014\/07\/26\/arles-quartier-des-monuments-historiques-choisir-votre-balade-en-velo-pour-decouvrir-les-monuments-historiques-1705\/\",\"url\":\"https:\/\/www.visiterarles.com\/en\/blog\/2014\/07\/26\/arles-quartier-des-monuments-historiques-choisir-votre-balade-en-velo-pour-decouvrir-les-monuments-historiques-1705\/\",\"name\":\"Arles quartier des monuments historiques : choisir votre balade en v\u00e9lo pour d\u00e9couvrir les monuments historiques - Visiter Arles\",\"isPartOf\":{\"@id\":\"https:\/\/www.visiterarles.com\/en\/#website\"},\"datePublished\":\"2014-07-26T16:57:00+00:00\",\"dateModified\":\"2014-07-26T16:57:00+00:00\",\"breadcrumb\":{\"@id\":\"https:\/\/www.visiterarles.com\/en\/blog\/2014\/07\/26\/arles-quartier-des-monuments-historiques-choisir-votre-balade-en-velo-pour-decouvrir-les-monuments-historiques-1705\/#breadcrumb\"},\"inLanguage\":\"en-GB\",\"potentialAction\":[{\"@type\":\"ReadAction\",\"target\":[\"https:\/\/www.visiterarles.com\/en\/blog\/2014\/07\/26\/arles-quartier-des-monuments-historiques-choisir-votre-balade-en-velo-pour-decouvrir-les-monuments-historiques-1705\/\"]}]},{\"@type\":\"BreadcrumbList\",\"@id\":\"https:\/\/www.visiterarles.com\/en\/blog\/2014\/07\/26\/arles-quartier-des-monuments-historiques-choisir-votre-balade-en-velo-pour-decouvrir-les-monuments-historiques-1705\/#breadcrumb\",\"itemListElement\":[{\"@type\":\"ListItem\",\"position\":1,\"name\":\"Home\",\"item\":\"https:\/\/www.visiterarles.com\/\"},{\"@type\":\"ListItem\",\"position\":2,\"name\":\"Arles quartier des monuments historiques : choisir votre balade en v\u00e9lo pour d\u00e9couvrir les monuments historiques\"}]},{\"@type\":\"WebSite\",\"@id\":\"https:\/\/www.visiterarles.com\/en\/#website\",\"url\":\"https:\/\/www.visiterarles.com\/en\/\",\"name\":\"Visiter Arles\",\"description\":\"Tourisme en Provence \u00e0 Arles\",\"publisher\":{\"@id\":\"https:\/\/www.visiterarles.com\/en\/#organization\"},\"potentialAction\":[{\"@type\":\"SearchAction\",\"target\":{\"@type\":\"EntryPoint\",\"urlTemplate\":\"https:\/\/www.visiterarles.com\/en\/?s={search_term_string}\"},\"query-input\":\"required name=search_term_string\"}],\"inLanguage\":\"en-GB\"},{\"@type\":\"Organization\",\"@id\":\"https:\/\/www.visiterarles.com\/en\/#organization\",\"name\":\"Visiter Arles\",\"url\":\"https:\/\/www.visiterarles.com\/en\/\",\"logo\":{\"@type\":\"ImageObject\",\"inLanguage\":\"en-GB\",\"@id\":\"https:\/\/www.visiterarles.com\/en\/#\/schema\/logo\/image\/\",\"url\":\"https:\/\/www.visiterarles.com\/wp-content\/uploads\/2017\/10\/taco-and-co-1-1.jpg\",\"contentUrl\":\"https:\/\/www.visiterarles.com\/wp-content\/uploads\/2017\/10\/taco-and-co-1-1.jpg\",\"width\":124,\"height\":73,\"caption\":\"Visiter Arles\"},\"image\":{\"@id\":\"https:\/\/www.visiterarles.com\/en\/#\/schema\/logo\/image\/\"}},{\"@type\":\"Person\",\"@id\":\"https:\/\/www.visiterarles.com\/en\/#\/schema\/person\/ba5912e4613018f479a2d86815a53576\",\"name\":\"Linkadm\",\"image\":{\"@type\":\"ImageObject\",\"inLanguage\":\"en-GB\",\"@id\":\"https:\/\/www.visiterarles.com\/en\/#\/schema\/person\/image\/\",\"url\":\"https:\/\/secure.gravatar.com\/avatar\/4709ec209921503e8d8cc96168eddc49?s=96&d=mm&r=g\",\"contentUrl\":\"https:\/\/secure.gravatar.com\/avatar\/4709ec209921503e8d8cc96168eddc49?s=96&d=mm&r=g\",\"caption\":\"Linkadm\"},\"url\":\"https:\/\/www.visiterarles.com\/en\/blog\/author\/admin\/\"}]}<\/script>\n<!-- \/ Yoast SEO plugin. -->","yoast_head_json":{"title":"Arles quartier des monuments historiques : choisir votre balade en v\u00e9lo pour d\u00e9couvrir les monuments historiques - Visiter Arles","robots":{"index":"index","follow":"follow","max-snippet":"max-snippet:-1","max-image-preview":"max-image-preview:large","max-video-preview":"max-video-preview:-1"},"canonical":"https:\/\/www.visiterarles.com\/en\/blog\/2014\/07\/26\/arles-quartier-des-monuments-historiques-choisir-votre-balade-en-velo-pour-decouvrir-les-monuments-historiques-1705\/","twitter_misc":{"Written by":"Linkadm","Estimated reading time":"1 minute"},"schema":{"@context":"https:\/\/schema.org","@graph":[{"@type":"Article","@id":"https:\/\/www.visiterarles.com\/en\/blog\/2014\/07\/26\/arles-quartier-des-monuments-historiques-choisir-votre-balade-en-velo-pour-decouvrir-les-monuments-historiques-1705\/#article","isPartOf":{"@id":"https:\/\/www.visiterarles.com\/en\/blog\/2014\/07\/26\/arles-quartier-des-monuments-historiques-choisir-votre-balade-en-velo-pour-decouvrir-les-monuments-historiques-1705\/"},"author":{"name":"Linkadm","@id":"https:\/\/www.visiterarles.com\/en\/#\/schema\/person\/ba5912e4613018f479a2d86815a53576"},"headline":"Arles quartier des monuments historiques : choisir votre balade en v\u00e9lo pour d\u00e9couvrir les monuments historiques","datePublished":"2014-07-26T16:57:00+00:00","dateModified":"2014-07-26T16:57:00+00:00","mainEntityOfPage":{"@id":"https:\/\/www.visiterarles.com\/en\/blog\/2014\/07\/26\/arles-quartier-des-monuments-historiques-choisir-votre-balade-en-velo-pour-decouvrir-les-monuments-historiques-1705\/"},"wordCount":230,"commentCount":0,"publisher":{"@id":"https:\/\/www.visiterarles.com\/en\/#organization"},"articleSection":["Informations"],"inLanguage":"en-GB","potentialAction":[{"@type":"CommentAction","name":"Comment","target":["https:\/\/www.visiterarles.com\/en\/blog\/2014\/07\/26\/arles-quartier-des-monuments-historiques-choisir-votre-balade-en-velo-pour-decouvrir-les-monuments-historiques-1705\/#respond"]}]},{"@type":"WebPage","@id":"https:\/\/www.visiterarles.com\/en\/blog\/2014\/07\/26\/arles-quartier-des-monuments-historiques-choisir-votre-balade-en-velo-pour-decouvrir-les-monuments-historiques-1705\/","url":"https:\/\/www.visiterarles.com\/en\/blog\/2014\/07\/26\/arles-quartier-des-monuments-historiques-choisir-votre-balade-en-velo-pour-decouvrir-les-monuments-historiques-1705\/","name":"Arles quartier des monuments historiques : choisir votre balade en v\u00e9lo pour d\u00e9couvrir les monuments historiques - Visiter Arles","isPartOf":{"@id":"https:\/\/www.visiterarles.com\/en\/#website"},"datePublished":"2014-07-26T16:57:00+00:00","dateModified":"2014-07-26T16:57:00+00:00","breadcrumb":{"@id":"https:\/\/www.visiterarles.com\/en\/blog\/2014\/07\/26\/arles-quartier-des-monuments-historiques-choisir-votre-balade-en-velo-pour-decouvrir-les-monuments-historiques-1705\/#breadcrumb"},"inLanguage":"en-GB","potentialAction":[{"@type":"ReadAction","target":["https:\/\/www.visiterarles.com\/en\/blog\/2014\/07\/26\/arles-quartier-des-monuments-historiques-choisir-votre-balade-en-velo-pour-decouvrir-les-monuments-historiques-1705\/"]}]},{"@type":"BreadcrumbList","@id":"https:\/\/www.visiterarles.com\/en\/blog\/2014\/07\/26\/arles-quartier-des-monuments-historiques-choisir-votre-balade-en-velo-pour-decouvrir-les-monuments-historiques-1705\/#breadcrumb","itemListElement":[{"@type":"ListItem","position":1,"name":"Home","item":"https:\/\/www.visiterarles.com\/"},{"@type":"ListItem","position":2,"name":"Arles quartier des monuments historiques : choisir votre balade en v\u00e9lo pour d\u00e9couvrir les monuments historiques"}]},{"@type":"WebSite","@id":"https:\/\/www.visiterarles.com\/en\/#website","url":"https:\/\/www.visiterarles.com\/en\/","name":"Visiter Arles","description":"Tourisme en Provence \u00e0 Arles","publisher":{"@id":"https:\/\/www.visiterarles.com\/en\/#organization"},"potentialAction":[{"@type":"SearchAction","target":{"@type":"EntryPoint","urlTemplate":"https:\/\/www.visiterarles.com\/en\/?s={search_term_string}"},"query-input":"required name=search_term_string"}],"inLanguage":"en-GB"},{"@type":"Organization","@id":"https:\/\/www.visiterarles.com\/en\/#organization","name":"Visiter Arles","url":"https:\/\/www.visiterarles.com\/en\/","logo":{"@type":"ImageObject","inLanguage":"en-GB","@id":"https:\/\/www.visiterarles.com\/en\/#\/schema\/logo\/image\/","url":"https:\/\/www.visiterarles.com\/wp-content\/uploads\/2017\/10\/taco-and-co-1-1.jpg","contentUrl":"https:\/\/www.visiterarles.com\/wp-content\/uploads\/2017\/10\/taco-and-co-1-1.jpg","width":124,"height":73,"caption":"Visiter Arles"},"image":{"@id":"https:\/\/www.visiterarles.com\/en\/#\/schema\/logo\/image\/"}},{"@type":"Person","@id":"https:\/\/www.visiterarles.com\/en\/#\/schema\/person\/ba5912e4613018f479a2d86815a53576","name":"Linkadm","image":{"@type":"ImageObject","inLanguage":"en-GB","@id":"https:\/\/www.visiterarles.com\/en\/#\/schema\/person\/image\/","url":"https:\/\/secure.gravatar.com\/avatar\/4709ec209921503e8d8cc96168eddc49?s=96&d=mm&r=g","contentUrl":"https:\/\/secure.gravatar.com\/avatar\/4709ec209921503e8d8cc96168eddc49?s=96&d=mm&r=g","caption":"Linkadm"},"url":"https:\/\/www.visiterarles.com\/en\/blog\/author\/admin\/"}]}},"_links":{"self":[{"href":"https:\/\/www.visiterarles.com\/en\/wp-json\/wp\/v2\/posts\/29713"}],"collection":[{"href":"https:\/\/www.visiterarles.com\/en\/wp-json\/wp\/v2\/posts"}],"about":[{"href":"https:\/\/www.visiterarles.com\/en\/wp-json\/wp\/v2\/types\/post"}],"author":[{"embeddable":true,"href":"https:\/\/www.visiterarles.com\/en\/wp-json\/wp\/v2\/users\/1"}],"replies":[{"embeddable":true,"href":"https:\/\/www.visiterarles.com\/en\/wp-json\/wp\/v2\/comments?post=29713"}],"version-history":[{"count":0,"href":"https:\/\/www.visiterarles.com\/en\/wp-json\/wp\/v2\/posts\/29713\/revisions"}],"wp:attachment":[{"href":"https:\/\/www.visiterarles.com\/en\/wp-json\/wp\/v2\/media?parent=29713"}],"wp:term":[{"taxonomy":"category","embeddable":true,"href":"https:\/\/www.visiterarles.com\/en\/wp-json\/wp\/v2\/categories?post=29713"},{"taxonomy":"post_tag","embeddable":true,"href":"https:\/\/www.visiterarles.com\/en\/wp-json\/wp\/v2\/tags?post=29713"}],"curies":[{"name":"wp","href":"https:\/\/api.w.org\/{rel}","templated":true}]}}