{"id":29716,"date":"2014-07-27T14:46:00","date_gmt":"2014-07-27T14:46:00","guid":{"rendered":"http:\/\/www.visiterarles.com\/pour-decouvrir-les-monuments-historiques-arles-hotel-de-ville-balade-en-velo-86\/"},"modified":"2014-07-27T14:46:00","modified_gmt":"2014-07-27T14:46:00","slug":"pour-decouvrir-les-monuments-historiques-arles-hotel-de-ville-balade-en-velo-86","status":"publish","type":"post","link":"https:\/\/www.visiterarles.com\/en\/blog\/2014\/07\/27\/pour-decouvrir-les-monuments-historiques-arles-hotel-de-ville-balade-en-velo-86\/","title":{"rendered":"Pour d\u00e9couvrir les monuments historiques Arles hotel de ville : balade en v\u00e9lo"},"content":{"rendered":"<h4>Balade en v\u00e9lo pour d\u00e9couvrir les monuments historiques \u00e0 Arles hotel de ville : o\u00f9 d\u00e9goter un contact de confiance<\/h4>\n<p>Les beaux endroits ne manquent pas, ainsi, une balade en v\u00e9lo pour d\u00e9couvrir les monuments historiques Arles hotel de ville vous permettra de jouir pleinement des anciens ateliers sncf, de l&rsquo;ecomus\u00e9e du sel o\u00f9 bien du march\u00e9 de provence. Tacoandco, de mani\u00e8re \u00e0 vous faire jouir pleinement du moment pr\u00e9sent, fera le maximum pour vous montrer, avec le sentiment d\u2019agir de mani\u00e8re \u00e9cologique, la d\u00e9couverte culturelle riche de cette ville extraordinaire, par le biais d\u2019une <a href=\"http:\/\/www.visiterarles.com\/en\/arles-balade-en-velo-pour-decouvrir-les-monuments-historiques-1039\/\">balade en v\u00e9lo pour d\u00e9couvrir les monuments historiques Arles<\/a> hotel de ville.<\/p>\n<h4>Arles : comment s\u2019y prendre pour d\u00e9goter une balade en v\u00e9lo pour d\u00e9couvrir les monuments historiques<\/h4>\n<p>D\u00e9couvrir le majestueux capital de la commune via notre balade en v\u00e9lo pour d\u00e9couvrir les monuments historiques \u00e0 Arles peut para\u00eetre une solution efficace pour toute personne qui le souhaite. Dans la gare sncf, en arrivant \u00e0 Arles, vous pourrez r\u00e9clamer notre balade en v\u00e9lo. Les clients de tout poil adoreront notre balade en v\u00e9lo \u00e0 Arles, pour d\u00e9couvrir les monuments historiques qui leur conviendra incontestablement.<\/p>","protected":false},"excerpt":{"rendered":"<p>Balade en v\u00e9lo pour d\u00e9couvrir les monuments historiques \u00e0 Arles hotel de ville : o\u00f9 d\u00e9goter un contact de confiance Les beaux endroits ne manquent pas, ainsi, une balade en v\u00e9lo pour d\u00e9couvrir les monuments historiques Arles hotel de ville vous permettra de jouir pleinement des anciens ateliers sncf, de l&rsquo;ecomus\u00e9e du sel o\u00f9 bien [&hellip;]<\/p>","protected":false},"author":1,"featured_media":0,"comment_status":"open","ping_status":"open","sticky":false,"template":"","format":"standard","meta":{"footnotes":""},"categories":[55],"tags":[],"aioseo_notices":[],"yoast_head":"<!-- This site is optimized with the Yoast SEO plugin v22.3 - https:\/\/yoast.com\/wordpress\/plugins\/seo\/ -->\n<title>Pour d\u00e9couvrir les monuments historiques Arles hotel de ville : balade en v\u00e9lo - Visiter Arles<\/title>\n<meta name=\"robots\" content=\"index, follow, max-snippet:-1, max-image-preview:large, max-video-preview:-1\" \/>\n<link rel=\"canonical\" href=\"https:\/\/www.visiterarles.com\/en\/blog\/2014\/07\/27\/pour-decouvrir-les-monuments-historiques-arles-hotel-de-ville-balade-en-velo-86\/\" \/>\n<meta name=\"twitter:label1\" content=\"Written by\" \/>\n\t<meta name=\"twitter:data1\" content=\"Linkadm\" \/>\n\t<meta name=\"twitter:label2\" content=\"Estimated reading time\" \/>\n\t<meta name=\"twitter:data2\" content=\"1 minute\" \/>\n<script type=\"application\/ld+json\" class=\"yoast-schema-graph\">{\"@context\":\"https:\/\/schema.org\",\"@graph\":[{\"@type\":\"Article\",\"@id\":\"https:\/\/www.visiterarles.com\/en\/blog\/2014\/07\/27\/pour-decouvrir-les-monuments-historiques-arles-hotel-de-ville-balade-en-velo-86\/#article\",\"isPartOf\":{\"@id\":\"https:\/\/www.visiterarles.com\/en\/blog\/2014\/07\/27\/pour-decouvrir-les-monuments-historiques-arles-hotel-de-ville-balade-en-velo-86\/\"},\"author\":{\"name\":\"Linkadm\",\"@id\":\"https:\/\/www.visiterarles.com\/en\/#\/schema\/person\/ba5912e4613018f479a2d86815a53576\"},\"headline\":\"Pour d\u00e9couvrir les monuments historiques Arles hotel de ville : balade en v\u00e9lo\",\"datePublished\":\"2014-07-27T14:46:00+00:00\",\"dateModified\":\"2014-07-27T14:46:00+00:00\",\"mainEntityOfPage\":{\"@id\":\"https:\/\/www.visiterarles.com\/en\/blog\/2014\/07\/27\/pour-decouvrir-les-monuments-historiques-arles-hotel-de-ville-balade-en-velo-86\/\"},\"wordCount\":223,\"commentCount\":0,\"publisher\":{\"@id\":\"https:\/\/www.visiterarles.com\/en\/#organization\"},\"articleSection\":[\"Informations\"],\"inLanguage\":\"en-GB\",\"potentialAction\":[{\"@type\":\"CommentAction\",\"name\":\"Comment\",\"target\":[\"https:\/\/www.visiterarles.com\/en\/blog\/2014\/07\/27\/pour-decouvrir-les-monuments-historiques-arles-hotel-de-ville-balade-en-velo-86\/#respond\"]}]},{\"@type\":\"WebPage\",\"@id\":\"https:\/\/www.visiterarles.com\/en\/blog\/2014\/07\/27\/pour-decouvrir-les-monuments-historiques-arles-hotel-de-ville-balade-en-velo-86\/\",\"url\":\"https:\/\/www.visiterarles.com\/en\/blog\/2014\/07\/27\/pour-decouvrir-les-monuments-historiques-arles-hotel-de-ville-balade-en-velo-86\/\",\"name\":\"Pour d\u00e9couvrir les monuments historiques Arles hotel de ville : balade en v\u00e9lo - Visiter Arles\",\"isPartOf\":{\"@id\":\"https:\/\/www.visiterarles.com\/en\/#website\"},\"datePublished\":\"2014-07-27T14:46:00+00:00\",\"dateModified\":\"2014-07-27T14:46:00+00:00\",\"breadcrumb\":{\"@id\":\"https:\/\/www.visiterarles.com\/en\/blog\/2014\/07\/27\/pour-decouvrir-les-monuments-historiques-arles-hotel-de-ville-balade-en-velo-86\/#breadcrumb\"},\"inLanguage\":\"en-GB\",\"potentialAction\":[{\"@type\":\"ReadAction\",\"target\":[\"https:\/\/www.visiterarles.com\/en\/blog\/2014\/07\/27\/pour-decouvrir-les-monuments-historiques-arles-hotel-de-ville-balade-en-velo-86\/\"]}]},{\"@type\":\"BreadcrumbList\",\"@id\":\"https:\/\/www.visiterarles.com\/en\/blog\/2014\/07\/27\/pour-decouvrir-les-monuments-historiques-arles-hotel-de-ville-balade-en-velo-86\/#breadcrumb\",\"itemListElement\":[{\"@type\":\"ListItem\",\"position\":1,\"name\":\"Home\",\"item\":\"https:\/\/www.visiterarles.com\/\"},{\"@type\":\"ListItem\",\"position\":2,\"name\":\"Pour d\u00e9couvrir les monuments historiques Arles hotel de ville : balade en v\u00e9lo\"}]},{\"@type\":\"WebSite\",\"@id\":\"https:\/\/www.visiterarles.com\/en\/#website\",\"url\":\"https:\/\/www.visiterarles.com\/en\/\",\"name\":\"Visiter Arles\",\"description\":\"Tourisme en Provence \u00e0 Arles\",\"publisher\":{\"@id\":\"https:\/\/www.visiterarles.com\/en\/#organization\"},\"potentialAction\":[{\"@type\":\"SearchAction\",\"target\":{\"@type\":\"EntryPoint\",\"urlTemplate\":\"https:\/\/www.visiterarles.com\/en\/?s={search_term_string}\"},\"query-input\":\"required name=search_term_string\"}],\"inLanguage\":\"en-GB\"},{\"@type\":\"Organization\",\"@id\":\"https:\/\/www.visiterarles.com\/en\/#organization\",\"name\":\"Visiter Arles\",\"url\":\"https:\/\/www.visiterarles.com\/en\/\",\"logo\":{\"@type\":\"ImageObject\",\"inLanguage\":\"en-GB\",\"@id\":\"https:\/\/www.visiterarles.com\/en\/#\/schema\/logo\/image\/\",\"url\":\"https:\/\/www.visiterarles.com\/wp-content\/uploads\/2017\/10\/taco-and-co-1-1.jpg\",\"contentUrl\":\"https:\/\/www.visiterarles.com\/wp-content\/uploads\/2017\/10\/taco-and-co-1-1.jpg\",\"width\":124,\"height\":73,\"caption\":\"Visiter Arles\"},\"image\":{\"@id\":\"https:\/\/www.visiterarles.com\/en\/#\/schema\/logo\/image\/\"}},{\"@type\":\"Person\",\"@id\":\"https:\/\/www.visiterarles.com\/en\/#\/schema\/person\/ba5912e4613018f479a2d86815a53576\",\"name\":\"Linkadm\",\"image\":{\"@type\":\"ImageObject\",\"inLanguage\":\"en-GB\",\"@id\":\"https:\/\/www.visiterarles.com\/en\/#\/schema\/person\/image\/\",\"url\":\"https:\/\/secure.gravatar.com\/avatar\/4709ec209921503e8d8cc96168eddc49?s=96&d=mm&r=g\",\"contentUrl\":\"https:\/\/secure.gravatar.com\/avatar\/4709ec209921503e8d8cc96168eddc49?s=96&d=mm&r=g\",\"caption\":\"Linkadm\"},\"url\":\"https:\/\/www.visiterarles.com\/en\/blog\/author\/admin\/\"}]}<\/script>\n<!-- \/ Yoast SEO plugin. -->","yoast_head_json":{"title":"Pour d\u00e9couvrir les monuments historiques Arles hotel de ville : balade en v\u00e9lo - Visiter Arles","robots":{"index":"index","follow":"follow","max-snippet":"max-snippet:-1","max-image-preview":"max-image-preview:large","max-video-preview":"max-video-preview:-1"},"canonical":"https:\/\/www.visiterarles.com\/en\/blog\/2014\/07\/27\/pour-decouvrir-les-monuments-historiques-arles-hotel-de-ville-balade-en-velo-86\/","twitter_misc":{"Written by":"Linkadm","Estimated reading time":"1 minute"},"schema":{"@context":"https:\/\/schema.org","@graph":[{"@type":"Article","@id":"https:\/\/www.visiterarles.com\/en\/blog\/2014\/07\/27\/pour-decouvrir-les-monuments-historiques-arles-hotel-de-ville-balade-en-velo-86\/#article","isPartOf":{"@id":"https:\/\/www.visiterarles.com\/en\/blog\/2014\/07\/27\/pour-decouvrir-les-monuments-historiques-arles-hotel-de-ville-balade-en-velo-86\/"},"author":{"name":"Linkadm","@id":"https:\/\/www.visiterarles.com\/en\/#\/schema\/person\/ba5912e4613018f479a2d86815a53576"},"headline":"Pour d\u00e9couvrir les monuments historiques Arles hotel de ville : balade en v\u00e9lo","datePublished":"2014-07-27T14:46:00+00:00","dateModified":"2014-07-27T14:46:00+00:00","mainEntityOfPage":{"@id":"https:\/\/www.visiterarles.com\/en\/blog\/2014\/07\/27\/pour-decouvrir-les-monuments-historiques-arles-hotel-de-ville-balade-en-velo-86\/"},"wordCount":223,"commentCount":0,"publisher":{"@id":"https:\/\/www.visiterarles.com\/en\/#organization"},"articleSection":["Informations"],"inLanguage":"en-GB","potentialAction":[{"@type":"CommentAction","name":"Comment","target":["https:\/\/www.visiterarles.com\/en\/blog\/2014\/07\/27\/pour-decouvrir-les-monuments-historiques-arles-hotel-de-ville-balade-en-velo-86\/#respond"]}]},{"@type":"WebPage","@id":"https:\/\/www.visiterarles.com\/en\/blog\/2014\/07\/27\/pour-decouvrir-les-monuments-historiques-arles-hotel-de-ville-balade-en-velo-86\/","url":"https:\/\/www.visiterarles.com\/en\/blog\/2014\/07\/27\/pour-decouvrir-les-monuments-historiques-arles-hotel-de-ville-balade-en-velo-86\/","name":"Pour d\u00e9couvrir les monuments historiques Arles hotel de ville : balade en v\u00e9lo - Visiter Arles","isPartOf":{"@id":"https:\/\/www.visiterarles.com\/en\/#website"},"datePublished":"2014-07-27T14:46:00+00:00","dateModified":"2014-07-27T14:46:00+00:00","breadcrumb":{"@id":"https:\/\/www.visiterarles.com\/en\/blog\/2014\/07\/27\/pour-decouvrir-les-monuments-historiques-arles-hotel-de-ville-balade-en-velo-86\/#breadcrumb"},"inLanguage":"en-GB","potentialAction":[{"@type":"ReadAction","target":["https:\/\/www.visiterarles.com\/en\/blog\/2014\/07\/27\/pour-decouvrir-les-monuments-historiques-arles-hotel-de-ville-balade-en-velo-86\/"]}]},{"@type":"BreadcrumbList","@id":"https:\/\/www.visiterarles.com\/en\/blog\/2014\/07\/27\/pour-decouvrir-les-monuments-historiques-arles-hotel-de-ville-balade-en-velo-86\/#breadcrumb","itemListElement":[{"@type":"ListItem","position":1,"name":"Home","item":"https:\/\/www.visiterarles.com\/"},{"@type":"ListItem","position":2,"name":"Pour d\u00e9couvrir les monuments historiques Arles hotel de ville : balade en v\u00e9lo"}]},{"@type":"WebSite","@id":"https:\/\/www.visiterarles.com\/en\/#website","url":"https:\/\/www.visiterarles.com\/en\/","name":"Visiter Arles","description":"Tourisme en Provence \u00e0 Arles","publisher":{"@id":"https:\/\/www.visiterarles.com\/en\/#organization"},"potentialAction":[{"@type":"SearchAction","target":{"@type":"EntryPoint","urlTemplate":"https:\/\/www.visiterarles.com\/en\/?s={search_term_string}"},"query-input":"required name=search_term_string"}],"inLanguage":"en-GB"},{"@type":"Organization","@id":"https:\/\/www.visiterarles.com\/en\/#organization","name":"Visiter Arles","url":"https:\/\/www.visiterarles.com\/en\/","logo":{"@type":"ImageObject","inLanguage":"en-GB","@id":"https:\/\/www.visiterarles.com\/en\/#\/schema\/logo\/image\/","url":"https:\/\/www.visiterarles.com\/wp-content\/uploads\/2017\/10\/taco-and-co-1-1.jpg","contentUrl":"https:\/\/www.visiterarles.com\/wp-content\/uploads\/2017\/10\/taco-and-co-1-1.jpg","width":124,"height":73,"caption":"Visiter Arles"},"image":{"@id":"https:\/\/www.visiterarles.com\/en\/#\/schema\/logo\/image\/"}},{"@type":"Person","@id":"https:\/\/www.visiterarles.com\/en\/#\/schema\/person\/ba5912e4613018f479a2d86815a53576","name":"Linkadm","image":{"@type":"ImageObject","inLanguage":"en-GB","@id":"https:\/\/www.visiterarles.com\/en\/#\/schema\/person\/image\/","url":"https:\/\/secure.gravatar.com\/avatar\/4709ec209921503e8d8cc96168eddc49?s=96&d=mm&r=g","contentUrl":"https:\/\/secure.gravatar.com\/avatar\/4709ec209921503e8d8cc96168eddc49?s=96&d=mm&r=g","caption":"Linkadm"},"url":"https:\/\/www.visiterarles.com\/en\/blog\/author\/admin\/"}]}},"_links":{"self":[{"href":"https:\/\/www.visiterarles.com\/en\/wp-json\/wp\/v2\/posts\/29716"}],"collection":[{"href":"https:\/\/www.visiterarles.com\/en\/wp-json\/wp\/v2\/posts"}],"about":[{"href":"https:\/\/www.visiterarles.com\/en\/wp-json\/wp\/v2\/types\/post"}],"author":[{"embeddable":true,"href":"https:\/\/www.visiterarles.com\/en\/wp-json\/wp\/v2\/users\/1"}],"replies":[{"embeddable":true,"href":"https:\/\/www.visiterarles.com\/en\/wp-json\/wp\/v2\/comments?post=29716"}],"version-history":[{"count":0,"href":"https:\/\/www.visiterarles.com\/en\/wp-json\/wp\/v2\/posts\/29716\/revisions"}],"wp:attachment":[{"href":"https:\/\/www.visiterarles.com\/en\/wp-json\/wp\/v2\/media?parent=29716"}],"wp:term":[{"taxonomy":"category","embeddable":true,"href":"https:\/\/www.visiterarles.com\/en\/wp-json\/wp\/v2\/categories?post=29716"},{"taxonomy":"post_tag","embeddable":true,"href":"https:\/\/www.visiterarles.com\/en\/wp-json\/wp\/v2\/tags?post=29716"}],"curies":[{"name":"wp","href":"https:\/\/api.w.org\/{rel}","templated":true}]}}