{"id":310,"date":"2010-05-28T04:54:45","date_gmt":"2010-05-28T04:54:45","guid":{"rendered":"https:\/\/www.visiterarles.com\/?p=310"},"modified":"2010-06-01T07:40:52","modified_gmt":"2010-06-01T07:40:52","slug":"soiree-de-soutien-au-rugby-club-arlesien-le-samedi-29-mai","status":"publish","type":"post","link":"https:\/\/www.visiterarles.com\/en\/blog\/2010\/05\/28\/soiree-de-soutien-au-rugby-club-arlesien-le-samedi-29-mai\/","title":{"rendered":"Soir\u00e9e de soutien au Rugby Club Arl\u00e9sien le Samedi 29 Mai"},"content":{"rendered":"<p>Taco and co vous invite le Samedi 29 Mai \u00e0 la soir\u00e9e de soutien du RCA.<\/p>\n<p>A l&rsquo;occasion de la finale du Top 14, le RCA en partenariat avec le wallabeer, le cargo de nuit et le bistrot du Paradou vous propose une soir\u00e9e de folie en\u00a0trois temps.<\/p>\n<p>Acte 1: Before au Wallabeer (17H00-20h00)<\/p>\n<p>Acte 2: Retransmission finale au Cargo de nuit(20H45)<\/p>\n<p>Acte 3: Soir\u00e9e au Cargo (22h00-4H00)<\/p>\n<p>Music by collectif Whisky Nam-Nam<\/p>\n<p>Venez nombreux&#8230;<\/p>\n<figure id=\"attachment_311\" aria-describedby=\"caption-attachment-311\" style=\"width: 150px\" class=\"wp-caption aligncenter\"><a href=\"https:\/\/www.visiterarles.com\/wp-content\/uploads\/2010\/05\/fly-rca2-320x200.jpg\"><img decoding=\"async\" class=\"size-thumbnail wp-image-311\" title=\"fly-rca2 [320x200]\" src=\"https:\/\/www.visiterarles.com\/wp-content\/uploads\/2010\/05\/fly-rca2-320x200-150x150.jpg\" alt=\"\" width=\"150\" height=\"150\" srcset=\"https:\/\/www.visiterarles.com\/wp-content\/uploads\/2010\/05\/fly-rca2-320x200-150x150.jpg 150w, https:\/\/www.visiterarles.com\/wp-content\/uploads\/2010\/05\/fly-rca2-320x200-30x30.jpg 30w, https:\/\/www.visiterarles.com\/wp-content\/uploads\/2010\/05\/fly-rca2-320x200-84x84.jpg 84w, https:\/\/www.visiterarles.com\/wp-content\/uploads\/2010\/05\/fly-rca2-320x200-185x185.jpg 185w\" sizes=\"(max-width: 150px) 100vw, 150px\" \/><\/a><figcaption id=\"caption-attachment-311\" class=\"wp-caption-text\">Soir\u00e9e de soutien au RCA le Samedi 29 Mai<\/figcaption><\/figure>","protected":false},"excerpt":{"rendered":"<p>Taco and co vous invite le Samedi 29 Mai \u00e0 la soir\u00e9e de soutien du RCA. A l&rsquo;occasion de la finale du Top 14, le RCA en partenariat avec le wallabeer, le cargo de nuit et le bistrot du Paradou vous propose une soir\u00e9e de folie en\u00a0trois temps. Acte 1: Before au Wallabeer (17H00-20h00) Acte [&hellip;]<\/p>","protected":false},"author":2,"featured_media":312,"comment_status":"closed","ping_status":"closed","sticky":false,"template":"","format":"standard","meta":{"footnotes":""},"categories":[4,3],"tags":[],"aioseo_notices":[],"yoast_head":"<!-- This site is optimized with the Yoast SEO plugin v22.3 - https:\/\/yoast.com\/wordpress\/plugins\/seo\/ -->\n<title>Rugby Club Arl\u00e9sien RC Arles : Soir\u00e9e de soutien le Samedi 29 Mai<\/title>\n<meta name=\"robots\" content=\"index, follow, max-snippet:-1, max-image-preview:large, max-video-preview:-1\" \/>\n<link rel=\"canonical\" href=\"https:\/\/www.visiterarles.com\/en\/blog\/2010\/05\/28\/soiree-de-soutien-au-rugby-club-arlesien-le-samedi-29-mai\/\" \/>\n<meta name=\"twitter:label1\" content=\"Written by\" \/>\n\t<meta name=\"twitter:data1\" content=\"damien\" \/>\n<script type=\"application\/ld+json\" class=\"yoast-schema-graph\">{\"@context\":\"https:\/\/schema.org\",\"@graph\":[{\"@type\":\"Article\",\"@id\":\"https:\/\/www.visiterarles.com\/en\/blog\/2010\/05\/28\/soiree-de-soutien-au-rugby-club-arlesien-le-samedi-29-mai\/#article\",\"isPartOf\":{\"@id\":\"https:\/\/www.visiterarles.com\/en\/blog\/2010\/05\/28\/soiree-de-soutien-au-rugby-club-arlesien-le-samedi-29-mai\/\"},\"author\":{\"name\":\"damien\",\"@id\":\"https:\/\/www.visiterarles.com\/en\/#\/schema\/person\/0ef93571b2fe272c676137a002139d56\"},\"headline\":\"Soir\u00e9e de soutien au Rugby Club Arl\u00e9sien le Samedi 29 Mai\",\"datePublished\":\"2010-05-28T04:54:45+00:00\",\"dateModified\":\"2010-06-01T07:40:52+00:00\",\"mainEntityOfPage\":{\"@id\":\"https:\/\/www.visiterarles.com\/en\/blog\/2010\/05\/28\/soiree-de-soutien-au-rugby-club-arlesien-le-samedi-29-mai\/\"},\"wordCount\":108,\"publisher\":{\"@id\":\"https:\/\/www.visiterarles.com\/en\/#organization\"},\"image\":{\"@id\":\"https:\/\/www.visiterarles.com\/en\/blog\/2010\/05\/28\/soiree-de-soutien-au-rugby-club-arlesien-le-samedi-29-mai\/#primaryimage\"},\"thumbnailUrl\":\"https:\/\/www.visiterarles.com\/wp-content\/uploads\/2010\/05\/fly-rca2-320x2001.jpg\",\"articleSection\":[\"accueil\",\"Actualit\u00e9s\"],\"inLanguage\":\"en-GB\"},{\"@type\":\"WebPage\",\"@id\":\"https:\/\/www.visiterarles.com\/en\/blog\/2010\/05\/28\/soiree-de-soutien-au-rugby-club-arlesien-le-samedi-29-mai\/\",\"url\":\"https:\/\/www.visiterarles.com\/en\/blog\/2010\/05\/28\/soiree-de-soutien-au-rugby-club-arlesien-le-samedi-29-mai\/\",\"name\":\"Rugby Club Arl\u00e9sien RC Arles : Soir\u00e9e de soutien le Samedi 29 Mai\",\"isPartOf\":{\"@id\":\"https:\/\/www.visiterarles.com\/en\/#website\"},\"primaryImageOfPage\":{\"@id\":\"https:\/\/www.visiterarles.com\/en\/blog\/2010\/05\/28\/soiree-de-soutien-au-rugby-club-arlesien-le-samedi-29-mai\/#primaryimage\"},\"image\":{\"@id\":\"https:\/\/www.visiterarles.com\/en\/blog\/2010\/05\/28\/soiree-de-soutien-au-rugby-club-arlesien-le-samedi-29-mai\/#primaryimage\"},\"thumbnailUrl\":\"https:\/\/www.visiterarles.com\/wp-content\/uploads\/2010\/05\/fly-rca2-320x2001.jpg\",\"datePublished\":\"2010-05-28T04:54:45+00:00\",\"dateModified\":\"2010-06-01T07:40:52+00:00\",\"breadcrumb\":{\"@id\":\"https:\/\/www.visiterarles.com\/en\/blog\/2010\/05\/28\/soiree-de-soutien-au-rugby-club-arlesien-le-samedi-29-mai\/#breadcrumb\"},\"inLanguage\":\"en-GB\",\"potentialAction\":[{\"@type\":\"ReadAction\",\"target\":[\"https:\/\/www.visiterarles.com\/en\/blog\/2010\/05\/28\/soiree-de-soutien-au-rugby-club-arlesien-le-samedi-29-mai\/\"]}]},{\"@type\":\"ImageObject\",\"inLanguage\":\"en-GB\",\"@id\":\"https:\/\/www.visiterarles.com\/en\/blog\/2010\/05\/28\/soiree-de-soutien-au-rugby-club-arlesien-le-samedi-29-mai\/#primaryimage\",\"url\":\"https:\/\/www.visiterarles.com\/wp-content\/uploads\/2010\/05\/fly-rca2-320x2001.jpg\",\"contentUrl\":\"https:\/\/www.visiterarles.com\/wp-content\/uploads\/2010\/05\/fly-rca2-320x2001.jpg\",\"width\":\"287\",\"height\":\"200\"},{\"@type\":\"BreadcrumbList\",\"@id\":\"https:\/\/www.visiterarles.com\/en\/blog\/2010\/05\/28\/soiree-de-soutien-au-rugby-club-arlesien-le-samedi-29-mai\/#breadcrumb\",\"itemListElement\":[{\"@type\":\"ListItem\",\"position\":1,\"name\":\"Home\",\"item\":\"https:\/\/www.visiterarles.com\/\"},{\"@type\":\"ListItem\",\"position\":2,\"name\":\"Soir\u00e9e de soutien au Rugby Club Arl\u00e9sien le Samedi 29 Mai\"}]},{\"@type\":\"WebSite\",\"@id\":\"https:\/\/www.visiterarles.com\/en\/#website\",\"url\":\"https:\/\/www.visiterarles.com\/en\/\",\"name\":\"Visiter Arles\",\"description\":\"Tourisme en Provence \u00e0 Arles\",\"publisher\":{\"@id\":\"https:\/\/www.visiterarles.com\/en\/#organization\"},\"potentialAction\":[{\"@type\":\"SearchAction\",\"target\":{\"@type\":\"EntryPoint\",\"urlTemplate\":\"https:\/\/www.visiterarles.com\/en\/?s={search_term_string}\"},\"query-input\":\"required name=search_term_string\"}],\"inLanguage\":\"en-GB\"},{\"@type\":\"Organization\",\"@id\":\"https:\/\/www.visiterarles.com\/en\/#organization\",\"name\":\"Visiter Arles\",\"url\":\"https:\/\/www.visiterarles.com\/en\/\",\"logo\":{\"@type\":\"ImageObject\",\"inLanguage\":\"en-GB\",\"@id\":\"https:\/\/www.visiterarles.com\/en\/#\/schema\/logo\/image\/\",\"url\":\"https:\/\/www.visiterarles.com\/wp-content\/uploads\/2017\/10\/taco-and-co-1-1.jpg\",\"contentUrl\":\"https:\/\/www.visiterarles.com\/wp-content\/uploads\/2017\/10\/taco-and-co-1-1.jpg\",\"width\":124,\"height\":73,\"caption\":\"Visiter Arles\"},\"image\":{\"@id\":\"https:\/\/www.visiterarles.com\/en\/#\/schema\/logo\/image\/\"}},{\"@type\":\"Person\",\"@id\":\"https:\/\/www.visiterarles.com\/en\/#\/schema\/person\/0ef93571b2fe272c676137a002139d56\",\"name\":\"damien\",\"image\":{\"@type\":\"ImageObject\",\"inLanguage\":\"en-GB\",\"@id\":\"https:\/\/www.visiterarles.com\/en\/#\/schema\/person\/image\/\",\"url\":\"https:\/\/secure.gravatar.com\/avatar\/7a0d4f0af72a2d627adac81a8c10a5b6?s=96&d=mm&r=g\",\"contentUrl\":\"https:\/\/secure.gravatar.com\/avatar\/7a0d4f0af72a2d627adac81a8c10a5b6?s=96&d=mm&r=g\",\"caption\":\"damien\"},\"url\":\"https:\/\/www.visiterarles.com\/en\/blog\/author\/damien\/\"}]}<\/script>\n<!-- \/ Yoast SEO plugin. -->","yoast_head_json":{"title":"Rugby Club Arl\u00e9sien RC Arles : Soir\u00e9e de soutien le Samedi 29 Mai","robots":{"index":"index","follow":"follow","max-snippet":"max-snippet:-1","max-image-preview":"max-image-preview:large","max-video-preview":"max-video-preview:-1"},"canonical":"https:\/\/www.visiterarles.com\/en\/blog\/2010\/05\/28\/soiree-de-soutien-au-rugby-club-arlesien-le-samedi-29-mai\/","twitter_misc":{"Written by":"damien"},"schema":{"@context":"https:\/\/schema.org","@graph":[{"@type":"Article","@id":"https:\/\/www.visiterarles.com\/en\/blog\/2010\/05\/28\/soiree-de-soutien-au-rugby-club-arlesien-le-samedi-29-mai\/#article","isPartOf":{"@id":"https:\/\/www.visiterarles.com\/en\/blog\/2010\/05\/28\/soiree-de-soutien-au-rugby-club-arlesien-le-samedi-29-mai\/"},"author":{"name":"damien","@id":"https:\/\/www.visiterarles.com\/en\/#\/schema\/person\/0ef93571b2fe272c676137a002139d56"},"headline":"Soir\u00e9e de soutien au Rugby Club Arl\u00e9sien le Samedi 29 Mai","datePublished":"2010-05-28T04:54:45+00:00","dateModified":"2010-06-01T07:40:52+00:00","mainEntityOfPage":{"@id":"https:\/\/www.visiterarles.com\/en\/blog\/2010\/05\/28\/soiree-de-soutien-au-rugby-club-arlesien-le-samedi-29-mai\/"},"wordCount":108,"publisher":{"@id":"https:\/\/www.visiterarles.com\/en\/#organization"},"image":{"@id":"https:\/\/www.visiterarles.com\/en\/blog\/2010\/05\/28\/soiree-de-soutien-au-rugby-club-arlesien-le-samedi-29-mai\/#primaryimage"},"thumbnailUrl":"https:\/\/www.visiterarles.com\/wp-content\/uploads\/2010\/05\/fly-rca2-320x2001.jpg","articleSection":["accueil","Actualit\u00e9s"],"inLanguage":"en-GB"},{"@type":"WebPage","@id":"https:\/\/www.visiterarles.com\/en\/blog\/2010\/05\/28\/soiree-de-soutien-au-rugby-club-arlesien-le-samedi-29-mai\/","url":"https:\/\/www.visiterarles.com\/en\/blog\/2010\/05\/28\/soiree-de-soutien-au-rugby-club-arlesien-le-samedi-29-mai\/","name":"Rugby Club Arl\u00e9sien RC Arles : Soir\u00e9e de soutien le Samedi 29 Mai","isPartOf":{"@id":"https:\/\/www.visiterarles.com\/en\/#website"},"primaryImageOfPage":{"@id":"https:\/\/www.visiterarles.com\/en\/blog\/2010\/05\/28\/soiree-de-soutien-au-rugby-club-arlesien-le-samedi-29-mai\/#primaryimage"},"image":{"@id":"https:\/\/www.visiterarles.com\/en\/blog\/2010\/05\/28\/soiree-de-soutien-au-rugby-club-arlesien-le-samedi-29-mai\/#primaryimage"},"thumbnailUrl":"https:\/\/www.visiterarles.com\/wp-content\/uploads\/2010\/05\/fly-rca2-320x2001.jpg","datePublished":"2010-05-28T04:54:45+00:00","dateModified":"2010-06-01T07:40:52+00:00","breadcrumb":{"@id":"https:\/\/www.visiterarles.com\/en\/blog\/2010\/05\/28\/soiree-de-soutien-au-rugby-club-arlesien-le-samedi-29-mai\/#breadcrumb"},"inLanguage":"en-GB","potentialAction":[{"@type":"ReadAction","target":["https:\/\/www.visiterarles.com\/en\/blog\/2010\/05\/28\/soiree-de-soutien-au-rugby-club-arlesien-le-samedi-29-mai\/"]}]},{"@type":"ImageObject","inLanguage":"en-GB","@id":"https:\/\/www.visiterarles.com\/en\/blog\/2010\/05\/28\/soiree-de-soutien-au-rugby-club-arlesien-le-samedi-29-mai\/#primaryimage","url":"https:\/\/www.visiterarles.com\/wp-content\/uploads\/2010\/05\/fly-rca2-320x2001.jpg","contentUrl":"https:\/\/www.visiterarles.com\/wp-content\/uploads\/2010\/05\/fly-rca2-320x2001.jpg","width":"287","height":"200"},{"@type":"BreadcrumbList","@id":"https:\/\/www.visiterarles.com\/en\/blog\/2010\/05\/28\/soiree-de-soutien-au-rugby-club-arlesien-le-samedi-29-mai\/#breadcrumb","itemListElement":[{"@type":"ListItem","position":1,"name":"Home","item":"https:\/\/www.visiterarles.com\/"},{"@type":"ListItem","position":2,"name":"Soir\u00e9e de soutien au Rugby Club Arl\u00e9sien le Samedi 29 Mai"}]},{"@type":"WebSite","@id":"https:\/\/www.visiterarles.com\/en\/#website","url":"https:\/\/www.visiterarles.com\/en\/","name":"Visiter Arles","description":"Tourisme en Provence \u00e0 Arles","publisher":{"@id":"https:\/\/www.visiterarles.com\/en\/#organization"},"potentialAction":[{"@type":"SearchAction","target":{"@type":"EntryPoint","urlTemplate":"https:\/\/www.visiterarles.com\/en\/?s={search_term_string}"},"query-input":"required name=search_term_string"}],"inLanguage":"en-GB"},{"@type":"Organization","@id":"https:\/\/www.visiterarles.com\/en\/#organization","name":"Visiter Arles","url":"https:\/\/www.visiterarles.com\/en\/","logo":{"@type":"ImageObject","inLanguage":"en-GB","@id":"https:\/\/www.visiterarles.com\/en\/#\/schema\/logo\/image\/","url":"https:\/\/www.visiterarles.com\/wp-content\/uploads\/2017\/10\/taco-and-co-1-1.jpg","contentUrl":"https:\/\/www.visiterarles.com\/wp-content\/uploads\/2017\/10\/taco-and-co-1-1.jpg","width":124,"height":73,"caption":"Visiter Arles"},"image":{"@id":"https:\/\/www.visiterarles.com\/en\/#\/schema\/logo\/image\/"}},{"@type":"Person","@id":"https:\/\/www.visiterarles.com\/en\/#\/schema\/person\/0ef93571b2fe272c676137a002139d56","name":"damien","image":{"@type":"ImageObject","inLanguage":"en-GB","@id":"https:\/\/www.visiterarles.com\/en\/#\/schema\/person\/image\/","url":"https:\/\/secure.gravatar.com\/avatar\/7a0d4f0af72a2d627adac81a8c10a5b6?s=96&d=mm&r=g","contentUrl":"https:\/\/secure.gravatar.com\/avatar\/7a0d4f0af72a2d627adac81a8c10a5b6?s=96&d=mm&r=g","caption":"damien"},"url":"https:\/\/www.visiterarles.com\/en\/blog\/author\/damien\/"}]}},"_links":{"self":[{"href":"https:\/\/www.visiterarles.com\/en\/wp-json\/wp\/v2\/posts\/310"}],"collection":[{"href":"https:\/\/www.visiterarles.com\/en\/wp-json\/wp\/v2\/posts"}],"about":[{"href":"https:\/\/www.visiterarles.com\/en\/wp-json\/wp\/v2\/types\/post"}],"author":[{"embeddable":true,"href":"https:\/\/www.visiterarles.com\/en\/wp-json\/wp\/v2\/users\/2"}],"replies":[{"embeddable":true,"href":"https:\/\/www.visiterarles.com\/en\/wp-json\/wp\/v2\/comments?post=310"}],"version-history":[{"count":0,"href":"https:\/\/www.visiterarles.com\/en\/wp-json\/wp\/v2\/posts\/310\/revisions"}],"wp:featuredmedia":[{"embeddable":true,"href":"https:\/\/www.visiterarles.com\/en\/wp-json\/wp\/v2\/media\/312"}],"wp:attachment":[{"href":"https:\/\/www.visiterarles.com\/en\/wp-json\/wp\/v2\/media?parent=310"}],"wp:term":[{"taxonomy":"category","embeddable":true,"href":"https:\/\/www.visiterarles.com\/en\/wp-json\/wp\/v2\/categories?post=310"},{"taxonomy":"post_tag","embeddable":true,"href":"https:\/\/www.visiterarles.com\/en\/wp-json\/wp\/v2\/tags?post=310"}],"curies":[{"name":"wp","href":"https:\/\/api.w.org\/{rel}","templated":true}]}}