{"id":355,"date":"2010-06-20T14:27:33","date_gmt":"2010-06-20T14:27:33","guid":{"rendered":"https:\/\/www.visiterarles.com\/?p=355"},"modified":"2010-06-20T14:39:35","modified_gmt":"2010-06-20T14:39:35","slug":"taco-and-co-fete-la-musique-a-arles-le-21-juin-2010","status":"publish","type":"post","link":"https:\/\/www.visiterarles.com\/en\/blog\/2010\/06\/20\/taco-and-co-fete-la-musique-a-arles-le-21-juin-2010\/","title":{"rendered":"Taco and Co f\u00eate la musique \u00e0 Arles le 21 juin 2010"},"content":{"rendered":"<p><a href=\"https:\/\/www.visiterarles.com\/wp-content\/uploads\/2010\/06\/f\u00eate-musique-640x480.jpg\"><img decoding=\"async\" class=\"alignnone size-thumbnail wp-image-359\" src=\"https:\/\/www.visiterarles.com\/wp-content\/uploads\/2010\/06\/f\u00eate-musique-640x480-150x150.jpg\" alt=\"\" width=\"150\" height=\"150\" srcset=\"https:\/\/www.visiterarles.com\/wp-content\/uploads\/2010\/06\/f\u00eate-musique-640x480-150x150.jpg 150w, https:\/\/www.visiterarles.com\/wp-content\/uploads\/2010\/06\/f\u00eate-musique-640x480-300x300.jpg 300w, https:\/\/www.visiterarles.com\/wp-content\/uploads\/2010\/06\/f\u00eate-musique-640x480-30x30.jpg 30w, https:\/\/www.visiterarles.com\/wp-content\/uploads\/2010\/06\/f\u00eate-musique-640x480-84x84.jpg 84w, https:\/\/www.visiterarles.com\/wp-content\/uploads\/2010\/06\/f\u00eate-musique-640x480-185x185.jpg 185w, https:\/\/www.visiterarles.com\/wp-content\/uploads\/2010\/06\/f\u00eate-musique-640x480.jpg 480w\" sizes=\"(max-width: 150px) 100vw, 150px\" \/><\/a>\u00a0\u00a0 A l&rsquo;occasion de la f\u00eate de la musique, le 21 juin 2010, Taco and Co vous transporte gratuitement\u00a0de sc\u00e8ne en sc\u00e8ne, dans la ville d&rsquo;Arles, \u00e0 partir de 17h jusqu&rsquo;\u00e0 22h.<\/p>","protected":false},"excerpt":{"rendered":"<p>\u00a0\u00a0 A l&rsquo;occasion de la f\u00eate de la musique, le 21 juin 2010, Taco and Co vous transporte gratuitement\u00a0de sc\u00e8ne en sc\u00e8ne, dans la ville d&rsquo;Arles, \u00e0 partir de 17h jusqu&rsquo;\u00e0 22h.<\/p>","protected":false},"author":1,"featured_media":360,"comment_status":"closed","ping_status":"closed","sticky":false,"template":"","format":"standard","meta":{"footnotes":""},"categories":[4,3],"tags":[],"aioseo_notices":[],"yoast_head":"<!-- This site is optimized with the Yoast SEO plugin v22.3 - https:\/\/yoast.com\/wordpress\/plugins\/seo\/ -->\n<title>Taco and Co f\u00eate la musique \u00e0 Arles le 21 juin 2010 - Visiter Arles<\/title>\n<meta name=\"robots\" content=\"index, follow, max-snippet:-1, max-image-preview:large, max-video-preview:-1\" \/>\n<link rel=\"canonical\" href=\"https:\/\/www.visiterarles.com\/en\/blog\/2010\/06\/20\/taco-and-co-fete-la-musique-a-arles-le-21-juin-2010\/\" \/>\n<meta name=\"twitter:label1\" content=\"Written by\" \/>\n\t<meta name=\"twitter:data1\" content=\"Linkadm\" \/>\n<script type=\"application\/ld+json\" class=\"yoast-schema-graph\">{\"@context\":\"https:\/\/schema.org\",\"@graph\":[{\"@type\":\"Article\",\"@id\":\"https:\/\/www.visiterarles.com\/blog\/2010\/06\/20\/taco-and-co-fete-la-musique-a-arles-le-21-juin-2010\/#article\",\"isPartOf\":{\"@id\":\"https:\/\/www.visiterarles.com\/blog\/2010\/06\/20\/taco-and-co-fete-la-musique-a-arles-le-21-juin-2010\/\"},\"author\":{\"name\":\"Linkadm\",\"@id\":\"https:\/\/www.visiterarles.com\/en\/#\/schema\/person\/ba5912e4613018f479a2d86815a53576\"},\"headline\":\"Taco and Co f\u00eate la musique \u00e0 Arles le 21 juin 2010\",\"datePublished\":\"2010-06-20T14:27:33+00:00\",\"dateModified\":\"2010-06-20T14:39:35+00:00\",\"mainEntityOfPage\":{\"@id\":\"https:\/\/www.visiterarles.com\/blog\/2010\/06\/20\/taco-and-co-fete-la-musique-a-arles-le-21-juin-2010\/\"},\"wordCount\":44,\"publisher\":{\"@id\":\"https:\/\/www.visiterarles.com\/en\/#organization\"},\"image\":{\"@id\":\"https:\/\/www.visiterarles.com\/blog\/2010\/06\/20\/taco-and-co-fete-la-musique-a-arles-le-21-juin-2010\/#primaryimage\"},\"thumbnailUrl\":\"https:\/\/www.visiterarles.com\/wp-content\/uploads\/2010\/06\/f\u00eate-musique-640x4801.jpg\",\"articleSection\":[\"accueil\",\"Actualit\u00e9s\"],\"inLanguage\":\"en-GB\"},{\"@type\":\"WebPage\",\"@id\":\"https:\/\/www.visiterarles.com\/blog\/2010\/06\/20\/taco-and-co-fete-la-musique-a-arles-le-21-juin-2010\/\",\"url\":\"https:\/\/www.visiterarles.com\/blog\/2010\/06\/20\/taco-and-co-fete-la-musique-a-arles-le-21-juin-2010\/\",\"name\":\"Taco and Co f\u00eate la musique \u00e0 Arles le 21 juin 2010 - Visiter Arles\",\"isPartOf\":{\"@id\":\"https:\/\/www.visiterarles.com\/en\/#website\"},\"primaryImageOfPage\":{\"@id\":\"https:\/\/www.visiterarles.com\/blog\/2010\/06\/20\/taco-and-co-fete-la-musique-a-arles-le-21-juin-2010\/#primaryimage\"},\"image\":{\"@id\":\"https:\/\/www.visiterarles.com\/blog\/2010\/06\/20\/taco-and-co-fete-la-musique-a-arles-le-21-juin-2010\/#primaryimage\"},\"thumbnailUrl\":\"https:\/\/www.visiterarles.com\/wp-content\/uploads\/2010\/06\/f\u00eate-musique-640x4801.jpg\",\"datePublished\":\"2010-06-20T14:27:33+00:00\",\"dateModified\":\"2010-06-20T14:39:35+00:00\",\"breadcrumb\":{\"@id\":\"https:\/\/www.visiterarles.com\/blog\/2010\/06\/20\/taco-and-co-fete-la-musique-a-arles-le-21-juin-2010\/#breadcrumb\"},\"inLanguage\":\"en-GB\",\"potentialAction\":[{\"@type\":\"ReadAction\",\"target\":[\"https:\/\/www.visiterarles.com\/blog\/2010\/06\/20\/taco-and-co-fete-la-musique-a-arles-le-21-juin-2010\/\"]}]},{\"@type\":\"ImageObject\",\"inLanguage\":\"en-GB\",\"@id\":\"https:\/\/www.visiterarles.com\/blog\/2010\/06\/20\/taco-and-co-fete-la-musique-a-arles-le-21-juin-2010\/#primaryimage\",\"url\":\"https:\/\/www.visiterarles.com\/wp-content\/uploads\/2010\/06\/f\u00eate-musique-640x4801.jpg\",\"contentUrl\":\"https:\/\/www.visiterarles.com\/wp-content\/uploads\/2010\/06\/f\u00eate-musique-640x4801.jpg\",\"width\":\"480\",\"height\":\"480\"},{\"@type\":\"BreadcrumbList\",\"@id\":\"https:\/\/www.visiterarles.com\/blog\/2010\/06\/20\/taco-and-co-fete-la-musique-a-arles-le-21-juin-2010\/#breadcrumb\",\"itemListElement\":[{\"@type\":\"ListItem\",\"position\":1,\"name\":\"Home\",\"item\":\"https:\/\/www.visiterarles.com\/\"},{\"@type\":\"ListItem\",\"position\":2,\"name\":\"Taco and Co f\u00eate la musique \u00e0 Arles le 21 juin 2010\"}]},{\"@type\":\"WebSite\",\"@id\":\"https:\/\/www.visiterarles.com\/en\/#website\",\"url\":\"https:\/\/www.visiterarles.com\/en\/\",\"name\":\"Visiter Arles\",\"description\":\"Tourisme en Provence \u00e0 Arles\",\"publisher\":{\"@id\":\"https:\/\/www.visiterarles.com\/en\/#organization\"},\"potentialAction\":[{\"@type\":\"SearchAction\",\"target\":{\"@type\":\"EntryPoint\",\"urlTemplate\":\"https:\/\/www.visiterarles.com\/en\/?s={search_term_string}\"},\"query-input\":\"required name=search_term_string\"}],\"inLanguage\":\"en-GB\"},{\"@type\":\"Organization\",\"@id\":\"https:\/\/www.visiterarles.com\/en\/#organization\",\"name\":\"Visiter Arles\",\"url\":\"https:\/\/www.visiterarles.com\/en\/\",\"logo\":{\"@type\":\"ImageObject\",\"inLanguage\":\"en-GB\",\"@id\":\"https:\/\/www.visiterarles.com\/en\/#\/schema\/logo\/image\/\",\"url\":\"https:\/\/www.visiterarles.com\/wp-content\/uploads\/2017\/10\/taco-and-co-1-1.jpg\",\"contentUrl\":\"https:\/\/www.visiterarles.com\/wp-content\/uploads\/2017\/10\/taco-and-co-1-1.jpg\",\"width\":124,\"height\":73,\"caption\":\"Visiter Arles\"},\"image\":{\"@id\":\"https:\/\/www.visiterarles.com\/en\/#\/schema\/logo\/image\/\"}},{\"@type\":\"Person\",\"@id\":\"https:\/\/www.visiterarles.com\/en\/#\/schema\/person\/ba5912e4613018f479a2d86815a53576\",\"name\":\"Linkadm\",\"image\":{\"@type\":\"ImageObject\",\"inLanguage\":\"en-GB\",\"@id\":\"https:\/\/www.visiterarles.com\/en\/#\/schema\/person\/image\/\",\"url\":\"https:\/\/secure.gravatar.com\/avatar\/4709ec209921503e8d8cc96168eddc49?s=96&d=mm&r=g\",\"contentUrl\":\"https:\/\/secure.gravatar.com\/avatar\/4709ec209921503e8d8cc96168eddc49?s=96&d=mm&r=g\",\"caption\":\"Linkadm\"},\"url\":\"https:\/\/www.visiterarles.com\/en\/blog\/author\/admin\/\"}]}<\/script>\n<!-- \/ Yoast SEO plugin. -->","yoast_head_json":{"title":"Taco and Co f\u00eate la musique \u00e0 Arles le 21 juin 2010 - Visiter Arles","robots":{"index":"index","follow":"follow","max-snippet":"max-snippet:-1","max-image-preview":"max-image-preview:large","max-video-preview":"max-video-preview:-1"},"canonical":"https:\/\/www.visiterarles.com\/en\/blog\/2010\/06\/20\/taco-and-co-fete-la-musique-a-arles-le-21-juin-2010\/","twitter_misc":{"Written by":"Linkadm"},"schema":{"@context":"https:\/\/schema.org","@graph":[{"@type":"Article","@id":"https:\/\/www.visiterarles.com\/blog\/2010\/06\/20\/taco-and-co-fete-la-musique-a-arles-le-21-juin-2010\/#article","isPartOf":{"@id":"https:\/\/www.visiterarles.com\/blog\/2010\/06\/20\/taco-and-co-fete-la-musique-a-arles-le-21-juin-2010\/"},"author":{"name":"Linkadm","@id":"https:\/\/www.visiterarles.com\/en\/#\/schema\/person\/ba5912e4613018f479a2d86815a53576"},"headline":"Taco and Co f\u00eate la musique \u00e0 Arles le 21 juin 2010","datePublished":"2010-06-20T14:27:33+00:00","dateModified":"2010-06-20T14:39:35+00:00","mainEntityOfPage":{"@id":"https:\/\/www.visiterarles.com\/blog\/2010\/06\/20\/taco-and-co-fete-la-musique-a-arles-le-21-juin-2010\/"},"wordCount":44,"publisher":{"@id":"https:\/\/www.visiterarles.com\/en\/#organization"},"image":{"@id":"https:\/\/www.visiterarles.com\/blog\/2010\/06\/20\/taco-and-co-fete-la-musique-a-arles-le-21-juin-2010\/#primaryimage"},"thumbnailUrl":"https:\/\/www.visiterarles.com\/wp-content\/uploads\/2010\/06\/f\u00eate-musique-640x4801.jpg","articleSection":["accueil","Actualit\u00e9s"],"inLanguage":"en-GB"},{"@type":"WebPage","@id":"https:\/\/www.visiterarles.com\/blog\/2010\/06\/20\/taco-and-co-fete-la-musique-a-arles-le-21-juin-2010\/","url":"https:\/\/www.visiterarles.com\/blog\/2010\/06\/20\/taco-and-co-fete-la-musique-a-arles-le-21-juin-2010\/","name":"Taco and Co f\u00eate la musique \u00e0 Arles le 21 juin 2010 - Visiter Arles","isPartOf":{"@id":"https:\/\/www.visiterarles.com\/en\/#website"},"primaryImageOfPage":{"@id":"https:\/\/www.visiterarles.com\/blog\/2010\/06\/20\/taco-and-co-fete-la-musique-a-arles-le-21-juin-2010\/#primaryimage"},"image":{"@id":"https:\/\/www.visiterarles.com\/blog\/2010\/06\/20\/taco-and-co-fete-la-musique-a-arles-le-21-juin-2010\/#primaryimage"},"thumbnailUrl":"https:\/\/www.visiterarles.com\/wp-content\/uploads\/2010\/06\/f\u00eate-musique-640x4801.jpg","datePublished":"2010-06-20T14:27:33+00:00","dateModified":"2010-06-20T14:39:35+00:00","breadcrumb":{"@id":"https:\/\/www.visiterarles.com\/blog\/2010\/06\/20\/taco-and-co-fete-la-musique-a-arles-le-21-juin-2010\/#breadcrumb"},"inLanguage":"en-GB","potentialAction":[{"@type":"ReadAction","target":["https:\/\/www.visiterarles.com\/blog\/2010\/06\/20\/taco-and-co-fete-la-musique-a-arles-le-21-juin-2010\/"]}]},{"@type":"ImageObject","inLanguage":"en-GB","@id":"https:\/\/www.visiterarles.com\/blog\/2010\/06\/20\/taco-and-co-fete-la-musique-a-arles-le-21-juin-2010\/#primaryimage","url":"https:\/\/www.visiterarles.com\/wp-content\/uploads\/2010\/06\/f\u00eate-musique-640x4801.jpg","contentUrl":"https:\/\/www.visiterarles.com\/wp-content\/uploads\/2010\/06\/f\u00eate-musique-640x4801.jpg","width":"480","height":"480"},{"@type":"BreadcrumbList","@id":"https:\/\/www.visiterarles.com\/blog\/2010\/06\/20\/taco-and-co-fete-la-musique-a-arles-le-21-juin-2010\/#breadcrumb","itemListElement":[{"@type":"ListItem","position":1,"name":"Home","item":"https:\/\/www.visiterarles.com\/"},{"@type":"ListItem","position":2,"name":"Taco and Co f\u00eate la musique \u00e0 Arles le 21 juin 2010"}]},{"@type":"WebSite","@id":"https:\/\/www.visiterarles.com\/en\/#website","url":"https:\/\/www.visiterarles.com\/en\/","name":"Visiter Arles","description":"Tourisme en Provence \u00e0 Arles","publisher":{"@id":"https:\/\/www.visiterarles.com\/en\/#organization"},"potentialAction":[{"@type":"SearchAction","target":{"@type":"EntryPoint","urlTemplate":"https:\/\/www.visiterarles.com\/en\/?s={search_term_string}"},"query-input":"required name=search_term_string"}],"inLanguage":"en-GB"},{"@type":"Organization","@id":"https:\/\/www.visiterarles.com\/en\/#organization","name":"Visiter Arles","url":"https:\/\/www.visiterarles.com\/en\/","logo":{"@type":"ImageObject","inLanguage":"en-GB","@id":"https:\/\/www.visiterarles.com\/en\/#\/schema\/logo\/image\/","url":"https:\/\/www.visiterarles.com\/wp-content\/uploads\/2017\/10\/taco-and-co-1-1.jpg","contentUrl":"https:\/\/www.visiterarles.com\/wp-content\/uploads\/2017\/10\/taco-and-co-1-1.jpg","width":124,"height":73,"caption":"Visiter Arles"},"image":{"@id":"https:\/\/www.visiterarles.com\/en\/#\/schema\/logo\/image\/"}},{"@type":"Person","@id":"https:\/\/www.visiterarles.com\/en\/#\/schema\/person\/ba5912e4613018f479a2d86815a53576","name":"Linkadm","image":{"@type":"ImageObject","inLanguage":"en-GB","@id":"https:\/\/www.visiterarles.com\/en\/#\/schema\/person\/image\/","url":"https:\/\/secure.gravatar.com\/avatar\/4709ec209921503e8d8cc96168eddc49?s=96&d=mm&r=g","contentUrl":"https:\/\/secure.gravatar.com\/avatar\/4709ec209921503e8d8cc96168eddc49?s=96&d=mm&r=g","caption":"Linkadm"},"url":"https:\/\/www.visiterarles.com\/en\/blog\/author\/admin\/"}]}},"_links":{"self":[{"href":"https:\/\/www.visiterarles.com\/en\/wp-json\/wp\/v2\/posts\/355"}],"collection":[{"href":"https:\/\/www.visiterarles.com\/en\/wp-json\/wp\/v2\/posts"}],"about":[{"href":"https:\/\/www.visiterarles.com\/en\/wp-json\/wp\/v2\/types\/post"}],"author":[{"embeddable":true,"href":"https:\/\/www.visiterarles.com\/en\/wp-json\/wp\/v2\/users\/1"}],"replies":[{"embeddable":true,"href":"https:\/\/www.visiterarles.com\/en\/wp-json\/wp\/v2\/comments?post=355"}],"version-history":[{"count":0,"href":"https:\/\/www.visiterarles.com\/en\/wp-json\/wp\/v2\/posts\/355\/revisions"}],"wp:featuredmedia":[{"embeddable":true,"href":"https:\/\/www.visiterarles.com\/en\/wp-json\/wp\/v2\/media\/360"}],"wp:attachment":[{"href":"https:\/\/www.visiterarles.com\/en\/wp-json\/wp\/v2\/media?parent=355"}],"wp:term":[{"taxonomy":"category","embeddable":true,"href":"https:\/\/www.visiterarles.com\/en\/wp-json\/wp\/v2\/categories?post=355"},{"taxonomy":"post_tag","embeddable":true,"href":"https:\/\/www.visiterarles.com\/en\/wp-json\/wp\/v2\/tags?post=355"}],"curies":[{"name":"wp","href":"https:\/\/api.w.org\/{rel}","templated":true}]}}