{"id":369,"date":"2010-07-01T14:44:29","date_gmt":"2010-07-01T14:44:29","guid":{"rendered":"https:\/\/www.visiterarles.com\/?p=369"},"modified":"2010-07-06T10:15:54","modified_gmt":"2010-07-06T10:15:54","slug":"rencontres-darles-2010","status":"publish","type":"post","link":"https:\/\/www.visiterarles.com\/en\/blog\/2010\/07\/01\/rencontres-darles-2010\/","title":{"rendered":"Les Rencontres d&rsquo;Arles 2010"},"content":{"rendered":"<p style=\"text-align: justify;\"><strong>Taco and Co<\/strong> s&rsquo;associe aux <strong>Rencontres d&rsquo;Arles<\/strong> <strong>2010 <\/strong>pour vous faire d\u00e9couvrir jusqu&rsquo;\u00e0 60 expositions \u00e0 travers la ville.\u00a0Les v\u00e9los vous transportent de site en site de 9h \u00e0 22h, du 3 juillet au 19 septembre. <strong> <\/strong><\/p>\n<p style=\"text-align: justify;\"><strong>R\u00e9servations au 06 50 29 60 00.<\/strong><\/p>\n<p style=\"text-align: center;\"><strong> <\/strong><\/p>\n<figure id=\"attachment_405\" aria-describedby=\"caption-attachment-405\" style=\"width: 300px\" class=\"wp-caption aligncenter\"><strong><strong><a href=\"https:\/\/www.visiterarles.com\/wp-content\/uploads\/2010\/07\/affiche-les-rencontres-arles-2010.jpg\"><img fetchpriority=\"high\" decoding=\"async\" class=\"size-medium wp-image-405\" title=\"affiche les rencontres arles 2010\" src=\"https:\/\/www.visiterarles.com\/wp-content\/uploads\/2010\/07\/affiche-les-rencontres-arles-2010-300x201.jpg\" alt=\"affiche les rencontres arles 2010\" width=\"300\" height=\"201\" srcset=\"https:\/\/www.visiterarles.com\/wp-content\/uploads\/2010\/07\/affiche-les-rencontres-arles-2010-300x201.jpg 300w, https:\/\/www.visiterarles.com\/wp-content\/uploads\/2010\/07\/affiche-les-rencontres-arles-2010.jpg 500w\" sizes=\"(max-width: 300px) 100vw, 300px\" \/><\/a><\/strong><\/strong><figcaption id=\"caption-attachment-405\" class=\"wp-caption-text\">affiche les rencontres arles 2010<\/figcaption><\/figure>\n<p><!--cforms name=\"Contact\"--><\/p>\n<p><strong> <\/strong><\/p>","protected":false},"excerpt":{"rendered":"<p>Taco and Co s&rsquo;associe aux Rencontres d&rsquo;Arles 2010 pour vous faire d\u00e9couvrir jusqu&rsquo;\u00e0 60 expositions \u00e0 travers la ville.\u00a0Les v\u00e9los vous transportent de site en site de 9h \u00e0 22h, du 3 juillet au 19 septembre. R\u00e9servations au 06 50 29 60 00.<\/p>","protected":false},"author":1,"featured_media":405,"comment_status":"closed","ping_status":"closed","sticky":false,"template":"","format":"standard","meta":{"footnotes":""},"categories":[4,3],"tags":[],"aioseo_notices":[],"yoast_head":"<!-- This site is optimized with the Yoast SEO plugin v22.3 - https:\/\/yoast.com\/wordpress\/plugins\/seo\/ -->\n<title>Les Rencontres d&#039;Arles 2010 - Visiter Arles<\/title>\n<meta name=\"robots\" content=\"index, follow, max-snippet:-1, max-image-preview:large, max-video-preview:-1\" \/>\n<link rel=\"canonical\" href=\"https:\/\/www.visiterarles.com\/en\/blog\/2010\/07\/01\/rencontres-darles-2010\/\" \/>\n<meta name=\"twitter:label1\" content=\"Written by\" \/>\n\t<meta name=\"twitter:data1\" content=\"Linkadm\" \/>\n<script type=\"application\/ld+json\" class=\"yoast-schema-graph\">{\"@context\":\"https:\/\/schema.org\",\"@graph\":[{\"@type\":\"Article\",\"@id\":\"https:\/\/www.visiterarles.com\/en\/blog\/2010\/07\/01\/rencontres-darles-2010\/#article\",\"isPartOf\":{\"@id\":\"https:\/\/www.visiterarles.com\/en\/blog\/2010\/07\/01\/rencontres-darles-2010\/\"},\"author\":{\"name\":\"Linkadm\",\"@id\":\"https:\/\/www.visiterarles.com\/en\/#\/schema\/person\/ba5912e4613018f479a2d86815a53576\"},\"headline\":\"Les Rencontres d&rsquo;Arles 2010\",\"datePublished\":\"2010-07-01T14:44:29+00:00\",\"dateModified\":\"2010-07-06T10:15:54+00:00\",\"mainEntityOfPage\":{\"@id\":\"https:\/\/www.visiterarles.com\/en\/blog\/2010\/07\/01\/rencontres-darles-2010\/\"},\"wordCount\":54,\"publisher\":{\"@id\":\"https:\/\/www.visiterarles.com\/en\/#organization\"},\"image\":{\"@id\":\"https:\/\/www.visiterarles.com\/en\/blog\/2010\/07\/01\/rencontres-darles-2010\/#primaryimage\"},\"thumbnailUrl\":\"https:\/\/www.visiterarles.com\/wp-content\/uploads\/2010\/07\/affiche-les-rencontres-arles-2010.jpg\",\"articleSection\":[\"accueil\",\"Actualit\u00e9s\"],\"inLanguage\":\"en-GB\"},{\"@type\":\"WebPage\",\"@id\":\"https:\/\/www.visiterarles.com\/en\/blog\/2010\/07\/01\/rencontres-darles-2010\/\",\"url\":\"https:\/\/www.visiterarles.com\/en\/blog\/2010\/07\/01\/rencontres-darles-2010\/\",\"name\":\"Les Rencontres d'Arles 2010 - Visiter Arles\",\"isPartOf\":{\"@id\":\"https:\/\/www.visiterarles.com\/en\/#website\"},\"primaryImageOfPage\":{\"@id\":\"https:\/\/www.visiterarles.com\/en\/blog\/2010\/07\/01\/rencontres-darles-2010\/#primaryimage\"},\"image\":{\"@id\":\"https:\/\/www.visiterarles.com\/en\/blog\/2010\/07\/01\/rencontres-darles-2010\/#primaryimage\"},\"thumbnailUrl\":\"https:\/\/www.visiterarles.com\/wp-content\/uploads\/2010\/07\/affiche-les-rencontres-arles-2010.jpg\",\"datePublished\":\"2010-07-01T14:44:29+00:00\",\"dateModified\":\"2010-07-06T10:15:54+00:00\",\"breadcrumb\":{\"@id\":\"https:\/\/www.visiterarles.com\/en\/blog\/2010\/07\/01\/rencontres-darles-2010\/#breadcrumb\"},\"inLanguage\":\"en-GB\",\"potentialAction\":[{\"@type\":\"ReadAction\",\"target\":[\"https:\/\/www.visiterarles.com\/en\/blog\/2010\/07\/01\/rencontres-darles-2010\/\"]}]},{\"@type\":\"ImageObject\",\"inLanguage\":\"en-GB\",\"@id\":\"https:\/\/www.visiterarles.com\/en\/blog\/2010\/07\/01\/rencontres-darles-2010\/#primaryimage\",\"url\":\"https:\/\/www.visiterarles.com\/wp-content\/uploads\/2010\/07\/affiche-les-rencontres-arles-2010.jpg\",\"contentUrl\":\"https:\/\/www.visiterarles.com\/wp-content\/uploads\/2010\/07\/affiche-les-rencontres-arles-2010.jpg\",\"width\":\"500\",\"height\":\"336\",\"caption\":\"affiche les rencontres arles 2010\"},{\"@type\":\"BreadcrumbList\",\"@id\":\"https:\/\/www.visiterarles.com\/en\/blog\/2010\/07\/01\/rencontres-darles-2010\/#breadcrumb\",\"itemListElement\":[{\"@type\":\"ListItem\",\"position\":1,\"name\":\"Home\",\"item\":\"https:\/\/www.visiterarles.com\/\"},{\"@type\":\"ListItem\",\"position\":2,\"name\":\"Les Rencontres d&rsquo;Arles 2010\"}]},{\"@type\":\"WebSite\",\"@id\":\"https:\/\/www.visiterarles.com\/en\/#website\",\"url\":\"https:\/\/www.visiterarles.com\/en\/\",\"name\":\"Visiter Arles\",\"description\":\"Tourisme en Provence \u00e0 Arles\",\"publisher\":{\"@id\":\"https:\/\/www.visiterarles.com\/en\/#organization\"},\"potentialAction\":[{\"@type\":\"SearchAction\",\"target\":{\"@type\":\"EntryPoint\",\"urlTemplate\":\"https:\/\/www.visiterarles.com\/en\/?s={search_term_string}\"},\"query-input\":\"required name=search_term_string\"}],\"inLanguage\":\"en-GB\"},{\"@type\":\"Organization\",\"@id\":\"https:\/\/www.visiterarles.com\/en\/#organization\",\"name\":\"Visiter Arles\",\"url\":\"https:\/\/www.visiterarles.com\/en\/\",\"logo\":{\"@type\":\"ImageObject\",\"inLanguage\":\"en-GB\",\"@id\":\"https:\/\/www.visiterarles.com\/en\/#\/schema\/logo\/image\/\",\"url\":\"https:\/\/www.visiterarles.com\/wp-content\/uploads\/2017\/10\/taco-and-co-1-1.jpg\",\"contentUrl\":\"https:\/\/www.visiterarles.com\/wp-content\/uploads\/2017\/10\/taco-and-co-1-1.jpg\",\"width\":124,\"height\":73,\"caption\":\"Visiter Arles\"},\"image\":{\"@id\":\"https:\/\/www.visiterarles.com\/en\/#\/schema\/logo\/image\/\"}},{\"@type\":\"Person\",\"@id\":\"https:\/\/www.visiterarles.com\/en\/#\/schema\/person\/ba5912e4613018f479a2d86815a53576\",\"name\":\"Linkadm\",\"image\":{\"@type\":\"ImageObject\",\"inLanguage\":\"en-GB\",\"@id\":\"https:\/\/www.visiterarles.com\/en\/#\/schema\/person\/image\/\",\"url\":\"https:\/\/secure.gravatar.com\/avatar\/4709ec209921503e8d8cc96168eddc49?s=96&d=mm&r=g\",\"contentUrl\":\"https:\/\/secure.gravatar.com\/avatar\/4709ec209921503e8d8cc96168eddc49?s=96&d=mm&r=g\",\"caption\":\"Linkadm\"},\"url\":\"https:\/\/www.visiterarles.com\/en\/blog\/author\/admin\/\"}]}<\/script>\n<!-- \/ Yoast SEO plugin. -->","yoast_head_json":{"title":"Les Rencontres d'Arles 2010 - Visiter Arles","robots":{"index":"index","follow":"follow","max-snippet":"max-snippet:-1","max-image-preview":"max-image-preview:large","max-video-preview":"max-video-preview:-1"},"canonical":"https:\/\/www.visiterarles.com\/en\/blog\/2010\/07\/01\/rencontres-darles-2010\/","twitter_misc":{"Written by":"Linkadm"},"schema":{"@context":"https:\/\/schema.org","@graph":[{"@type":"Article","@id":"https:\/\/www.visiterarles.com\/en\/blog\/2010\/07\/01\/rencontres-darles-2010\/#article","isPartOf":{"@id":"https:\/\/www.visiterarles.com\/en\/blog\/2010\/07\/01\/rencontres-darles-2010\/"},"author":{"name":"Linkadm","@id":"https:\/\/www.visiterarles.com\/en\/#\/schema\/person\/ba5912e4613018f479a2d86815a53576"},"headline":"Les Rencontres d&rsquo;Arles 2010","datePublished":"2010-07-01T14:44:29+00:00","dateModified":"2010-07-06T10:15:54+00:00","mainEntityOfPage":{"@id":"https:\/\/www.visiterarles.com\/en\/blog\/2010\/07\/01\/rencontres-darles-2010\/"},"wordCount":54,"publisher":{"@id":"https:\/\/www.visiterarles.com\/en\/#organization"},"image":{"@id":"https:\/\/www.visiterarles.com\/en\/blog\/2010\/07\/01\/rencontres-darles-2010\/#primaryimage"},"thumbnailUrl":"https:\/\/www.visiterarles.com\/wp-content\/uploads\/2010\/07\/affiche-les-rencontres-arles-2010.jpg","articleSection":["accueil","Actualit\u00e9s"],"inLanguage":"en-GB"},{"@type":"WebPage","@id":"https:\/\/www.visiterarles.com\/en\/blog\/2010\/07\/01\/rencontres-darles-2010\/","url":"https:\/\/www.visiterarles.com\/en\/blog\/2010\/07\/01\/rencontres-darles-2010\/","name":"Les Rencontres d'Arles 2010 - Visiter Arles","isPartOf":{"@id":"https:\/\/www.visiterarles.com\/en\/#website"},"primaryImageOfPage":{"@id":"https:\/\/www.visiterarles.com\/en\/blog\/2010\/07\/01\/rencontres-darles-2010\/#primaryimage"},"image":{"@id":"https:\/\/www.visiterarles.com\/en\/blog\/2010\/07\/01\/rencontres-darles-2010\/#primaryimage"},"thumbnailUrl":"https:\/\/www.visiterarles.com\/wp-content\/uploads\/2010\/07\/affiche-les-rencontres-arles-2010.jpg","datePublished":"2010-07-01T14:44:29+00:00","dateModified":"2010-07-06T10:15:54+00:00","breadcrumb":{"@id":"https:\/\/www.visiterarles.com\/en\/blog\/2010\/07\/01\/rencontres-darles-2010\/#breadcrumb"},"inLanguage":"en-GB","potentialAction":[{"@type":"ReadAction","target":["https:\/\/www.visiterarles.com\/en\/blog\/2010\/07\/01\/rencontres-darles-2010\/"]}]},{"@type":"ImageObject","inLanguage":"en-GB","@id":"https:\/\/www.visiterarles.com\/en\/blog\/2010\/07\/01\/rencontres-darles-2010\/#primaryimage","url":"https:\/\/www.visiterarles.com\/wp-content\/uploads\/2010\/07\/affiche-les-rencontres-arles-2010.jpg","contentUrl":"https:\/\/www.visiterarles.com\/wp-content\/uploads\/2010\/07\/affiche-les-rencontres-arles-2010.jpg","width":"500","height":"336","caption":"affiche les rencontres arles 2010"},{"@type":"BreadcrumbList","@id":"https:\/\/www.visiterarles.com\/en\/blog\/2010\/07\/01\/rencontres-darles-2010\/#breadcrumb","itemListElement":[{"@type":"ListItem","position":1,"name":"Home","item":"https:\/\/www.visiterarles.com\/"},{"@type":"ListItem","position":2,"name":"Les Rencontres d&rsquo;Arles 2010"}]},{"@type":"WebSite","@id":"https:\/\/www.visiterarles.com\/en\/#website","url":"https:\/\/www.visiterarles.com\/en\/","name":"Visiter Arles","description":"Tourisme en Provence \u00e0 Arles","publisher":{"@id":"https:\/\/www.visiterarles.com\/en\/#organization"},"potentialAction":[{"@type":"SearchAction","target":{"@type":"EntryPoint","urlTemplate":"https:\/\/www.visiterarles.com\/en\/?s={search_term_string}"},"query-input":"required name=search_term_string"}],"inLanguage":"en-GB"},{"@type":"Organization","@id":"https:\/\/www.visiterarles.com\/en\/#organization","name":"Visiter Arles","url":"https:\/\/www.visiterarles.com\/en\/","logo":{"@type":"ImageObject","inLanguage":"en-GB","@id":"https:\/\/www.visiterarles.com\/en\/#\/schema\/logo\/image\/","url":"https:\/\/www.visiterarles.com\/wp-content\/uploads\/2017\/10\/taco-and-co-1-1.jpg","contentUrl":"https:\/\/www.visiterarles.com\/wp-content\/uploads\/2017\/10\/taco-and-co-1-1.jpg","width":124,"height":73,"caption":"Visiter Arles"},"image":{"@id":"https:\/\/www.visiterarles.com\/en\/#\/schema\/logo\/image\/"}},{"@type":"Person","@id":"https:\/\/www.visiterarles.com\/en\/#\/schema\/person\/ba5912e4613018f479a2d86815a53576","name":"Linkadm","image":{"@type":"ImageObject","inLanguage":"en-GB","@id":"https:\/\/www.visiterarles.com\/en\/#\/schema\/person\/image\/","url":"https:\/\/secure.gravatar.com\/avatar\/4709ec209921503e8d8cc96168eddc49?s=96&d=mm&r=g","contentUrl":"https:\/\/secure.gravatar.com\/avatar\/4709ec209921503e8d8cc96168eddc49?s=96&d=mm&r=g","caption":"Linkadm"},"url":"https:\/\/www.visiterarles.com\/en\/blog\/author\/admin\/"}]}},"_links":{"self":[{"href":"https:\/\/www.visiterarles.com\/en\/wp-json\/wp\/v2\/posts\/369"}],"collection":[{"href":"https:\/\/www.visiterarles.com\/en\/wp-json\/wp\/v2\/posts"}],"about":[{"href":"https:\/\/www.visiterarles.com\/en\/wp-json\/wp\/v2\/types\/post"}],"author":[{"embeddable":true,"href":"https:\/\/www.visiterarles.com\/en\/wp-json\/wp\/v2\/users\/1"}],"replies":[{"embeddable":true,"href":"https:\/\/www.visiterarles.com\/en\/wp-json\/wp\/v2\/comments?post=369"}],"version-history":[{"count":0,"href":"https:\/\/www.visiterarles.com\/en\/wp-json\/wp\/v2\/posts\/369\/revisions"}],"wp:featuredmedia":[{"embeddable":true,"href":"https:\/\/www.visiterarles.com\/en\/wp-json\/wp\/v2\/media\/405"}],"wp:attachment":[{"href":"https:\/\/www.visiterarles.com\/en\/wp-json\/wp\/v2\/media?parent=369"}],"wp:term":[{"taxonomy":"category","embeddable":true,"href":"https:\/\/www.visiterarles.com\/en\/wp-json\/wp\/v2\/categories?post=369"},{"taxonomy":"post_tag","embeddable":true,"href":"https:\/\/www.visiterarles.com\/en\/wp-json\/wp\/v2\/tags?post=369"}],"curies":[{"name":"wp","href":"https:\/\/api.w.org\/{rel}","templated":true}]}}