{"id":423,"date":"2010-07-25T12:19:46","date_gmt":"2010-07-25T12:19:46","guid":{"rendered":"https:\/\/www.visiterarles.com\/?p=423"},"modified":"2010-07-25T19:16:23","modified_gmt":"2010-07-25T19:16:23","slug":"taco-and-co-vous-presente-les-escales-du-cargo-2010","status":"publish","type":"post","link":"https:\/\/www.visiterarles.com\/en\/blog\/2010\/07\/25\/taco-and-co-vous-presente-les-escales-du-cargo-2010\/","title":{"rendered":"Taco and Co vous pr\u00e9sente les escales du Cargo 2010"},"content":{"rendered":"<p>Taco and Co, partenaire du Cargo de nuit \u00e0 Arles, vous\u00a0invite\u00a0au Th\u00e9\u00e2tre Antique pour <strong>les\u00a0escales du Cargo\u00a02010<\/strong>, avec au <strong>programme<\/strong>:<\/p>\n<p>26 juillet \u00e0 21h30: Izia \/ Pony Pony Run Run<\/p>\n<p>28 juillet \u00e0 21h30: F\u00e9f\u00e9 \/ Hocus Pocus<\/p>\n<p>29 juillet \u00e0 21h30: Django 100<\/p>","protected":false},"excerpt":{"rendered":"<p>Taco and Co, partenaire du Cargo de nuit \u00e0 Arles, vous\u00a0invite\u00a0au Th\u00e9\u00e2tre Antique pour les\u00a0escales du Cargo\u00a02010, avec au programme: 26 juillet \u00e0 21h30: Izia \/ Pony Pony Run Run 28 juillet \u00e0 21h30: F\u00e9f\u00e9 \/ Hocus Pocus 29 juillet \u00e0 21h30: Django 100<\/p>","protected":false},"author":1,"featured_media":424,"comment_status":"closed","ping_status":"closed","sticky":false,"template":"","format":"standard","meta":{"footnotes":""},"categories":[4,3],"tags":[],"aioseo_notices":[],"yoast_head":"<!-- This site is optimized with the Yoast SEO plugin v22.3 - https:\/\/yoast.com\/wordpress\/plugins\/seo\/ -->\n<title>les escales du Cargo : programme 2010<\/title>\n<meta name=\"robots\" content=\"index, follow, max-snippet:-1, max-image-preview:large, max-video-preview:-1\" \/>\n<link rel=\"canonical\" href=\"https:\/\/www.visiterarles.com\/en\/blog\/2010\/07\/25\/taco-and-co-vous-presente-les-escales-du-cargo-2010\/\" \/>\n<meta name=\"twitter:label1\" content=\"Written by\" \/>\n\t<meta name=\"twitter:data1\" content=\"Linkadm\" \/>\n<script type=\"application\/ld+json\" class=\"yoast-schema-graph\">{\"@context\":\"https:\/\/schema.org\",\"@graph\":[{\"@type\":\"Article\",\"@id\":\"https:\/\/www.visiterarles.com\/en\/blog\/2010\/07\/25\/taco-and-co-vous-presente-les-escales-du-cargo-2010\/#article\",\"isPartOf\":{\"@id\":\"https:\/\/www.visiterarles.com\/en\/blog\/2010\/07\/25\/taco-and-co-vous-presente-les-escales-du-cargo-2010\/\"},\"author\":{\"name\":\"Linkadm\",\"@id\":\"https:\/\/www.visiterarles.com\/en\/#\/schema\/person\/ba5912e4613018f479a2d86815a53576\"},\"headline\":\"Taco and Co vous pr\u00e9sente les escales du Cargo 2010\",\"datePublished\":\"2010-07-25T12:19:46+00:00\",\"dateModified\":\"2010-07-25T19:16:23+00:00\",\"mainEntityOfPage\":{\"@id\":\"https:\/\/www.visiterarles.com\/en\/blog\/2010\/07\/25\/taco-and-co-vous-presente-les-escales-du-cargo-2010\/\"},\"wordCount\":49,\"publisher\":{\"@id\":\"https:\/\/www.visiterarles.com\/en\/#organization\"},\"image\":{\"@id\":\"https:\/\/www.visiterarles.com\/en\/blog\/2010\/07\/25\/taco-and-co-vous-presente-les-escales-du-cargo-2010\/#primaryimage\"},\"thumbnailUrl\":\"https:\/\/www.visiterarles.com\/wp-content\/uploads\/2010\/07\/CDP_escales_affiche_site-640x480.jpg\",\"articleSection\":[\"accueil\",\"Actualit\u00e9s\"],\"inLanguage\":\"en-GB\"},{\"@type\":\"WebPage\",\"@id\":\"https:\/\/www.visiterarles.com\/en\/blog\/2010\/07\/25\/taco-and-co-vous-presente-les-escales-du-cargo-2010\/\",\"url\":\"https:\/\/www.visiterarles.com\/en\/blog\/2010\/07\/25\/taco-and-co-vous-presente-les-escales-du-cargo-2010\/\",\"name\":\"les escales du Cargo : programme 2010\",\"isPartOf\":{\"@id\":\"https:\/\/www.visiterarles.com\/en\/#website\"},\"primaryImageOfPage\":{\"@id\":\"https:\/\/www.visiterarles.com\/en\/blog\/2010\/07\/25\/taco-and-co-vous-presente-les-escales-du-cargo-2010\/#primaryimage\"},\"image\":{\"@id\":\"https:\/\/www.visiterarles.com\/en\/blog\/2010\/07\/25\/taco-and-co-vous-presente-les-escales-du-cargo-2010\/#primaryimage\"},\"thumbnailUrl\":\"https:\/\/www.visiterarles.com\/wp-content\/uploads\/2010\/07\/CDP_escales_affiche_site-640x480.jpg\",\"datePublished\":\"2010-07-25T12:19:46+00:00\",\"dateModified\":\"2010-07-25T19:16:23+00:00\",\"breadcrumb\":{\"@id\":\"https:\/\/www.visiterarles.com\/en\/blog\/2010\/07\/25\/taco-and-co-vous-presente-les-escales-du-cargo-2010\/#breadcrumb\"},\"inLanguage\":\"en-GB\",\"potentialAction\":[{\"@type\":\"ReadAction\",\"target\":[\"https:\/\/www.visiterarles.com\/en\/blog\/2010\/07\/25\/taco-and-co-vous-presente-les-escales-du-cargo-2010\/\"]}]},{\"@type\":\"ImageObject\",\"inLanguage\":\"en-GB\",\"@id\":\"https:\/\/www.visiterarles.com\/en\/blog\/2010\/07\/25\/taco-and-co-vous-presente-les-escales-du-cargo-2010\/#primaryimage\",\"url\":\"https:\/\/www.visiterarles.com\/wp-content\/uploads\/2010\/07\/CDP_escales_affiche_site-640x480.jpg\",\"contentUrl\":\"https:\/\/www.visiterarles.com\/wp-content\/uploads\/2010\/07\/CDP_escales_affiche_site-640x480.jpg\",\"width\":\"583\",\"height\":\"480\"},{\"@type\":\"BreadcrumbList\",\"@id\":\"https:\/\/www.visiterarles.com\/en\/blog\/2010\/07\/25\/taco-and-co-vous-presente-les-escales-du-cargo-2010\/#breadcrumb\",\"itemListElement\":[{\"@type\":\"ListItem\",\"position\":1,\"name\":\"Home\",\"item\":\"https:\/\/www.visiterarles.com\/\"},{\"@type\":\"ListItem\",\"position\":2,\"name\":\"Taco and Co vous pr\u00e9sente les escales du Cargo 2010\"}]},{\"@type\":\"WebSite\",\"@id\":\"https:\/\/www.visiterarles.com\/en\/#website\",\"url\":\"https:\/\/www.visiterarles.com\/en\/\",\"name\":\"Visiter Arles\",\"description\":\"Tourisme en Provence \u00e0 Arles\",\"publisher\":{\"@id\":\"https:\/\/www.visiterarles.com\/en\/#organization\"},\"potentialAction\":[{\"@type\":\"SearchAction\",\"target\":{\"@type\":\"EntryPoint\",\"urlTemplate\":\"https:\/\/www.visiterarles.com\/en\/?s={search_term_string}\"},\"query-input\":\"required name=search_term_string\"}],\"inLanguage\":\"en-GB\"},{\"@type\":\"Organization\",\"@id\":\"https:\/\/www.visiterarles.com\/en\/#organization\",\"name\":\"Visiter Arles\",\"url\":\"https:\/\/www.visiterarles.com\/en\/\",\"logo\":{\"@type\":\"ImageObject\",\"inLanguage\":\"en-GB\",\"@id\":\"https:\/\/www.visiterarles.com\/en\/#\/schema\/logo\/image\/\",\"url\":\"https:\/\/www.visiterarles.com\/wp-content\/uploads\/2017\/10\/taco-and-co-1-1.jpg\",\"contentUrl\":\"https:\/\/www.visiterarles.com\/wp-content\/uploads\/2017\/10\/taco-and-co-1-1.jpg\",\"width\":124,\"height\":73,\"caption\":\"Visiter Arles\"},\"image\":{\"@id\":\"https:\/\/www.visiterarles.com\/en\/#\/schema\/logo\/image\/\"}},{\"@type\":\"Person\",\"@id\":\"https:\/\/www.visiterarles.com\/en\/#\/schema\/person\/ba5912e4613018f479a2d86815a53576\",\"name\":\"Linkadm\",\"image\":{\"@type\":\"ImageObject\",\"inLanguage\":\"en-GB\",\"@id\":\"https:\/\/www.visiterarles.com\/en\/#\/schema\/person\/image\/\",\"url\":\"https:\/\/secure.gravatar.com\/avatar\/4709ec209921503e8d8cc96168eddc49?s=96&d=mm&r=g\",\"contentUrl\":\"https:\/\/secure.gravatar.com\/avatar\/4709ec209921503e8d8cc96168eddc49?s=96&d=mm&r=g\",\"caption\":\"Linkadm\"},\"url\":\"https:\/\/www.visiterarles.com\/en\/blog\/author\/admin\/\"}]}<\/script>\n<!-- \/ Yoast SEO plugin. -->","yoast_head_json":{"title":"les escales du Cargo : programme 2010","robots":{"index":"index","follow":"follow","max-snippet":"max-snippet:-1","max-image-preview":"max-image-preview:large","max-video-preview":"max-video-preview:-1"},"canonical":"https:\/\/www.visiterarles.com\/en\/blog\/2010\/07\/25\/taco-and-co-vous-presente-les-escales-du-cargo-2010\/","twitter_misc":{"Written by":"Linkadm"},"schema":{"@context":"https:\/\/schema.org","@graph":[{"@type":"Article","@id":"https:\/\/www.visiterarles.com\/en\/blog\/2010\/07\/25\/taco-and-co-vous-presente-les-escales-du-cargo-2010\/#article","isPartOf":{"@id":"https:\/\/www.visiterarles.com\/en\/blog\/2010\/07\/25\/taco-and-co-vous-presente-les-escales-du-cargo-2010\/"},"author":{"name":"Linkadm","@id":"https:\/\/www.visiterarles.com\/en\/#\/schema\/person\/ba5912e4613018f479a2d86815a53576"},"headline":"Taco and Co vous pr\u00e9sente les escales du Cargo 2010","datePublished":"2010-07-25T12:19:46+00:00","dateModified":"2010-07-25T19:16:23+00:00","mainEntityOfPage":{"@id":"https:\/\/www.visiterarles.com\/en\/blog\/2010\/07\/25\/taco-and-co-vous-presente-les-escales-du-cargo-2010\/"},"wordCount":49,"publisher":{"@id":"https:\/\/www.visiterarles.com\/en\/#organization"},"image":{"@id":"https:\/\/www.visiterarles.com\/en\/blog\/2010\/07\/25\/taco-and-co-vous-presente-les-escales-du-cargo-2010\/#primaryimage"},"thumbnailUrl":"https:\/\/www.visiterarles.com\/wp-content\/uploads\/2010\/07\/CDP_escales_affiche_site-640x480.jpg","articleSection":["accueil","Actualit\u00e9s"],"inLanguage":"en-GB"},{"@type":"WebPage","@id":"https:\/\/www.visiterarles.com\/en\/blog\/2010\/07\/25\/taco-and-co-vous-presente-les-escales-du-cargo-2010\/","url":"https:\/\/www.visiterarles.com\/en\/blog\/2010\/07\/25\/taco-and-co-vous-presente-les-escales-du-cargo-2010\/","name":"les escales du Cargo : programme 2010","isPartOf":{"@id":"https:\/\/www.visiterarles.com\/en\/#website"},"primaryImageOfPage":{"@id":"https:\/\/www.visiterarles.com\/en\/blog\/2010\/07\/25\/taco-and-co-vous-presente-les-escales-du-cargo-2010\/#primaryimage"},"image":{"@id":"https:\/\/www.visiterarles.com\/en\/blog\/2010\/07\/25\/taco-and-co-vous-presente-les-escales-du-cargo-2010\/#primaryimage"},"thumbnailUrl":"https:\/\/www.visiterarles.com\/wp-content\/uploads\/2010\/07\/CDP_escales_affiche_site-640x480.jpg","datePublished":"2010-07-25T12:19:46+00:00","dateModified":"2010-07-25T19:16:23+00:00","breadcrumb":{"@id":"https:\/\/www.visiterarles.com\/en\/blog\/2010\/07\/25\/taco-and-co-vous-presente-les-escales-du-cargo-2010\/#breadcrumb"},"inLanguage":"en-GB","potentialAction":[{"@type":"ReadAction","target":["https:\/\/www.visiterarles.com\/en\/blog\/2010\/07\/25\/taco-and-co-vous-presente-les-escales-du-cargo-2010\/"]}]},{"@type":"ImageObject","inLanguage":"en-GB","@id":"https:\/\/www.visiterarles.com\/en\/blog\/2010\/07\/25\/taco-and-co-vous-presente-les-escales-du-cargo-2010\/#primaryimage","url":"https:\/\/www.visiterarles.com\/wp-content\/uploads\/2010\/07\/CDP_escales_affiche_site-640x480.jpg","contentUrl":"https:\/\/www.visiterarles.com\/wp-content\/uploads\/2010\/07\/CDP_escales_affiche_site-640x480.jpg","width":"583","height":"480"},{"@type":"BreadcrumbList","@id":"https:\/\/www.visiterarles.com\/en\/blog\/2010\/07\/25\/taco-and-co-vous-presente-les-escales-du-cargo-2010\/#breadcrumb","itemListElement":[{"@type":"ListItem","position":1,"name":"Home","item":"https:\/\/www.visiterarles.com\/"},{"@type":"ListItem","position":2,"name":"Taco and Co vous pr\u00e9sente les escales du Cargo 2010"}]},{"@type":"WebSite","@id":"https:\/\/www.visiterarles.com\/en\/#website","url":"https:\/\/www.visiterarles.com\/en\/","name":"Visiter Arles","description":"Tourisme en Provence \u00e0 Arles","publisher":{"@id":"https:\/\/www.visiterarles.com\/en\/#organization"},"potentialAction":[{"@type":"SearchAction","target":{"@type":"EntryPoint","urlTemplate":"https:\/\/www.visiterarles.com\/en\/?s={search_term_string}"},"query-input":"required name=search_term_string"}],"inLanguage":"en-GB"},{"@type":"Organization","@id":"https:\/\/www.visiterarles.com\/en\/#organization","name":"Visiter Arles","url":"https:\/\/www.visiterarles.com\/en\/","logo":{"@type":"ImageObject","inLanguage":"en-GB","@id":"https:\/\/www.visiterarles.com\/en\/#\/schema\/logo\/image\/","url":"https:\/\/www.visiterarles.com\/wp-content\/uploads\/2017\/10\/taco-and-co-1-1.jpg","contentUrl":"https:\/\/www.visiterarles.com\/wp-content\/uploads\/2017\/10\/taco-and-co-1-1.jpg","width":124,"height":73,"caption":"Visiter Arles"},"image":{"@id":"https:\/\/www.visiterarles.com\/en\/#\/schema\/logo\/image\/"}},{"@type":"Person","@id":"https:\/\/www.visiterarles.com\/en\/#\/schema\/person\/ba5912e4613018f479a2d86815a53576","name":"Linkadm","image":{"@type":"ImageObject","inLanguage":"en-GB","@id":"https:\/\/www.visiterarles.com\/en\/#\/schema\/person\/image\/","url":"https:\/\/secure.gravatar.com\/avatar\/4709ec209921503e8d8cc96168eddc49?s=96&d=mm&r=g","contentUrl":"https:\/\/secure.gravatar.com\/avatar\/4709ec209921503e8d8cc96168eddc49?s=96&d=mm&r=g","caption":"Linkadm"},"url":"https:\/\/www.visiterarles.com\/en\/blog\/author\/admin\/"}]}},"_links":{"self":[{"href":"https:\/\/www.visiterarles.com\/en\/wp-json\/wp\/v2\/posts\/423"}],"collection":[{"href":"https:\/\/www.visiterarles.com\/en\/wp-json\/wp\/v2\/posts"}],"about":[{"href":"https:\/\/www.visiterarles.com\/en\/wp-json\/wp\/v2\/types\/post"}],"author":[{"embeddable":true,"href":"https:\/\/www.visiterarles.com\/en\/wp-json\/wp\/v2\/users\/1"}],"replies":[{"embeddable":true,"href":"https:\/\/www.visiterarles.com\/en\/wp-json\/wp\/v2\/comments?post=423"}],"version-history":[{"count":0,"href":"https:\/\/www.visiterarles.com\/en\/wp-json\/wp\/v2\/posts\/423\/revisions"}],"wp:featuredmedia":[{"embeddable":true,"href":"https:\/\/www.visiterarles.com\/en\/wp-json\/wp\/v2\/media\/424"}],"wp:attachment":[{"href":"https:\/\/www.visiterarles.com\/en\/wp-json\/wp\/v2\/media?parent=423"}],"wp:term":[{"taxonomy":"category","embeddable":true,"href":"https:\/\/www.visiterarles.com\/en\/wp-json\/wp\/v2\/categories?post=423"},{"taxonomy":"post_tag","embeddable":true,"href":"https:\/\/www.visiterarles.com\/en\/wp-json\/wp\/v2\/tags?post=423"}],"curies":[{"name":"wp","href":"https:\/\/api.w.org\/{rel}","templated":true}]}}