{"id":442,"date":"2014-05-06T11:39:19","date_gmt":"2014-05-06T10:39:19","guid":{"rendered":"http:\/\/www.visiterarles.com\/?p=442"},"modified":"2014-05-06T11:39:19","modified_gmt":"2014-05-06T10:39:19","slug":"10eme-nuit-musees-arles-17-mai-2014-19h00-01h00","status":"publish","type":"post","link":"https:\/\/www.visiterarles.com\/en\/blog\/2014\/05\/06\/10eme-nuit-musees-arles-17-mai-2014-19h00-01h00\/","title":{"rendered":"La 10\u00e8me Nuit des mus\u00e9es \u00e0 Arles, le 17 Mai 2014 de 19h00 \u00e0 01h00"},"content":{"rendered":"<p>La 10\u00e8me nuit des mus\u00e9es aura lieu \u00e0 Arles le 17 Mai 2014 .<\/p>\n<p>A l&rsquo;occasion de la nuit des mus\u00e9es, le mus\u00e9e de l&rsquo;Arles Antique, le mus\u00e9e de \u00a0Camargue, le mus\u00e9e R\u00e9attu, le mus\u00e9e Arlaten et la Fondation Vincent Van Gogh seront ouverts et gratuits de 19h00 \u00e0 01h00 le 17 Mai 2014.<\/p>\n<p>Venez nombreux participer \u00e0 cette belle soir\u00e9e culturelle!!!<\/p>\n<p>Toutes les informations et le programme de cette nuit des mus\u00e9es \u00e0 Arles sur:\u00a0<a title=\"http:\/\/www.arles-antique.cg13.fr\/\" href=\"http:\/\/www.arles-antique.cg13.fr\/\" target=\"_blank\" rel=\"noopener\">http:\/\/www.arles-antique.cg13.fr\/<\/a><\/p>\n<dl class=\"wp-caption alignnone\" id=\"attachment_443\" style=\"width: 310px;\">\n<dt class=\"wp-caption-dt\"><\/dt>\n<\/dl>\n<figure id=\"attachment_443\" aria-describedby=\"caption-attachment-443\" style=\"width: 300px\" class=\"wp-caption aligncenter\"><a href=\"http:\/\/www.visiterarles.com\/wp-content\/uploads\/2014\/05\/Nuit-des-mus\u00e9es-2014-Arles-Copier-1.jpg\"><img fetchpriority=\"high\" decoding=\"async\" class=\"size-medium wp-image-443\" alt=\"Nuit des mus\u00e9es 2014 Arles \" src=\"http:\/\/www.visiterarles.com\/wp-content\/uploads\/2014\/05\/Nuit-des-mus\u00e9es-2014-Arles-Copier-1-300x168.jpg\" width=\"300\" height=\"168\" \/><\/a><figcaption id=\"caption-attachment-443\" class=\"wp-caption-text\">Nuit des mus\u00e9es 2014 Arles<\/figcaption><\/figure>\n<figure id=\"attachment_445\" aria-describedby=\"caption-attachment-445\" style=\"width: 400px\" class=\"wp-caption aligncenter\"><a href=\"http:\/\/www.visiterarles.com\/wp-content\/uploads\/2014\/05\/Nuit-des-mus\u00e9es-\u00e0-Arles-Copier-1.jpg\"><img decoding=\"async\" class=\"size-full wp-image-445\" alt=\"Nuit des mus\u00e9es \u00e0 Arles \" src=\"http:\/\/www.visiterarles.com\/wp-content\/uploads\/2014\/05\/Nuit-des-mus\u00e9es-\u00e0-Arles-Copier-1.jpg\" width=\"400\" height=\"600\" \/><\/a><figcaption id=\"caption-attachment-445\" class=\"wp-caption-text\">Nuit des mus\u00e9es \u00e0 Arles<\/figcaption><\/figure>\n<p>&nbsp;<\/p>","protected":false},"excerpt":{"rendered":"<p>La 10\u00e8me nuit des mus\u00e9es aura lieu \u00e0 Arles le 17 Mai 2014 . A l&rsquo;occasion de la nuit des mus\u00e9es, le mus\u00e9e de l&rsquo;Arles Antique, le mus\u00e9e de \u00a0Camargue, le mus\u00e9e R\u00e9attu, le mus\u00e9e Arlaten et la Fondation Vincent Van Gogh seront ouverts et gratuits de 19h00 \u00e0 01h00 le 17 Mai 2014. Venez [&hellip;]<\/p>","protected":false},"author":1,"featured_media":443,"comment_status":"closed","ping_status":"open","sticky":false,"template":"","format":"standard","meta":{"footnotes":""},"categories":[3,49,50],"tags":[],"aioseo_notices":[],"yoast_head":"<!-- This site is optimized with the Yoast SEO plugin v22.3 - https:\/\/yoast.com\/wordpress\/plugins\/seo\/ -->\n<title>La nuit des mus\u00e9es \u00e0 Arles, visiter Arles, visiter les mus\u00e9es d&#039;Arles<\/title>\n<meta name=\"description\" content=\"La nuit des mus\u00e9es \u00e0 Arles, visiter Arles, visiter les mus\u00e9es d&#039;Arles, mus\u00e9e r\u00e9attu, mus\u00e9e Arlaten, mus\u00e9e de l&#039;Arles antique, fondation Vincent Van Gogh,\" \/>\n<meta name=\"robots\" content=\"index, follow, max-snippet:-1, max-image-preview:large, max-video-preview:-1\" \/>\n<link rel=\"canonical\" href=\"https:\/\/www.visiterarles.com\/en\/blog\/2014\/05\/06\/10eme-nuit-musees-arles-17-mai-2014-19h00-01h00\/\" \/>\n<meta name=\"twitter:label1\" content=\"Written by\" \/>\n\t<meta name=\"twitter:data1\" content=\"Linkadm\" \/>\n\t<meta name=\"twitter:label2\" content=\"Estimated reading time\" \/>\n\t<meta name=\"twitter:data2\" content=\"1 minute\" \/>\n<script type=\"application\/ld+json\" class=\"yoast-schema-graph\">{\"@context\":\"https:\/\/schema.org\",\"@graph\":[{\"@type\":\"Article\",\"@id\":\"https:\/\/www.visiterarles.com\/en\/blog\/2014\/05\/06\/10eme-nuit-musees-arles-17-mai-2014-19h00-01h00\/#article\",\"isPartOf\":{\"@id\":\"https:\/\/www.visiterarles.com\/en\/blog\/2014\/05\/06\/10eme-nuit-musees-arles-17-mai-2014-19h00-01h00\/\"},\"author\":{\"name\":\"Linkadm\",\"@id\":\"https:\/\/www.visiterarles.com\/en\/#\/schema\/person\/ba5912e4613018f479a2d86815a53576\"},\"headline\":\"La 10\u00e8me Nuit des mus\u00e9es \u00e0 Arles, le 17 Mai 2014 de 19h00 \u00e0 01h00\",\"datePublished\":\"2014-05-06T10:39:19+00:00\",\"dateModified\":\"2014-05-06T10:39:19+00:00\",\"mainEntityOfPage\":{\"@id\":\"https:\/\/www.visiterarles.com\/en\/blog\/2014\/05\/06\/10eme-nuit-musees-arles-17-mai-2014-19h00-01h00\/\"},\"wordCount\":120,\"publisher\":{\"@id\":\"https:\/\/www.visiterarles.com\/en\/#organization\"},\"image\":{\"@id\":\"https:\/\/www.visiterarles.com\/en\/blog\/2014\/05\/06\/10eme-nuit-musees-arles-17-mai-2014-19h00-01h00\/#primaryimage\"},\"thumbnailUrl\":\"https:\/\/www.visiterarles.com\/wp-content\/uploads\/2014\/05\/Nuit-des-musees-2014-Arles-Copier.jpg\",\"articleSection\":[\"Actualit\u00e9s\",\"Culture\",\"\u00c9v\u00e9nement\"],\"inLanguage\":\"en-GB\"},{\"@type\":\"WebPage\",\"@id\":\"https:\/\/www.visiterarles.com\/en\/blog\/2014\/05\/06\/10eme-nuit-musees-arles-17-mai-2014-19h00-01h00\/\",\"url\":\"https:\/\/www.visiterarles.com\/en\/blog\/2014\/05\/06\/10eme-nuit-musees-arles-17-mai-2014-19h00-01h00\/\",\"name\":\"La nuit des mus\u00e9es \u00e0 Arles, visiter Arles, visiter les mus\u00e9es d'Arles\",\"isPartOf\":{\"@id\":\"https:\/\/www.visiterarles.com\/en\/#website\"},\"primaryImageOfPage\":{\"@id\":\"https:\/\/www.visiterarles.com\/en\/blog\/2014\/05\/06\/10eme-nuit-musees-arles-17-mai-2014-19h00-01h00\/#primaryimage\"},\"image\":{\"@id\":\"https:\/\/www.visiterarles.com\/en\/blog\/2014\/05\/06\/10eme-nuit-musees-arles-17-mai-2014-19h00-01h00\/#primaryimage\"},\"thumbnailUrl\":\"https:\/\/www.visiterarles.com\/wp-content\/uploads\/2014\/05\/Nuit-des-musees-2014-Arles-Copier.jpg\",\"datePublished\":\"2014-05-06T10:39:19+00:00\",\"dateModified\":\"2014-05-06T10:39:19+00:00\",\"description\":\"La nuit des mus\u00e9es \u00e0 Arles, visiter Arles, visiter les mus\u00e9es d'Arles, mus\u00e9e r\u00e9attu, mus\u00e9e Arlaten, mus\u00e9e de l'Arles antique, fondation Vincent Van Gogh,\",\"breadcrumb\":{\"@id\":\"https:\/\/www.visiterarles.com\/en\/blog\/2014\/05\/06\/10eme-nuit-musees-arles-17-mai-2014-19h00-01h00\/#breadcrumb\"},\"inLanguage\":\"en-GB\",\"potentialAction\":[{\"@type\":\"ReadAction\",\"target\":[\"https:\/\/www.visiterarles.com\/en\/blog\/2014\/05\/06\/10eme-nuit-musees-arles-17-mai-2014-19h00-01h00\/\"]}]},{\"@type\":\"ImageObject\",\"inLanguage\":\"en-GB\",\"@id\":\"https:\/\/www.visiterarles.com\/en\/blog\/2014\/05\/06\/10eme-nuit-musees-arles-17-mai-2014-19h00-01h00\/#primaryimage\",\"url\":\"https:\/\/www.visiterarles.com\/wp-content\/uploads\/2014\/05\/Nuit-des-musees-2014-Arles-Copier.jpg\",\"contentUrl\":\"https:\/\/www.visiterarles.com\/wp-content\/uploads\/2014\/05\/Nuit-des-musees-2014-Arles-Copier.jpg\",\"width\":800,\"height\":450,\"caption\":\"Nuit des mus\u00e9es 2014 Arles\"},{\"@type\":\"BreadcrumbList\",\"@id\":\"https:\/\/www.visiterarles.com\/en\/blog\/2014\/05\/06\/10eme-nuit-musees-arles-17-mai-2014-19h00-01h00\/#breadcrumb\",\"itemListElement\":[{\"@type\":\"ListItem\",\"position\":1,\"name\":\"Home\",\"item\":\"https:\/\/www.visiterarles.com\/\"},{\"@type\":\"ListItem\",\"position\":2,\"name\":\"La 10\u00e8me Nuit des mus\u00e9es \u00e0 Arles, le 17 Mai 2014 de 19h00 \u00e0 01h00\"}]},{\"@type\":\"WebSite\",\"@id\":\"https:\/\/www.visiterarles.com\/en\/#website\",\"url\":\"https:\/\/www.visiterarles.com\/en\/\",\"name\":\"Visiter Arles\",\"description\":\"Tourisme en Provence \u00e0 Arles\",\"publisher\":{\"@id\":\"https:\/\/www.visiterarles.com\/en\/#organization\"},\"potentialAction\":[{\"@type\":\"SearchAction\",\"target\":{\"@type\":\"EntryPoint\",\"urlTemplate\":\"https:\/\/www.visiterarles.com\/en\/?s={search_term_string}\"},\"query-input\":\"required name=search_term_string\"}],\"inLanguage\":\"en-GB\"},{\"@type\":\"Organization\",\"@id\":\"https:\/\/www.visiterarles.com\/en\/#organization\",\"name\":\"Visiter Arles\",\"url\":\"https:\/\/www.visiterarles.com\/en\/\",\"logo\":{\"@type\":\"ImageObject\",\"inLanguage\":\"en-GB\",\"@id\":\"https:\/\/www.visiterarles.com\/en\/#\/schema\/logo\/image\/\",\"url\":\"https:\/\/www.visiterarles.com\/wp-content\/uploads\/2017\/10\/taco-and-co-1-1.jpg\",\"contentUrl\":\"https:\/\/www.visiterarles.com\/wp-content\/uploads\/2017\/10\/taco-and-co-1-1.jpg\",\"width\":124,\"height\":73,\"caption\":\"Visiter Arles\"},\"image\":{\"@id\":\"https:\/\/www.visiterarles.com\/en\/#\/schema\/logo\/image\/\"}},{\"@type\":\"Person\",\"@id\":\"https:\/\/www.visiterarles.com\/en\/#\/schema\/person\/ba5912e4613018f479a2d86815a53576\",\"name\":\"Linkadm\",\"image\":{\"@type\":\"ImageObject\",\"inLanguage\":\"en-GB\",\"@id\":\"https:\/\/www.visiterarles.com\/en\/#\/schema\/person\/image\/\",\"url\":\"https:\/\/secure.gravatar.com\/avatar\/4709ec209921503e8d8cc96168eddc49?s=96&d=mm&r=g\",\"contentUrl\":\"https:\/\/secure.gravatar.com\/avatar\/4709ec209921503e8d8cc96168eddc49?s=96&d=mm&r=g\",\"caption\":\"Linkadm\"},\"url\":\"https:\/\/www.visiterarles.com\/en\/blog\/author\/admin\/\"}]}<\/script>\n<!-- \/ Yoast SEO plugin. -->","yoast_head_json":{"title":"La nuit des mus\u00e9es \u00e0 Arles, visiter Arles, visiter les mus\u00e9es d'Arles","description":"La nuit des mus\u00e9es \u00e0 Arles, visiter Arles, visiter les mus\u00e9es d'Arles, mus\u00e9e r\u00e9attu, mus\u00e9e Arlaten, mus\u00e9e de l'Arles antique, fondation Vincent Van Gogh,","robots":{"index":"index","follow":"follow","max-snippet":"max-snippet:-1","max-image-preview":"max-image-preview:large","max-video-preview":"max-video-preview:-1"},"canonical":"https:\/\/www.visiterarles.com\/en\/blog\/2014\/05\/06\/10eme-nuit-musees-arles-17-mai-2014-19h00-01h00\/","twitter_misc":{"Written by":"Linkadm","Estimated reading time":"1 minute"},"schema":{"@context":"https:\/\/schema.org","@graph":[{"@type":"Article","@id":"https:\/\/www.visiterarles.com\/en\/blog\/2014\/05\/06\/10eme-nuit-musees-arles-17-mai-2014-19h00-01h00\/#article","isPartOf":{"@id":"https:\/\/www.visiterarles.com\/en\/blog\/2014\/05\/06\/10eme-nuit-musees-arles-17-mai-2014-19h00-01h00\/"},"author":{"name":"Linkadm","@id":"https:\/\/www.visiterarles.com\/en\/#\/schema\/person\/ba5912e4613018f479a2d86815a53576"},"headline":"La 10\u00e8me Nuit des mus\u00e9es \u00e0 Arles, le 17 Mai 2014 de 19h00 \u00e0 01h00","datePublished":"2014-05-06T10:39:19+00:00","dateModified":"2014-05-06T10:39:19+00:00","mainEntityOfPage":{"@id":"https:\/\/www.visiterarles.com\/en\/blog\/2014\/05\/06\/10eme-nuit-musees-arles-17-mai-2014-19h00-01h00\/"},"wordCount":120,"publisher":{"@id":"https:\/\/www.visiterarles.com\/en\/#organization"},"image":{"@id":"https:\/\/www.visiterarles.com\/en\/blog\/2014\/05\/06\/10eme-nuit-musees-arles-17-mai-2014-19h00-01h00\/#primaryimage"},"thumbnailUrl":"https:\/\/www.visiterarles.com\/wp-content\/uploads\/2014\/05\/Nuit-des-musees-2014-Arles-Copier.jpg","articleSection":["Actualit\u00e9s","Culture","\u00c9v\u00e9nement"],"inLanguage":"en-GB"},{"@type":"WebPage","@id":"https:\/\/www.visiterarles.com\/en\/blog\/2014\/05\/06\/10eme-nuit-musees-arles-17-mai-2014-19h00-01h00\/","url":"https:\/\/www.visiterarles.com\/en\/blog\/2014\/05\/06\/10eme-nuit-musees-arles-17-mai-2014-19h00-01h00\/","name":"La nuit des mus\u00e9es \u00e0 Arles, visiter Arles, visiter les mus\u00e9es d'Arles","isPartOf":{"@id":"https:\/\/www.visiterarles.com\/en\/#website"},"primaryImageOfPage":{"@id":"https:\/\/www.visiterarles.com\/en\/blog\/2014\/05\/06\/10eme-nuit-musees-arles-17-mai-2014-19h00-01h00\/#primaryimage"},"image":{"@id":"https:\/\/www.visiterarles.com\/en\/blog\/2014\/05\/06\/10eme-nuit-musees-arles-17-mai-2014-19h00-01h00\/#primaryimage"},"thumbnailUrl":"https:\/\/www.visiterarles.com\/wp-content\/uploads\/2014\/05\/Nuit-des-musees-2014-Arles-Copier.jpg","datePublished":"2014-05-06T10:39:19+00:00","dateModified":"2014-05-06T10:39:19+00:00","description":"La nuit des mus\u00e9es \u00e0 Arles, visiter Arles, visiter les mus\u00e9es d'Arles, mus\u00e9e r\u00e9attu, mus\u00e9e Arlaten, mus\u00e9e de l'Arles antique, fondation Vincent Van Gogh,","breadcrumb":{"@id":"https:\/\/www.visiterarles.com\/en\/blog\/2014\/05\/06\/10eme-nuit-musees-arles-17-mai-2014-19h00-01h00\/#breadcrumb"},"inLanguage":"en-GB","potentialAction":[{"@type":"ReadAction","target":["https:\/\/www.visiterarles.com\/en\/blog\/2014\/05\/06\/10eme-nuit-musees-arles-17-mai-2014-19h00-01h00\/"]}]},{"@type":"ImageObject","inLanguage":"en-GB","@id":"https:\/\/www.visiterarles.com\/en\/blog\/2014\/05\/06\/10eme-nuit-musees-arles-17-mai-2014-19h00-01h00\/#primaryimage","url":"https:\/\/www.visiterarles.com\/wp-content\/uploads\/2014\/05\/Nuit-des-musees-2014-Arles-Copier.jpg","contentUrl":"https:\/\/www.visiterarles.com\/wp-content\/uploads\/2014\/05\/Nuit-des-musees-2014-Arles-Copier.jpg","width":800,"height":450,"caption":"Nuit des mus\u00e9es 2014 Arles"},{"@type":"BreadcrumbList","@id":"https:\/\/www.visiterarles.com\/en\/blog\/2014\/05\/06\/10eme-nuit-musees-arles-17-mai-2014-19h00-01h00\/#breadcrumb","itemListElement":[{"@type":"ListItem","position":1,"name":"Home","item":"https:\/\/www.visiterarles.com\/"},{"@type":"ListItem","position":2,"name":"La 10\u00e8me Nuit des mus\u00e9es \u00e0 Arles, le 17 Mai 2014 de 19h00 \u00e0 01h00"}]},{"@type":"WebSite","@id":"https:\/\/www.visiterarles.com\/en\/#website","url":"https:\/\/www.visiterarles.com\/en\/","name":"Visiter Arles","description":"Tourisme en Provence \u00e0 Arles","publisher":{"@id":"https:\/\/www.visiterarles.com\/en\/#organization"},"potentialAction":[{"@type":"SearchAction","target":{"@type":"EntryPoint","urlTemplate":"https:\/\/www.visiterarles.com\/en\/?s={search_term_string}"},"query-input":"required name=search_term_string"}],"inLanguage":"en-GB"},{"@type":"Organization","@id":"https:\/\/www.visiterarles.com\/en\/#organization","name":"Visiter Arles","url":"https:\/\/www.visiterarles.com\/en\/","logo":{"@type":"ImageObject","inLanguage":"en-GB","@id":"https:\/\/www.visiterarles.com\/en\/#\/schema\/logo\/image\/","url":"https:\/\/www.visiterarles.com\/wp-content\/uploads\/2017\/10\/taco-and-co-1-1.jpg","contentUrl":"https:\/\/www.visiterarles.com\/wp-content\/uploads\/2017\/10\/taco-and-co-1-1.jpg","width":124,"height":73,"caption":"Visiter Arles"},"image":{"@id":"https:\/\/www.visiterarles.com\/en\/#\/schema\/logo\/image\/"}},{"@type":"Person","@id":"https:\/\/www.visiterarles.com\/en\/#\/schema\/person\/ba5912e4613018f479a2d86815a53576","name":"Linkadm","image":{"@type":"ImageObject","inLanguage":"en-GB","@id":"https:\/\/www.visiterarles.com\/en\/#\/schema\/person\/image\/","url":"https:\/\/secure.gravatar.com\/avatar\/4709ec209921503e8d8cc96168eddc49?s=96&d=mm&r=g","contentUrl":"https:\/\/secure.gravatar.com\/avatar\/4709ec209921503e8d8cc96168eddc49?s=96&d=mm&r=g","caption":"Linkadm"},"url":"https:\/\/www.visiterarles.com\/en\/blog\/author\/admin\/"}]}},"_links":{"self":[{"href":"https:\/\/www.visiterarles.com\/en\/wp-json\/wp\/v2\/posts\/442"}],"collection":[{"href":"https:\/\/www.visiterarles.com\/en\/wp-json\/wp\/v2\/posts"}],"about":[{"href":"https:\/\/www.visiterarles.com\/en\/wp-json\/wp\/v2\/types\/post"}],"author":[{"embeddable":true,"href":"https:\/\/www.visiterarles.com\/en\/wp-json\/wp\/v2\/users\/1"}],"replies":[{"embeddable":true,"href":"https:\/\/www.visiterarles.com\/en\/wp-json\/wp\/v2\/comments?post=442"}],"version-history":[{"count":0,"href":"https:\/\/www.visiterarles.com\/en\/wp-json\/wp\/v2\/posts\/442\/revisions"}],"wp:featuredmedia":[{"embeddable":true,"href":"https:\/\/www.visiterarles.com\/en\/wp-json\/wp\/v2\/media\/443"}],"wp:attachment":[{"href":"https:\/\/www.visiterarles.com\/en\/wp-json\/wp\/v2\/media?parent=442"}],"wp:term":[{"taxonomy":"category","embeddable":true,"href":"https:\/\/www.visiterarles.com\/en\/wp-json\/wp\/v2\/categories?post=442"},{"taxonomy":"post_tag","embeddable":true,"href":"https:\/\/www.visiterarles.com\/en\/wp-json\/wp\/v2\/tags?post=442"}],"curies":[{"name":"wp","href":"https:\/\/api.w.org\/{rel}","templated":true}]}}