{"id":560,"date":"2010-10-01T07:34:35","date_gmt":"2010-10-01T07:34:35","guid":{"rendered":"https:\/\/www.visiterarles.com\/?p=560"},"modified":"2010-10-02T11:27:41","modified_gmt":"2010-10-02T11:27:41","slug":"taco-and-co-vous-presente-octobre-numerique-du-01-au-10-octobre-a-arles","status":"publish","type":"post","link":"https:\/\/www.visiterarles.com\/en\/blog\/2010\/10\/01\/taco-and-co-vous-presente-octobre-numerique-du-01-au-10-octobre-a-arles\/","title":{"rendered":"Taco and Co vous pr\u00e9sente Octobre Num\u00e9rique, du 01 au 10 Octobre \u00e0 Arles"},"content":{"rendered":"<p>Du 1er au 10 Octobre, venez d\u00e9couvrir \u00e0 la grande Halle des ateliers le premiere \u00e9dition du festival Octobre num\u00e9rique.<\/p>\n<p>Pour sa premi\u00e8re \u00e9dition cet automne,\u00a0 Octobre num\u00e9rique s&rsquo;int\u00e9resse \u00e0 toutes les facettes de la r\u00e9volution technologique qui est en train de changer nos vies.<\/p>\n<p>Au programme : comp\u00e9titions de jeux vid\u00e9os (<a href=\"http:\/\/www.pxl-lan.com\/\">LAN Party<\/a>), courts-m\u00e9trages, animation 3D, cr\u00e9ation contemporaine multim\u00e9dia, logiciels libres, livre num\u00e9rique, r\u00e9seaux sociaux, etc. Octobre num\u00e9rique r\u00e9unit des manifestations connues comme le <a href=\"http:\/\/rebels.romkids.org\/cgi-bin\/main2010\/rknewz.pl?function=detail&amp;id=RKSID00000000000000000065&amp;cat=ABOUT_FR\">festival MAIN<\/a> ou <a href=\"http:\/\/www.artcourtvideo.com\/\">Art Court Vid\u00e9o<\/a> auxquelles viennent s&rsquo;ajouter projections, rencontres, d\u00e9bats, expositions et&#8230; f\u00eates dans la Grande Halle des Ateliers ou dans le centre ancien d&rsquo;Arles.<\/p>","protected":false},"excerpt":{"rendered":"<p>Du 1er au 10 Octobre, venez d\u00e9couvrir \u00e0 la grande Halle des ateliers le premiere \u00e9dition du festival Octobre num\u00e9rique. Pour sa premi\u00e8re \u00e9dition cet automne,\u00a0 Octobre num\u00e9rique s&rsquo;int\u00e9resse \u00e0 toutes les facettes de la r\u00e9volution technologique qui est en train de changer nos vies. Au programme : comp\u00e9titions de jeux vid\u00e9os (LAN Party), courts-m\u00e9trages, [&hellip;]<\/p>","protected":false},"author":2,"featured_media":565,"comment_status":"closed","ping_status":"closed","sticky":false,"template":"","format":"standard","meta":{"footnotes":""},"categories":[4,3],"tags":[],"aioseo_notices":[],"yoast_head":"<!-- This site is optimized with the Yoast SEO plugin v22.3 - https:\/\/yoast.com\/wordpress\/plugins\/seo\/ -->\n<title>Taco and Co vous pr\u00e9sente Octobre Num\u00e9rique, du 01 au 10 Octobre \u00e0 Arles - Visiter Arles<\/title>\n<meta name=\"robots\" content=\"index, follow, max-snippet:-1, max-image-preview:large, max-video-preview:-1\" \/>\n<link rel=\"canonical\" href=\"https:\/\/www.visiterarles.com\/en\/blog\/2010\/10\/01\/taco-and-co-vous-presente-octobre-numerique-du-01-au-10-octobre-a-arles\/\" \/>\n<meta name=\"twitter:label1\" content=\"Written by\" \/>\n\t<meta name=\"twitter:data1\" content=\"damien\" \/>\n\t<meta name=\"twitter:label2\" content=\"Estimated reading time\" \/>\n\t<meta name=\"twitter:data2\" content=\"1 minute\" \/>\n<script type=\"application\/ld+json\" class=\"yoast-schema-graph\">{\"@context\":\"https:\/\/schema.org\",\"@graph\":[{\"@type\":\"Article\",\"@id\":\"https:\/\/www.visiterarles.com\/en\/blog\/2010\/10\/01\/taco-and-co-vous-presente-octobre-numerique-du-01-au-10-octobre-a-arles\/#article\",\"isPartOf\":{\"@id\":\"https:\/\/www.visiterarles.com\/en\/blog\/2010\/10\/01\/taco-and-co-vous-presente-octobre-numerique-du-01-au-10-octobre-a-arles\/\"},\"author\":{\"name\":\"damien\",\"@id\":\"https:\/\/www.visiterarles.com\/en\/#\/schema\/person\/0ef93571b2fe272c676137a002139d56\"},\"headline\":\"Taco and Co vous pr\u00e9sente Octobre Num\u00e9rique, du 01 au 10 Octobre \u00e0 Arles\",\"datePublished\":\"2010-10-01T07:34:35+00:00\",\"dateModified\":\"2010-10-02T11:27:41+00:00\",\"mainEntityOfPage\":{\"@id\":\"https:\/\/www.visiterarles.com\/en\/blog\/2010\/10\/01\/taco-and-co-vous-presente-octobre-numerique-du-01-au-10-octobre-a-arles\/\"},\"wordCount\":132,\"publisher\":{\"@id\":\"https:\/\/www.visiterarles.com\/en\/#organization\"},\"image\":{\"@id\":\"https:\/\/www.visiterarles.com\/en\/blog\/2010\/10\/01\/taco-and-co-vous-presente-octobre-numerique-du-01-au-10-octobre-a-arles\/#primaryimage\"},\"thumbnailUrl\":\"https:\/\/www.visiterarles.com\/wp-content\/uploads\/2010\/10\/images1.jpg\",\"articleSection\":[\"accueil\",\"Actualit\u00e9s\"],\"inLanguage\":\"en-GB\"},{\"@type\":\"WebPage\",\"@id\":\"https:\/\/www.visiterarles.com\/en\/blog\/2010\/10\/01\/taco-and-co-vous-presente-octobre-numerique-du-01-au-10-octobre-a-arles\/\",\"url\":\"https:\/\/www.visiterarles.com\/en\/blog\/2010\/10\/01\/taco-and-co-vous-presente-octobre-numerique-du-01-au-10-octobre-a-arles\/\",\"name\":\"Taco and Co vous pr\u00e9sente Octobre Num\u00e9rique, du 01 au 10 Octobre \u00e0 Arles - Visiter Arles\",\"isPartOf\":{\"@id\":\"https:\/\/www.visiterarles.com\/en\/#website\"},\"primaryImageOfPage\":{\"@id\":\"https:\/\/www.visiterarles.com\/en\/blog\/2010\/10\/01\/taco-and-co-vous-presente-octobre-numerique-du-01-au-10-octobre-a-arles\/#primaryimage\"},\"image\":{\"@id\":\"https:\/\/www.visiterarles.com\/en\/blog\/2010\/10\/01\/taco-and-co-vous-presente-octobre-numerique-du-01-au-10-octobre-a-arles\/#primaryimage\"},\"thumbnailUrl\":\"https:\/\/www.visiterarles.com\/wp-content\/uploads\/2010\/10\/images1.jpg\",\"datePublished\":\"2010-10-01T07:34:35+00:00\",\"dateModified\":\"2010-10-02T11:27:41+00:00\",\"breadcrumb\":{\"@id\":\"https:\/\/www.visiterarles.com\/en\/blog\/2010\/10\/01\/taco-and-co-vous-presente-octobre-numerique-du-01-au-10-octobre-a-arles\/#breadcrumb\"},\"inLanguage\":\"en-GB\",\"potentialAction\":[{\"@type\":\"ReadAction\",\"target\":[\"https:\/\/www.visiterarles.com\/en\/blog\/2010\/10\/01\/taco-and-co-vous-presente-octobre-numerique-du-01-au-10-octobre-a-arles\/\"]}]},{\"@type\":\"ImageObject\",\"inLanguage\":\"en-GB\",\"@id\":\"https:\/\/www.visiterarles.com\/en\/blog\/2010\/10\/01\/taco-and-co-vous-presente-octobre-numerique-du-01-au-10-octobre-a-arles\/#primaryimage\",\"url\":\"https:\/\/www.visiterarles.com\/wp-content\/uploads\/2010\/10\/images1.jpg\",\"contentUrl\":\"https:\/\/www.visiterarles.com\/wp-content\/uploads\/2010\/10\/images1.jpg\",\"width\":\"114\",\"height\":\"38\"},{\"@type\":\"BreadcrumbList\",\"@id\":\"https:\/\/www.visiterarles.com\/en\/blog\/2010\/10\/01\/taco-and-co-vous-presente-octobre-numerique-du-01-au-10-octobre-a-arles\/#breadcrumb\",\"itemListElement\":[{\"@type\":\"ListItem\",\"position\":1,\"name\":\"Home\",\"item\":\"https:\/\/www.visiterarles.com\/\"},{\"@type\":\"ListItem\",\"position\":2,\"name\":\"Taco and Co vous pr\u00e9sente Octobre Num\u00e9rique, du 01 au 10 Octobre \u00e0 Arles\"}]},{\"@type\":\"WebSite\",\"@id\":\"https:\/\/www.visiterarles.com\/en\/#website\",\"url\":\"https:\/\/www.visiterarles.com\/en\/\",\"name\":\"Visiter Arles\",\"description\":\"Tourisme en Provence \u00e0 Arles\",\"publisher\":{\"@id\":\"https:\/\/www.visiterarles.com\/en\/#organization\"},\"potentialAction\":[{\"@type\":\"SearchAction\",\"target\":{\"@type\":\"EntryPoint\",\"urlTemplate\":\"https:\/\/www.visiterarles.com\/en\/?s={search_term_string}\"},\"query-input\":\"required name=search_term_string\"}],\"inLanguage\":\"en-GB\"},{\"@type\":\"Organization\",\"@id\":\"https:\/\/www.visiterarles.com\/en\/#organization\",\"name\":\"Visiter Arles\",\"url\":\"https:\/\/www.visiterarles.com\/en\/\",\"logo\":{\"@type\":\"ImageObject\",\"inLanguage\":\"en-GB\",\"@id\":\"https:\/\/www.visiterarles.com\/en\/#\/schema\/logo\/image\/\",\"url\":\"https:\/\/www.visiterarles.com\/wp-content\/uploads\/2017\/10\/taco-and-co-1-1.jpg\",\"contentUrl\":\"https:\/\/www.visiterarles.com\/wp-content\/uploads\/2017\/10\/taco-and-co-1-1.jpg\",\"width\":124,\"height\":73,\"caption\":\"Visiter Arles\"},\"image\":{\"@id\":\"https:\/\/www.visiterarles.com\/en\/#\/schema\/logo\/image\/\"}},{\"@type\":\"Person\",\"@id\":\"https:\/\/www.visiterarles.com\/en\/#\/schema\/person\/0ef93571b2fe272c676137a002139d56\",\"name\":\"damien\",\"image\":{\"@type\":\"ImageObject\",\"inLanguage\":\"en-GB\",\"@id\":\"https:\/\/www.visiterarles.com\/en\/#\/schema\/person\/image\/\",\"url\":\"https:\/\/secure.gravatar.com\/avatar\/7a0d4f0af72a2d627adac81a8c10a5b6?s=96&d=mm&r=g\",\"contentUrl\":\"https:\/\/secure.gravatar.com\/avatar\/7a0d4f0af72a2d627adac81a8c10a5b6?s=96&d=mm&r=g\",\"caption\":\"damien\"},\"url\":\"https:\/\/www.visiterarles.com\/en\/blog\/author\/damien\/\"}]}<\/script>\n<!-- \/ Yoast SEO plugin. -->","yoast_head_json":{"title":"Taco and Co vous pr\u00e9sente Octobre Num\u00e9rique, du 01 au 10 Octobre \u00e0 Arles - Visiter Arles","robots":{"index":"index","follow":"follow","max-snippet":"max-snippet:-1","max-image-preview":"max-image-preview:large","max-video-preview":"max-video-preview:-1"},"canonical":"https:\/\/www.visiterarles.com\/en\/blog\/2010\/10\/01\/taco-and-co-vous-presente-octobre-numerique-du-01-au-10-octobre-a-arles\/","twitter_misc":{"Written by":"damien","Estimated reading time":"1 minute"},"schema":{"@context":"https:\/\/schema.org","@graph":[{"@type":"Article","@id":"https:\/\/www.visiterarles.com\/en\/blog\/2010\/10\/01\/taco-and-co-vous-presente-octobre-numerique-du-01-au-10-octobre-a-arles\/#article","isPartOf":{"@id":"https:\/\/www.visiterarles.com\/en\/blog\/2010\/10\/01\/taco-and-co-vous-presente-octobre-numerique-du-01-au-10-octobre-a-arles\/"},"author":{"name":"damien","@id":"https:\/\/www.visiterarles.com\/en\/#\/schema\/person\/0ef93571b2fe272c676137a002139d56"},"headline":"Taco and Co vous pr\u00e9sente Octobre Num\u00e9rique, du 01 au 10 Octobre \u00e0 Arles","datePublished":"2010-10-01T07:34:35+00:00","dateModified":"2010-10-02T11:27:41+00:00","mainEntityOfPage":{"@id":"https:\/\/www.visiterarles.com\/en\/blog\/2010\/10\/01\/taco-and-co-vous-presente-octobre-numerique-du-01-au-10-octobre-a-arles\/"},"wordCount":132,"publisher":{"@id":"https:\/\/www.visiterarles.com\/en\/#organization"},"image":{"@id":"https:\/\/www.visiterarles.com\/en\/blog\/2010\/10\/01\/taco-and-co-vous-presente-octobre-numerique-du-01-au-10-octobre-a-arles\/#primaryimage"},"thumbnailUrl":"https:\/\/www.visiterarles.com\/wp-content\/uploads\/2010\/10\/images1.jpg","articleSection":["accueil","Actualit\u00e9s"],"inLanguage":"en-GB"},{"@type":"WebPage","@id":"https:\/\/www.visiterarles.com\/en\/blog\/2010\/10\/01\/taco-and-co-vous-presente-octobre-numerique-du-01-au-10-octobre-a-arles\/","url":"https:\/\/www.visiterarles.com\/en\/blog\/2010\/10\/01\/taco-and-co-vous-presente-octobre-numerique-du-01-au-10-octobre-a-arles\/","name":"Taco and Co vous pr\u00e9sente Octobre Num\u00e9rique, du 01 au 10 Octobre \u00e0 Arles - Visiter Arles","isPartOf":{"@id":"https:\/\/www.visiterarles.com\/en\/#website"},"primaryImageOfPage":{"@id":"https:\/\/www.visiterarles.com\/en\/blog\/2010\/10\/01\/taco-and-co-vous-presente-octobre-numerique-du-01-au-10-octobre-a-arles\/#primaryimage"},"image":{"@id":"https:\/\/www.visiterarles.com\/en\/blog\/2010\/10\/01\/taco-and-co-vous-presente-octobre-numerique-du-01-au-10-octobre-a-arles\/#primaryimage"},"thumbnailUrl":"https:\/\/www.visiterarles.com\/wp-content\/uploads\/2010\/10\/images1.jpg","datePublished":"2010-10-01T07:34:35+00:00","dateModified":"2010-10-02T11:27:41+00:00","breadcrumb":{"@id":"https:\/\/www.visiterarles.com\/en\/blog\/2010\/10\/01\/taco-and-co-vous-presente-octobre-numerique-du-01-au-10-octobre-a-arles\/#breadcrumb"},"inLanguage":"en-GB","potentialAction":[{"@type":"ReadAction","target":["https:\/\/www.visiterarles.com\/en\/blog\/2010\/10\/01\/taco-and-co-vous-presente-octobre-numerique-du-01-au-10-octobre-a-arles\/"]}]},{"@type":"ImageObject","inLanguage":"en-GB","@id":"https:\/\/www.visiterarles.com\/en\/blog\/2010\/10\/01\/taco-and-co-vous-presente-octobre-numerique-du-01-au-10-octobre-a-arles\/#primaryimage","url":"https:\/\/www.visiterarles.com\/wp-content\/uploads\/2010\/10\/images1.jpg","contentUrl":"https:\/\/www.visiterarles.com\/wp-content\/uploads\/2010\/10\/images1.jpg","width":"114","height":"38"},{"@type":"BreadcrumbList","@id":"https:\/\/www.visiterarles.com\/en\/blog\/2010\/10\/01\/taco-and-co-vous-presente-octobre-numerique-du-01-au-10-octobre-a-arles\/#breadcrumb","itemListElement":[{"@type":"ListItem","position":1,"name":"Home","item":"https:\/\/www.visiterarles.com\/"},{"@type":"ListItem","position":2,"name":"Taco and Co vous pr\u00e9sente Octobre Num\u00e9rique, du 01 au 10 Octobre \u00e0 Arles"}]},{"@type":"WebSite","@id":"https:\/\/www.visiterarles.com\/en\/#website","url":"https:\/\/www.visiterarles.com\/en\/","name":"Visiter Arles","description":"Tourisme en Provence \u00e0 Arles","publisher":{"@id":"https:\/\/www.visiterarles.com\/en\/#organization"},"potentialAction":[{"@type":"SearchAction","target":{"@type":"EntryPoint","urlTemplate":"https:\/\/www.visiterarles.com\/en\/?s={search_term_string}"},"query-input":"required name=search_term_string"}],"inLanguage":"en-GB"},{"@type":"Organization","@id":"https:\/\/www.visiterarles.com\/en\/#organization","name":"Visiter Arles","url":"https:\/\/www.visiterarles.com\/en\/","logo":{"@type":"ImageObject","inLanguage":"en-GB","@id":"https:\/\/www.visiterarles.com\/en\/#\/schema\/logo\/image\/","url":"https:\/\/www.visiterarles.com\/wp-content\/uploads\/2017\/10\/taco-and-co-1-1.jpg","contentUrl":"https:\/\/www.visiterarles.com\/wp-content\/uploads\/2017\/10\/taco-and-co-1-1.jpg","width":124,"height":73,"caption":"Visiter Arles"},"image":{"@id":"https:\/\/www.visiterarles.com\/en\/#\/schema\/logo\/image\/"}},{"@type":"Person","@id":"https:\/\/www.visiterarles.com\/en\/#\/schema\/person\/0ef93571b2fe272c676137a002139d56","name":"damien","image":{"@type":"ImageObject","inLanguage":"en-GB","@id":"https:\/\/www.visiterarles.com\/en\/#\/schema\/person\/image\/","url":"https:\/\/secure.gravatar.com\/avatar\/7a0d4f0af72a2d627adac81a8c10a5b6?s=96&d=mm&r=g","contentUrl":"https:\/\/secure.gravatar.com\/avatar\/7a0d4f0af72a2d627adac81a8c10a5b6?s=96&d=mm&r=g","caption":"damien"},"url":"https:\/\/www.visiterarles.com\/en\/blog\/author\/damien\/"}]}},"_links":{"self":[{"href":"https:\/\/www.visiterarles.com\/en\/wp-json\/wp\/v2\/posts\/560"}],"collection":[{"href":"https:\/\/www.visiterarles.com\/en\/wp-json\/wp\/v2\/posts"}],"about":[{"href":"https:\/\/www.visiterarles.com\/en\/wp-json\/wp\/v2\/types\/post"}],"author":[{"embeddable":true,"href":"https:\/\/www.visiterarles.com\/en\/wp-json\/wp\/v2\/users\/2"}],"replies":[{"embeddable":true,"href":"https:\/\/www.visiterarles.com\/en\/wp-json\/wp\/v2\/comments?post=560"}],"version-history":[{"count":0,"href":"https:\/\/www.visiterarles.com\/en\/wp-json\/wp\/v2\/posts\/560\/revisions"}],"wp:featuredmedia":[{"embeddable":true,"href":"https:\/\/www.visiterarles.com\/en\/wp-json\/wp\/v2\/media\/565"}],"wp:attachment":[{"href":"https:\/\/www.visiterarles.com\/en\/wp-json\/wp\/v2\/media?parent=560"}],"wp:term":[{"taxonomy":"category","embeddable":true,"href":"https:\/\/www.visiterarles.com\/en\/wp-json\/wp\/v2\/categories?post=560"},{"taxonomy":"post_tag","embeddable":true,"href":"https:\/\/www.visiterarles.com\/en\/wp-json\/wp\/v2\/tags?post=560"}],"curies":[{"name":"wp","href":"https:\/\/api.w.org\/{rel}","templated":true}]}}