{"id":603,"date":"2010-12-01T15:53:40","date_gmt":"2010-12-01T15:53:40","guid":{"rendered":"https:\/\/www.visiterarles.com\/?p=603"},"modified":"2010-12-01T16:30:18","modified_gmt":"2010-12-01T16:30:18","slug":"taco-and-copartenaire-du-pole-ecologique-du-pays-darles","status":"publish","type":"post","link":"https:\/\/www.visiterarles.com\/en\/blog\/2010\/12\/01\/taco-and-copartenaire-du-pole-ecologique-du-pays-darles\/","title":{"rendered":"Taco and co: Partenaire du p\u00f4le \u00e9cologique du pays d&rsquo;Arles"},"content":{"rendered":"<p>Taco and Co vous pr\u00e9sente une nouveaut\u00e9 sur Arles: <strong>Le p\u00f4le \u00e9cologique<\/strong> situ\u00e9 1 rue Gaspard Monge \u00e0 Arles.<\/p>\n<p>St\u00e9phane Fabre et sa nouvelle \u00e9quipe vous attendent pour vous faire d\u00e9couvrir <strong>leurs cr\u00e9ations \u00e9cologiques et originales, pour des stages ou encore des ateliers.<\/strong><\/p>\n<p>Le p\u00f4le \u00e9cologique du pays d&rsquo;Arles est constitu\u00e9 de 3 structures:<\/p>\n<p><span style=\"text-decoration: underline;\"><a href=\"https:\/\/www.visiterarles.com\/wp-content\/uploads\/2010\/12\/gribouille-logo-320x2001.png\"><\/a><strong>Gribouille moi la terre<\/strong><\/span>, association d&rsquo;arts plastiques \u00e0 but \u00e9cologique,\u00a0\u00a0<\/p>\n<p>\u00a0<a href=\"http:\/\/www.gribouillemoilaterre.com\/\" target=\"_blank\">www.gribouillemoilaterre.com<\/a>\u00a0\u00a0\u00a0\u00a0<\/p>\n<p><a href=\"https:\/\/www.visiterarles.com\/wp-content\/uploads\/2010\/12\/gribouille-logo-320x2004.png\"><img decoding=\"async\" class=\"aligncenter size-thumbnail wp-image-616\" title=\"gribouille-logo [320x200]\" src=\"https:\/\/www.visiterarles.com\/wp-content\/uploads\/2010\/12\/gribouille-logo-320x2004-150x150.png\" alt=\"\" width=\"150\" height=\"150\" srcset=\"https:\/\/www.visiterarles.com\/wp-content\/uploads\/2010\/12\/gribouille-logo-320x2004-150x150.png 150w, https:\/\/www.visiterarles.com\/wp-content\/uploads\/2010\/12\/gribouille-logo-320x2004-30x30.png 30w, https:\/\/www.visiterarles.com\/wp-content\/uploads\/2010\/12\/gribouille-logo-320x2004-84x84.png 84w, https:\/\/www.visiterarles.com\/wp-content\/uploads\/2010\/12\/gribouille-logo-320x2004-185x185.png 185w\" sizes=\"(max-width: 150px) 100vw, 150px\" \/><\/a><a href=\"https:\/\/www.visiterarles.com\/wp-content\/uploads\/2010\/12\/gribouille-logo-320x2003.png\"><\/a><\/p>\n<p>\u00a0\u00a0\u00a0\u00a0\u00a0\u00a0\u00a0\u00a0\u00a0\u00a0\u00a0\u00a0\u00a0\u00a0\u00a0\u00a0\u00a0\u00a0\u00a0\u00a0\u00a0\u00a0\u00a0\u00a0\u00a0\u00a0\u00a0\u00a0\u00a0\u00a0\u00a0\u00a0\u00a0\u00a0\u00a0\u00a0\u00a0 <a href=\"https:\/\/www.visiterarles.com\/wp-content\/uploads\/2010\/12\/gribouille-logo-320x2002.png\"><\/a><\/p>\n<p><span style=\"text-decoration: underline;\"><span style=\"text-decoration: underline;\"><strong>Ecofabrik<\/strong><\/span><\/span>, concept store \u00e9cologique et solutions eco design pour l&rsquo;\u00e9v\u00e9nementiel,\u00a0\u00a0\u00a0\u00a0\u00a0\u00a0\u00a0\u00a0\u00a0\u00a0\u00a0\u00a0\u00a0\u00a0\u00a0\u00a0\u00a0\u00a0\u00a0\u00a0\u00a0\u00a0\u00a0\u00a0\u00a0\u00a0\u00a0\u00a0\u00a0\u00a0\u00a0\u00a0\u00a0\u00a0\u00a0\u00a0\u00a0\u00a0\u00a0\u00a0\u00a0\u00a0\u00a0\u00a0\u00a0\u00a0\u00a0\u00a0\u00a0\u00a0\u00a0\u00a0\u00a0\u00a0\u00a0\u00a0\u00a0\u00a0<\/p>\n<p><a href=\"http:\/\/www.eco-fabrik.com\/\" target=\"_blank\">www.eco-fabrik.com<\/a><\/p>\n<p><a href=\"https:\/\/www.visiterarles.com\/wp-content\/uploads\/2010\/12\/ecofabrik-logo-320x2003.png\"><img decoding=\"async\" class=\"alignleft size-medium wp-image-622\" title=\"ecofabrik-logo [320x200]\" src=\"https:\/\/www.visiterarles.com\/wp-content\/uploads\/2010\/12\/ecofabrik-logo-320x2003-300x93.png\" alt=\"\" width=\"300\" height=\"93\" srcset=\"https:\/\/www.visiterarles.com\/wp-content\/uploads\/2010\/12\/ecofabrik-logo-320x2003-300x93.png 300w, https:\/\/www.visiterarles.com\/wp-content\/uploads\/2010\/12\/ecofabrik-logo-320x2003.png 320w\" sizes=\"(max-width: 300px) 100vw, 300px\" \/><\/a><\/p>\n<p><a href=\"https:\/\/www.visiterarles.com\/wp-content\/uploads\/2010\/12\/ecofabrik-logo-320x200.png\"><\/a><\/p>\n<p><a href=\"https:\/\/www.visiterarles.com\/wp-content\/uploads\/2010\/12\/greenstocker-logo-320x2001.png\"><\/a><\/p>\n<p><a href=\"https:\/\/www.visiterarles.com\/wp-content\/uploads\/2010\/12\/gribouille-logo-320x2002.png\"><\/a><a href=\"https:\/\/www.visiterarles.com\/wp-content\/uploads\/2010\/12\/ecofabrik-logo-320x200.png\"><\/a><a href=\"https:\/\/www.visiterarles.com\/wp-content\/uploads\/2010\/12\/greenstocker-logo-320x200.png\"><\/a><\/p>\n<p>.<\/p>\n<p><span style=\"text-decoration: underline;\"><span style=\"text-decoration: underline;\"><strong>\u00a0<\/strong><\/span><\/span><\/p>\n<p><span style=\"text-decoration: underline;\"><span style=\"text-decoration: underline;\"><strong>\u00a0<\/strong><\/span><\/span><\/p>\n<p><span style=\"text-decoration: underline;\"><span style=\"text-decoration: underline;\"><strong>\u00a0<\/strong><\/span><\/span><\/p>\n<p><span style=\"text-decoration: underline;\"><span style=\"text-decoration: underline;\"><strong>Greenstocker<\/strong><\/span><\/span>, atelier de conception et d&rsquo;\u00e9co fabrication,<\/p>\n<p>\u00a0<a href=\"http:\/\/www.pole-ecologique-arles.com\/greenstocker\" target=\"_blank\">www.pole-ecologique-arles.com\/greenstocker<\/a><\/p>\n<p><a href=\"https:\/\/www.visiterarles.com\/wp-content\/uploads\/2010\/12\/greenstocker-logo-320x2001.png\"><img decoding=\"async\" title=\"greenstocker-logo [320x200]\" src=\"https:\/\/www.visiterarles.com\/wp-content\/uploads\/2010\/12\/greenstocker-logo-320x2001-300x53.png\" alt=\"\" width=\"300\" height=\"53\" \/><\/a><\/p>\n<p>Pour plus d&rsquo;informations veuillez utiliser les liens ci-dessus ou t\u00e9l\u00e9phoner au 0661750951<\/p>","protected":false},"excerpt":{"rendered":"<p>Taco and Co vous pr\u00e9sente une nouveaut\u00e9 sur Arles: Le p\u00f4le \u00e9cologique situ\u00e9 1 rue Gaspard Monge \u00e0 Arles. St\u00e9phane Fabre et sa nouvelle \u00e9quipe vous attendent pour vous faire d\u00e9couvrir leurs cr\u00e9ations \u00e9cologiques et originales, pour des stages ou encore des ateliers. Le p\u00f4le \u00e9cologique du pays d&rsquo;Arles est constitu\u00e9 de 3 structures: Gribouille [&hellip;]<\/p>","protected":false},"author":2,"featured_media":604,"comment_status":"closed","ping_status":"closed","sticky":false,"template":"","format":"standard","meta":{"footnotes":""},"categories":[4,3],"tags":[],"aioseo_notices":[],"yoast_head":"<!-- This site is optimized with the Yoast SEO plugin v22.3 - https:\/\/yoast.com\/wordpress\/plugins\/seo\/ -->\n<title>Taco and co: Partenaire du p\u00f4le \u00e9cologique du pays d&#039;Arles - Visiter Arles<\/title>\n<meta name=\"robots\" content=\"index, follow, max-snippet:-1, max-image-preview:large, max-video-preview:-1\" \/>\n<link rel=\"canonical\" href=\"https:\/\/www.visiterarles.com\/en\/blog\/2010\/12\/01\/taco-and-copartenaire-du-pole-ecologique-du-pays-darles\/\" \/>\n<meta name=\"twitter:label1\" content=\"Written by\" \/>\n\t<meta name=\"twitter:data1\" content=\"damien\" \/>\n\t<meta name=\"twitter:label2\" content=\"Estimated reading time\" \/>\n\t<meta name=\"twitter:data2\" content=\"1 minute\" \/>\n<script type=\"application\/ld+json\" class=\"yoast-schema-graph\">{\"@context\":\"https:\/\/schema.org\",\"@graph\":[{\"@type\":\"Article\",\"@id\":\"https:\/\/www.visiterarles.com\/blog\/2010\/12\/01\/taco-and-copartenaire-du-pole-ecologique-du-pays-darles\/#article\",\"isPartOf\":{\"@id\":\"https:\/\/www.visiterarles.com\/blog\/2010\/12\/01\/taco-and-copartenaire-du-pole-ecologique-du-pays-darles\/\"},\"author\":{\"name\":\"damien\",\"@id\":\"https:\/\/www.visiterarles.com\/en\/#\/schema\/person\/0ef93571b2fe272c676137a002139d56\"},\"headline\":\"Taco and co: Partenaire du p\u00f4le \u00e9cologique du pays d&rsquo;Arles\",\"datePublished\":\"2010-12-01T15:53:40+00:00\",\"dateModified\":\"2010-12-01T16:30:18+00:00\",\"mainEntityOfPage\":{\"@id\":\"https:\/\/www.visiterarles.com\/blog\/2010\/12\/01\/taco-and-copartenaire-du-pole-ecologique-du-pays-darles\/\"},\"wordCount\":124,\"publisher\":{\"@id\":\"https:\/\/www.visiterarles.com\/en\/#organization\"},\"image\":{\"@id\":\"https:\/\/www.visiterarles.com\/blog\/2010\/12\/01\/taco-and-copartenaire-du-pole-ecologique-du-pays-darles\/#primaryimage\"},\"thumbnailUrl\":\"https:\/\/www.visiterarles.com\/wp-content\/uploads\/2010\/12\/ecofabrik-logo.png\",\"articleSection\":[\"accueil\",\"Actualit\u00e9s\"],\"inLanguage\":\"en-GB\"},{\"@type\":\"WebPage\",\"@id\":\"https:\/\/www.visiterarles.com\/blog\/2010\/12\/01\/taco-and-copartenaire-du-pole-ecologique-du-pays-darles\/\",\"url\":\"https:\/\/www.visiterarles.com\/blog\/2010\/12\/01\/taco-and-copartenaire-du-pole-ecologique-du-pays-darles\/\",\"name\":\"Taco and co: Partenaire du p\u00f4le \u00e9cologique du pays d'Arles - Visiter Arles\",\"isPartOf\":{\"@id\":\"https:\/\/www.visiterarles.com\/en\/#website\"},\"primaryImageOfPage\":{\"@id\":\"https:\/\/www.visiterarles.com\/blog\/2010\/12\/01\/taco-and-copartenaire-du-pole-ecologique-du-pays-darles\/#primaryimage\"},\"image\":{\"@id\":\"https:\/\/www.visiterarles.com\/blog\/2010\/12\/01\/taco-and-copartenaire-du-pole-ecologique-du-pays-darles\/#primaryimage\"},\"thumbnailUrl\":\"https:\/\/www.visiterarles.com\/wp-content\/uploads\/2010\/12\/ecofabrik-logo.png\",\"datePublished\":\"2010-12-01T15:53:40+00:00\",\"dateModified\":\"2010-12-01T16:30:18+00:00\",\"breadcrumb\":{\"@id\":\"https:\/\/www.visiterarles.com\/blog\/2010\/12\/01\/taco-and-copartenaire-du-pole-ecologique-du-pays-darles\/#breadcrumb\"},\"inLanguage\":\"en-GB\",\"potentialAction\":[{\"@type\":\"ReadAction\",\"target\":[\"https:\/\/www.visiterarles.com\/blog\/2010\/12\/01\/taco-and-copartenaire-du-pole-ecologique-du-pays-darles\/\"]}]},{\"@type\":\"ImageObject\",\"inLanguage\":\"en-GB\",\"@id\":\"https:\/\/www.visiterarles.com\/blog\/2010\/12\/01\/taco-and-copartenaire-du-pole-ecologique-du-pays-darles\/#primaryimage\",\"url\":\"https:\/\/www.visiterarles.com\/wp-content\/uploads\/2010\/12\/ecofabrik-logo.png\",\"contentUrl\":\"https:\/\/www.visiterarles.com\/wp-content\/uploads\/2010\/12\/ecofabrik-logo.png\",\"width\":\"497\",\"height\":\"156\"},{\"@type\":\"BreadcrumbList\",\"@id\":\"https:\/\/www.visiterarles.com\/blog\/2010\/12\/01\/taco-and-copartenaire-du-pole-ecologique-du-pays-darles\/#breadcrumb\",\"itemListElement\":[{\"@type\":\"ListItem\",\"position\":1,\"name\":\"Home\",\"item\":\"https:\/\/www.visiterarles.com\/\"},{\"@type\":\"ListItem\",\"position\":2,\"name\":\"Taco and co: Partenaire du p\u00f4le \u00e9cologique du pays d&rsquo;Arles\"}]},{\"@type\":\"WebSite\",\"@id\":\"https:\/\/www.visiterarles.com\/en\/#website\",\"url\":\"https:\/\/www.visiterarles.com\/en\/\",\"name\":\"Visiter Arles\",\"description\":\"Tourisme en Provence \u00e0 Arles\",\"publisher\":{\"@id\":\"https:\/\/www.visiterarles.com\/en\/#organization\"},\"potentialAction\":[{\"@type\":\"SearchAction\",\"target\":{\"@type\":\"EntryPoint\",\"urlTemplate\":\"https:\/\/www.visiterarles.com\/en\/?s={search_term_string}\"},\"query-input\":\"required name=search_term_string\"}],\"inLanguage\":\"en-GB\"},{\"@type\":\"Organization\",\"@id\":\"https:\/\/www.visiterarles.com\/en\/#organization\",\"name\":\"Visiter Arles\",\"url\":\"https:\/\/www.visiterarles.com\/en\/\",\"logo\":{\"@type\":\"ImageObject\",\"inLanguage\":\"en-GB\",\"@id\":\"https:\/\/www.visiterarles.com\/en\/#\/schema\/logo\/image\/\",\"url\":\"https:\/\/www.visiterarles.com\/wp-content\/uploads\/2017\/10\/taco-and-co-1-1.jpg\",\"contentUrl\":\"https:\/\/www.visiterarles.com\/wp-content\/uploads\/2017\/10\/taco-and-co-1-1.jpg\",\"width\":124,\"height\":73,\"caption\":\"Visiter Arles\"},\"image\":{\"@id\":\"https:\/\/www.visiterarles.com\/en\/#\/schema\/logo\/image\/\"}},{\"@type\":\"Person\",\"@id\":\"https:\/\/www.visiterarles.com\/en\/#\/schema\/person\/0ef93571b2fe272c676137a002139d56\",\"name\":\"damien\",\"image\":{\"@type\":\"ImageObject\",\"inLanguage\":\"en-GB\",\"@id\":\"https:\/\/www.visiterarles.com\/en\/#\/schema\/person\/image\/\",\"url\":\"https:\/\/secure.gravatar.com\/avatar\/7a0d4f0af72a2d627adac81a8c10a5b6?s=96&d=mm&r=g\",\"contentUrl\":\"https:\/\/secure.gravatar.com\/avatar\/7a0d4f0af72a2d627adac81a8c10a5b6?s=96&d=mm&r=g\",\"caption\":\"damien\"},\"url\":\"https:\/\/www.visiterarles.com\/en\/blog\/author\/damien\/\"}]}<\/script>\n<!-- \/ Yoast SEO plugin. -->","yoast_head_json":{"title":"Taco and co: Partenaire du p\u00f4le \u00e9cologique du pays d'Arles - Visiter Arles","robots":{"index":"index","follow":"follow","max-snippet":"max-snippet:-1","max-image-preview":"max-image-preview:large","max-video-preview":"max-video-preview:-1"},"canonical":"https:\/\/www.visiterarles.com\/en\/blog\/2010\/12\/01\/taco-and-copartenaire-du-pole-ecologique-du-pays-darles\/","twitter_misc":{"Written by":"damien","Estimated reading time":"1 minute"},"schema":{"@context":"https:\/\/schema.org","@graph":[{"@type":"Article","@id":"https:\/\/www.visiterarles.com\/blog\/2010\/12\/01\/taco-and-copartenaire-du-pole-ecologique-du-pays-darles\/#article","isPartOf":{"@id":"https:\/\/www.visiterarles.com\/blog\/2010\/12\/01\/taco-and-copartenaire-du-pole-ecologique-du-pays-darles\/"},"author":{"name":"damien","@id":"https:\/\/www.visiterarles.com\/en\/#\/schema\/person\/0ef93571b2fe272c676137a002139d56"},"headline":"Taco and co: Partenaire du p\u00f4le \u00e9cologique du pays d&rsquo;Arles","datePublished":"2010-12-01T15:53:40+00:00","dateModified":"2010-12-01T16:30:18+00:00","mainEntityOfPage":{"@id":"https:\/\/www.visiterarles.com\/blog\/2010\/12\/01\/taco-and-copartenaire-du-pole-ecologique-du-pays-darles\/"},"wordCount":124,"publisher":{"@id":"https:\/\/www.visiterarles.com\/en\/#organization"},"image":{"@id":"https:\/\/www.visiterarles.com\/blog\/2010\/12\/01\/taco-and-copartenaire-du-pole-ecologique-du-pays-darles\/#primaryimage"},"thumbnailUrl":"https:\/\/www.visiterarles.com\/wp-content\/uploads\/2010\/12\/ecofabrik-logo.png","articleSection":["accueil","Actualit\u00e9s"],"inLanguage":"en-GB"},{"@type":"WebPage","@id":"https:\/\/www.visiterarles.com\/blog\/2010\/12\/01\/taco-and-copartenaire-du-pole-ecologique-du-pays-darles\/","url":"https:\/\/www.visiterarles.com\/blog\/2010\/12\/01\/taco-and-copartenaire-du-pole-ecologique-du-pays-darles\/","name":"Taco and co: Partenaire du p\u00f4le \u00e9cologique du pays d'Arles - Visiter Arles","isPartOf":{"@id":"https:\/\/www.visiterarles.com\/en\/#website"},"primaryImageOfPage":{"@id":"https:\/\/www.visiterarles.com\/blog\/2010\/12\/01\/taco-and-copartenaire-du-pole-ecologique-du-pays-darles\/#primaryimage"},"image":{"@id":"https:\/\/www.visiterarles.com\/blog\/2010\/12\/01\/taco-and-copartenaire-du-pole-ecologique-du-pays-darles\/#primaryimage"},"thumbnailUrl":"https:\/\/www.visiterarles.com\/wp-content\/uploads\/2010\/12\/ecofabrik-logo.png","datePublished":"2010-12-01T15:53:40+00:00","dateModified":"2010-12-01T16:30:18+00:00","breadcrumb":{"@id":"https:\/\/www.visiterarles.com\/blog\/2010\/12\/01\/taco-and-copartenaire-du-pole-ecologique-du-pays-darles\/#breadcrumb"},"inLanguage":"en-GB","potentialAction":[{"@type":"ReadAction","target":["https:\/\/www.visiterarles.com\/blog\/2010\/12\/01\/taco-and-copartenaire-du-pole-ecologique-du-pays-darles\/"]}]},{"@type":"ImageObject","inLanguage":"en-GB","@id":"https:\/\/www.visiterarles.com\/blog\/2010\/12\/01\/taco-and-copartenaire-du-pole-ecologique-du-pays-darles\/#primaryimage","url":"https:\/\/www.visiterarles.com\/wp-content\/uploads\/2010\/12\/ecofabrik-logo.png","contentUrl":"https:\/\/www.visiterarles.com\/wp-content\/uploads\/2010\/12\/ecofabrik-logo.png","width":"497","height":"156"},{"@type":"BreadcrumbList","@id":"https:\/\/www.visiterarles.com\/blog\/2010\/12\/01\/taco-and-copartenaire-du-pole-ecologique-du-pays-darles\/#breadcrumb","itemListElement":[{"@type":"ListItem","position":1,"name":"Home","item":"https:\/\/www.visiterarles.com\/"},{"@type":"ListItem","position":2,"name":"Taco and co: Partenaire du p\u00f4le \u00e9cologique du pays d&rsquo;Arles"}]},{"@type":"WebSite","@id":"https:\/\/www.visiterarles.com\/en\/#website","url":"https:\/\/www.visiterarles.com\/en\/","name":"Visiter Arles","description":"Tourisme en Provence \u00e0 Arles","publisher":{"@id":"https:\/\/www.visiterarles.com\/en\/#organization"},"potentialAction":[{"@type":"SearchAction","target":{"@type":"EntryPoint","urlTemplate":"https:\/\/www.visiterarles.com\/en\/?s={search_term_string}"},"query-input":"required name=search_term_string"}],"inLanguage":"en-GB"},{"@type":"Organization","@id":"https:\/\/www.visiterarles.com\/en\/#organization","name":"Visiter Arles","url":"https:\/\/www.visiterarles.com\/en\/","logo":{"@type":"ImageObject","inLanguage":"en-GB","@id":"https:\/\/www.visiterarles.com\/en\/#\/schema\/logo\/image\/","url":"https:\/\/www.visiterarles.com\/wp-content\/uploads\/2017\/10\/taco-and-co-1-1.jpg","contentUrl":"https:\/\/www.visiterarles.com\/wp-content\/uploads\/2017\/10\/taco-and-co-1-1.jpg","width":124,"height":73,"caption":"Visiter Arles"},"image":{"@id":"https:\/\/www.visiterarles.com\/en\/#\/schema\/logo\/image\/"}},{"@type":"Person","@id":"https:\/\/www.visiterarles.com\/en\/#\/schema\/person\/0ef93571b2fe272c676137a002139d56","name":"damien","image":{"@type":"ImageObject","inLanguage":"en-GB","@id":"https:\/\/www.visiterarles.com\/en\/#\/schema\/person\/image\/","url":"https:\/\/secure.gravatar.com\/avatar\/7a0d4f0af72a2d627adac81a8c10a5b6?s=96&d=mm&r=g","contentUrl":"https:\/\/secure.gravatar.com\/avatar\/7a0d4f0af72a2d627adac81a8c10a5b6?s=96&d=mm&r=g","caption":"damien"},"url":"https:\/\/www.visiterarles.com\/en\/blog\/author\/damien\/"}]}},"_links":{"self":[{"href":"https:\/\/www.visiterarles.com\/en\/wp-json\/wp\/v2\/posts\/603"}],"collection":[{"href":"https:\/\/www.visiterarles.com\/en\/wp-json\/wp\/v2\/posts"}],"about":[{"href":"https:\/\/www.visiterarles.com\/en\/wp-json\/wp\/v2\/types\/post"}],"author":[{"embeddable":true,"href":"https:\/\/www.visiterarles.com\/en\/wp-json\/wp\/v2\/users\/2"}],"replies":[{"embeddable":true,"href":"https:\/\/www.visiterarles.com\/en\/wp-json\/wp\/v2\/comments?post=603"}],"version-history":[{"count":0,"href":"https:\/\/www.visiterarles.com\/en\/wp-json\/wp\/v2\/posts\/603\/revisions"}],"wp:featuredmedia":[{"embeddable":true,"href":"https:\/\/www.visiterarles.com\/en\/wp-json\/wp\/v2\/media\/604"}],"wp:attachment":[{"href":"https:\/\/www.visiterarles.com\/en\/wp-json\/wp\/v2\/media?parent=603"}],"wp:term":[{"taxonomy":"category","embeddable":true,"href":"https:\/\/www.visiterarles.com\/en\/wp-json\/wp\/v2\/categories?post=603"},{"taxonomy":"post_tag","embeddable":true,"href":"https:\/\/www.visiterarles.com\/en\/wp-json\/wp\/v2\/tags?post=603"}],"curies":[{"name":"wp","href":"https:\/\/api.w.org\/{rel}","templated":true}]}}