{"id":627,"date":"2010-12-14T08:19:26","date_gmt":"2010-12-14T08:19:26","guid":{"rendered":"https:\/\/www.visiterarles.com\/?p=627"},"modified":"2010-12-14T08:22:41","modified_gmt":"2010-12-14T08:22:41","slug":"shopping-en-velo-taco-les-18-et-19-decembre-a-arles","status":"publish","type":"post","link":"https:\/\/www.visiterarles.com\/en\/blog\/2010\/12\/14\/shopping-en-velo-taco-les-18-et-19-decembre-a-arles\/","title":{"rendered":"Shopping en V\u00e9lo Taco les 18 et 19 Decembre \u00e0 Arles."},"content":{"rendered":"<p>Le 18 D\u00e9cembre les commer\u00e7ants d&rsquo;Arles seront ouverts en <strong>nocturne jusqu&rsquo;\u00e0 21h<\/strong> et vous permettront de faire du <strong>\u00ab\u00a0shopping autrement<\/strong>\u00a0\u00bb gr\u00e2ce aux v\u00e9los-tacos.<\/p>\n<p><strong>De 15h \u00e0 20h00<\/strong> : Utilisez gratuitement les services de <strong>Taco and Co<\/strong>.Nous vous conduirons d&rsquo;un bout \u00e0 l&rsquo;autre du centre-ville pour profiter des nombreuses animations.<\/p>\n<p>Le Dimanche 19 D\u00e9cembre vos magasins seront exeptionnellement ouverts de 10H \u00e0 19H.<\/p>\n<p>Les commer\u00e7ants et <strong>Taco and Co<\/strong> s&rsquo;associent de nouveau pour vous donner la possibilit\u00e9 de \u00ab\u00a0faire du shopping autrement\u00a0\u00bb.<\/p>\n<p>En effet <strong>nos v\u00e9los tacos circuleront gratuitement de\u00a0 15h \u00e0 19h<\/strong> pour vous amener d&rsquo;un\u00a0 bout \u00e0 l&rsquo;autre du centre-ville.<\/p>\n<p>Venez nombreux profiter de ce service qui vous ai offert par vos commer\u00e7ants.<\/p>\n<p>Pour toutes informations veuillez t\u00e9l\u00e9phoner au <strong>0650296000<\/strong><\/p>","protected":false},"excerpt":{"rendered":"<p>Le 18 D\u00e9cembre les commer\u00e7ants d&rsquo;Arles seront ouverts en nocturne jusqu&rsquo;\u00e0 21h et vous permettront de faire du \u00ab\u00a0shopping autrement\u00a0\u00bb gr\u00e2ce aux v\u00e9los-tacos. De 15h \u00e0 20h00 : Utilisez gratuitement les services de Taco and Co.Nous vous conduirons d&rsquo;un bout \u00e0 l&rsquo;autre du centre-ville pour profiter des nombreuses animations. Le Dimanche 19 D\u00e9cembre vos magasins [&hellip;]<\/p>","protected":false},"author":2,"featured_media":30,"comment_status":"closed","ping_status":"closed","sticky":false,"template":"","format":"standard","meta":{"footnotes":""},"categories":[4,3],"tags":[],"aioseo_notices":[],"yoast_head":"<!-- This site is optimized with the Yoast SEO plugin v22.3 - https:\/\/yoast.com\/wordpress\/plugins\/seo\/ -->\n<title>Shopping en V\u00e9lo Taco les 18 et 19 Decembre \u00e0 Arles. - Visiter Arles<\/title>\n<meta name=\"robots\" content=\"index, follow, max-snippet:-1, max-image-preview:large, max-video-preview:-1\" \/>\n<link rel=\"canonical\" href=\"https:\/\/www.visiterarles.com\/en\/blog\/2010\/12\/14\/shopping-en-velo-taco-les-18-et-19-decembre-a-arles\/\" \/>\n<meta name=\"twitter:label1\" content=\"Written by\" \/>\n\t<meta name=\"twitter:data1\" content=\"damien\" \/>\n\t<meta name=\"twitter:label2\" content=\"Estimated reading time\" \/>\n\t<meta name=\"twitter:data2\" content=\"1 minute\" \/>\n<script type=\"application\/ld+json\" class=\"yoast-schema-graph\">{\"@context\":\"https:\/\/schema.org\",\"@graph\":[{\"@type\":\"Article\",\"@id\":\"https:\/\/www.visiterarles.com\/en\/blog\/2010\/12\/14\/shopping-en-velo-taco-les-18-et-19-decembre-a-arles\/#article\",\"isPartOf\":{\"@id\":\"https:\/\/www.visiterarles.com\/en\/blog\/2010\/12\/14\/shopping-en-velo-taco-les-18-et-19-decembre-a-arles\/\"},\"author\":{\"name\":\"damien\",\"@id\":\"https:\/\/www.visiterarles.com\/en\/#\/schema\/person\/0ef93571b2fe272c676137a002139d56\"},\"headline\":\"Shopping en V\u00e9lo Taco les 18 et 19 Decembre \u00e0 Arles.\",\"datePublished\":\"2010-12-14T08:19:26+00:00\",\"dateModified\":\"2010-12-14T08:22:41+00:00\",\"mainEntityOfPage\":{\"@id\":\"https:\/\/www.visiterarles.com\/en\/blog\/2010\/12\/14\/shopping-en-velo-taco-les-18-et-19-decembre-a-arles\/\"},\"wordCount\":138,\"publisher\":{\"@id\":\"https:\/\/www.visiterarles.com\/en\/#organization\"},\"image\":{\"@id\":\"https:\/\/www.visiterarles.com\/en\/blog\/2010\/12\/14\/shopping-en-velo-taco-les-18-et-19-decembre-a-arles\/#primaryimage\"},\"thumbnailUrl\":\"https:\/\/www.visiterarles.com\/wp-content\/uploads\/2010\/02\/logo-vert19I8.png\",\"articleSection\":[\"accueil\",\"Actualit\u00e9s\"],\"inLanguage\":\"en-GB\"},{\"@type\":\"WebPage\",\"@id\":\"https:\/\/www.visiterarles.com\/en\/blog\/2010\/12\/14\/shopping-en-velo-taco-les-18-et-19-decembre-a-arles\/\",\"url\":\"https:\/\/www.visiterarles.com\/en\/blog\/2010\/12\/14\/shopping-en-velo-taco-les-18-et-19-decembre-a-arles\/\",\"name\":\"Shopping en V\u00e9lo Taco les 18 et 19 Decembre \u00e0 Arles. - Visiter Arles\",\"isPartOf\":{\"@id\":\"https:\/\/www.visiterarles.com\/en\/#website\"},\"primaryImageOfPage\":{\"@id\":\"https:\/\/www.visiterarles.com\/en\/blog\/2010\/12\/14\/shopping-en-velo-taco-les-18-et-19-decembre-a-arles\/#primaryimage\"},\"image\":{\"@id\":\"https:\/\/www.visiterarles.com\/en\/blog\/2010\/12\/14\/shopping-en-velo-taco-les-18-et-19-decembre-a-arles\/#primaryimage\"},\"thumbnailUrl\":\"https:\/\/www.visiterarles.com\/wp-content\/uploads\/2010\/02\/logo-vert19I8.png\",\"datePublished\":\"2010-12-14T08:19:26+00:00\",\"dateModified\":\"2010-12-14T08:22:41+00:00\",\"breadcrumb\":{\"@id\":\"https:\/\/www.visiterarles.com\/en\/blog\/2010\/12\/14\/shopping-en-velo-taco-les-18-et-19-decembre-a-arles\/#breadcrumb\"},\"inLanguage\":\"en-GB\",\"potentialAction\":[{\"@type\":\"ReadAction\",\"target\":[\"https:\/\/www.visiterarles.com\/en\/blog\/2010\/12\/14\/shopping-en-velo-taco-les-18-et-19-decembre-a-arles\/\"]}]},{\"@type\":\"ImageObject\",\"inLanguage\":\"en-GB\",\"@id\":\"https:\/\/www.visiterarles.com\/en\/blog\/2010\/12\/14\/shopping-en-velo-taco-les-18-et-19-decembre-a-arles\/#primaryimage\",\"url\":\"https:\/\/www.visiterarles.com\/wp-content\/uploads\/2010\/02\/logo-vert19I8.png\",\"contentUrl\":\"https:\/\/www.visiterarles.com\/wp-content\/uploads\/2010\/02\/logo-vert19I8.png\",\"width\":\"198\",\"height\":\"129\",\"caption\":\"Taco and co\"},{\"@type\":\"BreadcrumbList\",\"@id\":\"https:\/\/www.visiterarles.com\/en\/blog\/2010\/12\/14\/shopping-en-velo-taco-les-18-et-19-decembre-a-arles\/#breadcrumb\",\"itemListElement\":[{\"@type\":\"ListItem\",\"position\":1,\"name\":\"Home\",\"item\":\"https:\/\/www.visiterarles.com\/\"},{\"@type\":\"ListItem\",\"position\":2,\"name\":\"Shopping en V\u00e9lo Taco les 18 et 19 Decembre \u00e0 Arles.\"}]},{\"@type\":\"WebSite\",\"@id\":\"https:\/\/www.visiterarles.com\/en\/#website\",\"url\":\"https:\/\/www.visiterarles.com\/en\/\",\"name\":\"Visiter Arles\",\"description\":\"Tourisme en Provence \u00e0 Arles\",\"publisher\":{\"@id\":\"https:\/\/www.visiterarles.com\/en\/#organization\"},\"potentialAction\":[{\"@type\":\"SearchAction\",\"target\":{\"@type\":\"EntryPoint\",\"urlTemplate\":\"https:\/\/www.visiterarles.com\/en\/?s={search_term_string}\"},\"query-input\":\"required name=search_term_string\"}],\"inLanguage\":\"en-GB\"},{\"@type\":\"Organization\",\"@id\":\"https:\/\/www.visiterarles.com\/en\/#organization\",\"name\":\"Visiter Arles\",\"url\":\"https:\/\/www.visiterarles.com\/en\/\",\"logo\":{\"@type\":\"ImageObject\",\"inLanguage\":\"en-GB\",\"@id\":\"https:\/\/www.visiterarles.com\/en\/#\/schema\/logo\/image\/\",\"url\":\"https:\/\/www.visiterarles.com\/wp-content\/uploads\/2017\/10\/taco-and-co-1-1.jpg\",\"contentUrl\":\"https:\/\/www.visiterarles.com\/wp-content\/uploads\/2017\/10\/taco-and-co-1-1.jpg\",\"width\":124,\"height\":73,\"caption\":\"Visiter Arles\"},\"image\":{\"@id\":\"https:\/\/www.visiterarles.com\/en\/#\/schema\/logo\/image\/\"}},{\"@type\":\"Person\",\"@id\":\"https:\/\/www.visiterarles.com\/en\/#\/schema\/person\/0ef93571b2fe272c676137a002139d56\",\"name\":\"damien\",\"image\":{\"@type\":\"ImageObject\",\"inLanguage\":\"en-GB\",\"@id\":\"https:\/\/www.visiterarles.com\/en\/#\/schema\/person\/image\/\",\"url\":\"https:\/\/secure.gravatar.com\/avatar\/7a0d4f0af72a2d627adac81a8c10a5b6?s=96&d=mm&r=g\",\"contentUrl\":\"https:\/\/secure.gravatar.com\/avatar\/7a0d4f0af72a2d627adac81a8c10a5b6?s=96&d=mm&r=g\",\"caption\":\"damien\"},\"url\":\"https:\/\/www.visiterarles.com\/en\/blog\/author\/damien\/\"}]}<\/script>\n<!-- \/ Yoast SEO plugin. -->","yoast_head_json":{"title":"Shopping en V\u00e9lo Taco les 18 et 19 Decembre \u00e0 Arles. - Visiter Arles","robots":{"index":"index","follow":"follow","max-snippet":"max-snippet:-1","max-image-preview":"max-image-preview:large","max-video-preview":"max-video-preview:-1"},"canonical":"https:\/\/www.visiterarles.com\/en\/blog\/2010\/12\/14\/shopping-en-velo-taco-les-18-et-19-decembre-a-arles\/","twitter_misc":{"Written by":"damien","Estimated reading time":"1 minute"},"schema":{"@context":"https:\/\/schema.org","@graph":[{"@type":"Article","@id":"https:\/\/www.visiterarles.com\/en\/blog\/2010\/12\/14\/shopping-en-velo-taco-les-18-et-19-decembre-a-arles\/#article","isPartOf":{"@id":"https:\/\/www.visiterarles.com\/en\/blog\/2010\/12\/14\/shopping-en-velo-taco-les-18-et-19-decembre-a-arles\/"},"author":{"name":"damien","@id":"https:\/\/www.visiterarles.com\/en\/#\/schema\/person\/0ef93571b2fe272c676137a002139d56"},"headline":"Shopping en V\u00e9lo Taco les 18 et 19 Decembre \u00e0 Arles.","datePublished":"2010-12-14T08:19:26+00:00","dateModified":"2010-12-14T08:22:41+00:00","mainEntityOfPage":{"@id":"https:\/\/www.visiterarles.com\/en\/blog\/2010\/12\/14\/shopping-en-velo-taco-les-18-et-19-decembre-a-arles\/"},"wordCount":138,"publisher":{"@id":"https:\/\/www.visiterarles.com\/en\/#organization"},"image":{"@id":"https:\/\/www.visiterarles.com\/en\/blog\/2010\/12\/14\/shopping-en-velo-taco-les-18-et-19-decembre-a-arles\/#primaryimage"},"thumbnailUrl":"https:\/\/www.visiterarles.com\/wp-content\/uploads\/2010\/02\/logo-vert19I8.png","articleSection":["accueil","Actualit\u00e9s"],"inLanguage":"en-GB"},{"@type":"WebPage","@id":"https:\/\/www.visiterarles.com\/en\/blog\/2010\/12\/14\/shopping-en-velo-taco-les-18-et-19-decembre-a-arles\/","url":"https:\/\/www.visiterarles.com\/en\/blog\/2010\/12\/14\/shopping-en-velo-taco-les-18-et-19-decembre-a-arles\/","name":"Shopping en V\u00e9lo Taco les 18 et 19 Decembre \u00e0 Arles. - Visiter Arles","isPartOf":{"@id":"https:\/\/www.visiterarles.com\/en\/#website"},"primaryImageOfPage":{"@id":"https:\/\/www.visiterarles.com\/en\/blog\/2010\/12\/14\/shopping-en-velo-taco-les-18-et-19-decembre-a-arles\/#primaryimage"},"image":{"@id":"https:\/\/www.visiterarles.com\/en\/blog\/2010\/12\/14\/shopping-en-velo-taco-les-18-et-19-decembre-a-arles\/#primaryimage"},"thumbnailUrl":"https:\/\/www.visiterarles.com\/wp-content\/uploads\/2010\/02\/logo-vert19I8.png","datePublished":"2010-12-14T08:19:26+00:00","dateModified":"2010-12-14T08:22:41+00:00","breadcrumb":{"@id":"https:\/\/www.visiterarles.com\/en\/blog\/2010\/12\/14\/shopping-en-velo-taco-les-18-et-19-decembre-a-arles\/#breadcrumb"},"inLanguage":"en-GB","potentialAction":[{"@type":"ReadAction","target":["https:\/\/www.visiterarles.com\/en\/blog\/2010\/12\/14\/shopping-en-velo-taco-les-18-et-19-decembre-a-arles\/"]}]},{"@type":"ImageObject","inLanguage":"en-GB","@id":"https:\/\/www.visiterarles.com\/en\/blog\/2010\/12\/14\/shopping-en-velo-taco-les-18-et-19-decembre-a-arles\/#primaryimage","url":"https:\/\/www.visiterarles.com\/wp-content\/uploads\/2010\/02\/logo-vert19I8.png","contentUrl":"https:\/\/www.visiterarles.com\/wp-content\/uploads\/2010\/02\/logo-vert19I8.png","width":"198","height":"129","caption":"Taco and co"},{"@type":"BreadcrumbList","@id":"https:\/\/www.visiterarles.com\/en\/blog\/2010\/12\/14\/shopping-en-velo-taco-les-18-et-19-decembre-a-arles\/#breadcrumb","itemListElement":[{"@type":"ListItem","position":1,"name":"Home","item":"https:\/\/www.visiterarles.com\/"},{"@type":"ListItem","position":2,"name":"Shopping en V\u00e9lo Taco les 18 et 19 Decembre \u00e0 Arles."}]},{"@type":"WebSite","@id":"https:\/\/www.visiterarles.com\/en\/#website","url":"https:\/\/www.visiterarles.com\/en\/","name":"Visiter Arles","description":"Tourisme en Provence \u00e0 Arles","publisher":{"@id":"https:\/\/www.visiterarles.com\/en\/#organization"},"potentialAction":[{"@type":"SearchAction","target":{"@type":"EntryPoint","urlTemplate":"https:\/\/www.visiterarles.com\/en\/?s={search_term_string}"},"query-input":"required name=search_term_string"}],"inLanguage":"en-GB"},{"@type":"Organization","@id":"https:\/\/www.visiterarles.com\/en\/#organization","name":"Visiter Arles","url":"https:\/\/www.visiterarles.com\/en\/","logo":{"@type":"ImageObject","inLanguage":"en-GB","@id":"https:\/\/www.visiterarles.com\/en\/#\/schema\/logo\/image\/","url":"https:\/\/www.visiterarles.com\/wp-content\/uploads\/2017\/10\/taco-and-co-1-1.jpg","contentUrl":"https:\/\/www.visiterarles.com\/wp-content\/uploads\/2017\/10\/taco-and-co-1-1.jpg","width":124,"height":73,"caption":"Visiter Arles"},"image":{"@id":"https:\/\/www.visiterarles.com\/en\/#\/schema\/logo\/image\/"}},{"@type":"Person","@id":"https:\/\/www.visiterarles.com\/en\/#\/schema\/person\/0ef93571b2fe272c676137a002139d56","name":"damien","image":{"@type":"ImageObject","inLanguage":"en-GB","@id":"https:\/\/www.visiterarles.com\/en\/#\/schema\/person\/image\/","url":"https:\/\/secure.gravatar.com\/avatar\/7a0d4f0af72a2d627adac81a8c10a5b6?s=96&d=mm&r=g","contentUrl":"https:\/\/secure.gravatar.com\/avatar\/7a0d4f0af72a2d627adac81a8c10a5b6?s=96&d=mm&r=g","caption":"damien"},"url":"https:\/\/www.visiterarles.com\/en\/blog\/author\/damien\/"}]}},"_links":{"self":[{"href":"https:\/\/www.visiterarles.com\/en\/wp-json\/wp\/v2\/posts\/627"}],"collection":[{"href":"https:\/\/www.visiterarles.com\/en\/wp-json\/wp\/v2\/posts"}],"about":[{"href":"https:\/\/www.visiterarles.com\/en\/wp-json\/wp\/v2\/types\/post"}],"author":[{"embeddable":true,"href":"https:\/\/www.visiterarles.com\/en\/wp-json\/wp\/v2\/users\/2"}],"replies":[{"embeddable":true,"href":"https:\/\/www.visiterarles.com\/en\/wp-json\/wp\/v2\/comments?post=627"}],"version-history":[{"count":0,"href":"https:\/\/www.visiterarles.com\/en\/wp-json\/wp\/v2\/posts\/627\/revisions"}],"wp:featuredmedia":[{"embeddable":true,"href":"https:\/\/www.visiterarles.com\/en\/wp-json\/wp\/v2\/media\/30"}],"wp:attachment":[{"href":"https:\/\/www.visiterarles.com\/en\/wp-json\/wp\/v2\/media?parent=627"}],"wp:term":[{"taxonomy":"category","embeddable":true,"href":"https:\/\/www.visiterarles.com\/en\/wp-json\/wp\/v2\/categories?post=627"},{"taxonomy":"post_tag","embeddable":true,"href":"https:\/\/www.visiterarles.com\/en\/wp-json\/wp\/v2\/tags?post=627"}],"curies":[{"name":"wp","href":"https:\/\/api.w.org\/{rel}","templated":true}]}}