{"id":663,"date":"2011-02-03T09:11:17","date_gmt":"2011-02-03T09:11:17","guid":{"rendered":"https:\/\/www.visiterarles.com\/?p=663"},"modified":"2011-02-20T22:11:07","modified_gmt":"2011-02-20T22:11:07","slug":"le-revivre-des-suds-a-arles-les-5-et-6-fevrier","status":"publish","type":"post","link":"https:\/\/www.visiterarles.com\/en\/blog\/2011\/02\/03\/le-revivre-des-suds-a-arles-les-5-et-6-fevrier\/","title":{"rendered":"Le Revivre des Suds \u00e0 Arles les 5 et 6 f\u00e9vrier"},"content":{"rendered":"<figure id=\"attachment_714\" aria-describedby=\"caption-attachment-714\" style=\"width: 300px\" class=\"wp-caption aligncenter\"><a href=\"https:\/\/www.visiterarles.com\/wp-content\/uploads\/2011\/02\/les-suds-a-arles-logo.jpg\"><img fetchpriority=\"high\" decoding=\"async\" class=\"size-medium wp-image-714\" title=\"Les suds \u00e0 Arles\" src=\"https:\/\/www.visiterarles.com\/wp-content\/uploads\/2011\/02\/les-suds-a-arles-logo-300x300.jpg\" alt=\"Les suds \u00e0 Arles\" width=\"300\" height=\"300\" srcset=\"https:\/\/www.visiterarles.com\/wp-content\/uploads\/2011\/02\/les-suds-a-arles-logo-300x300.jpg 300w, https:\/\/www.visiterarles.com\/wp-content\/uploads\/2011\/02\/les-suds-a-arles-logo-150x150.jpg 150w, https:\/\/www.visiterarles.com\/wp-content\/uploads\/2011\/02\/les-suds-a-arles-logo-30x30.jpg 30w, https:\/\/www.visiterarles.com\/wp-content\/uploads\/2011\/02\/les-suds-a-arles-logo-84x84.jpg 84w, https:\/\/www.visiterarles.com\/wp-content\/uploads\/2011\/02\/les-suds-a-arles-logo-185x185.jpg 185w, https:\/\/www.visiterarles.com\/wp-content\/uploads\/2011\/02\/les-suds-a-arles-logo.jpg 600w\" sizes=\"(max-width: 300px) 100vw, 300px\" \/><\/a><figcaption id=\"caption-attachment-714\" class=\"wp-caption-text\">Les suds \u00e0 Arles<\/figcaption><\/figure>\n<p>Taco and Co vous invite au \u00ab\u00a0Revivre des Suds\u00a0\u00bb les 5 et 6 f\u00e9vrier 2011 \u00e0 Arles, au programme, musiques et cultures tsiganes..<\/p>\n<p><strong>Samedi 5 f\u00e9vrier 2011<\/strong><br \/>\n&gt; <em>\u00e0 partir de 17h<\/em>, auditorium du Mus\u00e9e D\u00e9partemental Arles Antique<br \/>\nentr\u00e9e libre dans la limite des places disponibles<\/p>\n<p>&#8211; Projection du film<strong> LIBERTE de TONY GATLIF<\/strong> en pr\u00e9sence du cin\u00e9aste (103 min &#8211; vfst)<br \/>\n&#8211; Avant ou apr\u00e8s le film, table-ronde anim\u00e9e par Jacques Maigne<br \/>\n&gt; \u00e0 partir de 21h, Chapelle du M\u00e9jan<br \/>\nentr\u00e9e libre, buvette et petite restauration payante sur place, avec la complicit\u00e9 de la Maison Camille Cairanne<\/p>\n<p>&#8211; <em>\u00e0 21h<\/em> : autour d&rsquo;un vin chaud, retour en images sur la 15e \u00e9dition<br \/>\nPr\u00e9sentation par Pascal Bussy, directeur artistique du label World Village\/ harmonia mundi, du projet de cd-dvd \u00ab\u00a0Les Moments Pr\u00e9cieux des Suds\u00a0\u00bb (parution mai 2011)<\/p>\n<p>&#8211; <em>\u00e0 22h<\/em> : concert de la <strong>FANFARE VAGABONTU<\/strong><br \/>\nCette fanfare roumaine qui avait d\u00e9cha\u00een\u00e9 les festivaliers et quelques \u00ab\u00a0Lapins Cr\u00e9tins\u00a0\u00bb l&rsquo;\u00e9t\u00e9 dernier, lors de la soir\u00e9e de cl\u00f4ture des Forges organis\u00e9e avec Arte, c\u00e9l\u00e8bre joyeusement l&rsquo;\u00e2me tsigane !<\/p>\n<p>&#8211; <em>\u00e0 p de minuit :<\/em> Nomad&rsquo;n Ko, mix des Dj&rsquo;s Bat et Mat .G<\/p>\n<p><strong>Dimanche 6 f\u00e9vrier<\/strong><br \/>\n<em>\u00e0 15h<\/em>, Chapelle du M\u00e9jan, 22\/14* euros<br \/>\nConcert de ROCIO MARQUEZ<\/p>","protected":false},"excerpt":{"rendered":"<p>Taco and Co vous invite au \u00ab\u00a0Revivre des Suds\u00a0\u00bb les 5 et 6 f\u00e9vrier 2011 \u00e0 Arles, au programme, musiques et cultures tsiganes.. Samedi 5 f\u00e9vrier 2011 &gt; \u00e0 partir de 17h, auditorium du Mus\u00e9e D\u00e9partemental Arles Antique entr\u00e9e libre dans la limite des places disponibles &#8211; Projection du film LIBERTE de TONY GATLIF en [&hellip;]<\/p>","protected":false},"author":2,"featured_media":714,"comment_status":"closed","ping_status":"closed","sticky":false,"template":"","format":"standard","meta":{"footnotes":""},"categories":[4,3],"tags":[],"aioseo_notices":[],"yoast_head":"<!-- This site is optimized with the Yoast SEO plugin v22.3 - https:\/\/yoast.com\/wordpress\/plugins\/seo\/ -->\n<title>Le Revivre des Suds \u00e0 Arles les 5 et 6 f\u00e9vrier - Visiter Arles<\/title>\n<meta name=\"robots\" content=\"index, follow, max-snippet:-1, max-image-preview:large, max-video-preview:-1\" \/>\n<link rel=\"canonical\" href=\"https:\/\/www.visiterarles.com\/en\/blog\/2011\/02\/03\/le-revivre-des-suds-a-arles-les-5-et-6-fevrier\/\" \/>\n<meta name=\"twitter:label1\" content=\"Written by\" \/>\n\t<meta name=\"twitter:data1\" content=\"damien\" \/>\n\t<meta name=\"twitter:label2\" content=\"Estimated reading time\" \/>\n\t<meta name=\"twitter:data2\" content=\"1 minute\" \/>\n<script type=\"application\/ld+json\" class=\"yoast-schema-graph\">{\"@context\":\"https:\/\/schema.org\",\"@graph\":[{\"@type\":\"Article\",\"@id\":\"https:\/\/www.visiterarles.com\/en\/blog\/2011\/02\/03\/le-revivre-des-suds-a-arles-les-5-et-6-fevrier\/#article\",\"isPartOf\":{\"@id\":\"https:\/\/www.visiterarles.com\/en\/blog\/2011\/02\/03\/le-revivre-des-suds-a-arles-les-5-et-6-fevrier\/\"},\"author\":{\"name\":\"damien\",\"@id\":\"https:\/\/www.visiterarles.com\/en\/#\/schema\/person\/0ef93571b2fe272c676137a002139d56\"},\"headline\":\"Le Revivre des Suds \u00e0 Arles les 5 et 6 f\u00e9vrier\",\"datePublished\":\"2011-02-03T09:11:17+00:00\",\"dateModified\":\"2011-02-20T22:11:07+00:00\",\"mainEntityOfPage\":{\"@id\":\"https:\/\/www.visiterarles.com\/en\/blog\/2011\/02\/03\/le-revivre-des-suds-a-arles-les-5-et-6-fevrier\/\"},\"wordCount\":233,\"publisher\":{\"@id\":\"https:\/\/www.visiterarles.com\/en\/#organization\"},\"image\":{\"@id\":\"https:\/\/www.visiterarles.com\/en\/blog\/2011\/02\/03\/le-revivre-des-suds-a-arles-les-5-et-6-fevrier\/#primaryimage\"},\"thumbnailUrl\":\"https:\/\/www.visiterarles.com\/wp-content\/uploads\/2011\/02\/les-suds-a-arles-logo.jpg\",\"articleSection\":[\"accueil\",\"Actualit\u00e9s\"],\"inLanguage\":\"en-GB\"},{\"@type\":\"WebPage\",\"@id\":\"https:\/\/www.visiterarles.com\/en\/blog\/2011\/02\/03\/le-revivre-des-suds-a-arles-les-5-et-6-fevrier\/\",\"url\":\"https:\/\/www.visiterarles.com\/en\/blog\/2011\/02\/03\/le-revivre-des-suds-a-arles-les-5-et-6-fevrier\/\",\"name\":\"Le Revivre des Suds \u00e0 Arles les 5 et 6 f\u00e9vrier - Visiter Arles\",\"isPartOf\":{\"@id\":\"https:\/\/www.visiterarles.com\/en\/#website\"},\"primaryImageOfPage\":{\"@id\":\"https:\/\/www.visiterarles.com\/en\/blog\/2011\/02\/03\/le-revivre-des-suds-a-arles-les-5-et-6-fevrier\/#primaryimage\"},\"image\":{\"@id\":\"https:\/\/www.visiterarles.com\/en\/blog\/2011\/02\/03\/le-revivre-des-suds-a-arles-les-5-et-6-fevrier\/#primaryimage\"},\"thumbnailUrl\":\"https:\/\/www.visiterarles.com\/wp-content\/uploads\/2011\/02\/les-suds-a-arles-logo.jpg\",\"datePublished\":\"2011-02-03T09:11:17+00:00\",\"dateModified\":\"2011-02-20T22:11:07+00:00\",\"breadcrumb\":{\"@id\":\"https:\/\/www.visiterarles.com\/en\/blog\/2011\/02\/03\/le-revivre-des-suds-a-arles-les-5-et-6-fevrier\/#breadcrumb\"},\"inLanguage\":\"en-GB\",\"potentialAction\":[{\"@type\":\"ReadAction\",\"target\":[\"https:\/\/www.visiterarles.com\/en\/blog\/2011\/02\/03\/le-revivre-des-suds-a-arles-les-5-et-6-fevrier\/\"]}]},{\"@type\":\"ImageObject\",\"inLanguage\":\"en-GB\",\"@id\":\"https:\/\/www.visiterarles.com\/en\/blog\/2011\/02\/03\/le-revivre-des-suds-a-arles-les-5-et-6-fevrier\/#primaryimage\",\"url\":\"https:\/\/www.visiterarles.com\/wp-content\/uploads\/2011\/02\/les-suds-a-arles-logo.jpg\",\"contentUrl\":\"https:\/\/www.visiterarles.com\/wp-content\/uploads\/2011\/02\/les-suds-a-arles-logo.jpg\",\"width\":\"600\",\"height\":\"600\",\"caption\":\"Les suds \u00e0 Arles\"},{\"@type\":\"BreadcrumbList\",\"@id\":\"https:\/\/www.visiterarles.com\/en\/blog\/2011\/02\/03\/le-revivre-des-suds-a-arles-les-5-et-6-fevrier\/#breadcrumb\",\"itemListElement\":[{\"@type\":\"ListItem\",\"position\":1,\"name\":\"Home\",\"item\":\"https:\/\/www.visiterarles.com\/\"},{\"@type\":\"ListItem\",\"position\":2,\"name\":\"Le Revivre des Suds \u00e0 Arles les 5 et 6 f\u00e9vrier\"}]},{\"@type\":\"WebSite\",\"@id\":\"https:\/\/www.visiterarles.com\/en\/#website\",\"url\":\"https:\/\/www.visiterarles.com\/en\/\",\"name\":\"Visiter Arles\",\"description\":\"Tourisme en Provence \u00e0 Arles\",\"publisher\":{\"@id\":\"https:\/\/www.visiterarles.com\/en\/#organization\"},\"potentialAction\":[{\"@type\":\"SearchAction\",\"target\":{\"@type\":\"EntryPoint\",\"urlTemplate\":\"https:\/\/www.visiterarles.com\/en\/?s={search_term_string}\"},\"query-input\":\"required name=search_term_string\"}],\"inLanguage\":\"en-GB\"},{\"@type\":\"Organization\",\"@id\":\"https:\/\/www.visiterarles.com\/en\/#organization\",\"name\":\"Visiter Arles\",\"url\":\"https:\/\/www.visiterarles.com\/en\/\",\"logo\":{\"@type\":\"ImageObject\",\"inLanguage\":\"en-GB\",\"@id\":\"https:\/\/www.visiterarles.com\/en\/#\/schema\/logo\/image\/\",\"url\":\"https:\/\/www.visiterarles.com\/wp-content\/uploads\/2017\/10\/taco-and-co-1-1.jpg\",\"contentUrl\":\"https:\/\/www.visiterarles.com\/wp-content\/uploads\/2017\/10\/taco-and-co-1-1.jpg\",\"width\":124,\"height\":73,\"caption\":\"Visiter Arles\"},\"image\":{\"@id\":\"https:\/\/www.visiterarles.com\/en\/#\/schema\/logo\/image\/\"}},{\"@type\":\"Person\",\"@id\":\"https:\/\/www.visiterarles.com\/en\/#\/schema\/person\/0ef93571b2fe272c676137a002139d56\",\"name\":\"damien\",\"image\":{\"@type\":\"ImageObject\",\"inLanguage\":\"en-GB\",\"@id\":\"https:\/\/www.visiterarles.com\/en\/#\/schema\/person\/image\/\",\"url\":\"https:\/\/secure.gravatar.com\/avatar\/7a0d4f0af72a2d627adac81a8c10a5b6?s=96&d=mm&r=g\",\"contentUrl\":\"https:\/\/secure.gravatar.com\/avatar\/7a0d4f0af72a2d627adac81a8c10a5b6?s=96&d=mm&r=g\",\"caption\":\"damien\"},\"url\":\"https:\/\/www.visiterarles.com\/en\/blog\/author\/damien\/\"}]}<\/script>\n<!-- \/ Yoast SEO plugin. -->","yoast_head_json":{"title":"Le Revivre des Suds \u00e0 Arles les 5 et 6 f\u00e9vrier - Visiter Arles","robots":{"index":"index","follow":"follow","max-snippet":"max-snippet:-1","max-image-preview":"max-image-preview:large","max-video-preview":"max-video-preview:-1"},"canonical":"https:\/\/www.visiterarles.com\/en\/blog\/2011\/02\/03\/le-revivre-des-suds-a-arles-les-5-et-6-fevrier\/","twitter_misc":{"Written by":"damien","Estimated reading time":"1 minute"},"schema":{"@context":"https:\/\/schema.org","@graph":[{"@type":"Article","@id":"https:\/\/www.visiterarles.com\/en\/blog\/2011\/02\/03\/le-revivre-des-suds-a-arles-les-5-et-6-fevrier\/#article","isPartOf":{"@id":"https:\/\/www.visiterarles.com\/en\/blog\/2011\/02\/03\/le-revivre-des-suds-a-arles-les-5-et-6-fevrier\/"},"author":{"name":"damien","@id":"https:\/\/www.visiterarles.com\/en\/#\/schema\/person\/0ef93571b2fe272c676137a002139d56"},"headline":"Le Revivre des Suds \u00e0 Arles les 5 et 6 f\u00e9vrier","datePublished":"2011-02-03T09:11:17+00:00","dateModified":"2011-02-20T22:11:07+00:00","mainEntityOfPage":{"@id":"https:\/\/www.visiterarles.com\/en\/blog\/2011\/02\/03\/le-revivre-des-suds-a-arles-les-5-et-6-fevrier\/"},"wordCount":233,"publisher":{"@id":"https:\/\/www.visiterarles.com\/en\/#organization"},"image":{"@id":"https:\/\/www.visiterarles.com\/en\/blog\/2011\/02\/03\/le-revivre-des-suds-a-arles-les-5-et-6-fevrier\/#primaryimage"},"thumbnailUrl":"https:\/\/www.visiterarles.com\/wp-content\/uploads\/2011\/02\/les-suds-a-arles-logo.jpg","articleSection":["accueil","Actualit\u00e9s"],"inLanguage":"en-GB"},{"@type":"WebPage","@id":"https:\/\/www.visiterarles.com\/en\/blog\/2011\/02\/03\/le-revivre-des-suds-a-arles-les-5-et-6-fevrier\/","url":"https:\/\/www.visiterarles.com\/en\/blog\/2011\/02\/03\/le-revivre-des-suds-a-arles-les-5-et-6-fevrier\/","name":"Le Revivre des Suds \u00e0 Arles les 5 et 6 f\u00e9vrier - Visiter Arles","isPartOf":{"@id":"https:\/\/www.visiterarles.com\/en\/#website"},"primaryImageOfPage":{"@id":"https:\/\/www.visiterarles.com\/en\/blog\/2011\/02\/03\/le-revivre-des-suds-a-arles-les-5-et-6-fevrier\/#primaryimage"},"image":{"@id":"https:\/\/www.visiterarles.com\/en\/blog\/2011\/02\/03\/le-revivre-des-suds-a-arles-les-5-et-6-fevrier\/#primaryimage"},"thumbnailUrl":"https:\/\/www.visiterarles.com\/wp-content\/uploads\/2011\/02\/les-suds-a-arles-logo.jpg","datePublished":"2011-02-03T09:11:17+00:00","dateModified":"2011-02-20T22:11:07+00:00","breadcrumb":{"@id":"https:\/\/www.visiterarles.com\/en\/blog\/2011\/02\/03\/le-revivre-des-suds-a-arles-les-5-et-6-fevrier\/#breadcrumb"},"inLanguage":"en-GB","potentialAction":[{"@type":"ReadAction","target":["https:\/\/www.visiterarles.com\/en\/blog\/2011\/02\/03\/le-revivre-des-suds-a-arles-les-5-et-6-fevrier\/"]}]},{"@type":"ImageObject","inLanguage":"en-GB","@id":"https:\/\/www.visiterarles.com\/en\/blog\/2011\/02\/03\/le-revivre-des-suds-a-arles-les-5-et-6-fevrier\/#primaryimage","url":"https:\/\/www.visiterarles.com\/wp-content\/uploads\/2011\/02\/les-suds-a-arles-logo.jpg","contentUrl":"https:\/\/www.visiterarles.com\/wp-content\/uploads\/2011\/02\/les-suds-a-arles-logo.jpg","width":"600","height":"600","caption":"Les suds \u00e0 Arles"},{"@type":"BreadcrumbList","@id":"https:\/\/www.visiterarles.com\/en\/blog\/2011\/02\/03\/le-revivre-des-suds-a-arles-les-5-et-6-fevrier\/#breadcrumb","itemListElement":[{"@type":"ListItem","position":1,"name":"Home","item":"https:\/\/www.visiterarles.com\/"},{"@type":"ListItem","position":2,"name":"Le Revivre des Suds \u00e0 Arles les 5 et 6 f\u00e9vrier"}]},{"@type":"WebSite","@id":"https:\/\/www.visiterarles.com\/en\/#website","url":"https:\/\/www.visiterarles.com\/en\/","name":"Visiter Arles","description":"Tourisme en Provence \u00e0 Arles","publisher":{"@id":"https:\/\/www.visiterarles.com\/en\/#organization"},"potentialAction":[{"@type":"SearchAction","target":{"@type":"EntryPoint","urlTemplate":"https:\/\/www.visiterarles.com\/en\/?s={search_term_string}"},"query-input":"required name=search_term_string"}],"inLanguage":"en-GB"},{"@type":"Organization","@id":"https:\/\/www.visiterarles.com\/en\/#organization","name":"Visiter Arles","url":"https:\/\/www.visiterarles.com\/en\/","logo":{"@type":"ImageObject","inLanguage":"en-GB","@id":"https:\/\/www.visiterarles.com\/en\/#\/schema\/logo\/image\/","url":"https:\/\/www.visiterarles.com\/wp-content\/uploads\/2017\/10\/taco-and-co-1-1.jpg","contentUrl":"https:\/\/www.visiterarles.com\/wp-content\/uploads\/2017\/10\/taco-and-co-1-1.jpg","width":124,"height":73,"caption":"Visiter Arles"},"image":{"@id":"https:\/\/www.visiterarles.com\/en\/#\/schema\/logo\/image\/"}},{"@type":"Person","@id":"https:\/\/www.visiterarles.com\/en\/#\/schema\/person\/0ef93571b2fe272c676137a002139d56","name":"damien","image":{"@type":"ImageObject","inLanguage":"en-GB","@id":"https:\/\/www.visiterarles.com\/en\/#\/schema\/person\/image\/","url":"https:\/\/secure.gravatar.com\/avatar\/7a0d4f0af72a2d627adac81a8c10a5b6?s=96&d=mm&r=g","contentUrl":"https:\/\/secure.gravatar.com\/avatar\/7a0d4f0af72a2d627adac81a8c10a5b6?s=96&d=mm&r=g","caption":"damien"},"url":"https:\/\/www.visiterarles.com\/en\/blog\/author\/damien\/"}]}},"_links":{"self":[{"href":"https:\/\/www.visiterarles.com\/en\/wp-json\/wp\/v2\/posts\/663"}],"collection":[{"href":"https:\/\/www.visiterarles.com\/en\/wp-json\/wp\/v2\/posts"}],"about":[{"href":"https:\/\/www.visiterarles.com\/en\/wp-json\/wp\/v2\/types\/post"}],"author":[{"embeddable":true,"href":"https:\/\/www.visiterarles.com\/en\/wp-json\/wp\/v2\/users\/2"}],"replies":[{"embeddable":true,"href":"https:\/\/www.visiterarles.com\/en\/wp-json\/wp\/v2\/comments?post=663"}],"version-history":[{"count":0,"href":"https:\/\/www.visiterarles.com\/en\/wp-json\/wp\/v2\/posts\/663\/revisions"}],"wp:featuredmedia":[{"embeddable":true,"href":"https:\/\/www.visiterarles.com\/en\/wp-json\/wp\/v2\/media\/714"}],"wp:attachment":[{"href":"https:\/\/www.visiterarles.com\/en\/wp-json\/wp\/v2\/media?parent=663"}],"wp:term":[{"taxonomy":"category","embeddable":true,"href":"https:\/\/www.visiterarles.com\/en\/wp-json\/wp\/v2\/categories?post=663"},{"taxonomy":"post_tag","embeddable":true,"href":"https:\/\/www.visiterarles.com\/en\/wp-json\/wp\/v2\/tags?post=663"}],"curies":[{"name":"wp","href":"https:\/\/api.w.org\/{rel}","templated":true}]}}