{"id":6715,"date":"2011-04-20T06:43:31","date_gmt":"2011-04-20T06:43:31","guid":{"rendered":"https:\/\/www.visiterarles.com\/?p=1080"},"modified":"2011-04-20T06:43:31","modified_gmt":"2011-04-20T06:43:31","slug":"feria-de-paques-au-coco-bongo-a-arles-du-22-au-25-avril-2011-2","status":"publish","type":"post","link":"https:\/\/www.visiterarles.com\/en\/blog\/2011\/04\/20\/feria-de-paques-au-coco-bongo-a-arles-du-22-au-25-avril-2011-2\/","title":{"rendered":"F\u00e8ria de P\u00e2ques au Coco Bongo \u00e0 Arles du 22 au 25 Avril 2011"},"content":{"rendered":"<p><a href=\"https:\/\/www.visiterarles.com\/wp-content\/uploads\/2011\/04\/affiche-coco-feria-2011-1024x768.jpg\"><img fetchpriority=\"high\" decoding=\"async\" class=\"aligncenter size-medium wp-image-1081\" title=\"affiche coco feria 2011 [1024x768]\" src=\"https:\/\/www.visiterarles.com\/wp-content\/uploads\/2011\/04\/affiche-coco-feria-2011-1024x768-214x300.jpg\" alt=\"affiche coco feria 2011\" width=\"214\" height=\"300\" srcset=\"https:\/\/www.visiterarles.com\/wp-content\/uploads\/2011\/04\/affiche-coco-feria-2011-1024x768-214x300.jpg 214w, https:\/\/www.visiterarles.com\/wp-content\/uploads\/2011\/04\/affiche-coco-feria-2011-1024x768.jpg 731w\" sizes=\"(max-width: 214px) 100vw, 214px\" \/><\/a><\/p>\n<p>Pour la F\u00e9ria de Paques 2011 \u00e0 Arles qui se d\u00e9roulera du 22 au 25 Avril, le \u00a0Coco Bongo vous propose une ambiance festive et une restauration en terrasse tous les midis.<\/p>\n<p>Pour les petits creux Charles vous propose de venir\u00a0d\u00e9guster\u00a0coeurs de canards et autres produits du Sud-Ouest cuits \u00e0 la Plancha midi et soir<\/p>\n<p>La bodega du Coco Bongo ouvrira ses portes sur le Bd des Lices d\u00e8s le jeudi 21 Avril pour le lancement non officiel de la f\u00e9ria avec los Delintados et Matt G aux platines.<\/p>\n<p>Bonne f\u00e9ria \u00e0 tous.<\/p>\n<p>R\u00e9servation au 0490435527.<\/p>","protected":false},"excerpt":{"rendered":"<p>Pour la F\u00e9ria de Paques 2011 \u00e0 Arles qui se d\u00e9roulera du 22 au 25 Avril, le \u00a0Coco Bongo vous propose une ambiance festive et une restauration en terrasse tous les midis. Pour les petits creux Charles vous propose de venir\u00a0d\u00e9guster\u00a0coeurs de canards et autres produits du Sud-Ouest cuits \u00e0 la Plancha midi et soir [&hellip;]<\/p>","protected":false},"author":2,"featured_media":1081,"comment_status":"closed","ping_status":"closed","sticky":false,"template":"","format":"standard","meta":{"footnotes":""},"categories":[4,3],"tags":[],"aioseo_notices":[],"yoast_head":"<!-- This site is optimized with the Yoast SEO plugin v22.3 - https:\/\/yoast.com\/wordpress\/plugins\/seo\/ -->\n<title>F\u00e8ria de P\u00e2ques au Coco Bongo \u00e0 Arles du 22 au 25 Avril 2011 - Visiter Arles<\/title>\n<meta name=\"robots\" content=\"index, follow, max-snippet:-1, max-image-preview:large, max-video-preview:-1\" \/>\n<link rel=\"canonical\" href=\"https:\/\/www.visiterarles.com\/en\/blog\/2011\/04\/20\/feria-de-paques-au-coco-bongo-a-arles-du-22-au-25-avril-2011-2\/\" \/>\n<meta name=\"twitter:label1\" content=\"Written by\" \/>\n\t<meta name=\"twitter:data1\" content=\"damien\" \/>\n<script type=\"application\/ld+json\" class=\"yoast-schema-graph\">{\"@context\":\"https:\/\/schema.org\",\"@graph\":[{\"@type\":\"Article\",\"@id\":\"https:\/\/www.visiterarles.com\/en\/blog\/2011\/04\/20\/feria-de-paques-au-coco-bongo-a-arles-du-22-au-25-avril-2011-2\/#article\",\"isPartOf\":{\"@id\":\"https:\/\/www.visiterarles.com\/en\/blog\/2011\/04\/20\/feria-de-paques-au-coco-bongo-a-arles-du-22-au-25-avril-2011-2\/\"},\"author\":{\"name\":\"damien\",\"@id\":\"https:\/\/www.visiterarles.com\/en\/#\/schema\/person\/0ef93571b2fe272c676137a002139d56\"},\"headline\":\"F\u00e8ria de P\u00e2ques au Coco Bongo \u00e0 Arles du 22 au 25 Avril 2011\",\"datePublished\":\"2011-04-20T06:43:31+00:00\",\"dateModified\":\"2011-04-20T06:43:31+00:00\",\"mainEntityOfPage\":{\"@id\":\"https:\/\/www.visiterarles.com\/en\/blog\/2011\/04\/20\/feria-de-paques-au-coco-bongo-a-arles-du-22-au-25-avril-2011-2\/\"},\"wordCount\":109,\"publisher\":{\"@id\":\"https:\/\/www.visiterarles.com\/en\/#organization\"},\"image\":{\"@id\":\"https:\/\/www.visiterarles.com\/en\/blog\/2011\/04\/20\/feria-de-paques-au-coco-bongo-a-arles-du-22-au-25-avril-2011-2\/#primaryimage\"},\"thumbnailUrl\":\"https:\/\/www.visiterarles.com\/wp-content\/uploads\/2011\/04\/affiche-coco-feria-2011-1024x768.jpg\",\"articleSection\":[\"accueil\",\"Actualit\u00e9s\"],\"inLanguage\":\"en-GB\"},{\"@type\":\"WebPage\",\"@id\":\"https:\/\/www.visiterarles.com\/en\/blog\/2011\/04\/20\/feria-de-paques-au-coco-bongo-a-arles-du-22-au-25-avril-2011-2\/\",\"url\":\"https:\/\/www.visiterarles.com\/en\/blog\/2011\/04\/20\/feria-de-paques-au-coco-bongo-a-arles-du-22-au-25-avril-2011-2\/\",\"name\":\"F\u00e8ria de P\u00e2ques au Coco Bongo \u00e0 Arles du 22 au 25 Avril 2011 - Visiter Arles\",\"isPartOf\":{\"@id\":\"https:\/\/www.visiterarles.com\/en\/#website\"},\"primaryImageOfPage\":{\"@id\":\"https:\/\/www.visiterarles.com\/en\/blog\/2011\/04\/20\/feria-de-paques-au-coco-bongo-a-arles-du-22-au-25-avril-2011-2\/#primaryimage\"},\"image\":{\"@id\":\"https:\/\/www.visiterarles.com\/en\/blog\/2011\/04\/20\/feria-de-paques-au-coco-bongo-a-arles-du-22-au-25-avril-2011-2\/#primaryimage\"},\"thumbnailUrl\":\"https:\/\/www.visiterarles.com\/wp-content\/uploads\/2011\/04\/affiche-coco-feria-2011-1024x768.jpg\",\"datePublished\":\"2011-04-20T06:43:31+00:00\",\"dateModified\":\"2011-04-20T06:43:31+00:00\",\"breadcrumb\":{\"@id\":\"https:\/\/www.visiterarles.com\/en\/blog\/2011\/04\/20\/feria-de-paques-au-coco-bongo-a-arles-du-22-au-25-avril-2011-2\/#breadcrumb\"},\"inLanguage\":\"en-GB\",\"potentialAction\":[{\"@type\":\"ReadAction\",\"target\":[\"https:\/\/www.visiterarles.com\/en\/blog\/2011\/04\/20\/feria-de-paques-au-coco-bongo-a-arles-du-22-au-25-avril-2011-2\/\"]}]},{\"@type\":\"ImageObject\",\"inLanguage\":\"en-GB\",\"@id\":\"https:\/\/www.visiterarles.com\/en\/blog\/2011\/04\/20\/feria-de-paques-au-coco-bongo-a-arles-du-22-au-25-avril-2011-2\/#primaryimage\",\"url\":\"https:\/\/www.visiterarles.com\/wp-content\/uploads\/2011\/04\/affiche-coco-feria-2011-1024x768.jpg\",\"contentUrl\":\"https:\/\/www.visiterarles.com\/wp-content\/uploads\/2011\/04\/affiche-coco-feria-2011-1024x768.jpg\",\"width\":\"731\",\"height\":\"1024\",\"caption\":\"affiche coco feria 2011\"},{\"@type\":\"BreadcrumbList\",\"@id\":\"https:\/\/www.visiterarles.com\/en\/blog\/2011\/04\/20\/feria-de-paques-au-coco-bongo-a-arles-du-22-au-25-avril-2011-2\/#breadcrumb\",\"itemListElement\":[{\"@type\":\"ListItem\",\"position\":1,\"name\":\"Home\",\"item\":\"https:\/\/www.visiterarles.com\/\"},{\"@type\":\"ListItem\",\"position\":2,\"name\":\"F\u00e8ria de P\u00e2ques au Coco Bongo \u00e0 Arles du 22 au 25 Avril 2011\"}]},{\"@type\":\"WebSite\",\"@id\":\"https:\/\/www.visiterarles.com\/en\/#website\",\"url\":\"https:\/\/www.visiterarles.com\/en\/\",\"name\":\"Visiter Arles\",\"description\":\"Tourisme en Provence \u00e0 Arles\",\"publisher\":{\"@id\":\"https:\/\/www.visiterarles.com\/en\/#organization\"},\"potentialAction\":[{\"@type\":\"SearchAction\",\"target\":{\"@type\":\"EntryPoint\",\"urlTemplate\":\"https:\/\/www.visiterarles.com\/en\/?s={search_term_string}\"},\"query-input\":\"required name=search_term_string\"}],\"inLanguage\":\"en-GB\"},{\"@type\":\"Organization\",\"@id\":\"https:\/\/www.visiterarles.com\/en\/#organization\",\"name\":\"Visiter Arles\",\"url\":\"https:\/\/www.visiterarles.com\/en\/\",\"logo\":{\"@type\":\"ImageObject\",\"inLanguage\":\"en-GB\",\"@id\":\"https:\/\/www.visiterarles.com\/en\/#\/schema\/logo\/image\/\",\"url\":\"https:\/\/www.visiterarles.com\/wp-content\/uploads\/2017\/10\/taco-and-co-1-1.jpg\",\"contentUrl\":\"https:\/\/www.visiterarles.com\/wp-content\/uploads\/2017\/10\/taco-and-co-1-1.jpg\",\"width\":124,\"height\":73,\"caption\":\"Visiter Arles\"},\"image\":{\"@id\":\"https:\/\/www.visiterarles.com\/en\/#\/schema\/logo\/image\/\"}},{\"@type\":\"Person\",\"@id\":\"https:\/\/www.visiterarles.com\/en\/#\/schema\/person\/0ef93571b2fe272c676137a002139d56\",\"name\":\"damien\",\"image\":{\"@type\":\"ImageObject\",\"inLanguage\":\"en-GB\",\"@id\":\"https:\/\/www.visiterarles.com\/en\/#\/schema\/person\/image\/\",\"url\":\"https:\/\/secure.gravatar.com\/avatar\/7a0d4f0af72a2d627adac81a8c10a5b6?s=96&d=mm&r=g\",\"contentUrl\":\"https:\/\/secure.gravatar.com\/avatar\/7a0d4f0af72a2d627adac81a8c10a5b6?s=96&d=mm&r=g\",\"caption\":\"damien\"},\"url\":\"https:\/\/www.visiterarles.com\/en\/blog\/author\/damien\/\"}]}<\/script>\n<!-- \/ Yoast SEO plugin. -->","yoast_head_json":{"title":"F\u00e8ria de P\u00e2ques au Coco Bongo \u00e0 Arles du 22 au 25 Avril 2011 - Visiter Arles","robots":{"index":"index","follow":"follow","max-snippet":"max-snippet:-1","max-image-preview":"max-image-preview:large","max-video-preview":"max-video-preview:-1"},"canonical":"https:\/\/www.visiterarles.com\/en\/blog\/2011\/04\/20\/feria-de-paques-au-coco-bongo-a-arles-du-22-au-25-avril-2011-2\/","twitter_misc":{"Written by":"damien"},"schema":{"@context":"https:\/\/schema.org","@graph":[{"@type":"Article","@id":"https:\/\/www.visiterarles.com\/en\/blog\/2011\/04\/20\/feria-de-paques-au-coco-bongo-a-arles-du-22-au-25-avril-2011-2\/#article","isPartOf":{"@id":"https:\/\/www.visiterarles.com\/en\/blog\/2011\/04\/20\/feria-de-paques-au-coco-bongo-a-arles-du-22-au-25-avril-2011-2\/"},"author":{"name":"damien","@id":"https:\/\/www.visiterarles.com\/en\/#\/schema\/person\/0ef93571b2fe272c676137a002139d56"},"headline":"F\u00e8ria de P\u00e2ques au Coco Bongo \u00e0 Arles du 22 au 25 Avril 2011","datePublished":"2011-04-20T06:43:31+00:00","dateModified":"2011-04-20T06:43:31+00:00","mainEntityOfPage":{"@id":"https:\/\/www.visiterarles.com\/en\/blog\/2011\/04\/20\/feria-de-paques-au-coco-bongo-a-arles-du-22-au-25-avril-2011-2\/"},"wordCount":109,"publisher":{"@id":"https:\/\/www.visiterarles.com\/en\/#organization"},"image":{"@id":"https:\/\/www.visiterarles.com\/en\/blog\/2011\/04\/20\/feria-de-paques-au-coco-bongo-a-arles-du-22-au-25-avril-2011-2\/#primaryimage"},"thumbnailUrl":"https:\/\/www.visiterarles.com\/wp-content\/uploads\/2011\/04\/affiche-coco-feria-2011-1024x768.jpg","articleSection":["accueil","Actualit\u00e9s"],"inLanguage":"en-GB"},{"@type":"WebPage","@id":"https:\/\/www.visiterarles.com\/en\/blog\/2011\/04\/20\/feria-de-paques-au-coco-bongo-a-arles-du-22-au-25-avril-2011-2\/","url":"https:\/\/www.visiterarles.com\/en\/blog\/2011\/04\/20\/feria-de-paques-au-coco-bongo-a-arles-du-22-au-25-avril-2011-2\/","name":"F\u00e8ria de P\u00e2ques au Coco Bongo \u00e0 Arles du 22 au 25 Avril 2011 - Visiter Arles","isPartOf":{"@id":"https:\/\/www.visiterarles.com\/en\/#website"},"primaryImageOfPage":{"@id":"https:\/\/www.visiterarles.com\/en\/blog\/2011\/04\/20\/feria-de-paques-au-coco-bongo-a-arles-du-22-au-25-avril-2011-2\/#primaryimage"},"image":{"@id":"https:\/\/www.visiterarles.com\/en\/blog\/2011\/04\/20\/feria-de-paques-au-coco-bongo-a-arles-du-22-au-25-avril-2011-2\/#primaryimage"},"thumbnailUrl":"https:\/\/www.visiterarles.com\/wp-content\/uploads\/2011\/04\/affiche-coco-feria-2011-1024x768.jpg","datePublished":"2011-04-20T06:43:31+00:00","dateModified":"2011-04-20T06:43:31+00:00","breadcrumb":{"@id":"https:\/\/www.visiterarles.com\/en\/blog\/2011\/04\/20\/feria-de-paques-au-coco-bongo-a-arles-du-22-au-25-avril-2011-2\/#breadcrumb"},"inLanguage":"en-GB","potentialAction":[{"@type":"ReadAction","target":["https:\/\/www.visiterarles.com\/en\/blog\/2011\/04\/20\/feria-de-paques-au-coco-bongo-a-arles-du-22-au-25-avril-2011-2\/"]}]},{"@type":"ImageObject","inLanguage":"en-GB","@id":"https:\/\/www.visiterarles.com\/en\/blog\/2011\/04\/20\/feria-de-paques-au-coco-bongo-a-arles-du-22-au-25-avril-2011-2\/#primaryimage","url":"https:\/\/www.visiterarles.com\/wp-content\/uploads\/2011\/04\/affiche-coco-feria-2011-1024x768.jpg","contentUrl":"https:\/\/www.visiterarles.com\/wp-content\/uploads\/2011\/04\/affiche-coco-feria-2011-1024x768.jpg","width":"731","height":"1024","caption":"affiche coco feria 2011"},{"@type":"BreadcrumbList","@id":"https:\/\/www.visiterarles.com\/en\/blog\/2011\/04\/20\/feria-de-paques-au-coco-bongo-a-arles-du-22-au-25-avril-2011-2\/#breadcrumb","itemListElement":[{"@type":"ListItem","position":1,"name":"Home","item":"https:\/\/www.visiterarles.com\/"},{"@type":"ListItem","position":2,"name":"F\u00e8ria de P\u00e2ques au Coco Bongo \u00e0 Arles du 22 au 25 Avril 2011"}]},{"@type":"WebSite","@id":"https:\/\/www.visiterarles.com\/en\/#website","url":"https:\/\/www.visiterarles.com\/en\/","name":"Visiter Arles","description":"Tourisme en Provence \u00e0 Arles","publisher":{"@id":"https:\/\/www.visiterarles.com\/en\/#organization"},"potentialAction":[{"@type":"SearchAction","target":{"@type":"EntryPoint","urlTemplate":"https:\/\/www.visiterarles.com\/en\/?s={search_term_string}"},"query-input":"required name=search_term_string"}],"inLanguage":"en-GB"},{"@type":"Organization","@id":"https:\/\/www.visiterarles.com\/en\/#organization","name":"Visiter Arles","url":"https:\/\/www.visiterarles.com\/en\/","logo":{"@type":"ImageObject","inLanguage":"en-GB","@id":"https:\/\/www.visiterarles.com\/en\/#\/schema\/logo\/image\/","url":"https:\/\/www.visiterarles.com\/wp-content\/uploads\/2017\/10\/taco-and-co-1-1.jpg","contentUrl":"https:\/\/www.visiterarles.com\/wp-content\/uploads\/2017\/10\/taco-and-co-1-1.jpg","width":124,"height":73,"caption":"Visiter Arles"},"image":{"@id":"https:\/\/www.visiterarles.com\/en\/#\/schema\/logo\/image\/"}},{"@type":"Person","@id":"https:\/\/www.visiterarles.com\/en\/#\/schema\/person\/0ef93571b2fe272c676137a002139d56","name":"damien","image":{"@type":"ImageObject","inLanguage":"en-GB","@id":"https:\/\/www.visiterarles.com\/en\/#\/schema\/person\/image\/","url":"https:\/\/secure.gravatar.com\/avatar\/7a0d4f0af72a2d627adac81a8c10a5b6?s=96&d=mm&r=g","contentUrl":"https:\/\/secure.gravatar.com\/avatar\/7a0d4f0af72a2d627adac81a8c10a5b6?s=96&d=mm&r=g","caption":"damien"},"url":"https:\/\/www.visiterarles.com\/en\/blog\/author\/damien\/"}]}},"_links":{"self":[{"href":"https:\/\/www.visiterarles.com\/en\/wp-json\/wp\/v2\/posts\/6715"}],"collection":[{"href":"https:\/\/www.visiterarles.com\/en\/wp-json\/wp\/v2\/posts"}],"about":[{"href":"https:\/\/www.visiterarles.com\/en\/wp-json\/wp\/v2\/types\/post"}],"author":[{"embeddable":true,"href":"https:\/\/www.visiterarles.com\/en\/wp-json\/wp\/v2\/users\/2"}],"replies":[{"embeddable":true,"href":"https:\/\/www.visiterarles.com\/en\/wp-json\/wp\/v2\/comments?post=6715"}],"version-history":[{"count":0,"href":"https:\/\/www.visiterarles.com\/en\/wp-json\/wp\/v2\/posts\/6715\/revisions"}],"wp:featuredmedia":[{"embeddable":true,"href":"https:\/\/www.visiterarles.com\/en\/wp-json\/wp\/v2\/media\/1081"}],"wp:attachment":[{"href":"https:\/\/www.visiterarles.com\/en\/wp-json\/wp\/v2\/media?parent=6715"}],"wp:term":[{"taxonomy":"category","embeddable":true,"href":"https:\/\/www.visiterarles.com\/en\/wp-json\/wp\/v2\/categories?post=6715"},{"taxonomy":"post_tag","embeddable":true,"href":"https:\/\/www.visiterarles.com\/en\/wp-json\/wp\/v2\/tags?post=6715"}],"curies":[{"name":"wp","href":"https:\/\/api.w.org\/{rel}","templated":true}]}}