{"id":675,"date":"2011-02-15T13:54:28","date_gmt":"2011-02-15T13:54:28","guid":{"rendered":"https:\/\/www.visiterarles.com\/?p=675"},"modified":"2011-02-20T19:42:49","modified_gmt":"2011-02-20T19:42:49","slug":"grande-braderie-des-commercants-a-arles-du-16-au-19-novembre","status":"publish","type":"post","link":"https:\/\/www.visiterarles.com\/en\/blog\/2011\/02\/15\/grande-braderie-des-commercants-a-arles-du-16-au-19-novembre\/","title":{"rendered":"Grande braderie des commer\u00e7ants \u00e0 Arles du 16 au 19 F\u00e9vrier 2011"},"content":{"rendered":"<p style=\"text-align: justify;\">Taco and Co vous invite \u00e0 vous rendre \u00e0\u00a0la <strong>GRANDE BRADERIE DES COMMERCANTS<\/strong> du <strong>16 au 19\u00a0F\u00e9vrier 2011<\/strong>\u00a0dans le CV d&rsquo;Arles.<br \/>\nPlus de <strong>75 boutiques<\/strong> vous attendent avec un large choix de produit \u00e0 <strong>prix mini<\/strong>.<\/p>\n<p style=\"text-align: justify;\">N&rsquo;h\u00e9sitez pas \u00e0 nous t\u00e9l\u00e9phoner au <strong>0650296000<\/strong> si vous voulez vous y rendre facilement.<\/p>\n<p>\u00a0<\/p>\n<dl>\n<div class=\"mceTemp mceIEcenter\">\n<dl id=\"attachment_684\" class=\"wp-caption aligncenter\" style=\"width: 235px;\">\n<dt class=\"wp-caption-dt\"><a href=\"https:\/\/www.visiterarles.com\/wp-content\/uploads\/2011\/02\/P2110054-1600x12001.jpg\"><img fetchpriority=\"high\" decoding=\"async\" class=\"size-medium wp-image-684\" title=\"grande braderie sur Arles\" src=\"https:\/\/www.visiterarles.com\/wp-content\/uploads\/2011\/02\/P2110054-1600x12001-225x300.jpg\" alt=\"grande braderie sur Arles\" width=\"225\" height=\"300\" \/><\/a><\/dt>\n<dd class=\"wp-caption-dd\">grande braderie sur Arles<\/dd>\n<\/dl>\n<p><!--cforms name=\"Contact\"--><\/div>\n<p>\u00a0<\/p>\n<\/dl>","protected":false},"excerpt":{"rendered":"<p>Taco and Co vous invite \u00e0 vous rendre \u00e0\u00a0la GRANDE BRADERIE DES COMMERCANTS du 16 au 19\u00a0F\u00e9vrier 2011\u00a0dans le CV d&rsquo;Arles. Plus de 75 boutiques vous attendent avec un large choix de produit \u00e0 prix mini. N&rsquo;h\u00e9sitez pas \u00e0 nous t\u00e9l\u00e9phoner au 0650296000 si vous voulez vous y rendre facilement. \u00a0 grande braderie sur Arles [&hellip;]<\/p>","protected":false},"author":2,"featured_media":679,"comment_status":"closed","ping_status":"closed","sticky":false,"template":"","format":"standard","meta":{"footnotes":""},"categories":[4,3],"tags":[],"aioseo_notices":[],"yoast_head":"<!-- This site is optimized with the Yoast SEO plugin v22.3 - https:\/\/yoast.com\/wordpress\/plugins\/seo\/ -->\n<title>Grande braderie des commer\u00e7ants \u00e0 Arles du 16 au 19 F\u00e9vrier 2011 - Visiter Arles<\/title>\n<meta name=\"robots\" content=\"index, follow, max-snippet:-1, max-image-preview:large, max-video-preview:-1\" \/>\n<link rel=\"canonical\" href=\"https:\/\/www.visiterarles.com\/en\/blog\/2011\/02\/15\/grande-braderie-des-commercants-a-arles-du-16-au-19-novembre\/\" \/>\n<meta name=\"twitter:label1\" content=\"Written by\" \/>\n\t<meta name=\"twitter:data1\" content=\"damien\" \/>\n<script type=\"application\/ld+json\" class=\"yoast-schema-graph\">{\"@context\":\"https:\/\/schema.org\",\"@graph\":[{\"@type\":\"Article\",\"@id\":\"https:\/\/www.visiterarles.com\/blog\/2011\/02\/15\/grande-braderie-des-commercants-a-arles-du-16-au-19-novembre\/#article\",\"isPartOf\":{\"@id\":\"https:\/\/www.visiterarles.com\/blog\/2011\/02\/15\/grande-braderie-des-commercants-a-arles-du-16-au-19-novembre\/\"},\"author\":{\"name\":\"damien\",\"@id\":\"https:\/\/www.visiterarles.com\/en\/#\/schema\/person\/0ef93571b2fe272c676137a002139d56\"},\"headline\":\"Grande braderie des commer\u00e7ants \u00e0 Arles du 16 au 19 F\u00e9vrier 2011\",\"datePublished\":\"2011-02-15T13:54:28+00:00\",\"dateModified\":\"2011-02-20T19:42:49+00:00\",\"mainEntityOfPage\":{\"@id\":\"https:\/\/www.visiterarles.com\/blog\/2011\/02\/15\/grande-braderie-des-commercants-a-arles-du-16-au-19-novembre\/\"},\"wordCount\":64,\"publisher\":{\"@id\":\"https:\/\/www.visiterarles.com\/en\/#organization\"},\"image\":{\"@id\":\"https:\/\/www.visiterarles.com\/blog\/2011\/02\/15\/grande-braderie-des-commercants-a-arles-du-16-au-19-novembre\/#primaryimage\"},\"thumbnailUrl\":\"https:\/\/www.visiterarles.com\/wp-content\/uploads\/2011\/02\/P2110054-1600x1200.jpg\",\"articleSection\":[\"accueil\",\"Actualit\u00e9s\"],\"inLanguage\":\"en-GB\"},{\"@type\":\"WebPage\",\"@id\":\"https:\/\/www.visiterarles.com\/blog\/2011\/02\/15\/grande-braderie-des-commercants-a-arles-du-16-au-19-novembre\/\",\"url\":\"https:\/\/www.visiterarles.com\/blog\/2011\/02\/15\/grande-braderie-des-commercants-a-arles-du-16-au-19-novembre\/\",\"name\":\"Grande braderie des commer\u00e7ants \u00e0 Arles du 16 au 19 F\u00e9vrier 2011 - Visiter Arles\",\"isPartOf\":{\"@id\":\"https:\/\/www.visiterarles.com\/en\/#website\"},\"primaryImageOfPage\":{\"@id\":\"https:\/\/www.visiterarles.com\/blog\/2011\/02\/15\/grande-braderie-des-commercants-a-arles-du-16-au-19-novembre\/#primaryimage\"},\"image\":{\"@id\":\"https:\/\/www.visiterarles.com\/blog\/2011\/02\/15\/grande-braderie-des-commercants-a-arles-du-16-au-19-novembre\/#primaryimage\"},\"thumbnailUrl\":\"https:\/\/www.visiterarles.com\/wp-content\/uploads\/2011\/02\/P2110054-1600x1200.jpg\",\"datePublished\":\"2011-02-15T13:54:28+00:00\",\"dateModified\":\"2011-02-20T19:42:49+00:00\",\"breadcrumb\":{\"@id\":\"https:\/\/www.visiterarles.com\/blog\/2011\/02\/15\/grande-braderie-des-commercants-a-arles-du-16-au-19-novembre\/#breadcrumb\"},\"inLanguage\":\"en-GB\",\"potentialAction\":[{\"@type\":\"ReadAction\",\"target\":[\"https:\/\/www.visiterarles.com\/blog\/2011\/02\/15\/grande-braderie-des-commercants-a-arles-du-16-au-19-novembre\/\"]}]},{\"@type\":\"ImageObject\",\"inLanguage\":\"en-GB\",\"@id\":\"https:\/\/www.visiterarles.com\/blog\/2011\/02\/15\/grande-braderie-des-commercants-a-arles-du-16-au-19-novembre\/#primaryimage\",\"url\":\"https:\/\/www.visiterarles.com\/wp-content\/uploads\/2011\/02\/P2110054-1600x1200.jpg\",\"contentUrl\":\"https:\/\/www.visiterarles.com\/wp-content\/uploads\/2011\/02\/P2110054-1600x1200.jpg\",\"width\":\"1200\",\"height\":\"1600\"},{\"@type\":\"BreadcrumbList\",\"@id\":\"https:\/\/www.visiterarles.com\/blog\/2011\/02\/15\/grande-braderie-des-commercants-a-arles-du-16-au-19-novembre\/#breadcrumb\",\"itemListElement\":[{\"@type\":\"ListItem\",\"position\":1,\"name\":\"Home\",\"item\":\"https:\/\/www.visiterarles.com\/\"},{\"@type\":\"ListItem\",\"position\":2,\"name\":\"Grande braderie des commer\u00e7ants \u00e0 Arles du 16 au 19 F\u00e9vrier 2011\"}]},{\"@type\":\"WebSite\",\"@id\":\"https:\/\/www.visiterarles.com\/en\/#website\",\"url\":\"https:\/\/www.visiterarles.com\/en\/\",\"name\":\"Visiter Arles\",\"description\":\"Tourisme en Provence \u00e0 Arles\",\"publisher\":{\"@id\":\"https:\/\/www.visiterarles.com\/en\/#organization\"},\"potentialAction\":[{\"@type\":\"SearchAction\",\"target\":{\"@type\":\"EntryPoint\",\"urlTemplate\":\"https:\/\/www.visiterarles.com\/en\/?s={search_term_string}\"},\"query-input\":\"required name=search_term_string\"}],\"inLanguage\":\"en-GB\"},{\"@type\":\"Organization\",\"@id\":\"https:\/\/www.visiterarles.com\/en\/#organization\",\"name\":\"Visiter Arles\",\"url\":\"https:\/\/www.visiterarles.com\/en\/\",\"logo\":{\"@type\":\"ImageObject\",\"inLanguage\":\"en-GB\",\"@id\":\"https:\/\/www.visiterarles.com\/en\/#\/schema\/logo\/image\/\",\"url\":\"https:\/\/www.visiterarles.com\/wp-content\/uploads\/2017\/10\/taco-and-co-1-1.jpg\",\"contentUrl\":\"https:\/\/www.visiterarles.com\/wp-content\/uploads\/2017\/10\/taco-and-co-1-1.jpg\",\"width\":124,\"height\":73,\"caption\":\"Visiter Arles\"},\"image\":{\"@id\":\"https:\/\/www.visiterarles.com\/en\/#\/schema\/logo\/image\/\"}},{\"@type\":\"Person\",\"@id\":\"https:\/\/www.visiterarles.com\/en\/#\/schema\/person\/0ef93571b2fe272c676137a002139d56\",\"name\":\"damien\",\"image\":{\"@type\":\"ImageObject\",\"inLanguage\":\"en-GB\",\"@id\":\"https:\/\/www.visiterarles.com\/en\/#\/schema\/person\/image\/\",\"url\":\"https:\/\/secure.gravatar.com\/avatar\/7a0d4f0af72a2d627adac81a8c10a5b6?s=96&d=mm&r=g\",\"contentUrl\":\"https:\/\/secure.gravatar.com\/avatar\/7a0d4f0af72a2d627adac81a8c10a5b6?s=96&d=mm&r=g\",\"caption\":\"damien\"},\"url\":\"https:\/\/www.visiterarles.com\/en\/blog\/author\/damien\/\"}]}<\/script>\n<!-- \/ Yoast SEO plugin. -->","yoast_head_json":{"title":"Grande braderie des commer\u00e7ants \u00e0 Arles du 16 au 19 F\u00e9vrier 2011 - Visiter Arles","robots":{"index":"index","follow":"follow","max-snippet":"max-snippet:-1","max-image-preview":"max-image-preview:large","max-video-preview":"max-video-preview:-1"},"canonical":"https:\/\/www.visiterarles.com\/en\/blog\/2011\/02\/15\/grande-braderie-des-commercants-a-arles-du-16-au-19-novembre\/","twitter_misc":{"Written by":"damien"},"schema":{"@context":"https:\/\/schema.org","@graph":[{"@type":"Article","@id":"https:\/\/www.visiterarles.com\/blog\/2011\/02\/15\/grande-braderie-des-commercants-a-arles-du-16-au-19-novembre\/#article","isPartOf":{"@id":"https:\/\/www.visiterarles.com\/blog\/2011\/02\/15\/grande-braderie-des-commercants-a-arles-du-16-au-19-novembre\/"},"author":{"name":"damien","@id":"https:\/\/www.visiterarles.com\/en\/#\/schema\/person\/0ef93571b2fe272c676137a002139d56"},"headline":"Grande braderie des commer\u00e7ants \u00e0 Arles du 16 au 19 F\u00e9vrier 2011","datePublished":"2011-02-15T13:54:28+00:00","dateModified":"2011-02-20T19:42:49+00:00","mainEntityOfPage":{"@id":"https:\/\/www.visiterarles.com\/blog\/2011\/02\/15\/grande-braderie-des-commercants-a-arles-du-16-au-19-novembre\/"},"wordCount":64,"publisher":{"@id":"https:\/\/www.visiterarles.com\/en\/#organization"},"image":{"@id":"https:\/\/www.visiterarles.com\/blog\/2011\/02\/15\/grande-braderie-des-commercants-a-arles-du-16-au-19-novembre\/#primaryimage"},"thumbnailUrl":"https:\/\/www.visiterarles.com\/wp-content\/uploads\/2011\/02\/P2110054-1600x1200.jpg","articleSection":["accueil","Actualit\u00e9s"],"inLanguage":"en-GB"},{"@type":"WebPage","@id":"https:\/\/www.visiterarles.com\/blog\/2011\/02\/15\/grande-braderie-des-commercants-a-arles-du-16-au-19-novembre\/","url":"https:\/\/www.visiterarles.com\/blog\/2011\/02\/15\/grande-braderie-des-commercants-a-arles-du-16-au-19-novembre\/","name":"Grande braderie des commer\u00e7ants \u00e0 Arles du 16 au 19 F\u00e9vrier 2011 - Visiter Arles","isPartOf":{"@id":"https:\/\/www.visiterarles.com\/en\/#website"},"primaryImageOfPage":{"@id":"https:\/\/www.visiterarles.com\/blog\/2011\/02\/15\/grande-braderie-des-commercants-a-arles-du-16-au-19-novembre\/#primaryimage"},"image":{"@id":"https:\/\/www.visiterarles.com\/blog\/2011\/02\/15\/grande-braderie-des-commercants-a-arles-du-16-au-19-novembre\/#primaryimage"},"thumbnailUrl":"https:\/\/www.visiterarles.com\/wp-content\/uploads\/2011\/02\/P2110054-1600x1200.jpg","datePublished":"2011-02-15T13:54:28+00:00","dateModified":"2011-02-20T19:42:49+00:00","breadcrumb":{"@id":"https:\/\/www.visiterarles.com\/blog\/2011\/02\/15\/grande-braderie-des-commercants-a-arles-du-16-au-19-novembre\/#breadcrumb"},"inLanguage":"en-GB","potentialAction":[{"@type":"ReadAction","target":["https:\/\/www.visiterarles.com\/blog\/2011\/02\/15\/grande-braderie-des-commercants-a-arles-du-16-au-19-novembre\/"]}]},{"@type":"ImageObject","inLanguage":"en-GB","@id":"https:\/\/www.visiterarles.com\/blog\/2011\/02\/15\/grande-braderie-des-commercants-a-arles-du-16-au-19-novembre\/#primaryimage","url":"https:\/\/www.visiterarles.com\/wp-content\/uploads\/2011\/02\/P2110054-1600x1200.jpg","contentUrl":"https:\/\/www.visiterarles.com\/wp-content\/uploads\/2011\/02\/P2110054-1600x1200.jpg","width":"1200","height":"1600"},{"@type":"BreadcrumbList","@id":"https:\/\/www.visiterarles.com\/blog\/2011\/02\/15\/grande-braderie-des-commercants-a-arles-du-16-au-19-novembre\/#breadcrumb","itemListElement":[{"@type":"ListItem","position":1,"name":"Home","item":"https:\/\/www.visiterarles.com\/"},{"@type":"ListItem","position":2,"name":"Grande braderie des commer\u00e7ants \u00e0 Arles du 16 au 19 F\u00e9vrier 2011"}]},{"@type":"WebSite","@id":"https:\/\/www.visiterarles.com\/en\/#website","url":"https:\/\/www.visiterarles.com\/en\/","name":"Visiter Arles","description":"Tourisme en Provence \u00e0 Arles","publisher":{"@id":"https:\/\/www.visiterarles.com\/en\/#organization"},"potentialAction":[{"@type":"SearchAction","target":{"@type":"EntryPoint","urlTemplate":"https:\/\/www.visiterarles.com\/en\/?s={search_term_string}"},"query-input":"required name=search_term_string"}],"inLanguage":"en-GB"},{"@type":"Organization","@id":"https:\/\/www.visiterarles.com\/en\/#organization","name":"Visiter Arles","url":"https:\/\/www.visiterarles.com\/en\/","logo":{"@type":"ImageObject","inLanguage":"en-GB","@id":"https:\/\/www.visiterarles.com\/en\/#\/schema\/logo\/image\/","url":"https:\/\/www.visiterarles.com\/wp-content\/uploads\/2017\/10\/taco-and-co-1-1.jpg","contentUrl":"https:\/\/www.visiterarles.com\/wp-content\/uploads\/2017\/10\/taco-and-co-1-1.jpg","width":124,"height":73,"caption":"Visiter Arles"},"image":{"@id":"https:\/\/www.visiterarles.com\/en\/#\/schema\/logo\/image\/"}},{"@type":"Person","@id":"https:\/\/www.visiterarles.com\/en\/#\/schema\/person\/0ef93571b2fe272c676137a002139d56","name":"damien","image":{"@type":"ImageObject","inLanguage":"en-GB","@id":"https:\/\/www.visiterarles.com\/en\/#\/schema\/person\/image\/","url":"https:\/\/secure.gravatar.com\/avatar\/7a0d4f0af72a2d627adac81a8c10a5b6?s=96&d=mm&r=g","contentUrl":"https:\/\/secure.gravatar.com\/avatar\/7a0d4f0af72a2d627adac81a8c10a5b6?s=96&d=mm&r=g","caption":"damien"},"url":"https:\/\/www.visiterarles.com\/en\/blog\/author\/damien\/"}]}},"_links":{"self":[{"href":"https:\/\/www.visiterarles.com\/en\/wp-json\/wp\/v2\/posts\/675"}],"collection":[{"href":"https:\/\/www.visiterarles.com\/en\/wp-json\/wp\/v2\/posts"}],"about":[{"href":"https:\/\/www.visiterarles.com\/en\/wp-json\/wp\/v2\/types\/post"}],"author":[{"embeddable":true,"href":"https:\/\/www.visiterarles.com\/en\/wp-json\/wp\/v2\/users\/2"}],"replies":[{"embeddable":true,"href":"https:\/\/www.visiterarles.com\/en\/wp-json\/wp\/v2\/comments?post=675"}],"version-history":[{"count":0,"href":"https:\/\/www.visiterarles.com\/en\/wp-json\/wp\/v2\/posts\/675\/revisions"}],"wp:featuredmedia":[{"embeddable":true,"href":"https:\/\/www.visiterarles.com\/en\/wp-json\/wp\/v2\/media\/679"}],"wp:attachment":[{"href":"https:\/\/www.visiterarles.com\/en\/wp-json\/wp\/v2\/media?parent=675"}],"wp:term":[{"taxonomy":"category","embeddable":true,"href":"https:\/\/www.visiterarles.com\/en\/wp-json\/wp\/v2\/categories?post=675"},{"taxonomy":"post_tag","embeddable":true,"href":"https:\/\/www.visiterarles.com\/en\/wp-json\/wp\/v2\/tags?post=675"}],"curies":[{"name":"wp","href":"https:\/\/api.w.org\/{rel}","templated":true}]}}