{"id":841,"date":"2011-01-23T13:01:30","date_gmt":"2011-01-23T13:01:30","guid":{"rendered":"https:\/\/www.visiterarles.com\/?p=841"},"modified":"2011-03-18T16:38:38","modified_gmt":"2011-03-18T16:38:38","slug":"cotechef-tv-2","status":"publish","type":"post","link":"https:\/\/www.visiterarles.com\/en\/blog\/2011\/01\/23\/cotechef-tv-2\/","title":{"rendered":"C\u00f4t\u00e9chef.tv"},"content":{"rendered":"<h3><a href=\"https:\/\/www.visiterarles.com\/wp-content\/uploads\/2011\/02\/logo-cote-chef.jpg\"><img decoding=\"async\" class=\"aligncenter size-full wp-image-842\" title=\"logo cote chef\" src=\"https:\/\/www.visiterarles.com\/wp-content\/uploads\/2011\/02\/logo-cote-chef.jpg\" alt=\"logo cote chef\" width=\"138\" height=\"95\" \/><\/a><\/h3>\n<h3><span style=\"font-weight: normal;\">Les Grands Chefs s&rsquo;invitent chez vous, pour vous proposer des recettes les secrets de leurs recettes en vid\u00e9o.<br \/>\nCes recettes sont \u00e9galement t\u00e9l\u00e9chargeables en .pdf<\/span><\/h3>\n<p><a title=\"Voir le site\" href=\"http:\/\/www.cotechef.tv\/\" target=\"_blank\">http:\/\/www.cotechef.tv\/<\/a><\/p>","protected":false},"excerpt":{"rendered":"<p>Les Grands Chefs s&rsquo;invitent chez vous, pour vous proposer des recettes les secrets de leurs recettes en vid\u00e9o. Ces recettes sont \u00e9galement t\u00e9l\u00e9chargeables en .pdf http:\/\/www.cotechef.tv\/<\/p>","protected":false},"author":2,"featured_media":842,"comment_status":"closed","ping_status":"closed","sticky":false,"template":"","format":"standard","meta":{"footnotes":""},"categories":[18,15],"tags":[],"aioseo_notices":[],"yoast_head":"<!-- This site is optimized with the Yoast SEO plugin v22.3 - https:\/\/yoast.com\/wordpress\/plugins\/seo\/ -->\n<title>C\u00f4t\u00e9chef.tv - Visiter Arles<\/title>\n<meta name=\"robots\" content=\"index, follow, max-snippet:-1, max-image-preview:large, max-video-preview:-1\" \/>\n<link rel=\"canonical\" href=\"https:\/\/www.visiterarles.com\/en\/blog\/2011\/01\/23\/cotechef-tv-2\/\" \/>\n<meta name=\"twitter:label1\" content=\"Written by\" \/>\n\t<meta name=\"twitter:data1\" content=\"damien\" \/>\n<script type=\"application\/ld+json\" class=\"yoast-schema-graph\">{\"@context\":\"https:\/\/schema.org\",\"@graph\":[{\"@type\":\"Article\",\"@id\":\"https:\/\/www.visiterarles.com\/blog\/2011\/01\/23\/cotechef-tv-2\/#article\",\"isPartOf\":{\"@id\":\"https:\/\/www.visiterarles.com\/blog\/2011\/01\/23\/cotechef-tv-2\/\"},\"author\":{\"name\":\"damien\",\"@id\":\"https:\/\/www.visiterarles.com\/en\/#\/schema\/person\/0ef93571b2fe272c676137a002139d56\"},\"headline\":\"C\u00f4t\u00e9chef.tv\",\"datePublished\":\"2011-01-23T13:01:30+00:00\",\"dateModified\":\"2011-03-18T16:38:38+00:00\",\"mainEntityOfPage\":{\"@id\":\"https:\/\/www.visiterarles.com\/blog\/2011\/01\/23\/cotechef-tv-2\/\"},\"wordCount\":37,\"publisher\":{\"@id\":\"https:\/\/www.visiterarles.com\/en\/#organization\"},\"image\":{\"@id\":\"https:\/\/www.visiterarles.com\/blog\/2011\/01\/23\/cotechef-tv-2\/#primaryimage\"},\"thumbnailUrl\":\"https:\/\/www.visiterarles.com\/wp-content\/uploads\/2011\/02\/logo-cote-chef.jpg\",\"articleSection\":[\"Les partenaires\",\"Liens utiles\"],\"inLanguage\":\"en-GB\"},{\"@type\":\"WebPage\",\"@id\":\"https:\/\/www.visiterarles.com\/blog\/2011\/01\/23\/cotechef-tv-2\/\",\"url\":\"https:\/\/www.visiterarles.com\/blog\/2011\/01\/23\/cotechef-tv-2\/\",\"name\":\"C\u00f4t\u00e9chef.tv - Visiter Arles\",\"isPartOf\":{\"@id\":\"https:\/\/www.visiterarles.com\/en\/#website\"},\"primaryImageOfPage\":{\"@id\":\"https:\/\/www.visiterarles.com\/blog\/2011\/01\/23\/cotechef-tv-2\/#primaryimage\"},\"image\":{\"@id\":\"https:\/\/www.visiterarles.com\/blog\/2011\/01\/23\/cotechef-tv-2\/#primaryimage\"},\"thumbnailUrl\":\"https:\/\/www.visiterarles.com\/wp-content\/uploads\/2011\/02\/logo-cote-chef.jpg\",\"datePublished\":\"2011-01-23T13:01:30+00:00\",\"dateModified\":\"2011-03-18T16:38:38+00:00\",\"breadcrumb\":{\"@id\":\"https:\/\/www.visiterarles.com\/blog\/2011\/01\/23\/cotechef-tv-2\/#breadcrumb\"},\"inLanguage\":\"en-GB\",\"potentialAction\":[{\"@type\":\"ReadAction\",\"target\":[\"https:\/\/www.visiterarles.com\/blog\/2011\/01\/23\/cotechef-tv-2\/\"]}]},{\"@type\":\"ImageObject\",\"inLanguage\":\"en-GB\",\"@id\":\"https:\/\/www.visiterarles.com\/blog\/2011\/01\/23\/cotechef-tv-2\/#primaryimage\",\"url\":\"https:\/\/www.visiterarles.com\/wp-content\/uploads\/2011\/02\/logo-cote-chef.jpg\",\"contentUrl\":\"https:\/\/www.visiterarles.com\/wp-content\/uploads\/2011\/02\/logo-cote-chef.jpg\",\"width\":\"138\",\"height\":\"95\",\"caption\":\"logo cote chef\"},{\"@type\":\"BreadcrumbList\",\"@id\":\"https:\/\/www.visiterarles.com\/blog\/2011\/01\/23\/cotechef-tv-2\/#breadcrumb\",\"itemListElement\":[{\"@type\":\"ListItem\",\"position\":1,\"name\":\"Home\",\"item\":\"https:\/\/www.visiterarles.com\/\"},{\"@type\":\"ListItem\",\"position\":2,\"name\":\"C\u00f4t\u00e9chef.tv\"}]},{\"@type\":\"WebSite\",\"@id\":\"https:\/\/www.visiterarles.com\/en\/#website\",\"url\":\"https:\/\/www.visiterarles.com\/en\/\",\"name\":\"Visiter Arles\",\"description\":\"Tourisme en Provence \u00e0 Arles\",\"publisher\":{\"@id\":\"https:\/\/www.visiterarles.com\/en\/#organization\"},\"potentialAction\":[{\"@type\":\"SearchAction\",\"target\":{\"@type\":\"EntryPoint\",\"urlTemplate\":\"https:\/\/www.visiterarles.com\/en\/?s={search_term_string}\"},\"query-input\":\"required name=search_term_string\"}],\"inLanguage\":\"en-GB\"},{\"@type\":\"Organization\",\"@id\":\"https:\/\/www.visiterarles.com\/en\/#organization\",\"name\":\"Visiter Arles\",\"url\":\"https:\/\/www.visiterarles.com\/en\/\",\"logo\":{\"@type\":\"ImageObject\",\"inLanguage\":\"en-GB\",\"@id\":\"https:\/\/www.visiterarles.com\/en\/#\/schema\/logo\/image\/\",\"url\":\"https:\/\/www.visiterarles.com\/wp-content\/uploads\/2017\/10\/taco-and-co-1-1.jpg\",\"contentUrl\":\"https:\/\/www.visiterarles.com\/wp-content\/uploads\/2017\/10\/taco-and-co-1-1.jpg\",\"width\":124,\"height\":73,\"caption\":\"Visiter Arles\"},\"image\":{\"@id\":\"https:\/\/www.visiterarles.com\/en\/#\/schema\/logo\/image\/\"}},{\"@type\":\"Person\",\"@id\":\"https:\/\/www.visiterarles.com\/en\/#\/schema\/person\/0ef93571b2fe272c676137a002139d56\",\"name\":\"damien\",\"image\":{\"@type\":\"ImageObject\",\"inLanguage\":\"en-GB\",\"@id\":\"https:\/\/www.visiterarles.com\/en\/#\/schema\/person\/image\/\",\"url\":\"https:\/\/secure.gravatar.com\/avatar\/7a0d4f0af72a2d627adac81a8c10a5b6?s=96&d=mm&r=g\",\"contentUrl\":\"https:\/\/secure.gravatar.com\/avatar\/7a0d4f0af72a2d627adac81a8c10a5b6?s=96&d=mm&r=g\",\"caption\":\"damien\"},\"url\":\"https:\/\/www.visiterarles.com\/en\/blog\/author\/damien\/\"}]}<\/script>\n<!-- \/ Yoast SEO plugin. -->","yoast_head_json":{"title":"C\u00f4t\u00e9chef.tv - Visiter Arles","robots":{"index":"index","follow":"follow","max-snippet":"max-snippet:-1","max-image-preview":"max-image-preview:large","max-video-preview":"max-video-preview:-1"},"canonical":"https:\/\/www.visiterarles.com\/en\/blog\/2011\/01\/23\/cotechef-tv-2\/","twitter_misc":{"Written by":"damien"},"schema":{"@context":"https:\/\/schema.org","@graph":[{"@type":"Article","@id":"https:\/\/www.visiterarles.com\/blog\/2011\/01\/23\/cotechef-tv-2\/#article","isPartOf":{"@id":"https:\/\/www.visiterarles.com\/blog\/2011\/01\/23\/cotechef-tv-2\/"},"author":{"name":"damien","@id":"https:\/\/www.visiterarles.com\/en\/#\/schema\/person\/0ef93571b2fe272c676137a002139d56"},"headline":"C\u00f4t\u00e9chef.tv","datePublished":"2011-01-23T13:01:30+00:00","dateModified":"2011-03-18T16:38:38+00:00","mainEntityOfPage":{"@id":"https:\/\/www.visiterarles.com\/blog\/2011\/01\/23\/cotechef-tv-2\/"},"wordCount":37,"publisher":{"@id":"https:\/\/www.visiterarles.com\/en\/#organization"},"image":{"@id":"https:\/\/www.visiterarles.com\/blog\/2011\/01\/23\/cotechef-tv-2\/#primaryimage"},"thumbnailUrl":"https:\/\/www.visiterarles.com\/wp-content\/uploads\/2011\/02\/logo-cote-chef.jpg","articleSection":["Les partenaires","Liens utiles"],"inLanguage":"en-GB"},{"@type":"WebPage","@id":"https:\/\/www.visiterarles.com\/blog\/2011\/01\/23\/cotechef-tv-2\/","url":"https:\/\/www.visiterarles.com\/blog\/2011\/01\/23\/cotechef-tv-2\/","name":"C\u00f4t\u00e9chef.tv - Visiter Arles","isPartOf":{"@id":"https:\/\/www.visiterarles.com\/en\/#website"},"primaryImageOfPage":{"@id":"https:\/\/www.visiterarles.com\/blog\/2011\/01\/23\/cotechef-tv-2\/#primaryimage"},"image":{"@id":"https:\/\/www.visiterarles.com\/blog\/2011\/01\/23\/cotechef-tv-2\/#primaryimage"},"thumbnailUrl":"https:\/\/www.visiterarles.com\/wp-content\/uploads\/2011\/02\/logo-cote-chef.jpg","datePublished":"2011-01-23T13:01:30+00:00","dateModified":"2011-03-18T16:38:38+00:00","breadcrumb":{"@id":"https:\/\/www.visiterarles.com\/blog\/2011\/01\/23\/cotechef-tv-2\/#breadcrumb"},"inLanguage":"en-GB","potentialAction":[{"@type":"ReadAction","target":["https:\/\/www.visiterarles.com\/blog\/2011\/01\/23\/cotechef-tv-2\/"]}]},{"@type":"ImageObject","inLanguage":"en-GB","@id":"https:\/\/www.visiterarles.com\/blog\/2011\/01\/23\/cotechef-tv-2\/#primaryimage","url":"https:\/\/www.visiterarles.com\/wp-content\/uploads\/2011\/02\/logo-cote-chef.jpg","contentUrl":"https:\/\/www.visiterarles.com\/wp-content\/uploads\/2011\/02\/logo-cote-chef.jpg","width":"138","height":"95","caption":"logo cote chef"},{"@type":"BreadcrumbList","@id":"https:\/\/www.visiterarles.com\/blog\/2011\/01\/23\/cotechef-tv-2\/#breadcrumb","itemListElement":[{"@type":"ListItem","position":1,"name":"Home","item":"https:\/\/www.visiterarles.com\/"},{"@type":"ListItem","position":2,"name":"C\u00f4t\u00e9chef.tv"}]},{"@type":"WebSite","@id":"https:\/\/www.visiterarles.com\/en\/#website","url":"https:\/\/www.visiterarles.com\/en\/","name":"Visiter Arles","description":"Tourisme en Provence \u00e0 Arles","publisher":{"@id":"https:\/\/www.visiterarles.com\/en\/#organization"},"potentialAction":[{"@type":"SearchAction","target":{"@type":"EntryPoint","urlTemplate":"https:\/\/www.visiterarles.com\/en\/?s={search_term_string}"},"query-input":"required name=search_term_string"}],"inLanguage":"en-GB"},{"@type":"Organization","@id":"https:\/\/www.visiterarles.com\/en\/#organization","name":"Visiter Arles","url":"https:\/\/www.visiterarles.com\/en\/","logo":{"@type":"ImageObject","inLanguage":"en-GB","@id":"https:\/\/www.visiterarles.com\/en\/#\/schema\/logo\/image\/","url":"https:\/\/www.visiterarles.com\/wp-content\/uploads\/2017\/10\/taco-and-co-1-1.jpg","contentUrl":"https:\/\/www.visiterarles.com\/wp-content\/uploads\/2017\/10\/taco-and-co-1-1.jpg","width":124,"height":73,"caption":"Visiter Arles"},"image":{"@id":"https:\/\/www.visiterarles.com\/en\/#\/schema\/logo\/image\/"}},{"@type":"Person","@id":"https:\/\/www.visiterarles.com\/en\/#\/schema\/person\/0ef93571b2fe272c676137a002139d56","name":"damien","image":{"@type":"ImageObject","inLanguage":"en-GB","@id":"https:\/\/www.visiterarles.com\/en\/#\/schema\/person\/image\/","url":"https:\/\/secure.gravatar.com\/avatar\/7a0d4f0af72a2d627adac81a8c10a5b6?s=96&d=mm&r=g","contentUrl":"https:\/\/secure.gravatar.com\/avatar\/7a0d4f0af72a2d627adac81a8c10a5b6?s=96&d=mm&r=g","caption":"damien"},"url":"https:\/\/www.visiterarles.com\/en\/blog\/author\/damien\/"}]}},"_links":{"self":[{"href":"https:\/\/www.visiterarles.com\/en\/wp-json\/wp\/v2\/posts\/841"}],"collection":[{"href":"https:\/\/www.visiterarles.com\/en\/wp-json\/wp\/v2\/posts"}],"about":[{"href":"https:\/\/www.visiterarles.com\/en\/wp-json\/wp\/v2\/types\/post"}],"author":[{"embeddable":true,"href":"https:\/\/www.visiterarles.com\/en\/wp-json\/wp\/v2\/users\/2"}],"replies":[{"embeddable":true,"href":"https:\/\/www.visiterarles.com\/en\/wp-json\/wp\/v2\/comments?post=841"}],"version-history":[{"count":0,"href":"https:\/\/www.visiterarles.com\/en\/wp-json\/wp\/v2\/posts\/841\/revisions"}],"wp:featuredmedia":[{"embeddable":true,"href":"https:\/\/www.visiterarles.com\/en\/wp-json\/wp\/v2\/media\/842"}],"wp:attachment":[{"href":"https:\/\/www.visiterarles.com\/en\/wp-json\/wp\/v2\/media?parent=841"}],"wp:term":[{"taxonomy":"category","embeddable":true,"href":"https:\/\/www.visiterarles.com\/en\/wp-json\/wp\/v2\/categories?post=841"},{"taxonomy":"post_tag","embeddable":true,"href":"https:\/\/www.visiterarles.com\/en\/wp-json\/wp\/v2\/tags?post=841"}],"curies":[{"name":"wp","href":"https:\/\/api.w.org\/{rel}","templated":true}]}}