{"id":852,"date":"2011-02-22T13:20:18","date_gmt":"2011-02-22T13:20:18","guid":{"rendered":"https:\/\/www.visiterarles.com\/?p=852"},"modified":"2011-02-23T15:16:42","modified_gmt":"2011-02-23T15:16:42","slug":"ecofabrik-concept-store-ecologique-et-solutions-eco-design-pour-l%e2%80%99evenementiel","status":"publish","type":"post","link":"https:\/\/www.visiterarles.com\/en\/blog\/2011\/02\/22\/ecofabrik-concept-store-ecologique-et-solutions-eco-design-pour-l%e2%80%99evenementiel\/","title":{"rendered":"Ecofabrik \u00e0 Arles"},"content":{"rendered":"<p>Ecofabrik, concept store \u00e9cologique et solutions eco design pour l\u2019\u00e9v\u00e9nementiel<\/p>\n<p>L&rsquo;Ecofabrik fait partie du p\u00f4le \u00e9cologique du Pays d&rsquo;Arles situ\u00e9 1 rue Gaspard Monge.<\/p>\n<p><a href=\"http:\/\/www.eco-fabrik.com\/\" target=\"_blank\">www.eco-fabrik.com<\/a><\/p>\n<figure id=\"attachment_853\" aria-describedby=\"caption-attachment-853\" style=\"width: 300px\" class=\"wp-caption aligncenter\"><a href=\"https:\/\/www.visiterarles.com\/wp-content\/uploads\/2011\/02\/ecofabrik-logo.png\"><img decoding=\"async\" class=\"size-medium wp-image-853\" title=\"ecofabrik \u00e0 Arles\" src=\"https:\/\/www.visiterarles.com\/wp-content\/uploads\/2011\/02\/ecofabrik-logo-300x94.png\" alt=\"ecofabrik \u00e0 Arles\" width=\"300\" height=\"94\" srcset=\"https:\/\/www.visiterarles.com\/wp-content\/uploads\/2011\/02\/ecofabrik-logo-300x94.png 300w, https:\/\/www.visiterarles.com\/wp-content\/uploads\/2011\/02\/ecofabrik-logo.png 497w\" sizes=\"(max-width: 300px) 100vw, 300px\" \/><\/a><figcaption id=\"caption-attachment-853\" class=\"wp-caption-text\">ecofabrik \u00e0 Arles<\/figcaption><\/figure>","protected":false},"excerpt":{"rendered":"<p>Ecofabrik, concept store \u00e9cologique et solutions eco design pour l\u2019\u00e9v\u00e9nementiel L&rsquo;Ecofabrik fait partie du p\u00f4le \u00e9cologique du Pays d&rsquo;Arles situ\u00e9 1 rue Gaspard Monge. www.eco-fabrik.com<\/p>","protected":false},"author":2,"featured_media":853,"comment_status":"closed","ping_status":"closed","sticky":false,"template":"","format":"standard","meta":{"footnotes":""},"categories":[18,15],"tags":[],"aioseo_notices":[],"yoast_head":"<!-- This site is optimized with the Yoast SEO plugin v22.3 - https:\/\/yoast.com\/wordpress\/plugins\/seo\/ -->\n<title>Ecofabrik \u00e0 Arles - Visiter Arles<\/title>\n<meta name=\"robots\" content=\"index, follow, max-snippet:-1, max-image-preview:large, max-video-preview:-1\" \/>\n<link rel=\"canonical\" href=\"https:\/\/www.visiterarles.com\/en\/blog\/2011\/02\/22\/ecofabrik-concept-store-ecologique-et-solutions-eco-design-pour-l\u2019evenementiel\/\" \/>\n<meta name=\"twitter:label1\" content=\"Written by\" \/>\n\t<meta name=\"twitter:data1\" content=\"damien\" \/>\n<script type=\"application\/ld+json\" class=\"yoast-schema-graph\">{\"@context\":\"https:\/\/schema.org\",\"@graph\":[{\"@type\":\"Article\",\"@id\":\"https:\/\/www.visiterarles.com\/blog\/2011\/02\/22\/ecofabrik-concept-store-ecologique-et-solutions-eco-design-pour-l%e2%80%99evenementiel\/#article\",\"isPartOf\":{\"@id\":\"https:\/\/www.visiterarles.com\/blog\/2011\/02\/22\/ecofabrik-concept-store-ecologique-et-solutions-eco-design-pour-l%e2%80%99evenementiel\/\"},\"author\":{\"name\":\"damien\",\"@id\":\"https:\/\/www.visiterarles.com\/en\/#\/schema\/person\/0ef93571b2fe272c676137a002139d56\"},\"headline\":\"Ecofabrik \u00e0 Arles\",\"datePublished\":\"2011-02-22T13:20:18+00:00\",\"dateModified\":\"2011-02-23T15:16:42+00:00\",\"mainEntityOfPage\":{\"@id\":\"https:\/\/www.visiterarles.com\/blog\/2011\/02\/22\/ecofabrik-concept-store-ecologique-et-solutions-eco-design-pour-l%e2%80%99evenementiel\/\"},\"wordCount\":43,\"publisher\":{\"@id\":\"https:\/\/www.visiterarles.com\/en\/#organization\"},\"image\":{\"@id\":\"https:\/\/www.visiterarles.com\/blog\/2011\/02\/22\/ecofabrik-concept-store-ecologique-et-solutions-eco-design-pour-l%e2%80%99evenementiel\/#primaryimage\"},\"thumbnailUrl\":\"https:\/\/www.visiterarles.com\/wp-content\/uploads\/2011\/02\/ecofabrik-logo.png\",\"articleSection\":[\"Les partenaires\",\"Liens utiles\"],\"inLanguage\":\"en-GB\"},{\"@type\":\"WebPage\",\"@id\":\"https:\/\/www.visiterarles.com\/blog\/2011\/02\/22\/ecofabrik-concept-store-ecologique-et-solutions-eco-design-pour-l%e2%80%99evenementiel\/\",\"url\":\"https:\/\/www.visiterarles.com\/blog\/2011\/02\/22\/ecofabrik-concept-store-ecologique-et-solutions-eco-design-pour-l%e2%80%99evenementiel\/\",\"name\":\"Ecofabrik \u00e0 Arles - Visiter Arles\",\"isPartOf\":{\"@id\":\"https:\/\/www.visiterarles.com\/en\/#website\"},\"primaryImageOfPage\":{\"@id\":\"https:\/\/www.visiterarles.com\/blog\/2011\/02\/22\/ecofabrik-concept-store-ecologique-et-solutions-eco-design-pour-l%e2%80%99evenementiel\/#primaryimage\"},\"image\":{\"@id\":\"https:\/\/www.visiterarles.com\/blog\/2011\/02\/22\/ecofabrik-concept-store-ecologique-et-solutions-eco-design-pour-l%e2%80%99evenementiel\/#primaryimage\"},\"thumbnailUrl\":\"https:\/\/www.visiterarles.com\/wp-content\/uploads\/2011\/02\/ecofabrik-logo.png\",\"datePublished\":\"2011-02-22T13:20:18+00:00\",\"dateModified\":\"2011-02-23T15:16:42+00:00\",\"breadcrumb\":{\"@id\":\"https:\/\/www.visiterarles.com\/blog\/2011\/02\/22\/ecofabrik-concept-store-ecologique-et-solutions-eco-design-pour-l%e2%80%99evenementiel\/#breadcrumb\"},\"inLanguage\":\"en-GB\",\"potentialAction\":[{\"@type\":\"ReadAction\",\"target\":[\"https:\/\/www.visiterarles.com\/blog\/2011\/02\/22\/ecofabrik-concept-store-ecologique-et-solutions-eco-design-pour-l%e2%80%99evenementiel\/\"]}]},{\"@type\":\"ImageObject\",\"inLanguage\":\"en-GB\",\"@id\":\"https:\/\/www.visiterarles.com\/blog\/2011\/02\/22\/ecofabrik-concept-store-ecologique-et-solutions-eco-design-pour-l%e2%80%99evenementiel\/#primaryimage\",\"url\":\"https:\/\/www.visiterarles.com\/wp-content\/uploads\/2011\/02\/ecofabrik-logo.png\",\"contentUrl\":\"https:\/\/www.visiterarles.com\/wp-content\/uploads\/2011\/02\/ecofabrik-logo.png\",\"width\":\"497\",\"height\":\"156\",\"caption\":\"ecofabrik \u00e0 Arles\"},{\"@type\":\"BreadcrumbList\",\"@id\":\"https:\/\/www.visiterarles.com\/blog\/2011\/02\/22\/ecofabrik-concept-store-ecologique-et-solutions-eco-design-pour-l%e2%80%99evenementiel\/#breadcrumb\",\"itemListElement\":[{\"@type\":\"ListItem\",\"position\":1,\"name\":\"Home\",\"item\":\"https:\/\/www.visiterarles.com\/\"},{\"@type\":\"ListItem\",\"position\":2,\"name\":\"Ecofabrik \u00e0 Arles\"}]},{\"@type\":\"WebSite\",\"@id\":\"https:\/\/www.visiterarles.com\/en\/#website\",\"url\":\"https:\/\/www.visiterarles.com\/en\/\",\"name\":\"Visiter Arles\",\"description\":\"Tourisme en Provence \u00e0 Arles\",\"publisher\":{\"@id\":\"https:\/\/www.visiterarles.com\/en\/#organization\"},\"potentialAction\":[{\"@type\":\"SearchAction\",\"target\":{\"@type\":\"EntryPoint\",\"urlTemplate\":\"https:\/\/www.visiterarles.com\/en\/?s={search_term_string}\"},\"query-input\":\"required name=search_term_string\"}],\"inLanguage\":\"en-GB\"},{\"@type\":\"Organization\",\"@id\":\"https:\/\/www.visiterarles.com\/en\/#organization\",\"name\":\"Visiter Arles\",\"url\":\"https:\/\/www.visiterarles.com\/en\/\",\"logo\":{\"@type\":\"ImageObject\",\"inLanguage\":\"en-GB\",\"@id\":\"https:\/\/www.visiterarles.com\/en\/#\/schema\/logo\/image\/\",\"url\":\"https:\/\/www.visiterarles.com\/wp-content\/uploads\/2017\/10\/taco-and-co-1-1.jpg\",\"contentUrl\":\"https:\/\/www.visiterarles.com\/wp-content\/uploads\/2017\/10\/taco-and-co-1-1.jpg\",\"width\":124,\"height\":73,\"caption\":\"Visiter Arles\"},\"image\":{\"@id\":\"https:\/\/www.visiterarles.com\/en\/#\/schema\/logo\/image\/\"}},{\"@type\":\"Person\",\"@id\":\"https:\/\/www.visiterarles.com\/en\/#\/schema\/person\/0ef93571b2fe272c676137a002139d56\",\"name\":\"damien\",\"image\":{\"@type\":\"ImageObject\",\"inLanguage\":\"en-GB\",\"@id\":\"https:\/\/www.visiterarles.com\/en\/#\/schema\/person\/image\/\",\"url\":\"https:\/\/secure.gravatar.com\/avatar\/7a0d4f0af72a2d627adac81a8c10a5b6?s=96&d=mm&r=g\",\"contentUrl\":\"https:\/\/secure.gravatar.com\/avatar\/7a0d4f0af72a2d627adac81a8c10a5b6?s=96&d=mm&r=g\",\"caption\":\"damien\"},\"url\":\"https:\/\/www.visiterarles.com\/en\/blog\/author\/damien\/\"}]}<\/script>\n<!-- \/ Yoast SEO plugin. -->","yoast_head_json":{"title":"Ecofabrik \u00e0 Arles - Visiter Arles","robots":{"index":"index","follow":"follow","max-snippet":"max-snippet:-1","max-image-preview":"max-image-preview:large","max-video-preview":"max-video-preview:-1"},"canonical":"https:\/\/www.visiterarles.com\/en\/blog\/2011\/02\/22\/ecofabrik-concept-store-ecologique-et-solutions-eco-design-pour-l\u2019evenementiel\/","twitter_misc":{"Written by":"damien"},"schema":{"@context":"https:\/\/schema.org","@graph":[{"@type":"Article","@id":"https:\/\/www.visiterarles.com\/blog\/2011\/02\/22\/ecofabrik-concept-store-ecologique-et-solutions-eco-design-pour-l%e2%80%99evenementiel\/#article","isPartOf":{"@id":"https:\/\/www.visiterarles.com\/blog\/2011\/02\/22\/ecofabrik-concept-store-ecologique-et-solutions-eco-design-pour-l%e2%80%99evenementiel\/"},"author":{"name":"damien","@id":"https:\/\/www.visiterarles.com\/en\/#\/schema\/person\/0ef93571b2fe272c676137a002139d56"},"headline":"Ecofabrik \u00e0 Arles","datePublished":"2011-02-22T13:20:18+00:00","dateModified":"2011-02-23T15:16:42+00:00","mainEntityOfPage":{"@id":"https:\/\/www.visiterarles.com\/blog\/2011\/02\/22\/ecofabrik-concept-store-ecologique-et-solutions-eco-design-pour-l%e2%80%99evenementiel\/"},"wordCount":43,"publisher":{"@id":"https:\/\/www.visiterarles.com\/en\/#organization"},"image":{"@id":"https:\/\/www.visiterarles.com\/blog\/2011\/02\/22\/ecofabrik-concept-store-ecologique-et-solutions-eco-design-pour-l%e2%80%99evenementiel\/#primaryimage"},"thumbnailUrl":"https:\/\/www.visiterarles.com\/wp-content\/uploads\/2011\/02\/ecofabrik-logo.png","articleSection":["Les partenaires","Liens utiles"],"inLanguage":"en-GB"},{"@type":"WebPage","@id":"https:\/\/www.visiterarles.com\/blog\/2011\/02\/22\/ecofabrik-concept-store-ecologique-et-solutions-eco-design-pour-l%e2%80%99evenementiel\/","url":"https:\/\/www.visiterarles.com\/blog\/2011\/02\/22\/ecofabrik-concept-store-ecologique-et-solutions-eco-design-pour-l%e2%80%99evenementiel\/","name":"Ecofabrik \u00e0 Arles - Visiter Arles","isPartOf":{"@id":"https:\/\/www.visiterarles.com\/en\/#website"},"primaryImageOfPage":{"@id":"https:\/\/www.visiterarles.com\/blog\/2011\/02\/22\/ecofabrik-concept-store-ecologique-et-solutions-eco-design-pour-l%e2%80%99evenementiel\/#primaryimage"},"image":{"@id":"https:\/\/www.visiterarles.com\/blog\/2011\/02\/22\/ecofabrik-concept-store-ecologique-et-solutions-eco-design-pour-l%e2%80%99evenementiel\/#primaryimage"},"thumbnailUrl":"https:\/\/www.visiterarles.com\/wp-content\/uploads\/2011\/02\/ecofabrik-logo.png","datePublished":"2011-02-22T13:20:18+00:00","dateModified":"2011-02-23T15:16:42+00:00","breadcrumb":{"@id":"https:\/\/www.visiterarles.com\/blog\/2011\/02\/22\/ecofabrik-concept-store-ecologique-et-solutions-eco-design-pour-l%e2%80%99evenementiel\/#breadcrumb"},"inLanguage":"en-GB","potentialAction":[{"@type":"ReadAction","target":["https:\/\/www.visiterarles.com\/blog\/2011\/02\/22\/ecofabrik-concept-store-ecologique-et-solutions-eco-design-pour-l%e2%80%99evenementiel\/"]}]},{"@type":"ImageObject","inLanguage":"en-GB","@id":"https:\/\/www.visiterarles.com\/blog\/2011\/02\/22\/ecofabrik-concept-store-ecologique-et-solutions-eco-design-pour-l%e2%80%99evenementiel\/#primaryimage","url":"https:\/\/www.visiterarles.com\/wp-content\/uploads\/2011\/02\/ecofabrik-logo.png","contentUrl":"https:\/\/www.visiterarles.com\/wp-content\/uploads\/2011\/02\/ecofabrik-logo.png","width":"497","height":"156","caption":"ecofabrik \u00e0 Arles"},{"@type":"BreadcrumbList","@id":"https:\/\/www.visiterarles.com\/blog\/2011\/02\/22\/ecofabrik-concept-store-ecologique-et-solutions-eco-design-pour-l%e2%80%99evenementiel\/#breadcrumb","itemListElement":[{"@type":"ListItem","position":1,"name":"Home","item":"https:\/\/www.visiterarles.com\/"},{"@type":"ListItem","position":2,"name":"Ecofabrik \u00e0 Arles"}]},{"@type":"WebSite","@id":"https:\/\/www.visiterarles.com\/en\/#website","url":"https:\/\/www.visiterarles.com\/en\/","name":"Visiter Arles","description":"Tourisme en Provence \u00e0 Arles","publisher":{"@id":"https:\/\/www.visiterarles.com\/en\/#organization"},"potentialAction":[{"@type":"SearchAction","target":{"@type":"EntryPoint","urlTemplate":"https:\/\/www.visiterarles.com\/en\/?s={search_term_string}"},"query-input":"required name=search_term_string"}],"inLanguage":"en-GB"},{"@type":"Organization","@id":"https:\/\/www.visiterarles.com\/en\/#organization","name":"Visiter Arles","url":"https:\/\/www.visiterarles.com\/en\/","logo":{"@type":"ImageObject","inLanguage":"en-GB","@id":"https:\/\/www.visiterarles.com\/en\/#\/schema\/logo\/image\/","url":"https:\/\/www.visiterarles.com\/wp-content\/uploads\/2017\/10\/taco-and-co-1-1.jpg","contentUrl":"https:\/\/www.visiterarles.com\/wp-content\/uploads\/2017\/10\/taco-and-co-1-1.jpg","width":124,"height":73,"caption":"Visiter Arles"},"image":{"@id":"https:\/\/www.visiterarles.com\/en\/#\/schema\/logo\/image\/"}},{"@type":"Person","@id":"https:\/\/www.visiterarles.com\/en\/#\/schema\/person\/0ef93571b2fe272c676137a002139d56","name":"damien","image":{"@type":"ImageObject","inLanguage":"en-GB","@id":"https:\/\/www.visiterarles.com\/en\/#\/schema\/person\/image\/","url":"https:\/\/secure.gravatar.com\/avatar\/7a0d4f0af72a2d627adac81a8c10a5b6?s=96&d=mm&r=g","contentUrl":"https:\/\/secure.gravatar.com\/avatar\/7a0d4f0af72a2d627adac81a8c10a5b6?s=96&d=mm&r=g","caption":"damien"},"url":"https:\/\/www.visiterarles.com\/en\/blog\/author\/damien\/"}]}},"_links":{"self":[{"href":"https:\/\/www.visiterarles.com\/en\/wp-json\/wp\/v2\/posts\/852"}],"collection":[{"href":"https:\/\/www.visiterarles.com\/en\/wp-json\/wp\/v2\/posts"}],"about":[{"href":"https:\/\/www.visiterarles.com\/en\/wp-json\/wp\/v2\/types\/post"}],"author":[{"embeddable":true,"href":"https:\/\/www.visiterarles.com\/en\/wp-json\/wp\/v2\/users\/2"}],"replies":[{"embeddable":true,"href":"https:\/\/www.visiterarles.com\/en\/wp-json\/wp\/v2\/comments?post=852"}],"version-history":[{"count":0,"href":"https:\/\/www.visiterarles.com\/en\/wp-json\/wp\/v2\/posts\/852\/revisions"}],"wp:featuredmedia":[{"embeddable":true,"href":"https:\/\/www.visiterarles.com\/en\/wp-json\/wp\/v2\/media\/853"}],"wp:attachment":[{"href":"https:\/\/www.visiterarles.com\/en\/wp-json\/wp\/v2\/media?parent=852"}],"wp:term":[{"taxonomy":"category","embeddable":true,"href":"https:\/\/www.visiterarles.com\/en\/wp-json\/wp\/v2\/categories?post=852"},{"taxonomy":"post_tag","embeddable":true,"href":"https:\/\/www.visiterarles.com\/en\/wp-json\/wp\/v2\/tags?post=852"}],"curies":[{"name":"wp","href":"https:\/\/api.w.org\/{rel}","templated":true}]}}